{"id":38429,"date":"2025-03-28T11:54:49","date_gmt":"2025-03-28T10:54:49","guid":{"rendered":"https:\/\/www.entreculturas.org\/?post_type=noticia&#038;p=38429"},"modified":"2025-03-31T09:45:13","modified_gmt":"2025-03-31T07:45:13","slug":"entreculturas-reconocida-con-el-premio-iberoamericano-de-cooperacion-para-el-desarrollo-en-educacion","status":"publish","type":"noticia","link":"https:\/\/www.entreculturas.org\/en\/noticia\/entreculturas-reconocida-con-el-premio-iberoamericano-de-cooperacion-para-el-desarrollo-en-educacion\/","title":{"rendered":"Entreculturas, reconocida con el Premio Iberoamericano de Cooperaci\u00f3n para el Desarrollo en Educaci\u00f3n"},"content":{"rendered":"\n<p>Entreculturas ha sido galardonada con el <strong>I Premio Iberoamericano de Cooperaci\u00f3n para el Desarrollo<\/strong> en la categor\u00eda de <strong>Educaci\u00f3n<\/strong>, otorgado por la <strong>Organizaci\u00f3n de Estados Iberoamericanos para la Educaci\u00f3n, la Ciencia y la Cultura (OEI)<\/strong>. Este prestigioso reconocimiento refuerza nuestro compromiso con la educaci\u00f3n como herramienta clave para la transformaci\u00f3n social y el desarrollo sostenible en Am\u00e9rica Latina.<br><\/p>\n\n\n\n<p>Los premios han distinguido a una veintena de instituciones y personas de 13 pa\u00edses, entre ellas la Universidad Nacional Aut\u00f3noma de M\u00e9xico, la Red Ecuatoriana de Mujeres Cient\u00edficas y el Instituto Cubano del Arte e Industria Cinematogr\u00e1ficos (ICAIC), destacando iniciativas que contribuyen al desarrollo a trav\u00e9s de la educaci\u00f3n, la ciencia y la cultura.<br><\/p>\n\n\n\n<p>Para Entreculturas, este galard\u00f3n es un reconocimiento a la labor que realizamos junto a nuestras organizaciones aliadas y al respaldo de empresas comprometidas con la educaci\u00f3n y el impacto social. Gracias a la colaboraci\u00f3n del sector privado, podemos ampliar el alcance de nuestros programas, facilitando el acceso a una educaci\u00f3n de calidad para ni\u00f1as, ni\u00f1os y j\u00f3venes en situaci\u00f3n de vulnerabilidad.<br><\/p>\n\n\n\n<p>Este premio nos motiva a seguir fortaleciendo alianzas con empresas que buscan generar un impacto positivo en la sociedad. Agradecemos a la OEI por este reconocimiento y a todas las entidades que nos apoyan en nuestra misi\u00f3n. Juntos, seguimos transformando vidas a trav\u00e9s de la educaci\u00f3n.<\/p>\n\n\n\n<p><br><strong>M\u00e1s informaci\u00f3n en: <a href=\"https:\/\/oei.int\/oficinas\/secretaria-general\/noticias\/la-oei-entrega-los-i-premios-iberoamericanos-de-cooperacion-para-el-desarrollo\/\">https:\/\/oei.int\/oficinas\/secretaria-general\/noticias\/la-oei-entrega-los-i-premios-iberoamericanos-de-cooperacion-para-el-desarrollo\/<\/a><\/strong><\/p>\n","protected":false},"excerpt":{"rendered":"<p>Entreculturas ha sido galardonada con el I Premio Iberoamericano de Cooperaci\u00f3n para el Desarrollo en la categor\u00eda de Educaci\u00f3n, otorgado por la Organizaci\u00f3n de Estados Iberoamericanos para la Educaci\u00f3n, la Ciencia y la Cultura (OEI). Este prestigioso reconocimiento refuerza nuestro compromiso con la educaci\u00f3n como herramienta clave para la transformaci\u00f3n social y el desarrollo sostenible en Am\u00e9rica Latina. Los premios han distinguido a una veintena de instituciones y personas de 13 pa\u00edses, entre ellas la Universidad Nacional Aut\u00f3noma de M\u00e9xico, la Red Ecuatoriana de Mujeres Cient\u00edficas y el Instituto Cubano del Arte e Industria Cinematogr\u00e1ficos (ICAIC), destacando iniciativas que contribuyen al desarrollo a trav\u00e9s de la educaci\u00f3n, la ciencia y la cultura. Para Entreculturas, este galard\u00f3n es un reconocimiento a la labor que realizamos junto a nuestras organizaciones aliadas y al respaldo de empresas comprometidas con la educaci\u00f3n y el impacto social. Gracias a la colaboraci\u00f3n del sector privado, podemos [&hellip;]<\/p>\n","protected":false},"featured_media":38494,"template":"","meta":{"_acf_changed":false},"categories":[7],"tags":[196],"country":[120],"cause":[128],"class_list":["post-38429","noticia","type-noticia","status-publish","has-post-thumbnail","hentry","category-noticia","tag-rsc","country-espana","cause-educacion"],"acf":[],"yoast_head":"<!-- This site is optimized with the Yoast SEO Premium plugin v21.6 (Yoast SEO v27.5) - https:\/\/yoast.com\/product\/yoast-seo-premium-wordpress\/ -->\n<title>Entreculturas, reconocida con el Premio Iberoamericano de Cooperaci\u00f3n para el Desarrollo en Educaci\u00f3n - Entreculturas<\/title>\n<meta name=\"description\" content=\"Entreculturas ha sido galardonada con el I Premio Iberoamericano de Cooperaci\u00f3n para el Desarrollo en la categor\u00eda de Educaci\u00f3n.\" \/>\n<meta name=\"robots\" content=\"index, follow, max-snippet:-1, max-image-preview:large, max-video-preview:-1\" \/>\n<link rel=\"canonical\" href=\"https:\/\/www.entreculturas.org\/en\/noticia\/entreculturas-reconocida-con-el-premio-iberoamericano-de-cooperacion-para-el-desarrollo-en-educacion\/\" \/>\n<meta property=\"og:locale\" content=\"en_US\" \/>\n<meta property=\"og:type\" content=\"article\" \/>\n<meta property=\"og:title\" content=\"Entreculturas, reconocida con el Premio Iberoamericano de Cooperaci\u00f3n para el Desarrollo en Educaci\u00f3n\" \/>\n<meta property=\"og:description\" content=\"Entreculturas ha sido galardonada con el I Premio Iberoamericano de Cooperaci\u00f3n para el Desarrollo en la categor\u00eda de Educaci\u00f3n.\" \/>\n<meta property=\"og:url\" content=\"https:\/\/www.entreculturas.org\/en\/noticia\/entreculturas-reconocida-con-el-premio-iberoamericano-de-cooperacion-para-el-desarrollo-en-educacion\/\" \/>\n<meta property=\"og:site_name\" content=\"Entreculturas\" \/>\n<meta property=\"article:publisher\" content=\"https:\/\/www.facebook.com\/entreculturas\" \/>\n<meta property=\"article:modified_time\" content=\"2025-03-31T07:45:13+00:00\" \/>\n<meta property=\"og:image\" content=\"https:\/\/www.entreculturas.org\/wp-content\/uploads\/2025\/03\/daniel-bernard-s67PZz8Xt3c-unsplash-e1742297999656.png\" \/>\n\t<meta property=\"og:image:width\" content=\"1600\" \/>\n\t<meta property=\"og:image:height\" content=\"610\" \/>\n\t<meta property=\"og:image:type\" content=\"image\/png\" \/>\n<meta name=\"twitter:card\" content=\"summary_large_image\" \/>\n<meta name=\"twitter:site\" content=\"@Entreculturas\" \/>\n<script type=\"application\/ld+json\" class=\"yoast-schema-graph\">{\"@context\":\"https:\\\/\\\/schema.org\",\"@graph\":[{\"@type\":\"WebPage\",\"@id\":\"https:\\\/\\\/www.entreculturas.org\\\/en\\\/noticia\\\/entreculturas-reconocida-con-el-premio-iberoamericano-de-cooperacion-para-el-desarrollo-en-educacion\\\/\",\"url\":\"https:\\\/\\\/www.entreculturas.org\\\/en\\\/noticia\\\/entreculturas-reconocida-con-el-premio-iberoamericano-de-cooperacion-para-el-desarrollo-en-educacion\\\/\",\"name\":\"Entreculturas, reconocida con el Premio Iberoamericano de Cooperaci\u00f3n para el Desarrollo en Educaci\u00f3n - Entreculturas\",\"isPartOf\":{\"@id\":\"https:\\\/\\\/www.entreculturas.org\\\/en\\\/#website\"},\"primaryImageOfPage\":{\"@id\":\"https:\\\/\\\/www.entreculturas.org\\\/en\\\/noticia\\\/entreculturas-reconocida-con-el-premio-iberoamericano-de-cooperacion-para-el-desarrollo-en-educacion\\\/#primaryimage\"},\"image\":{\"@id\":\"https:\\\/\\\/www.entreculturas.org\\\/en\\\/noticia\\\/entreculturas-reconocida-con-el-premio-iberoamericano-de-cooperacion-para-el-desarrollo-en-educacion\\\/#primaryimage\"},\"thumbnailUrl\":\"https:\\\/\\\/www.entreculturas.org\\\/wp-content\\\/uploads\\\/2025\\\/03\\\/daniel-bernard-s67PZz8Xt3c-unsplash-e1742297999656.png\",\"datePublished\":\"2025-03-28T10:54:49+00:00\",\"dateModified\":\"2025-03-31T07:45:13+00:00\",\"description\":\"Entreculturas ha sido galardonada con el I Premio Iberoamericano de Cooperaci\u00f3n para el Desarrollo en la categor\u00eda de Educaci\u00f3n.\",\"breadcrumb\":{\"@id\":\"https:\\\/\\\/www.entreculturas.org\\\/en\\\/noticia\\\/entreculturas-reconocida-con-el-premio-iberoamericano-de-cooperacion-para-el-desarrollo-en-educacion\\\/#breadcrumb\"},\"inLanguage\":\"en-US\",\"potentialAction\":[{\"@type\":\"ReadAction\",\"target\":[\"https:\\\/\\\/www.entreculturas.org\\\/en\\\/noticia\\\/entreculturas-reconocida-con-el-premio-iberoamericano-de-cooperacion-para-el-desarrollo-en-educacion\\\/\"]}]},{\"@type\":\"ImageObject\",\"inLanguage\":\"en-US\",\"@id\":\"https:\\\/\\\/www.entreculturas.org\\\/en\\\/noticia\\\/entreculturas-reconocida-con-el-premio-iberoamericano-de-cooperacion-para-el-desarrollo-en-educacion\\\/#primaryimage\",\"url\":\"https:\\\/\\\/www.entreculturas.org\\\/wp-content\\\/uploads\\\/2025\\\/03\\\/daniel-bernard-s67PZz8Xt3c-unsplash-e1742297999656.png\",\"contentUrl\":\"https:\\\/\\\/www.entreculturas.org\\\/wp-content\\\/uploads\\\/2025\\\/03\\\/daniel-bernard-s67PZz8Xt3c-unsplash-e1742297999656.png\",\"width\":1600,\"height\":610,\"caption\":\"premios\"},{\"@type\":\"BreadcrumbList\",\"@id\":\"https:\\\/\\\/www.entreculturas.org\\\/en\\\/noticia\\\/entreculturas-reconocida-con-el-premio-iberoamericano-de-cooperacion-para-el-desarrollo-en-educacion\\\/#breadcrumb\",\"itemListElement\":[{\"@type\":\"ListItem\",\"position\":1,\"name\":\"Home\",\"item\":\"https:\\\/\\\/www.entreculturas.org\\\/en\\\/\"},{\"@type\":\"ListItem\",\"position\":2,\"name\":\"Noticias\",\"item\":\"https:\\\/\\\/www.entreculturas.org\\\/en\\\/noticias\\\/\"},{\"@type\":\"ListItem\",\"position\":3,\"name\":\"Entreculturas, reconocida con el Premio Iberoamericano de Cooperaci\u00f3n para el Desarrollo en Educaci\u00f3n\"}]},{\"@type\":\"WebSite\",\"@id\":\"https:\\\/\\\/www.entreculturas.org\\\/en\\\/#website\",\"url\":\"https:\\\/\\\/www.entreculturas.org\\\/en\\\/\",\"name\":\"Entreculturas\",\"description\":\"\",\"publisher\":{\"@id\":\"https:\\\/\\\/www.entreculturas.org\\\/en\\\/#organization\"},\"alternateName\":\"Entreculturas\",\"potentialAction\":[{\"@type\":\"SearchAction\",\"target\":{\"@type\":\"EntryPoint\",\"urlTemplate\":\"https:\\\/\\\/www.entreculturas.org\\\/en\\\/?s={search_term_string}\"},\"query-input\":{\"@type\":\"PropertyValueSpecification\",\"valueRequired\":true,\"valueName\":\"search_term_string\"}}],\"inLanguage\":\"en-US\"},{\"@type\":\"Organization\",\"@id\":\"https:\\\/\\\/www.entreculturas.org\\\/en\\\/#organization\",\"name\":\"Entreculturas\",\"url\":\"https:\\\/\\\/www.entreculturas.org\\\/en\\\/\",\"logo\":{\"@type\":\"ImageObject\",\"inLanguage\":\"en-US\",\"@id\":\"https:\\\/\\\/www.entreculturas.org\\\/en\\\/#\\\/schema\\\/logo\\\/image\\\/\",\"url\":\"https:\\\/\\\/www.entreculturas.org\\\/wp-content\\\/uploads\\\/2025\\\/10\\\/ESP.svg\",\"contentUrl\":\"https:\\\/\\\/www.entreculturas.org\\\/wp-content\\\/uploads\\\/2025\\\/10\\\/ESP.svg\",\"caption\":\"Entreculturas\"},\"image\":{\"@id\":\"https:\\\/\\\/www.entreculturas.org\\\/en\\\/#\\\/schema\\\/logo\\\/image\\\/\"},\"sameAs\":[\"https:\\\/\\\/www.facebook.com\\\/entreculturas\",\"https:\\\/\\\/x.com\\\/Entreculturas\",\"https:\\\/\\\/www.instagram.com\\\/entreculturas\\\/\",\"https:\\\/\\\/www.youtube.com\\\/user\\\/entreculturasvideo\",\"https:\\\/\\\/www.linkedin.com\\\/company\\\/fundacion-entreculturas-ngdo\\\/\",\"https:\\\/\\\/www.flickr.com\\\/photos\\\/98455522@N04\\\/albums\\\/\"]}]}<\/script>\n<!-- \/ Yoast SEO Premium plugin. -->","yoast_head_json":{"title":"Entreculturas, reconocida con el Premio Iberoamericano de Cooperaci\u00f3n para el Desarrollo en Educaci\u00f3n - Entreculturas","description":"Entreculturas ha sido galardonada con el I Premio Iberoamericano de Cooperaci\u00f3n para el Desarrollo en la categor\u00eda de Educaci\u00f3n.","robots":{"index":"index","follow":"follow","max-snippet":"max-snippet:-1","max-image-preview":"max-image-preview:large","max-video-preview":"max-video-preview:-1"},"canonical":"https:\/\/www.entreculturas.org\/en\/noticia\/entreculturas-reconocida-con-el-premio-iberoamericano-de-cooperacion-para-el-desarrollo-en-educacion\/","og_locale":"en_US","og_type":"article","og_title":"Entreculturas, reconocida con el Premio Iberoamericano de Cooperaci\u00f3n para el Desarrollo en Educaci\u00f3n","og_description":"Entreculturas ha sido galardonada con el I Premio Iberoamericano de Cooperaci\u00f3n para el Desarrollo en la categor\u00eda de Educaci\u00f3n.","og_url":"https:\/\/www.entreculturas.org\/en\/noticia\/entreculturas-reconocida-con-el-premio-iberoamericano-de-cooperacion-para-el-desarrollo-en-educacion\/","og_site_name":"Entreculturas","article_publisher":"https:\/\/www.facebook.com\/entreculturas","article_modified_time":"2025-03-31T07:45:13+00:00","og_image":[{"width":1600,"height":610,"url":"https:\/\/www.entreculturas.org\/wp-content\/uploads\/2025\/03\/daniel-bernard-s67PZz8Xt3c-unsplash-e1742297999656.png","type":"image\/png"}],"twitter_card":"summary_large_image","twitter_site":"@Entreculturas","schema":{"@context":"https:\/\/schema.org","@graph":[{"@type":"WebPage","@id":"https:\/\/www.entreculturas.org\/en\/noticia\/entreculturas-reconocida-con-el-premio-iberoamericano-de-cooperacion-para-el-desarrollo-en-educacion\/","url":"https:\/\/www.entreculturas.org\/en\/noticia\/entreculturas-reconocida-con-el-premio-iberoamericano-de-cooperacion-para-el-desarrollo-en-educacion\/","name":"Entreculturas, reconocida con el Premio Iberoamericano de Cooperaci\u00f3n para el Desarrollo en Educaci\u00f3n - Entreculturas","isPartOf":{"@id":"https:\/\/www.entreculturas.org\/en\/#website"},"primaryImageOfPage":{"@id":"https:\/\/www.entreculturas.org\/en\/noticia\/entreculturas-reconocida-con-el-premio-iberoamericano-de-cooperacion-para-el-desarrollo-en-educacion\/#primaryimage"},"image":{"@id":"https:\/\/www.entreculturas.org\/en\/noticia\/entreculturas-reconocida-con-el-premio-iberoamericano-de-cooperacion-para-el-desarrollo-en-educacion\/#primaryimage"},"thumbnailUrl":"https:\/\/www.entreculturas.org\/wp-content\/uploads\/2025\/03\/daniel-bernard-s67PZz8Xt3c-unsplash-e1742297999656.png","datePublished":"2025-03-28T10:54:49+00:00","dateModified":"2025-03-31T07:45:13+00:00","description":"Entreculturas ha sido galardonada con el I Premio Iberoamericano de Cooperaci\u00f3n para el Desarrollo en la categor\u00eda de Educaci\u00f3n.","breadcrumb":{"@id":"https:\/\/www.entreculturas.org\/en\/noticia\/entreculturas-reconocida-con-el-premio-iberoamericano-de-cooperacion-para-el-desarrollo-en-educacion\/#breadcrumb"},"inLanguage":"en-US","potentialAction":[{"@type":"ReadAction","target":["https:\/\/www.entreculturas.org\/en\/noticia\/entreculturas-reconocida-con-el-premio-iberoamericano-de-cooperacion-para-el-desarrollo-en-educacion\/"]}]},{"@type":"ImageObject","inLanguage":"en-US","@id":"https:\/\/www.entreculturas.org\/en\/noticia\/entreculturas-reconocida-con-el-premio-iberoamericano-de-cooperacion-para-el-desarrollo-en-educacion\/#primaryimage","url":"https:\/\/www.entreculturas.org\/wp-content\/uploads\/2025\/03\/daniel-bernard-s67PZz8Xt3c-unsplash-e1742297999656.png","contentUrl":"https:\/\/www.entreculturas.org\/wp-content\/uploads\/2025\/03\/daniel-bernard-s67PZz8Xt3c-unsplash-e1742297999656.png","width":1600,"height":610,"caption":"premios"},{"@type":"BreadcrumbList","@id":"https:\/\/www.entreculturas.org\/en\/noticia\/entreculturas-reconocida-con-el-premio-iberoamericano-de-cooperacion-para-el-desarrollo-en-educacion\/#breadcrumb","itemListElement":[{"@type":"ListItem","position":1,"name":"Home","item":"https:\/\/www.entreculturas.org\/en\/"},{"@type":"ListItem","position":2,"name":"Noticias","item":"https:\/\/www.entreculturas.org\/en\/noticias\/"},{"@type":"ListItem","position":3,"name":"Entreculturas, reconocida con el Premio Iberoamericano de Cooperaci\u00f3n para el Desarrollo en Educaci\u00f3n"}]},{"@type":"WebSite","@id":"https:\/\/www.entreculturas.org\/en\/#website","url":"https:\/\/www.entreculturas.org\/en\/","name":"Entreculturas","description":"","publisher":{"@id":"https:\/\/www.entreculturas.org\/en\/#organization"},"alternateName":"Entreculturas","potentialAction":[{"@type":"SearchAction","target":{"@type":"EntryPoint","urlTemplate":"https:\/\/www.entreculturas.org\/en\/?s={search_term_string}"},"query-input":{"@type":"PropertyValueSpecification","valueRequired":true,"valueName":"search_term_string"}}],"inLanguage":"en-US"},{"@type":"Organization","@id":"https:\/\/www.entreculturas.org\/en\/#organization","name":"Entreculturas","url":"https:\/\/www.entreculturas.org\/en\/","logo":{"@type":"ImageObject","inLanguage":"en-US","@id":"https:\/\/www.entreculturas.org\/en\/#\/schema\/logo\/image\/","url":"https:\/\/www.entreculturas.org\/wp-content\/uploads\/2025\/10\/ESP.svg","contentUrl":"https:\/\/www.entreculturas.org\/wp-content\/uploads\/2025\/10\/ESP.svg","caption":"Entreculturas"},"image":{"@id":"https:\/\/www.entreculturas.org\/en\/#\/schema\/logo\/image\/"},"sameAs":["https:\/\/www.facebook.com\/entreculturas","https:\/\/x.com\/Entreculturas","https:\/\/www.instagram.com\/entreculturas\/","https:\/\/www.youtube.com\/user\/entreculturasvideo","https:\/\/www.linkedin.com\/company\/fundacion-entreculturas-ngdo\/","https:\/\/www.flickr.com\/photos\/98455522@N04\/albums\/"]}]}},"_links":{"self":[{"href":"https:\/\/www.entreculturas.org\/en\/wp-json\/wp\/v2\/noticia\/38429","targetHints":{"allow":["GET"]}}],"collection":[{"href":"https:\/\/www.entreculturas.org\/en\/wp-json\/wp\/v2\/noticia"}],"about":[{"href":"https:\/\/www.entreculturas.org\/en\/wp-json\/wp\/v2\/types\/noticia"}],"wp:featuredmedia":[{"embeddable":true,"href":"https:\/\/www.entreculturas.org\/en\/wp-json\/wp\/v2\/media\/38494"}],"wp:attachment":[{"href":"https:\/\/www.entreculturas.org\/en\/wp-json\/wp\/v2\/media?parent=38429"}],"wp:term":[{"taxonomy":"category","embeddable":true,"href":"https:\/\/www.entreculturas.org\/en\/wp-json\/wp\/v2\/categories?post=38429"},{"taxonomy":"post_tag","embeddable":true,"href":"https:\/\/www.entreculturas.org\/en\/wp-json\/wp\/v2\/tags?post=38429"},{"taxonomy":"country","embeddable":true,"href":"https:\/\/www.entreculturas.org\/en\/wp-json\/wp\/v2\/country?post=38429"},{"taxonomy":"cause","embeddable":true,"href":"https:\/\/www.entreculturas.org\/en\/wp-json\/wp\/v2\/cause?post=38429"}],"curies":[{"name":"wp","href":"https:\/\/api.w.org\/{rel}","templated":true}]}}