{"id":38306,"date":"2025-03-19T14:24:19","date_gmt":"2025-03-19T13:24:19","guid":{"rendered":"https:\/\/www.entreculturas.org\/?post_type=noticia&#038;p=38306"},"modified":"2025-03-27T13:27:26","modified_gmt":"2025-03-27T12:27:26","slug":"huella-de-carbono-medimos-reducimos-y-compensamos","status":"publish","type":"noticia","link":"https:\/\/www.entreculturas.org\/en\/noticia\/huella-de-carbono-medimos-reducimos-y-compensamos\/","title":{"rendered":"HUELLA DE CARBONO: MEDIMOS, REDUCIMOS Y COMPENSAMOS"},"content":{"rendered":"\n<h2 class=\"wp-block-heading has-din-font-family has-x-large-font-size\" id=\"h-nuestro-compromiso-con-la-sostenibilidad\"><strong>Nuestro compromiso con la sostenibilidad<\/strong><\/h2>\n\n\n\n<p><br>En Entreculturas, junto con Alboan, reafirmamos nuestro compromiso con la Justicia Socioambiental. Creemos que el cuidado del medioambiente es una responsabilidad compartida, y por eso trabajamos en la <strong>medici\u00f3n, reducci\u00f3n y compensaci\u00f3n de nuestra huella de carbono<\/strong>. Desde 2018, hemos asumido este reto con el objetivo de minimizar nuestro impacto y promover pr\u00e1cticas m\u00e1s sostenibles en nuestra organizaci\u00f3n.<br><\/p>\n\n\n\n<h2 class=\"wp-block-heading has-din-font-family has-x-large-font-size\" id=\"h-como-medimos-nuestra-huella-de-carbono\"><strong>\u00bfC\u00f3mo medimos nuestra huella de carbono?<\/strong><\/h2>\n\n\n\n<p><br>Entre junio y diciembre de 2024, recopilamos datos para calcular, por <strong>sexto a\u00f1o consecutivo<\/strong>, la huella de carbono generada en 2023. En este proceso, consideramos factores clave que inciden en nuestras emisiones, tales como:<br><\/p>\n\n\n\n<ul class=\"wp-block-list\">\n<li><strong>Emisiones generadas por viajes en avi\u00f3n<\/strong> de nuestro equipo de trabajo.<\/li>\n\n\n\n<li><strong>Desplazamientos diarios<\/strong> de las personas que trabajan en Entreculturas hacia sus centros laborales.<\/li>\n\n\n\n<li><strong>Consumo energ\u00e9tico<\/strong> de nuestra sede central y sus actividades operativas.<\/li>\n<\/ul>\n\n\n\n<div style=\"height:17px\" aria-hidden=\"true\" class=\"wp-block-spacer\"><\/div>\n\n\n\n<p>El resultado de la medici\u00f3n arroj\u00f3 un total de <strong>113,92 toneladas m\u00e9tricas de CO2<\/strong>. Somos conscientes de que esta medici\u00f3n es parcial, ya que recolectar datos de todos nuestros proyectos y operaciones en distintas ubicaciones es un desaf\u00edo, pero trabajamos continuamente para afinar y mejorar nuestro an\u00e1lisis.<br><\/p>\n\n\n\n<h2 class=\"wp-block-heading has-din-font-family has-x-large-font-size\" id=\"h-compensacion-de-nuestra-huella-de-carbono\"><strong>Compensaci\u00f3n de nuestra huella de carbono<\/strong><\/h2>\n\n\n\n<p><br>No basta con medir nuestra huella: tambi\u00e9n buscamos mitigar su impacto. En diciembre de 2024, exploramos diversas opciones de compensaci\u00f3n y, por segundo a\u00f1o consecutivo, decidimos colaborar con la <strong>Fundaci\u00f3n Apadrina un Olivo<\/strong>. A trav\u00e9s de un donativo, apoyamos la reforestaci\u00f3n necesaria para equilibrar nuestras emisiones, contribuyendo as\u00ed a la recuperaci\u00f3n de ecosistemas degradados y a la absorci\u00f3n de CO2 de la atm\u00f3sfera. <strong>Cada paso cuenta para construir un futuro m\u00e1s sostenible.<\/strong><br><\/p>\n\n\n\n<h2 class=\"wp-block-heading has-din-font-family has-x-large-font-size\" id=\"h-hacia-una-mejor-gestion-ambiental\"><strong>Hacia una mejor gesti\u00f3n ambiental<\/strong><\/h2>\n\n\n\n<p><br>Para 2025, queremos dar un paso m\u00e1s all\u00e1 en nuestra estrategia ambiental. En alianza con la <strong>Fundaci\u00f3n Manresa<\/strong>, estamos evaluando formas de perfeccionar la medici\u00f3n de nuestra huella de carbono y optimizar las acciones de compensaci\u00f3n. Adem\u00e1s, esta colaboraci\u00f3n nos permitir\u00e1 analizar y mejorar nuestro <strong>procedimiento de gesti\u00f3n ambiental<\/strong>, gracias a la revisi\u00f3n y aportes de nuestro grupo de voluntariado, que mes a mes propone nuevas iniciativas en favor del medioambiente.<br><\/p>\n\n\n\n<h2 class=\"wp-block-heading has-din-font-family has-x-large-font-size\" id=\"h-acciones-diarias-para-reducir-nuestra-huella\"><strong>Acciones diarias para reducir nuestra huella<\/strong><\/h2>\n\n\n\n<p><br>Reducir la huella de carbono requiere un compromiso constante. Por ello, en Entreculturas impulsamos pr\u00e1cticas sostenibles en el d\u00eda a d\u00eda, tales como:<br><\/p>\n\n\n\n<ul class=\"wp-block-list\">\n<li><strong>Reducir el consumo de papel y pl\u00e1sticos<\/strong> en nuestras oficinas y eventos.<\/li>\n\n\n\n<li><strong>Optimizar el uso de la energ\u00eda<\/strong> en nuestras instalaciones.<\/li>\n\n\n\n<li><strong>Priorizar medios de transporte sostenibles<\/strong> y valorar la pertinencia de cada viaje.<\/li>\n\n\n\n<li><strong>Fomentar el uso de productos ecol\u00f3gicos y de comercio justo<\/strong>.<\/li>\n<\/ul>\n\n\n\n<div style=\"height:17px\" aria-hidden=\"true\" class=\"wp-block-spacer\"><\/div>\n\n\n\n<p>Sabemos que el impacto ambiental de la actividad digital es una preocupaci\u00f3n creciente y, aunque su medici\u00f3n a\u00fan es compleja, estamos atentos a desarrollar estrategias para reducir su huella.<br><\/p>\n\n\n\n<h2 class=\"wp-block-heading has-din-font-family has-x-large-font-size\" id=\"h-un-compromiso-con-el-planeta\"><strong>Un compromiso con el planeta<\/strong><\/h2>\n\n\n\n<p><br>Compensar nuestra huella de carbono no es solo una acci\u00f3n aislada, sino una decisi\u00f3n basada en valores de <strong>justicia, cuidado y coherencia<\/strong> con nuestra misi\u00f3n. <strong>Cada acci\u00f3n cuenta y, juntas, podemos marcar la diferencia en la protecci\u00f3n del medioambiente.<\/strong>&nbsp;<\/p>\n\n\n\n<p><\/p>\n","protected":false},"excerpt":{"rendered":"<p>Nuestro compromiso con la sostenibilidad En Entreculturas, junto con Alboan, reafirmamos nuestro compromiso con la Justicia Socioambiental. Creemos que el cuidado del medioambiente es una responsabilidad compartida, y por eso trabajamos en la medici\u00f3n, reducci\u00f3n y compensaci\u00f3n de nuestra huella de carbono. Desde 2018, hemos asumido este reto con el objetivo de minimizar nuestro impacto y promover pr\u00e1cticas m\u00e1s sostenibles en nuestra organizaci\u00f3n. \u00bfC\u00f3mo medimos nuestra huella de carbono? Entre junio y diciembre de 2024, recopilamos datos para calcular, por sexto a\u00f1o consecutivo, la huella de carbono generada en 2023. En este proceso, consideramos factores clave que inciden en nuestras emisiones, tales como: El resultado de la medici\u00f3n arroj\u00f3 un total de 113,92 toneladas m\u00e9tricas de CO2. Somos conscientes de que esta medici\u00f3n es parcial, ya que recolectar datos de todos nuestros proyectos y operaciones en distintas ubicaciones es un desaf\u00edo, pero trabajamos continuamente para afinar y mejorar nuestro an\u00e1lisis. [&hellip;]<\/p>\n","protected":false},"featured_media":38308,"template":"","meta":{"_acf_changed":false},"categories":[7],"tags":[256],"country":[120],"cause":[131],"class_list":["post-38306","noticia","type-noticia","status-publish","has-post-thumbnail","hentry","category-noticia","tag-justicia-socioambiental","country-espana","cause-justicia-medioambiental"],"acf":[],"yoast_head":"<!-- This site is optimized with the Yoast SEO Premium plugin v21.6 (Yoast SEO v27.5) - https:\/\/yoast.com\/product\/yoast-seo-premium-wordpress\/ -->\n<title>HUELLA DE CARBONO: MEDIMOS, REDUCIMOS Y COMPENSAMOS - Entreculturas<\/title>\n<meta name=\"description\" content=\"Nos comprometemos con la sostenibilidad, midiendo, reduciendo y compensando nuestra huella de carbono para contribuir a un futuro mejor.\" \/>\n<meta name=\"robots\" content=\"index, follow, max-snippet:-1, max-image-preview:large, max-video-preview:-1\" \/>\n<link rel=\"canonical\" href=\"https:\/\/www.entreculturas.org\/en\/noticia\/huella-de-carbono-medimos-reducimos-y-compensamos\/\" \/>\n<meta property=\"og:locale\" content=\"en_US\" \/>\n<meta property=\"og:type\" content=\"article\" \/>\n<meta property=\"og:title\" content=\"HUELLA DE CARBONO: MEDIMOS, REDUCIMOS Y COMPENSAMOS\" \/>\n<meta property=\"og:description\" content=\"Nos comprometemos con la sostenibilidad, midiendo, reduciendo y compensando nuestra huella de carbono para contribuir a un futuro mejor.\" \/>\n<meta property=\"og:url\" content=\"https:\/\/www.entreculturas.org\/en\/noticia\/huella-de-carbono-medimos-reducimos-y-compensamos\/\" \/>\n<meta property=\"og:site_name\" content=\"Entreculturas\" \/>\n<meta property=\"article:publisher\" content=\"https:\/\/www.facebook.com\/entreculturas\" \/>\n<meta property=\"article:modified_time\" content=\"2025-03-27T12:27:26+00:00\" \/>\n<meta property=\"og:image\" content=\"https:\/\/www.entreculturas.org\/wp-content\/uploads\/2025\/03\/shutterstock_1654943125-scaled.jpg\" \/>\n\t<meta property=\"og:image:width\" content=\"2560\" \/>\n\t<meta property=\"og:image:height\" content=\"1707\" \/>\n\t<meta property=\"og:image:type\" content=\"image\/jpeg\" \/>\n<meta name=\"twitter:card\" content=\"summary_large_image\" \/>\n<meta name=\"twitter:site\" content=\"@Entreculturas\" \/>\n<script type=\"application\/ld+json\" class=\"yoast-schema-graph\">{\"@context\":\"https:\\\/\\\/schema.org\",\"@graph\":[{\"@type\":\"WebPage\",\"@id\":\"https:\\\/\\\/www.entreculturas.org\\\/en\\\/noticia\\\/huella-de-carbono-medimos-reducimos-y-compensamos\\\/\",\"url\":\"https:\\\/\\\/www.entreculturas.org\\\/en\\\/noticia\\\/huella-de-carbono-medimos-reducimos-y-compensamos\\\/\",\"name\":\"HUELLA DE CARBONO: MEDIMOS, REDUCIMOS Y COMPENSAMOS - Entreculturas\",\"isPartOf\":{\"@id\":\"https:\\\/\\\/www.entreculturas.org\\\/en\\\/#website\"},\"primaryImageOfPage\":{\"@id\":\"https:\\\/\\\/www.entreculturas.org\\\/en\\\/noticia\\\/huella-de-carbono-medimos-reducimos-y-compensamos\\\/#primaryimage\"},\"image\":{\"@id\":\"https:\\\/\\\/www.entreculturas.org\\\/en\\\/noticia\\\/huella-de-carbono-medimos-reducimos-y-compensamos\\\/#primaryimage\"},\"thumbnailUrl\":\"https:\\\/\\\/www.entreculturas.org\\\/wp-content\\\/uploads\\\/2025\\\/03\\\/shutterstock_1654943125-scaled.jpg\",\"datePublished\":\"2025-03-19T13:24:19+00:00\",\"dateModified\":\"2025-03-27T12:27:26+00:00\",\"description\":\"Nos comprometemos con la sostenibilidad, midiendo, reduciendo y compensando nuestra huella de carbono para contribuir a un futuro mejor.\",\"breadcrumb\":{\"@id\":\"https:\\\/\\\/www.entreculturas.org\\\/en\\\/noticia\\\/huella-de-carbono-medimos-reducimos-y-compensamos\\\/#breadcrumb\"},\"inLanguage\":\"en-US\",\"potentialAction\":[{\"@type\":\"ReadAction\",\"target\":[\"https:\\\/\\\/www.entreculturas.org\\\/en\\\/noticia\\\/huella-de-carbono-medimos-reducimos-y-compensamos\\\/\"]}]},{\"@type\":\"ImageObject\",\"inLanguage\":\"en-US\",\"@id\":\"https:\\\/\\\/www.entreculturas.org\\\/en\\\/noticia\\\/huella-de-carbono-medimos-reducimos-y-compensamos\\\/#primaryimage\",\"url\":\"https:\\\/\\\/www.entreculturas.org\\\/wp-content\\\/uploads\\\/2025\\\/03\\\/shutterstock_1654943125-scaled.jpg\",\"contentUrl\":\"https:\\\/\\\/www.entreculturas.org\\\/wp-content\\\/uploads\\\/2025\\\/03\\\/shutterstock_1654943125-scaled.jpg\",\"width\":2560,\"height\":1707,\"caption\":\"HUELLA DE CARBONO\"},{\"@type\":\"BreadcrumbList\",\"@id\":\"https:\\\/\\\/www.entreculturas.org\\\/en\\\/noticia\\\/huella-de-carbono-medimos-reducimos-y-compensamos\\\/#breadcrumb\",\"itemListElement\":[{\"@type\":\"ListItem\",\"position\":1,\"name\":\"Home\",\"item\":\"https:\\\/\\\/www.entreculturas.org\\\/en\\\/\"},{\"@type\":\"ListItem\",\"position\":2,\"name\":\"Noticias\",\"item\":\"https:\\\/\\\/www.entreculturas.org\\\/en\\\/noticias\\\/\"},{\"@type\":\"ListItem\",\"position\":3,\"name\":\"HUELLA DE CARBONO: MEDIMOS, REDUCIMOS Y COMPENSAMOS\"}]},{\"@type\":\"WebSite\",\"@id\":\"https:\\\/\\\/www.entreculturas.org\\\/en\\\/#website\",\"url\":\"https:\\\/\\\/www.entreculturas.org\\\/en\\\/\",\"name\":\"Entreculturas\",\"description\":\"\",\"publisher\":{\"@id\":\"https:\\\/\\\/www.entreculturas.org\\\/en\\\/#organization\"},\"alternateName\":\"Entreculturas\",\"potentialAction\":[{\"@type\":\"SearchAction\",\"target\":{\"@type\":\"EntryPoint\",\"urlTemplate\":\"https:\\\/\\\/www.entreculturas.org\\\/en\\\/?s={search_term_string}\"},\"query-input\":{\"@type\":\"PropertyValueSpecification\",\"valueRequired\":true,\"valueName\":\"search_term_string\"}}],\"inLanguage\":\"en-US\"},{\"@type\":\"Organization\",\"@id\":\"https:\\\/\\\/www.entreculturas.org\\\/en\\\/#organization\",\"name\":\"Entreculturas\",\"url\":\"https:\\\/\\\/www.entreculturas.org\\\/en\\\/\",\"logo\":{\"@type\":\"ImageObject\",\"inLanguage\":\"en-US\",\"@id\":\"https:\\\/\\\/www.entreculturas.org\\\/en\\\/#\\\/schema\\\/logo\\\/image\\\/\",\"url\":\"https:\\\/\\\/www.entreculturas.org\\\/wp-content\\\/uploads\\\/2025\\\/10\\\/ESP.svg\",\"contentUrl\":\"https:\\\/\\\/www.entreculturas.org\\\/wp-content\\\/uploads\\\/2025\\\/10\\\/ESP.svg\",\"caption\":\"Entreculturas\"},\"image\":{\"@id\":\"https:\\\/\\\/www.entreculturas.org\\\/en\\\/#\\\/schema\\\/logo\\\/image\\\/\"},\"sameAs\":[\"https:\\\/\\\/www.facebook.com\\\/entreculturas\",\"https:\\\/\\\/x.com\\\/Entreculturas\",\"https:\\\/\\\/www.instagram.com\\\/entreculturas\\\/\",\"https:\\\/\\\/www.youtube.com\\\/user\\\/entreculturasvideo\",\"https:\\\/\\\/www.linkedin.com\\\/company\\\/fundacion-entreculturas-ngdo\\\/\",\"https:\\\/\\\/www.flickr.com\\\/photos\\\/98455522@N04\\\/albums\\\/\"]}]}<\/script>\n<!-- \/ Yoast SEO Premium plugin. -->","yoast_head_json":{"title":"HUELLA DE CARBONO: MEDIMOS, REDUCIMOS Y COMPENSAMOS - Entreculturas","description":"Nos comprometemos con la sostenibilidad, midiendo, reduciendo y compensando nuestra huella de carbono para contribuir a un futuro mejor.","robots":{"index":"index","follow":"follow","max-snippet":"max-snippet:-1","max-image-preview":"max-image-preview:large","max-video-preview":"max-video-preview:-1"},"canonical":"https:\/\/www.entreculturas.org\/en\/noticia\/huella-de-carbono-medimos-reducimos-y-compensamos\/","og_locale":"en_US","og_type":"article","og_title":"HUELLA DE CARBONO: MEDIMOS, REDUCIMOS Y COMPENSAMOS","og_description":"Nos comprometemos con la sostenibilidad, midiendo, reduciendo y compensando nuestra huella de carbono para contribuir a un futuro mejor.","og_url":"https:\/\/www.entreculturas.org\/en\/noticia\/huella-de-carbono-medimos-reducimos-y-compensamos\/","og_site_name":"Entreculturas","article_publisher":"https:\/\/www.facebook.com\/entreculturas","article_modified_time":"2025-03-27T12:27:26+00:00","og_image":[{"width":2560,"height":1707,"url":"https:\/\/www.entreculturas.org\/wp-content\/uploads\/2025\/03\/shutterstock_1654943125-scaled.jpg","type":"image\/jpeg"}],"twitter_card":"summary_large_image","twitter_site":"@Entreculturas","schema":{"@context":"https:\/\/schema.org","@graph":[{"@type":"WebPage","@id":"https:\/\/www.entreculturas.org\/en\/noticia\/huella-de-carbono-medimos-reducimos-y-compensamos\/","url":"https:\/\/www.entreculturas.org\/en\/noticia\/huella-de-carbono-medimos-reducimos-y-compensamos\/","name":"HUELLA DE CARBONO: MEDIMOS, REDUCIMOS Y COMPENSAMOS - Entreculturas","isPartOf":{"@id":"https:\/\/www.entreculturas.org\/en\/#website"},"primaryImageOfPage":{"@id":"https:\/\/www.entreculturas.org\/en\/noticia\/huella-de-carbono-medimos-reducimos-y-compensamos\/#primaryimage"},"image":{"@id":"https:\/\/www.entreculturas.org\/en\/noticia\/huella-de-carbono-medimos-reducimos-y-compensamos\/#primaryimage"},"thumbnailUrl":"https:\/\/www.entreculturas.org\/wp-content\/uploads\/2025\/03\/shutterstock_1654943125-scaled.jpg","datePublished":"2025-03-19T13:24:19+00:00","dateModified":"2025-03-27T12:27:26+00:00","description":"Nos comprometemos con la sostenibilidad, midiendo, reduciendo y compensando nuestra huella de carbono para contribuir a un futuro mejor.","breadcrumb":{"@id":"https:\/\/www.entreculturas.org\/en\/noticia\/huella-de-carbono-medimos-reducimos-y-compensamos\/#breadcrumb"},"inLanguage":"en-US","potentialAction":[{"@type":"ReadAction","target":["https:\/\/www.entreculturas.org\/en\/noticia\/huella-de-carbono-medimos-reducimos-y-compensamos\/"]}]},{"@type":"ImageObject","inLanguage":"en-US","@id":"https:\/\/www.entreculturas.org\/en\/noticia\/huella-de-carbono-medimos-reducimos-y-compensamos\/#primaryimage","url":"https:\/\/www.entreculturas.org\/wp-content\/uploads\/2025\/03\/shutterstock_1654943125-scaled.jpg","contentUrl":"https:\/\/www.entreculturas.org\/wp-content\/uploads\/2025\/03\/shutterstock_1654943125-scaled.jpg","width":2560,"height":1707,"caption":"HUELLA DE CARBONO"},{"@type":"BreadcrumbList","@id":"https:\/\/www.entreculturas.org\/en\/noticia\/huella-de-carbono-medimos-reducimos-y-compensamos\/#breadcrumb","itemListElement":[{"@type":"ListItem","position":1,"name":"Home","item":"https:\/\/www.entreculturas.org\/en\/"},{"@type":"ListItem","position":2,"name":"Noticias","item":"https:\/\/www.entreculturas.org\/en\/noticias\/"},{"@type":"ListItem","position":3,"name":"HUELLA DE CARBONO: MEDIMOS, REDUCIMOS Y COMPENSAMOS"}]},{"@type":"WebSite","@id":"https:\/\/www.entreculturas.org\/en\/#website","url":"https:\/\/www.entreculturas.org\/en\/","name":"Entreculturas","description":"","publisher":{"@id":"https:\/\/www.entreculturas.org\/en\/#organization"},"alternateName":"Entreculturas","potentialAction":[{"@type":"SearchAction","target":{"@type":"EntryPoint","urlTemplate":"https:\/\/www.entreculturas.org\/en\/?s={search_term_string}"},"query-input":{"@type":"PropertyValueSpecification","valueRequired":true,"valueName":"search_term_string"}}],"inLanguage":"en-US"},{"@type":"Organization","@id":"https:\/\/www.entreculturas.org\/en\/#organization","name":"Entreculturas","url":"https:\/\/www.entreculturas.org\/en\/","logo":{"@type":"ImageObject","inLanguage":"en-US","@id":"https:\/\/www.entreculturas.org\/en\/#\/schema\/logo\/image\/","url":"https:\/\/www.entreculturas.org\/wp-content\/uploads\/2025\/10\/ESP.svg","contentUrl":"https:\/\/www.entreculturas.org\/wp-content\/uploads\/2025\/10\/ESP.svg","caption":"Entreculturas"},"image":{"@id":"https:\/\/www.entreculturas.org\/en\/#\/schema\/logo\/image\/"},"sameAs":["https:\/\/www.facebook.com\/entreculturas","https:\/\/x.com\/Entreculturas","https:\/\/www.instagram.com\/entreculturas\/","https:\/\/www.youtube.com\/user\/entreculturasvideo","https:\/\/www.linkedin.com\/company\/fundacion-entreculturas-ngdo\/","https:\/\/www.flickr.com\/photos\/98455522@N04\/albums\/"]}]}},"_links":{"self":[{"href":"https:\/\/www.entreculturas.org\/en\/wp-json\/wp\/v2\/noticia\/38306","targetHints":{"allow":["GET"]}}],"collection":[{"href":"https:\/\/www.entreculturas.org\/en\/wp-json\/wp\/v2\/noticia"}],"about":[{"href":"https:\/\/www.entreculturas.org\/en\/wp-json\/wp\/v2\/types\/noticia"}],"wp:featuredmedia":[{"embeddable":true,"href":"https:\/\/www.entreculturas.org\/en\/wp-json\/wp\/v2\/media\/38308"}],"wp:attachment":[{"href":"https:\/\/www.entreculturas.org\/en\/wp-json\/wp\/v2\/media?parent=38306"}],"wp:term":[{"taxonomy":"category","embeddable":true,"href":"https:\/\/www.entreculturas.org\/en\/wp-json\/wp\/v2\/categories?post=38306"},{"taxonomy":"post_tag","embeddable":true,"href":"https:\/\/www.entreculturas.org\/en\/wp-json\/wp\/v2\/tags?post=38306"},{"taxonomy":"country","embeddable":true,"href":"https:\/\/www.entreculturas.org\/en\/wp-json\/wp\/v2\/country?post=38306"},{"taxonomy":"cause","embeddable":true,"href":"https:\/\/www.entreculturas.org\/en\/wp-json\/wp\/v2\/cause?post=38306"}],"curies":[{"name":"wp","href":"https:\/\/api.w.org\/{rel}","templated":true}]}}