{"id":38113,"date":"2025-03-13T13:30:10","date_gmt":"2025-03-13T12:30:10","guid":{"rendered":"https:\/\/www.entreculturas.org\/?post_type=noticia&#038;p=38113"},"modified":"2025-03-13T13:54:35","modified_gmt":"2025-03-13T12:54:35","slug":"educacion-refugiados","status":"publish","type":"noticia","link":"https:\/\/www.entreculturas.org\/en\/noticia\/educacion-refugiados\/","title":{"rendered":"Educaci\u00f3n como Refugio: La Escuela en Tiempos de Crisis"},"content":{"rendered":"\n<p>Vivimos el momento de la historia en el que m\u00e1s ni\u00f1os y ni\u00f1as se ven afectados por guerras. A las crisis prolongadas de lugares como Darfur, Afganist\u00e1n, Sud\u00e1n del Sur o Siria, se suman nuevas emergencias, como las de Ucrania y Gaza. Esto ha provocado que una quinta parte de la infancia mundial \u2014460 millones de ni\u00f1os y ni\u00f1as\u2014 vivan hoy en zonas de conflicto, poniendo en riesgo tanto su vida como sus oportunidades de futuro.&nbsp;<br><\/p>\n\n\n\n<p>En situaciones de conflicto, crisis o desplazamiento, la educaci\u00f3n desempe\u00f1a un papel esencial como refugio para ni\u00f1os, ni\u00f1as y j\u00f3venes. Adem\u00e1s de ser espacios de aprendizaje, las escuelas ofrecen protecci\u00f3n, estabilidad y apoyo emocional, ayudando a mitigar el impacto del trauma y brindando una base para reconstruir vidas.&nbsp;<\/p>\n\n\n\n<p>En este art\u00edculo, exploraremos la educaci\u00f3n para refugiados, c\u00f3mo esta se convierte en refugio para la infancia en contextos de emergencia.<br><\/p>\n\n\n\n<h2 class=\"wp-block-heading has-din-font-family has-x-large-font-size\" id=\"h-educacion-para-refugiados-el-impacto-de-los-conflictos-y-las-crisis-en-la-educacion\">Educaci\u00f3n para refugiados,<strong> el Impacto de los Conflictos y las Crisis en la Educaci\u00f3n<\/strong><\/h2>\n\n\n\n<p><br>Los conflictos armados tienen un impacto devastador en la <strong>educaci\u00f3n de millones de ni\u00f1os y ni\u00f1as<\/strong>. En medio de la violencia y el desplazamiento, las escuelas a menudo son destruidas o se convierten en objetivos de ataques, lo que limita el acceso a la educaci\u00f3n y deja a las y los estudiantes sin la estabilidad que necesitan para desarrollarse.<br><\/p>\n\n\n\n<p>Sin un hogar ni una escuela que los proteja, los ni\u00f1os y ni\u00f1as enfrentan riesgos a\u00fan mayores. Son m\u00e1s propensos a sufrir violencia f\u00edsica, abuso sexual, explotaci\u00f3n y ser reclutados para formar parte de grupos armados.<br><\/p>\n\n\n\n<p>La infancia que crece sin acceso a una educaci\u00f3n adecuada tiene, adem\u00e1s, <strong>menos oportunidades<\/strong> de acceder a trabajos con condiciones dignas, perpetuando los ciclos de pobreza y exclusi\u00f3n social. Adem\u00e1s, sin una base educativa s\u00f3lida, la reconstrucci\u00f3n de sociedades post-conflicto se convierte en un desaf\u00edo a\u00fan mayor, ya que la educaci\u00f3n es clave para la paz, la estabilidad y el desarrollo.<br><br><\/p>\n\n\n\n<figure class=\"wp-block-image aligncenter size-large is-resized\"><img decoding=\"async\" width=\"1024\" height=\"576\" src=\"https:\/\/www.entreculturas.org\/wp-content\/uploads\/2025\/03\/Lago-Chad-\u00a9Natalia-Sepulveda-1024x576.jpg\" alt=\"Educaci\u00f3n para refugiados-2\n\" class=\"wp-image-38115\" style=\"width:866px;height:auto\" srcset=\"https:\/\/www.entreculturas.org\/wp-content\/uploads\/2025\/03\/Lago-Chad-\u00a9Natalia-Sepulveda-1024x576.jpg 1024w, https:\/\/www.entreculturas.org\/wp-content\/uploads\/2025\/03\/Lago-Chad-\u00a9Natalia-Sepulveda-300x169.jpg 300w, https:\/\/www.entreculturas.org\/wp-content\/uploads\/2025\/03\/Lago-Chad-\u00a9Natalia-Sepulveda-768x432.jpg 768w, https:\/\/www.entreculturas.org\/wp-content\/uploads\/2025\/03\/Lago-Chad-\u00a9Natalia-Sepulveda-1536x864.jpg 1536w, https:\/\/www.entreculturas.org\/wp-content\/uploads\/2025\/03\/Lago-Chad-\u00a9Natalia-Sepulveda.jpg 2048w\" sizes=\"(max-width: 1024px) 100vw, 1024px\" \/><\/figure>\n\n\n\n<h2 class=\"wp-block-heading has-din-font-family has-x-large-font-size\" id=\"h-educacion-como-refugio-un-espacio-de-seguridad-y-esperanza\"><br><strong>Educaci\u00f3n como Refugio: Un Espacio de Seguridad y Esperanza<\/strong><\/h2>\n\n\n\n<div style=\"height:27px\" aria-hidden=\"true\" class=\"wp-block-spacer\"><\/div>\n\n\n\n<h3 class=\"wp-block-heading has-din-font-family has-large-font-size\" id=\"h-la-escuela-como-refugio-y-su-rol-en-la-estabilidad-emocional\"><strong>La escuela como refugio y su rol en la estabilidad emocional<\/strong><\/h3>\n\n\n\n<p><br>En medio de esta incertidumbre y\u00a0 sufrimiento, <a href=\"https:\/\/www.escuelarefugio.org\/\">la escuela se convierte en un refugio<\/a> fundamental para los ni\u00f1os y ni\u00f1as afectados por los conflictos y crisis. M\u00e1s all\u00e1 de ser un espacio para el aprendizaje acad\u00e9mico, la escuela ofrece <strong>seguridad<\/strong> y <strong>rutina<\/strong>, elementos esenciales para la estabilidad emocional. En contextos de crisis, los programas educativos pueden jugar un papel vital al ofrecer <strong>programas psicosociales<\/strong> que ayudan a la infancia manejar el trauma y adaptarse a su nueva realidad.<br><\/p>\n\n\n\n<h3 class=\"wp-block-heading has-large-font-size\" id=\"h-beneficios-educativos-y-de-inclusion-social-en-la-educacion-para-refugiados\"><strong>Beneficios educativos y de inclusi\u00f3n social<\/strong> en la educaci\u00f3n para refugiados<\/h3>\n\n\n\n<p><br>La educaci\u00f3n puede suponer un cambio radical en la vida de los ni\u00f1os y ni\u00f1as que viven en contextos de crisis, donde el dolor, la angustia y la desesperanza se vuelven cotidianos. M\u00e1s all\u00e1 de ense\u00f1ar habilidades acad\u00e9micas, la educaci\u00f3n les proporciona las herramientas necesarias para desarrollar su resiliencia ante las adversidades.<br><\/p>\n\n\n\n<p>En un entorno de aprendizaje seguro, las escuelas se transforman en refugios donde no solo adquieren conocimientos, sino tambi\u00e9n habilidades sociales y emocionales cruciales para su bienestar y su futuro. Estas habilidades son fundamentales para su integraci\u00f3n social y para que, alg\u00fan d\u00eda, puedan contribuir a la paz y la reconstrucci\u00f3n de sus comunidades.<br><br><\/p>\n\n\n\n<figure class=\"wp-block-image aligncenter size-large is-resized\"><img decoding=\"async\" width=\"1024\" height=\"576\" src=\"https:\/\/www.entreculturas.org\/wp-content\/uploads\/2025\/03\/Lago-Chad-\u00a9PaulaCasado-2-1-1024x576.jpg\" alt=\"\" class=\"wp-image-38162\" style=\"width:866px;height:auto\" srcset=\"https:\/\/www.entreculturas.org\/wp-content\/uploads\/2025\/03\/Lago-Chad-\u00a9PaulaCasado-2-1-1024x576.jpg 1024w, https:\/\/www.entreculturas.org\/wp-content\/uploads\/2025\/03\/Lago-Chad-\u00a9PaulaCasado-2-1-300x169.jpg 300w, https:\/\/www.entreculturas.org\/wp-content\/uploads\/2025\/03\/Lago-Chad-\u00a9PaulaCasado-2-1-768x432.jpg 768w, https:\/\/www.entreculturas.org\/wp-content\/uploads\/2025\/03\/Lago-Chad-\u00a9PaulaCasado-2-1-1536x864.jpg 1536w, https:\/\/www.entreculturas.org\/wp-content\/uploads\/2025\/03\/Lago-Chad-\u00a9PaulaCasado-2-1.jpg 2048w\" sizes=\"(max-width: 1024px) 100vw, 1024px\" \/><\/figure>\n\n\n\n<h2 class=\"wp-block-heading has-din-font-family has-x-large-font-size\" id=\"h-desafios-y-barreras-para-mantener-la-educacion-como-refugio\"><br><strong>Desaf\u00edos y Barreras para Mantener la Educaci\u00f3n como Refugio<\/strong><\/h2>\n\n\n\n<div style=\"height:27px\" aria-hidden=\"true\" class=\"wp-block-spacer\"><\/div>\n\n\n\n<h3 class=\"wp-block-heading has-large-font-size\" id=\"h-educacion-para-refugiados-infraestructura-escolar-destruida\">Educaci\u00f3n para refugiados,<strong> infraestructura escolar destruida<\/strong><\/h3>\n\n\n\n<p><br>Uno de los principales obst\u00e1culos para la educaci\u00f3n en zonas de conflicto es la <strong>destrucci\u00f3n de infraestructuras escolares<\/strong>. Seg\u00fan el informe de la UNESCO, aproximadamente el <strong>40% de las escuelas en zonas de conflicto<\/strong> han sido atacadas o destruidas. Esto no solo elimina el espacio f\u00edsico para la educaci\u00f3n, sino que tambi\u00e9n desestabiliza a las comunidades, haciendo a\u00fan m\u00e1s dif\u00edcil la tarea de proporcionar educaci\u00f3n continua a los ni\u00f1os y ni\u00f1as desplazados.<br><\/p>\n\n\n\n<h3 class=\"wp-block-heading has-large-font-size\" id=\"h-falta-de-docentes-capacitados-y-protegidos\"><strong>Falta de docentes capacitados y protegidos<\/strong><\/h3>\n\n\n\n<p><br>Los maestros y maestras, que son esenciales para la educaci\u00f3n, tambi\u00e9n se enfrentan a <strong>amenazas y ataques directos<\/strong> en zonas de conflicto. En muchos casos, las y los educadores se convierten en objetivos, lo que incrementa los riesgos para su integridad y limita la capacidad de la infancia para aprender. Es urgente establecer <strong>protocolos de protecci\u00f3n<\/strong> y proporcionar apoyo psicoemocional al personal docente, quien a menudo se enfrenta a situaciones de estr\u00e9s extremo.<br><\/p>\n\n\n\n<h3 class=\"wp-block-heading has-large-font-size\" id=\"h-barreras-de-acceso-a-la-educacion-para-las-personas-refugiadas\"><strong>Barreras de acceso a la educaci\u00f3n para las personas refugiadas<\/strong><\/h3>\n\n\n\n<p><br>Los ni\u00f1os y ni\u00f1as refugiados enfrentan m\u00faltiples obst\u00e1culos para acceder a la educaci\u00f3n, desde barreras ling\u00fc\u00edsticas y diferencias culturales hasta la falta de reconocimiento de sus estudios previos. En muchos casos, los sistemas educativos de los pa\u00edses de acogida no cuentan con la capacidad suficiente para integrar a esta poblaci\u00f3n, lo que agrava su exclusi\u00f3n.<br><\/p>\n\n\n\n<p>A pesar de los esfuerzos de organizaciones internacionales y gobiernos, la falta de financiamiento y recursos adecuados sigue limitando el acceso a una educaci\u00f3n segura y de calidad para estos ni\u00f1os y ni\u00f1as en situaci\u00f3n de vulnerabilidad.<br><\/p>\n\n\n\n<figure class=\"wp-block-image aligncenter size-large is-resized\"><img decoding=\"async\" width=\"1024\" height=\"576\" src=\"https:\/\/www.entreculturas.org\/wp-content\/uploads\/2025\/03\/Lago-Chad-\u00a9Irene-2-1024x576.jpg\" alt=\"Educaci\u00f3n para refugiados-4\" class=\"wp-image-38147\" style=\"width:868px;height:auto\" srcset=\"https:\/\/www.entreculturas.org\/wp-content\/uploads\/2025\/03\/Lago-Chad-\u00a9Irene-2-1024x576.jpg 1024w, https:\/\/www.entreculturas.org\/wp-content\/uploads\/2025\/03\/Lago-Chad-\u00a9Irene-2-300x169.jpg 300w, https:\/\/www.entreculturas.org\/wp-content\/uploads\/2025\/03\/Lago-Chad-\u00a9Irene-2-768x432.jpg 768w, https:\/\/www.entreculturas.org\/wp-content\/uploads\/2025\/03\/Lago-Chad-\u00a9Irene-2-1536x864.jpg 1536w, https:\/\/www.entreculturas.org\/wp-content\/uploads\/2025\/03\/Lago-Chad-\u00a9Irene-2.jpg 2048w\" sizes=\"(max-width: 1024px) 100vw, 1024px\" \/><\/figure>\n\n\n\n<h2 class=\"wp-block-heading has-din-font-family has-x-large-font-size\" id=\"h-ejemplos-de-educacion-como-refugio-en-el-mundo\"><br><strong>Ejemplos de Educaci\u00f3n como Refugio en el Mundo<\/strong><\/h2>\n\n\n\n<div style=\"height:27px\" aria-hidden=\"true\" class=\"wp-block-spacer\"><\/div>\n\n\n\n<h3 class=\"wp-block-heading has-large-font-size\" id=\"h-ucrania-respuesta-rapida-para-la-infancia-refugiada\"><strong>Ucrania: Respuesta r\u00e1pida para la infancia refugiada<\/strong><\/h3>\n\n\n\n<p><br>En respuesta a la crisis generada por el conflicto en Ucrania, diversas organizaciones han implementado sistemas educativos de <strong>ense\u00f1anza h\u00edbrida<\/strong>, que combinan clases presenciales y virtuales, lo que ha permitido integrar a los ni\u00f1os y ni\u00f1as refugiados ucranianos en los sistemas educativos de varios pa\u00edses europeos. Esta respuesta r\u00e1pida ha sido fundamental para ofrecerles continuidad en su educaci\u00f3n y garantizar su bienestar emocional.<br><\/p>\n\n\n\n<h3 class=\"wp-block-heading has-large-font-size\" id=\"h-colombia-educacion-para-la-paz-en-comunidades-desplazadas\"><strong>Colombia: Educaci\u00f3n para la paz en comunidades desplazadas<\/strong><\/h3>\n\n\n\n<p><br>En Colombia, se han creado <strong>programas educativos orientados a la paz<\/strong> en comunidades desplazadas. Estos programas tienen como objetivo evitar el <strong>reclutamiento forzado<\/strong> de ni\u00f1os y ni\u00f1as, al ofrecerles una alternativa de desarrollo personal y social que les permite contribuir a la construcci\u00f3n de una sociedad m\u00e1s justa.<br><\/p>\n\n\n\n<h3 class=\"wp-block-heading has-large-font-size\" id=\"h-libano-desafios-de-la-educacion-en-el-pais-con-mas-personas-refugiadas-per-capita\"><strong>L\u00edbano: Desaf\u00edos de la educaci\u00f3n en el pa\u00eds con m\u00e1s personas refugiadas per c\u00e1pita<\/strong><\/h3>\n\n\n\n<p><br><a href=\"https:\/\/www.entreculturas.org\/noticia\/emergencia-libano\/\">L\u00edbano<\/a>, el pa\u00eds con el mayor n\u00famero de refugiados por habitante, enfrenta serios desaf\u00edos en su sistema educativo. Apenas un tercio de la infancia siria refugiada tiene acceso a la educaci\u00f3n, lo que pone en peligro su futuro. No obstante, iniciativas como las que implementamos desde Entreculturas y JRS buscan asegurar que estos ni\u00f1os y ni\u00f1as puedan acceder a una educaci\u00f3n de calidad, a pesar de las enormes dificultades.<br><br><\/p>\n\n\n\n<figure class=\"wp-block-image aligncenter size-large is-resized\"><img decoding=\"async\" width=\"1024\" height=\"576\" src=\"https:\/\/www.entreculturas.org\/wp-content\/uploads\/2025\/03\/Lago-Chad-\u00a9Paula-Casado-1-1024x576.jpg\" alt=\"\" class=\"wp-image-38167\" style=\"width:896px;height:auto\" srcset=\"https:\/\/www.entreculturas.org\/wp-content\/uploads\/2025\/03\/Lago-Chad-\u00a9Paula-Casado-1-1024x576.jpg 1024w, https:\/\/www.entreculturas.org\/wp-content\/uploads\/2025\/03\/Lago-Chad-\u00a9Paula-Casado-1-300x169.jpg 300w, https:\/\/www.entreculturas.org\/wp-content\/uploads\/2025\/03\/Lago-Chad-\u00a9Paula-Casado-1-768x432.jpg 768w, https:\/\/www.entreculturas.org\/wp-content\/uploads\/2025\/03\/Lago-Chad-\u00a9Paula-Casado-1-1536x864.jpg 1536w, https:\/\/www.entreculturas.org\/wp-content\/uploads\/2025\/03\/Lago-Chad-\u00a9Paula-Casado-1.jpg 2048w\" sizes=\"(max-width: 1024px) 100vw, 1024px\" \/><\/figure>\n\n\n\n<p><br><\/p>\n\n\n\n<h2 class=\"wp-block-heading has-din-font-family has-x-large-font-size\" id=\"h-politicas-publicas-y-acciones-para-garantizar-la-educacion-como-refugio\"><strong>Pol\u00edticas P\u00fablicas y Acciones para Garantizar la Educaci\u00f3n como Refugio<\/strong><\/h2>\n\n\n\n<p><br>La educaci\u00f3n es un derecho humano fundamental, reconocido tanto por instrumentos internacionales como por las leyes nacionales de los Estados. Los gobiernos tienen la responsabilidad de garantizar su cumplimiento dentro de sus territorios, mientras que la comunidad internacional debe respaldar y financiar este derecho, especialmente en pa\u00edses con limitaciones de recursos que enfrentan situaciones de emergencia.<br><\/p>\n\n\n\n<p>Las crisis no eximen a los Estados de sus responsabilidades en materia de educaci\u00f3n para refugiados. De hecho, las situaciones de emergencia requieren medidas urgentes para asegurar que, incluso en contextos de desplazamiento forzado o en zonas de conflicto, los ni\u00f1os, ni\u00f1as y j\u00f3venes contin\u00faen accediendo a una educaci\u00f3n de calidad.<br><\/p>\n\n\n\n<h3 class=\"wp-block-heading has-large-font-size\" id=\"h-financiacion-para-la-educacion-en-emergencias\"><strong>Financiaci\u00f3n para la educaci\u00f3n en emergencias<\/strong><\/h3>\n\n\n\n<p><br>Una financiaci\u00f3n adecuada es clave para garantizar la educaci\u00f3n en contextos de emergencia. Seg\u00fan la ONU, se estima que hay un <strong>d\u00e9ficit de 39.000 millones de d\u00f3lares anuales<\/strong> para financiar la educaci\u00f3n en situaciones de emergencia. Es crucial fortalecer la <strong>cooperaci\u00f3n internacional<\/strong> y asegurar una financiaci\u00f3n sostenida para garantizar que los ni\u00f1os y ni\u00f1as afectados por conflictos y crisis puedan acceder a la educaci\u00f3n que necesitan para su futuro.<br><br><\/p>\n\n\n\n<figure class=\"wp-block-image aligncenter size-large is-resized\"><img decoding=\"async\" width=\"1024\" height=\"576\" src=\"https:\/\/www.entreculturas.org\/wp-content\/uploads\/2025\/03\/Lago-Chad-\u00a9Natalia-Sepulveda-2-1024x576.jpg\" alt=\"Educaci\u00f3n para refugiados-6\" class=\"wp-image-38152\" style=\"width:864px;height:auto\" srcset=\"https:\/\/www.entreculturas.org\/wp-content\/uploads\/2025\/03\/Lago-Chad-\u00a9Natalia-Sepulveda-2-1024x576.jpg 1024w, https:\/\/www.entreculturas.org\/wp-content\/uploads\/2025\/03\/Lago-Chad-\u00a9Natalia-Sepulveda-2-300x169.jpg 300w, https:\/\/www.entreculturas.org\/wp-content\/uploads\/2025\/03\/Lago-Chad-\u00a9Natalia-Sepulveda-2-768x432.jpg 768w, https:\/\/www.entreculturas.org\/wp-content\/uploads\/2025\/03\/Lago-Chad-\u00a9Natalia-Sepulveda-2-1536x864.jpg 1536w, https:\/\/www.entreculturas.org\/wp-content\/uploads\/2025\/03\/Lago-Chad-\u00a9Natalia-Sepulveda-2.jpg 2048w\" sizes=\"(max-width: 1024px) 100vw, 1024px\" \/><\/figure>\n\n\n\n<h2 class=\"wp-block-heading has-din-font-family has-x-large-font-size\" id=\"h-las-dimensiones-del-derecho-a-la-educacion-en-contextos-de-emergencia\"><br><strong>Las dimensiones del derecho a la educaci\u00f3n en contextos de emergencia<\/strong><\/h2>\n\n\n\n<p><br>El derecho a la educaci\u00f3n en situaciones de emergencia debe atender cuatro dimensiones fundamentales para ser efectivo y transformador:<br><\/p>\n\n\n\n<ul class=\"wp-block-list\">\n<li>Acceso: garantizar que todos los ni\u00f1os y ni\u00f1as, independientemente de su situaci\u00f3n, puedan acceder a la educaci\u00f3n, incluso en las circunstancias m\u00e1s adversas.<\/li>\n\n\n\n<li>Adaptabilidad: ajustar los programas educativos a las necesidades y realidades de los contextos de crisis, asegurando que los contenidos sean relevantes y adecuados.<\/li>\n\n\n\n<li>Aceptabilidad: asegurar que la educaci\u00f3n sea culturalmente respetuosa, inclusiva y libre de discriminaci\u00f3n, favoreciendo un entorno seguro y acogedor para todos y todas.<\/li>\n\n\n\n<li>Disponibilidad: asegurar la existencia de recursos adecuados, como infraestructuras, materiales y personal capacitado, para ofrecer una educaci\u00f3n de calidad.<\/li>\n\n\n\n<li>Este enfoque integral busca no solo garantizar el acceso a la educaci\u00f3n en tiempos de crisis, sino tambi\u00e9n que sea una herramienta de resiliencia y reconstrucci\u00f3n.<br><br><\/li>\n<\/ul>\n\n\n\n<h2 class=\"wp-block-heading has-din-font-family has-x-large-font-size\" id=\"h-conclusion-para-abordar-la-educacion-para-refugiados\"><strong>Conclusi\u00f3n<\/strong> para abordar la educaci\u00f3n para refugiados<\/h2>\n\n\n\n<p><br>La educaci\u00f3n, en contextos de conflictos y de crisis, es m\u00e1s que una necesidad b\u00e1sica: es una herramienta poderosa para la protecci\u00f3n y la reconstrucci\u00f3n social. Aunque los desaf\u00edos son enormes, las iniciativas globales y locales demuestran que la educaci\u00f3n puede ser un refugio seguro para los ni\u00f1os y ni\u00f1as que m\u00e1s lo necesitan. El compromiso de <strong>Entreculturas<\/strong> y sus organizaciones aliadas sigue siendo garantizar que cada ni\u00f1o y cada ni\u00f1a, sin importar su situaci\u00f3n, tenga acceso a una educaci\u00f3n de calidad, incluso en los contextos m\u00e1s complejos.<\/p>\n","protected":false},"excerpt":{"rendered":"<p>Vivimos el momento de la historia en el que m\u00e1s ni\u00f1os y ni\u00f1as se ven afectados por guerras. A las crisis prolongadas de lugares como Darfur, Afganist\u00e1n, Sud\u00e1n del Sur o Siria, se suman nuevas emergencias, como las de Ucrania y Gaza. Esto ha provocado que una quinta parte de la infancia mundial \u2014460 millones de ni\u00f1os y ni\u00f1as\u2014 vivan hoy en zonas de conflicto, poniendo en riesgo tanto su vida como sus oportunidades de futuro.&nbsp; En situaciones de conflicto, crisis o desplazamiento, la educaci\u00f3n desempe\u00f1a un papel esencial como refugio para ni\u00f1os, ni\u00f1as y j\u00f3venes. Adem\u00e1s de ser espacios de aprendizaje, las escuelas ofrecen protecci\u00f3n, estabilidad y apoyo emocional, ayudando a mitigar el impacto del trauma y brindando una base para reconstruir vidas.&nbsp; En este art\u00edculo, exploraremos la educaci\u00f3n para refugiados, c\u00f3mo esta se convierte en refugio para la infancia en contextos de emergencia. Educaci\u00f3n para refugiados, el Impacto [&hellip;]<\/p>\n","protected":false},"featured_media":38125,"template":"","meta":{"_acf_changed":false},"categories":[7],"tags":[289],"country":[118,140,332,704],"cause":[128],"class_list":["post-38113","noticia","type-noticia","status-publish","has-post-thumbnail","hentry","category-noticia","tag-educacion","country-chad","country-colombia","country-libano","country-ucrania-2","cause-educacion"],"acf":[],"yoast_head":"<!-- This site is optimized with the Yoast SEO Premium plugin v21.6 (Yoast SEO v27.5) - https:\/\/yoast.com\/product\/yoast-seo-premium-wordpress\/ -->\n<title>Educaci\u00f3n para refugiados: : un refugio en tiempos de crisis<\/title>\n<meta name=\"description\" content=\"Descubre c\u00f3mo la educaci\u00f3n para refugiados puede brindarles seguridad, esperanza y oportunidades de futuro.\" \/>\n<meta name=\"robots\" content=\"index, follow, max-snippet:-1, max-image-preview:large, max-video-preview:-1\" \/>\n<link rel=\"canonical\" href=\"https:\/\/www.entreculturas.org\/en\/noticia\/educacion-refugiados\/\" \/>\n<meta property=\"og:locale\" content=\"en_US\" \/>\n<meta property=\"og:type\" content=\"article\" \/>\n<meta property=\"og:title\" content=\"Educaci\u00f3n como Refugio: La Escuela en Tiempos de Crisis\" \/>\n<meta property=\"og:description\" content=\"Descubre c\u00f3mo la educaci\u00f3n para refugiados puede brindarles seguridad, esperanza y oportunidades de futuro.\" \/>\n<meta property=\"og:url\" content=\"https:\/\/www.entreculturas.org\/en\/noticia\/educacion-refugiados\/\" \/>\n<meta property=\"og:site_name\" content=\"Entreculturas\" \/>\n<meta property=\"article:publisher\" content=\"https:\/\/www.facebook.com\/entreculturas\" \/>\n<meta property=\"article:modified_time\" content=\"2025-03-13T12:54:35+00:00\" \/>\n<meta property=\"og:image\" content=\"https:\/\/www.entreculturas.org\/wp-content\/uploads\/2025\/03\/Lago-Chad-\u00a9IreneGalera.jpg\" \/>\n\t<meta property=\"og:image:width\" content=\"2048\" \/>\n\t<meta property=\"og:image:height\" content=\"1152\" \/>\n\t<meta property=\"og:image:type\" content=\"image\/jpeg\" \/>\n<meta name=\"twitter:card\" content=\"summary_large_image\" \/>\n<meta name=\"twitter:site\" content=\"@Entreculturas\" \/>\n<script type=\"application\/ld+json\" class=\"yoast-schema-graph\">{\"@context\":\"https:\\\/\\\/schema.org\",\"@graph\":[{\"@type\":\"WebPage\",\"@id\":\"https:\\\/\\\/www.entreculturas.org\\\/en\\\/noticia\\\/educacion-refugiados\\\/\",\"url\":\"https:\\\/\\\/www.entreculturas.org\\\/en\\\/noticia\\\/educacion-refugiados\\\/\",\"name\":\"Educaci\u00f3n para refugiados: : un refugio en tiempos de crisis\",\"isPartOf\":{\"@id\":\"https:\\\/\\\/www.entreculturas.org\\\/en\\\/#website\"},\"primaryImageOfPage\":{\"@id\":\"https:\\\/\\\/www.entreculturas.org\\\/en\\\/noticia\\\/educacion-refugiados\\\/#primaryimage\"},\"image\":{\"@id\":\"https:\\\/\\\/www.entreculturas.org\\\/en\\\/noticia\\\/educacion-refugiados\\\/#primaryimage\"},\"thumbnailUrl\":\"https:\\\/\\\/www.entreculturas.org\\\/wp-content\\\/uploads\\\/2025\\\/03\\\/Lago-Chad-\u00a9IreneGalera.jpg\",\"datePublished\":\"2025-03-13T12:30:10+00:00\",\"dateModified\":\"2025-03-13T12:54:35+00:00\",\"description\":\"Descubre c\u00f3mo la educaci\u00f3n para refugiados puede brindarles seguridad, esperanza y oportunidades de futuro.\",\"breadcrumb\":{\"@id\":\"https:\\\/\\\/www.entreculturas.org\\\/en\\\/noticia\\\/educacion-refugiados\\\/#breadcrumb\"},\"inLanguage\":\"en-US\",\"potentialAction\":[{\"@type\":\"ReadAction\",\"target\":[\"https:\\\/\\\/www.entreculturas.org\\\/en\\\/noticia\\\/educacion-refugiados\\\/\"]}]},{\"@type\":\"ImageObject\",\"inLanguage\":\"en-US\",\"@id\":\"https:\\\/\\\/www.entreculturas.org\\\/en\\\/noticia\\\/educacion-refugiados\\\/#primaryimage\",\"url\":\"https:\\\/\\\/www.entreculturas.org\\\/wp-content\\\/uploads\\\/2025\\\/03\\\/Lago-Chad-\u00a9IreneGalera.jpg\",\"contentUrl\":\"https:\\\/\\\/www.entreculturas.org\\\/wp-content\\\/uploads\\\/2025\\\/03\\\/Lago-Chad-\u00a9IreneGalera.jpg\",\"width\":2048,\"height\":1152,\"caption\":\"Educaci\u00f3n para refugiados-1\"},{\"@type\":\"BreadcrumbList\",\"@id\":\"https:\\\/\\\/www.entreculturas.org\\\/en\\\/noticia\\\/educacion-refugiados\\\/#breadcrumb\",\"itemListElement\":[{\"@type\":\"ListItem\",\"position\":1,\"name\":\"Home\",\"item\":\"https:\\\/\\\/www.entreculturas.org\\\/en\\\/\"},{\"@type\":\"ListItem\",\"position\":2,\"name\":\"Noticias\",\"item\":\"https:\\\/\\\/www.entreculturas.org\\\/en\\\/noticias\\\/\"},{\"@type\":\"ListItem\",\"position\":3,\"name\":\"Educaci\u00f3n como Refugio: La Escuela en Tiempos de Crisis\"}]},{\"@type\":\"WebSite\",\"@id\":\"https:\\\/\\\/www.entreculturas.org\\\/en\\\/#website\",\"url\":\"https:\\\/\\\/www.entreculturas.org\\\/en\\\/\",\"name\":\"Entreculturas\",\"description\":\"\",\"publisher\":{\"@id\":\"https:\\\/\\\/www.entreculturas.org\\\/en\\\/#organization\"},\"alternateName\":\"Entreculturas\",\"potentialAction\":[{\"@type\":\"SearchAction\",\"target\":{\"@type\":\"EntryPoint\",\"urlTemplate\":\"https:\\\/\\\/www.entreculturas.org\\\/en\\\/?s={search_term_string}\"},\"query-input\":{\"@type\":\"PropertyValueSpecification\",\"valueRequired\":true,\"valueName\":\"search_term_string\"}}],\"inLanguage\":\"en-US\"},{\"@type\":\"Organization\",\"@id\":\"https:\\\/\\\/www.entreculturas.org\\\/en\\\/#organization\",\"name\":\"Entreculturas\",\"url\":\"https:\\\/\\\/www.entreculturas.org\\\/en\\\/\",\"logo\":{\"@type\":\"ImageObject\",\"inLanguage\":\"en-US\",\"@id\":\"https:\\\/\\\/www.entreculturas.org\\\/en\\\/#\\\/schema\\\/logo\\\/image\\\/\",\"url\":\"https:\\\/\\\/www.entreculturas.org\\\/wp-content\\\/uploads\\\/2025\\\/10\\\/ESP.svg\",\"contentUrl\":\"https:\\\/\\\/www.entreculturas.org\\\/wp-content\\\/uploads\\\/2025\\\/10\\\/ESP.svg\",\"caption\":\"Entreculturas\"},\"image\":{\"@id\":\"https:\\\/\\\/www.entreculturas.org\\\/en\\\/#\\\/schema\\\/logo\\\/image\\\/\"},\"sameAs\":[\"https:\\\/\\\/www.facebook.com\\\/entreculturas\",\"https:\\\/\\\/x.com\\\/Entreculturas\",\"https:\\\/\\\/www.instagram.com\\\/entreculturas\\\/\",\"https:\\\/\\\/www.youtube.com\\\/user\\\/entreculturasvideo\",\"https:\\\/\\\/www.linkedin.com\\\/company\\\/fundacion-entreculturas-ngdo\\\/\",\"https:\\\/\\\/www.flickr.com\\\/photos\\\/98455522@N04\\\/albums\\\/\"]}]}<\/script>\n<!-- \/ Yoast SEO Premium plugin. -->","yoast_head_json":{"title":"Educaci\u00f3n para refugiados: : un refugio en tiempos de crisis","description":"Descubre c\u00f3mo la educaci\u00f3n para refugiados puede brindarles seguridad, esperanza y oportunidades de futuro.","robots":{"index":"index","follow":"follow","max-snippet":"max-snippet:-1","max-image-preview":"max-image-preview:large","max-video-preview":"max-video-preview:-1"},"canonical":"https:\/\/www.entreculturas.org\/en\/noticia\/educacion-refugiados\/","og_locale":"en_US","og_type":"article","og_title":"Educaci\u00f3n como Refugio: La Escuela en Tiempos de Crisis","og_description":"Descubre c\u00f3mo la educaci\u00f3n para refugiados puede brindarles seguridad, esperanza y oportunidades de futuro.","og_url":"https:\/\/www.entreculturas.org\/en\/noticia\/educacion-refugiados\/","og_site_name":"Entreculturas","article_publisher":"https:\/\/www.facebook.com\/entreculturas","article_modified_time":"2025-03-13T12:54:35+00:00","og_image":[{"width":2048,"height":1152,"url":"https:\/\/www.entreculturas.org\/wp-content\/uploads\/2025\/03\/Lago-Chad-\u00a9IreneGalera.jpg","type":"image\/jpeg"}],"twitter_card":"summary_large_image","twitter_site":"@Entreculturas","schema":{"@context":"https:\/\/schema.org","@graph":[{"@type":"WebPage","@id":"https:\/\/www.entreculturas.org\/en\/noticia\/educacion-refugiados\/","url":"https:\/\/www.entreculturas.org\/en\/noticia\/educacion-refugiados\/","name":"Educaci\u00f3n para refugiados: : un refugio en tiempos de crisis","isPartOf":{"@id":"https:\/\/www.entreculturas.org\/en\/#website"},"primaryImageOfPage":{"@id":"https:\/\/www.entreculturas.org\/en\/noticia\/educacion-refugiados\/#primaryimage"},"image":{"@id":"https:\/\/www.entreculturas.org\/en\/noticia\/educacion-refugiados\/#primaryimage"},"thumbnailUrl":"https:\/\/www.entreculturas.org\/wp-content\/uploads\/2025\/03\/Lago-Chad-\u00a9IreneGalera.jpg","datePublished":"2025-03-13T12:30:10+00:00","dateModified":"2025-03-13T12:54:35+00:00","description":"Descubre c\u00f3mo la educaci\u00f3n para refugiados puede brindarles seguridad, esperanza y oportunidades de futuro.","breadcrumb":{"@id":"https:\/\/www.entreculturas.org\/en\/noticia\/educacion-refugiados\/#breadcrumb"},"inLanguage":"en-US","potentialAction":[{"@type":"ReadAction","target":["https:\/\/www.entreculturas.org\/en\/noticia\/educacion-refugiados\/"]}]},{"@type":"ImageObject","inLanguage":"en-US","@id":"https:\/\/www.entreculturas.org\/en\/noticia\/educacion-refugiados\/#primaryimage","url":"https:\/\/www.entreculturas.org\/wp-content\/uploads\/2025\/03\/Lago-Chad-\u00a9IreneGalera.jpg","contentUrl":"https:\/\/www.entreculturas.org\/wp-content\/uploads\/2025\/03\/Lago-Chad-\u00a9IreneGalera.jpg","width":2048,"height":1152,"caption":"Educaci\u00f3n para refugiados-1"},{"@type":"BreadcrumbList","@id":"https:\/\/www.entreculturas.org\/en\/noticia\/educacion-refugiados\/#breadcrumb","itemListElement":[{"@type":"ListItem","position":1,"name":"Home","item":"https:\/\/www.entreculturas.org\/en\/"},{"@type":"ListItem","position":2,"name":"Noticias","item":"https:\/\/www.entreculturas.org\/en\/noticias\/"},{"@type":"ListItem","position":3,"name":"Educaci\u00f3n como Refugio: La Escuela en Tiempos de Crisis"}]},{"@type":"WebSite","@id":"https:\/\/www.entreculturas.org\/en\/#website","url":"https:\/\/www.entreculturas.org\/en\/","name":"Entreculturas","description":"","publisher":{"@id":"https:\/\/www.entreculturas.org\/en\/#organization"},"alternateName":"Entreculturas","potentialAction":[{"@type":"SearchAction","target":{"@type":"EntryPoint","urlTemplate":"https:\/\/www.entreculturas.org\/en\/?s={search_term_string}"},"query-input":{"@type":"PropertyValueSpecification","valueRequired":true,"valueName":"search_term_string"}}],"inLanguage":"en-US"},{"@type":"Organization","@id":"https:\/\/www.entreculturas.org\/en\/#organization","name":"Entreculturas","url":"https:\/\/www.entreculturas.org\/en\/","logo":{"@type":"ImageObject","inLanguage":"en-US","@id":"https:\/\/www.entreculturas.org\/en\/#\/schema\/logo\/image\/","url":"https:\/\/www.entreculturas.org\/wp-content\/uploads\/2025\/10\/ESP.svg","contentUrl":"https:\/\/www.entreculturas.org\/wp-content\/uploads\/2025\/10\/ESP.svg","caption":"Entreculturas"},"image":{"@id":"https:\/\/www.entreculturas.org\/en\/#\/schema\/logo\/image\/"},"sameAs":["https:\/\/www.facebook.com\/entreculturas","https:\/\/x.com\/Entreculturas","https:\/\/www.instagram.com\/entreculturas\/","https:\/\/www.youtube.com\/user\/entreculturasvideo","https:\/\/www.linkedin.com\/company\/fundacion-entreculturas-ngdo\/","https:\/\/www.flickr.com\/photos\/98455522@N04\/albums\/"]}]}},"_links":{"self":[{"href":"https:\/\/www.entreculturas.org\/en\/wp-json\/wp\/v2\/noticia\/38113","targetHints":{"allow":["GET"]}}],"collection":[{"href":"https:\/\/www.entreculturas.org\/en\/wp-json\/wp\/v2\/noticia"}],"about":[{"href":"https:\/\/www.entreculturas.org\/en\/wp-json\/wp\/v2\/types\/noticia"}],"wp:featuredmedia":[{"embeddable":true,"href":"https:\/\/www.entreculturas.org\/en\/wp-json\/wp\/v2\/media\/38125"}],"wp:attachment":[{"href":"https:\/\/www.entreculturas.org\/en\/wp-json\/wp\/v2\/media?parent=38113"}],"wp:term":[{"taxonomy":"category","embeddable":true,"href":"https:\/\/www.entreculturas.org\/en\/wp-json\/wp\/v2\/categories?post=38113"},{"taxonomy":"post_tag","embeddable":true,"href":"https:\/\/www.entreculturas.org\/en\/wp-json\/wp\/v2\/tags?post=38113"},{"taxonomy":"country","embeddable":true,"href":"https:\/\/www.entreculturas.org\/en\/wp-json\/wp\/v2\/country?post=38113"},{"taxonomy":"cause","embeddable":true,"href":"https:\/\/www.entreculturas.org\/en\/wp-json\/wp\/v2\/cause?post=38113"}],"curies":[{"name":"wp","href":"https:\/\/api.w.org\/{rel}","templated":true}]}}