{"id":3795,"date":"2019-10-31T08:29:07","date_gmt":"2019-10-31T08:29:07","guid":{"rendered":"https:\/\/entreculturasi.wpenginepowered.com\/?noticias=los-campos-para-personas-refugiadas-y-desplazadas-en-maban-gravemente-afectados-por-las"},"modified":"2024-03-19T19:56:22","modified_gmt":"2024-03-19T18:56:22","slug":"los-campos-para-personas-refugiadas-y-desplazadas-en-maban-gravemente-afectados-por-las","status":"publish","type":"noticia","link":"https:\/\/www.entreculturas.org\/en\/noticia\/los-campos-para-personas-refugiadas-y-desplazadas-en-maban-gravemente-afectados-por-las\/","title":{"rendered":"Los campos para personas refugiadas y desplazadas en Mab\u00e1n, gravemente afectados por las lluvias"},"content":{"rendered":"<p><span style=\"font-size:10px\"><em>Foto:&nbsp;\u00a9 JRS &#8211; Sud\u00e1n del Sur<\/em><\/span><\/p>\n<p>&nbsp;<\/p>\n<p>Las fuertes lluvias e inundaciones en Mab\u00e1n, Sud\u00e1n del Sur, que se han extendido desde mediados de octubre hasta finales de mes, <strong>han causado graves da\u00f1os a los campamentos de personas refugiadas y de desplazadas, donde el Servicio Jesuita a Refugiados (JRS) lleva a cabo su labor<\/strong>. Adem\u00e1s, comunidades enteras, carreteras y escuelas han quedado completamente incomunicadas.&nbsp; Se trata de las inundaciones m\u00e1s graves de las \u00faltimas 4 d\u00e9cadas.<\/p>\n<p><strong>M\u00e1s de 200.000 personas se han visto afectadas en la regi\u00f3n<\/strong> causando el desplazamiento de las comunidades, centros de acogida y refugiados, sin contabilizar a\u00fan los da\u00f1os significativos a los medios de vida de estas personas, los cultivos alimentarios y el ganado, disminuyendo la capacidad de comenzar a recuperarse de manera efectiva.&nbsp;<\/p>\n<p>Los da\u00f1os de infraestructuras como puentes y carreteras han impedido el acceso de la ayuda, sabiendo que muchas comunidades cuentan con medios de vida y supervivencia que dependen principalmente de asistencia humanitaria como la que desarrolla JRS, que se ha visto gravemente afectada desde sus instalaciones, hasta las \u00e1reas de aprendizaje y de descanso del alumnado. Desde Entreculturas estamos apoyando a JRS para poder reactivar sus operaciones tras los da\u00f1os sufridos y la evacuaci\u00f3n del personal.<\/p>\n<p><span style=\"color:#FF0000\"><strong>Nuestro trabajo junto al de JRS en Mab\u00e1n<\/strong><\/span><\/p>\n<p><strong>Desde Entreculturas apoyamos la labor de JRS<\/strong> ofreciendo capacitaci\u00f3n para maestros, material escolar, servicio de guarder\u00eda para ni\u00f1os y ni\u00f1as con discapacidad, visitas a domicilio, asesoramiento y asistencia de emergencia. JRS tambi\u00e9n coordina centros sociales para mujeres refugiadas, brind\u00e1ndoles oportunidades para aprender sastrer\u00eda, habilidades para la vida y apoyo psicosocial.<\/p>\n","protected":false},"excerpt":{"rendered":"<p>Las fuertes lluvias e inundaciones en Mab\u00e1n, Sud\u00e1n del Sur, que se han extendido desde mediados de octubre hasta finales de mes, han causado graves da\u00f1os a los campamentos de personas refugiadas y de desplazadas, donde el Servicio Jesuita a Refugiados (JRS) lleva a cabo su labor.<\/p>\n","protected":false},"featured_media":3793,"template":"single-noticia","meta":{"_acf_changed":false},"categories":[7],"tags":[10],"country":[],"cause":[129],"class_list":["post-3795","noticia","type-noticia","status-publish","has-post-thumbnail","hentry","category-noticia","tag-migracion-y-refugio","cause-migracion-y-refugio"],"acf":[],"yoast_head":"<!-- This site is optimized with the Yoast SEO Premium plugin v21.6 (Yoast SEO v27.5) - https:\/\/yoast.com\/product\/yoast-seo-premium-wordpress\/ -->\n<title>Los campos para personas refugiadas y desplazadas en Mab\u00e1n, gravemente afectados por las lluvias - Entreculturas<\/title>\n<meta name=\"robots\" content=\"index, follow, max-snippet:-1, max-image-preview:large, max-video-preview:-1\" \/>\n<link rel=\"canonical\" href=\"https:\/\/www.entreculturas.org\/en\/noticia\/los-campos-para-personas-refugiadas-y-desplazadas-en-maban-gravemente-afectados-por-las\/\" \/>\n<meta property=\"og:locale\" content=\"en_US\" \/>\n<meta property=\"og:type\" content=\"article\" \/>\n<meta property=\"og:title\" content=\"Los campos para personas refugiadas y desplazadas en Mab\u00e1n, gravemente afectados por las lluvias\" \/>\n<meta property=\"og:description\" content=\"Las fuertes lluvias e inundaciones en Mab\u00e1n, Sud\u00e1n del Sur, que se han extendido desde mediados de octubre hasta finales de mes, han causado graves da\u00f1os a los campamentos de personas refugiadas y de desplazadas, donde el Servicio Jesuita a Refugiados (JRS) lleva a cabo su labor.\" \/>\n<meta property=\"og:url\" content=\"https:\/\/www.entreculturas.org\/en\/noticia\/los-campos-para-personas-refugiadas-y-desplazadas-en-maban-gravemente-afectados-por-las\/\" \/>\n<meta property=\"og:site_name\" content=\"Entreculturas\" \/>\n<meta property=\"article:publisher\" content=\"https:\/\/www.facebook.com\/entreculturas\" \/>\n<meta property=\"article:modified_time\" content=\"2024-03-19T18:56:22+00:00\" \/>\n<meta property=\"og:image\" content=\"https:\/\/www.entreculturas.org\/wp-content\/uploads\/2019\/10\/jrs_maban_sudandelsur_inundaciones.jpg\" \/>\n\t<meta property=\"og:image:width\" content=\"1200\" \/>\n\t<meta property=\"og:image:height\" content=\"600\" \/>\n\t<meta property=\"og:image:type\" content=\"image\/jpeg\" \/>\n<meta name=\"twitter:card\" content=\"summary_large_image\" \/>\n<meta name=\"twitter:site\" content=\"@Entreculturas\" \/>\n<script type=\"application\/ld+json\" class=\"yoast-schema-graph\">{\"@context\":\"https:\\\/\\\/schema.org\",\"@graph\":[{\"@type\":\"WebPage\",\"@id\":\"https:\\\/\\\/www.entreculturas.org\\\/en\\\/noticia\\\/los-campos-para-personas-refugiadas-y-desplazadas-en-maban-gravemente-afectados-por-las\\\/\",\"url\":\"https:\\\/\\\/www.entreculturas.org\\\/en\\\/noticia\\\/los-campos-para-personas-refugiadas-y-desplazadas-en-maban-gravemente-afectados-por-las\\\/\",\"name\":\"Los campos para personas refugiadas y desplazadas en Mab\u00e1n, gravemente afectados por las lluvias - Entreculturas\",\"isPartOf\":{\"@id\":\"https:\\\/\\\/www.entreculturas.org\\\/en\\\/#website\"},\"primaryImageOfPage\":{\"@id\":\"https:\\\/\\\/www.entreculturas.org\\\/en\\\/noticia\\\/los-campos-para-personas-refugiadas-y-desplazadas-en-maban-gravemente-afectados-por-las\\\/#primaryimage\"},\"image\":{\"@id\":\"https:\\\/\\\/www.entreculturas.org\\\/en\\\/noticia\\\/los-campos-para-personas-refugiadas-y-desplazadas-en-maban-gravemente-afectados-por-las\\\/#primaryimage\"},\"thumbnailUrl\":\"https:\\\/\\\/www.entreculturas.org\\\/wp-content\\\/uploads\\\/2019\\\/10\\\/jrs_maban_sudandelsur_inundaciones.jpg\",\"datePublished\":\"2019-10-31T08:29:07+00:00\",\"dateModified\":\"2024-03-19T18:56:22+00:00\",\"breadcrumb\":{\"@id\":\"https:\\\/\\\/www.entreculturas.org\\\/en\\\/noticia\\\/los-campos-para-personas-refugiadas-y-desplazadas-en-maban-gravemente-afectados-por-las\\\/#breadcrumb\"},\"inLanguage\":\"en-US\",\"potentialAction\":[{\"@type\":\"ReadAction\",\"target\":[\"https:\\\/\\\/www.entreculturas.org\\\/en\\\/noticia\\\/los-campos-para-personas-refugiadas-y-desplazadas-en-maban-gravemente-afectados-por-las\\\/\"]}]},{\"@type\":\"ImageObject\",\"inLanguage\":\"en-US\",\"@id\":\"https:\\\/\\\/www.entreculturas.org\\\/en\\\/noticia\\\/los-campos-para-personas-refugiadas-y-desplazadas-en-maban-gravemente-afectados-por-las\\\/#primaryimage\",\"url\":\"https:\\\/\\\/www.entreculturas.org\\\/wp-content\\\/uploads\\\/2019\\\/10\\\/jrs_maban_sudandelsur_inundaciones.jpg\",\"contentUrl\":\"https:\\\/\\\/www.entreculturas.org\\\/wp-content\\\/uploads\\\/2019\\\/10\\\/jrs_maban_sudandelsur_inundaciones.jpg\",\"width\":1200,\"height\":600},{\"@type\":\"BreadcrumbList\",\"@id\":\"https:\\\/\\\/www.entreculturas.org\\\/en\\\/noticia\\\/los-campos-para-personas-refugiadas-y-desplazadas-en-maban-gravemente-afectados-por-las\\\/#breadcrumb\",\"itemListElement\":[{\"@type\":\"ListItem\",\"position\":1,\"name\":\"Home\",\"item\":\"https:\\\/\\\/www.entreculturas.org\\\/en\\\/\"},{\"@type\":\"ListItem\",\"position\":2,\"name\":\"Noticias\",\"item\":\"https:\\\/\\\/www.entreculturas.org\\\/en\\\/noticias\\\/\"},{\"@type\":\"ListItem\",\"position\":3,\"name\":\"Los campos para personas refugiadas y desplazadas en Mab\u00e1n, gravemente afectados por las lluvias\"}]},{\"@type\":\"WebSite\",\"@id\":\"https:\\\/\\\/www.entreculturas.org\\\/en\\\/#website\",\"url\":\"https:\\\/\\\/www.entreculturas.org\\\/en\\\/\",\"name\":\"Entreculturas\",\"description\":\"\",\"publisher\":{\"@id\":\"https:\\\/\\\/www.entreculturas.org\\\/en\\\/#organization\"},\"alternateName\":\"Entreculturas\",\"potentialAction\":[{\"@type\":\"SearchAction\",\"target\":{\"@type\":\"EntryPoint\",\"urlTemplate\":\"https:\\\/\\\/www.entreculturas.org\\\/en\\\/?s={search_term_string}\"},\"query-input\":{\"@type\":\"PropertyValueSpecification\",\"valueRequired\":true,\"valueName\":\"search_term_string\"}}],\"inLanguage\":\"en-US\"},{\"@type\":\"Organization\",\"@id\":\"https:\\\/\\\/www.entreculturas.org\\\/en\\\/#organization\",\"name\":\"Entreculturas\",\"url\":\"https:\\\/\\\/www.entreculturas.org\\\/en\\\/\",\"logo\":{\"@type\":\"ImageObject\",\"inLanguage\":\"en-US\",\"@id\":\"https:\\\/\\\/www.entreculturas.org\\\/en\\\/#\\\/schema\\\/logo\\\/image\\\/\",\"url\":\"https:\\\/\\\/www.entreculturas.org\\\/wp-content\\\/uploads\\\/2025\\\/10\\\/ESP.svg\",\"contentUrl\":\"https:\\\/\\\/www.entreculturas.org\\\/wp-content\\\/uploads\\\/2025\\\/10\\\/ESP.svg\",\"caption\":\"Entreculturas\"},\"image\":{\"@id\":\"https:\\\/\\\/www.entreculturas.org\\\/en\\\/#\\\/schema\\\/logo\\\/image\\\/\"},\"sameAs\":[\"https:\\\/\\\/www.facebook.com\\\/entreculturas\",\"https:\\\/\\\/x.com\\\/Entreculturas\",\"https:\\\/\\\/www.instagram.com\\\/entreculturas\\\/\",\"https:\\\/\\\/www.youtube.com\\\/user\\\/entreculturasvideo\",\"https:\\\/\\\/www.linkedin.com\\\/company\\\/fundacion-entreculturas-ngdo\\\/\",\"https:\\\/\\\/www.flickr.com\\\/photos\\\/98455522@N04\\\/albums\\\/\"]}]}<\/script>\n<!-- \/ Yoast SEO Premium plugin. -->","yoast_head_json":{"title":"Los campos para personas refugiadas y desplazadas en Mab\u00e1n, gravemente afectados por las lluvias - Entreculturas","robots":{"index":"index","follow":"follow","max-snippet":"max-snippet:-1","max-image-preview":"max-image-preview:large","max-video-preview":"max-video-preview:-1"},"canonical":"https:\/\/www.entreculturas.org\/en\/noticia\/los-campos-para-personas-refugiadas-y-desplazadas-en-maban-gravemente-afectados-por-las\/","og_locale":"en_US","og_type":"article","og_title":"Los campos para personas refugiadas y desplazadas en Mab\u00e1n, gravemente afectados por las lluvias","og_description":"Las fuertes lluvias e inundaciones en Mab\u00e1n, Sud\u00e1n del Sur, que se han extendido desde mediados de octubre hasta finales de mes, han causado graves da\u00f1os a los campamentos de personas refugiadas y de desplazadas, donde el Servicio Jesuita a Refugiados (JRS) lleva a cabo su labor.","og_url":"https:\/\/www.entreculturas.org\/en\/noticia\/los-campos-para-personas-refugiadas-y-desplazadas-en-maban-gravemente-afectados-por-las\/","og_site_name":"Entreculturas","article_publisher":"https:\/\/www.facebook.com\/entreculturas","article_modified_time":"2024-03-19T18:56:22+00:00","og_image":[{"width":1200,"height":600,"url":"https:\/\/www.entreculturas.org\/wp-content\/uploads\/2019\/10\/jrs_maban_sudandelsur_inundaciones.jpg","type":"image\/jpeg"}],"twitter_card":"summary_large_image","twitter_site":"@Entreculturas","schema":{"@context":"https:\/\/schema.org","@graph":[{"@type":"WebPage","@id":"https:\/\/www.entreculturas.org\/en\/noticia\/los-campos-para-personas-refugiadas-y-desplazadas-en-maban-gravemente-afectados-por-las\/","url":"https:\/\/www.entreculturas.org\/en\/noticia\/los-campos-para-personas-refugiadas-y-desplazadas-en-maban-gravemente-afectados-por-las\/","name":"Los campos para personas refugiadas y desplazadas en Mab\u00e1n, gravemente afectados por las lluvias - Entreculturas","isPartOf":{"@id":"https:\/\/www.entreculturas.org\/en\/#website"},"primaryImageOfPage":{"@id":"https:\/\/www.entreculturas.org\/en\/noticia\/los-campos-para-personas-refugiadas-y-desplazadas-en-maban-gravemente-afectados-por-las\/#primaryimage"},"image":{"@id":"https:\/\/www.entreculturas.org\/en\/noticia\/los-campos-para-personas-refugiadas-y-desplazadas-en-maban-gravemente-afectados-por-las\/#primaryimage"},"thumbnailUrl":"https:\/\/www.entreculturas.org\/wp-content\/uploads\/2019\/10\/jrs_maban_sudandelsur_inundaciones.jpg","datePublished":"2019-10-31T08:29:07+00:00","dateModified":"2024-03-19T18:56:22+00:00","breadcrumb":{"@id":"https:\/\/www.entreculturas.org\/en\/noticia\/los-campos-para-personas-refugiadas-y-desplazadas-en-maban-gravemente-afectados-por-las\/#breadcrumb"},"inLanguage":"en-US","potentialAction":[{"@type":"ReadAction","target":["https:\/\/www.entreculturas.org\/en\/noticia\/los-campos-para-personas-refugiadas-y-desplazadas-en-maban-gravemente-afectados-por-las\/"]}]},{"@type":"ImageObject","inLanguage":"en-US","@id":"https:\/\/www.entreculturas.org\/en\/noticia\/los-campos-para-personas-refugiadas-y-desplazadas-en-maban-gravemente-afectados-por-las\/#primaryimage","url":"https:\/\/www.entreculturas.org\/wp-content\/uploads\/2019\/10\/jrs_maban_sudandelsur_inundaciones.jpg","contentUrl":"https:\/\/www.entreculturas.org\/wp-content\/uploads\/2019\/10\/jrs_maban_sudandelsur_inundaciones.jpg","width":1200,"height":600},{"@type":"BreadcrumbList","@id":"https:\/\/www.entreculturas.org\/en\/noticia\/los-campos-para-personas-refugiadas-y-desplazadas-en-maban-gravemente-afectados-por-las\/#breadcrumb","itemListElement":[{"@type":"ListItem","position":1,"name":"Home","item":"https:\/\/www.entreculturas.org\/en\/"},{"@type":"ListItem","position":2,"name":"Noticias","item":"https:\/\/www.entreculturas.org\/en\/noticias\/"},{"@type":"ListItem","position":3,"name":"Los campos para personas refugiadas y desplazadas en Mab\u00e1n, gravemente afectados por las lluvias"}]},{"@type":"WebSite","@id":"https:\/\/www.entreculturas.org\/en\/#website","url":"https:\/\/www.entreculturas.org\/en\/","name":"Entreculturas","description":"","publisher":{"@id":"https:\/\/www.entreculturas.org\/en\/#organization"},"alternateName":"Entreculturas","potentialAction":[{"@type":"SearchAction","target":{"@type":"EntryPoint","urlTemplate":"https:\/\/www.entreculturas.org\/en\/?s={search_term_string}"},"query-input":{"@type":"PropertyValueSpecification","valueRequired":true,"valueName":"search_term_string"}}],"inLanguage":"en-US"},{"@type":"Organization","@id":"https:\/\/www.entreculturas.org\/en\/#organization","name":"Entreculturas","url":"https:\/\/www.entreculturas.org\/en\/","logo":{"@type":"ImageObject","inLanguage":"en-US","@id":"https:\/\/www.entreculturas.org\/en\/#\/schema\/logo\/image\/","url":"https:\/\/www.entreculturas.org\/wp-content\/uploads\/2025\/10\/ESP.svg","contentUrl":"https:\/\/www.entreculturas.org\/wp-content\/uploads\/2025\/10\/ESP.svg","caption":"Entreculturas"},"image":{"@id":"https:\/\/www.entreculturas.org\/en\/#\/schema\/logo\/image\/"},"sameAs":["https:\/\/www.facebook.com\/entreculturas","https:\/\/x.com\/Entreculturas","https:\/\/www.instagram.com\/entreculturas\/","https:\/\/www.youtube.com\/user\/entreculturasvideo","https:\/\/www.linkedin.com\/company\/fundacion-entreculturas-ngdo\/","https:\/\/www.flickr.com\/photos\/98455522@N04\/albums\/"]}]}},"_links":{"self":[{"href":"https:\/\/www.entreculturas.org\/en\/wp-json\/wp\/v2\/noticia\/3795","targetHints":{"allow":["GET"]}}],"collection":[{"href":"https:\/\/www.entreculturas.org\/en\/wp-json\/wp\/v2\/noticia"}],"about":[{"href":"https:\/\/www.entreculturas.org\/en\/wp-json\/wp\/v2\/types\/noticia"}],"wp:featuredmedia":[{"embeddable":true,"href":"https:\/\/www.entreculturas.org\/en\/wp-json\/wp\/v2\/media\/3793"}],"wp:attachment":[{"href":"https:\/\/www.entreculturas.org\/en\/wp-json\/wp\/v2\/media?parent=3795"}],"wp:term":[{"taxonomy":"category","embeddable":true,"href":"https:\/\/www.entreculturas.org\/en\/wp-json\/wp\/v2\/categories?post=3795"},{"taxonomy":"post_tag","embeddable":true,"href":"https:\/\/www.entreculturas.org\/en\/wp-json\/wp\/v2\/tags?post=3795"},{"taxonomy":"country","embeddable":true,"href":"https:\/\/www.entreculturas.org\/en\/wp-json\/wp\/v2\/country?post=3795"},{"taxonomy":"cause","embeddable":true,"href":"https:\/\/www.entreculturas.org\/en\/wp-json\/wp\/v2\/cause?post=3795"}],"curies":[{"name":"wp","href":"https:\/\/api.w.org\/{rel}","templated":true}]}}