{"id":37944,"date":"2025-03-04T15:30:34","date_gmt":"2025-03-04T14:30:34","guid":{"rendered":"https:\/\/www.entreculturas.org\/?post_type=noticia&#038;p=37944"},"modified":"2025-03-14T11:38:27","modified_gmt":"2025-03-14T10:38:27","slug":"mujeres-en-marcha-entreculturas-congo","status":"publish","type":"noticia","link":"https:\/\/www.entreculturas.org\/en\/noticia\/mujeres-en-marcha-entreculturas-congo\/","title":{"rendered":"Mujeres en marcha: la silenciada lucha de las mujeres de RD Congo"},"content":{"rendered":"\n<p>Con motivo del 8 de marzo, <strong>D\u00eda Internacional de la Mujer<\/strong>, junto a Alboan y a trav\u00e9s de nuestra <strong>campa\u00f1a conjunta &#8220;<a href=\"https:\/\/www.mujeresenmarcha.org\/\">Mujeres en Marcha<\/a>&#8220;<\/strong>, llamamos la atenci\u00f3n sobre la lucha de las mujeres en la Rep\u00fablica Democr\u00e1tica del Congo (RDC), una realidad marcada por la violencia extrema y el desplazamiento forzado, pero tambi\u00e9n por la resistencia y la esperanza.<\/p>\n\n\n\n<p><\/p>\n\n\n\n<p>Desde hace d\u00e9cadas, RD Congo sufre un conflicto vinculado a intereses geopol\u00edticos y la explotaci\u00f3n de sus recursos minerales. En su territorio se encuentra el 80% del colt\u00e1n mundial, un mineral clave para la fabricaci\u00f3n de dispositivos electr\u00f3nicos. La regi\u00f3n de Kivu, rica en estos recursos, es el epicentro de la violencia.&nbsp;<\/p>\n\n\n\n<p><\/p>\n\n\n\n<p>La reciente toma de la ciudad de Goma y de gran parte de la provincia de Kivu por el grupo armado M23 ha agravado la situaci\u00f3n. M\u00e1s de 5.000 personas han sido asesinadas, miles han huido de sus hogares y quienes permanecen enfrentan la falta de agua, alimentos y electricidad. Las mujeres, en este contexto, son especialmente vulnerables.<\/p>\n\n\n\n<h2 class=\"wp-block-heading\" id=\"h-el-cuerpo-de-la-mujer-arma-de-guerra\"><strong>El cuerpo de la mujer, arma de guerra<\/strong><\/h2>\n\n\n\n<p><\/p>\n\n\n\n<p>En el este de RD Congo, la violencia sexual es utilizada como una estrategia de terror. Miles de mujeres y ni\u00f1as son violadas y torturadas cada a\u00f1o con el objetivo de destruir comunidades y frenar cualquier intento de resistencia. En una sociedad donde las mujeres sostienen la econom\u00eda informal, la educaci\u00f3n y el cuidado familiar, <em>\u201c<strong>los grupos armados libran la guerra sobre el cuerpo de la mujer,<\/strong> ya que intentan convencer a la poblaci\u00f3n de que se rinda. Al destruir a una mujer se desestabiliza&nbsp; la comunidad<\/em>\u201d, en palabras de Caddy Adzuba, abogada congole\u00f1a.<\/p>\n\n\n\n<p><\/p>\n\n\n\n<p>Julienne Baseke, periodista y activista local, ahonda en esa idea: \u201cl<em>as mujeres<\/em> <em>est\u00e1n en la diana, la violencia sexual es desarrollada como una estrategia militar. Hay que destruir a las mujeres para debilitar al enemigo<\/em>.\u201d<\/p>\n\n\n\n<p><\/p>\n\n\n\n<h2 class=\"wp-block-heading\" id=\"h-mujeres-en-marcha-la-lucha-por-la-dignidad\"><strong>Mujeres en marcha: la lucha por la dignidad<\/strong><\/h2>\n\n\n\n<p><\/p>\n\n\n\n<p>A pesar de la violencia, las mujeres resisten. \u201c<em>Las encontramos con coraje, con ese compromiso de poder transformar. Se dicen a ellas mismas que el dolor indescriptible que han conocido, les hace m\u00e1s fuertes y les motiva a seguir comprometi\u00e9ndose para que nuestras hijas, para que las generaciones futuras no tengan que pasar por lo mismo<\/em>\u201d afirma Baseke.<\/p>\n\n\n\n<p><\/p>\n\n\n\n<p>Por su parte, Caddy Adzuba se\u00f1ala que entre tanto horror y desesperaci\u00f3n \u201c<em>tambi\u00e9n hay mujeres que <strong>se han constituido en defensoras de los derechos<\/strong> de otras mujeres. Ellas luchan y quieren que toda la humanidad entienda su historia<\/em>\u201d.<\/p>\n\n\n\n<p>Alboan y Entreculturas acompa\u00f1an a defensoras de derechos humanos y organizaciones locales que trabajan sin descanso para proteger y empoderar a las v\u00edctimas. Su labor se centra en cuatro \u00e1reas clave:<\/p>\n\n\n\n<p><\/p>\n\n\n\n<ul class=\"wp-block-list\">\n<li>Acompa\u00f1amiento psicosocial: apoyo psicol\u00f3gico y talleres de empoderamiento.<\/li>\n\n\n\n<li>Defensa de los medios de vida: acceso a educaci\u00f3n y formaci\u00f3n para generar ingresos.<\/li>\n\n\n\n<li>Acompa\u00f1amiento psico sanitario: acceso a servicios de salud y apoyo psicol\u00f3gico.<\/li>\n\n\n\n<li>Incidencia pol\u00edtica: sensibilizaci\u00f3n a nivel local e internacional sobre la situaci\u00f3n de las mujeres.<\/li>\n<\/ul>\n\n\n\n<p><\/p>\n\n\n\n<p>Desde hace siete a\u00f1os, el programa \u201c<a href=\"https:\/\/www.mujeresenmarcha.org\/\">Mujeres en marcha<\/a>\u201d impulsa la recuperaci\u00f3n f\u00edsica y emocional de supervivientes de violencia sexual. En un pa\u00eds donde m\u00e1s de 400.000 mujeres y ni\u00f1as han sido v\u00edctimas de la violencia armada. Ahora, con motivo del D\u00eda Internacional de las Mujeres, Alboan y Entreculturas reiteran su compromiso con las mujeres congole\u00f1as y su lucha por la justicia, la dignidad y la paz.<\/p>\n\n\n\n<div class=\"wp-block-columns is-layout-flex wp-container-core-columns-is-layout-3808cf47 wp-block-columns-is-layout-flex\" style=\"margin-top:0;margin-bottom:0;padding-top:var(--wp--preset--spacing--80);padding-right:var(--wp--preset--spacing--80);padding-bottom:var(--wp--preset--spacing--80);padding-left:var(--wp--preset--spacing--80)\">\n<div class=\"wp-block-column is-layout-flow wp-block-column-is-layout-flow\" style=\"flex-basis:100%\">\n<figure class=\"wp-block-embed is-type-video is-provider-youtube wp-block-embed-youtube wp-embed-aspect-16-9 wp-has-aspect-ratio\" style=\"margin-top:0;margin-bottom:0\"><div class=\"wp-block-embed__wrapper\">\n<iframe loading=\"lazy\" title=\"8M | MUJERES EN MARCHA (2025)\" width=\"500\" height=\"281\" src=\"https:\/\/www.youtube.com\/embed\/iLWs0ZAvkA0?feature=oembed\" frameborder=\"0\" allow=\"accelerometer; autoplay; clipboard-write; encrypted-media; gyroscope; picture-in-picture; web-share\" referrerpolicy=\"strict-origin-when-cross-origin\" allowfullscreen><\/iframe>\n<\/div><\/figure>\n<\/div>\n<\/div>\n","protected":false},"excerpt":{"rendered":"<p>Con motivo del 8 de marzo, D\u00eda Internacional de la Mujer, junto a Alboan y a trav\u00e9s de nuestra campa\u00f1a conjunta &#8220;Mujeres en Marcha&#8220;, llamamos la atenci\u00f3n sobre la lucha de las mujeres en la Rep\u00fablica Democr\u00e1tica del Congo (RDC), una realidad marcada por la violencia extrema y el desplazamiento forzado, pero tambi\u00e9n por la resistencia y la esperanza. Desde hace d\u00e9cadas, RD Congo sufre un conflicto vinculado a intereses geopol\u00edticos y la explotaci\u00f3n de sus recursos minerales. En su territorio se encuentra el 80% del colt\u00e1n mundial, un mineral clave para la fabricaci\u00f3n de dispositivos electr\u00f3nicos. La regi\u00f3n de Kivu, rica en estos recursos, es el epicentro de la violencia.&nbsp; La reciente toma de la ciudad de Goma y de gran parte de la provincia de Kivu por el grupo armado M23 ha agravado la situaci\u00f3n. M\u00e1s de 5.000 personas han sido asesinadas, miles han huido de sus hogares [&hellip;]<\/p>\n","protected":false},"featured_media":37956,"template":"","meta":{"_acf_changed":false},"categories":[7],"tags":[293],"country":[318],"cause":[],"class_list":["post-37944","noticia","type-noticia","status-publish","has-post-thumbnail","hentry","category-noticia","tag-genero","country-republica-democratica-del-congo"],"acf":[],"yoast_head":"<!-- This site is optimized with the Yoast SEO Premium plugin v21.6 (Yoast SEO v27.5) - https:\/\/yoast.com\/product\/yoast-seo-premium-wordpress\/ -->\n<title>Mujeres en marcha: la silenciada lucha de la mujer en RD Congo<\/title>\n<meta name=\"description\" content=\"Con motivo del D\u00eda Internacional de las Mujeres, llamamos la atenci\u00f3n sobre la lucha de las mujeres en la Rep\u00fablica Democr\u00e1tica del Congo.\" \/>\n<meta name=\"robots\" content=\"index, follow, max-snippet:-1, max-image-preview:large, max-video-preview:-1\" \/>\n<link rel=\"canonical\" href=\"https:\/\/www.entreculturas.org\/en\/noticia\/mujeres-en-marcha-entreculturas-congo\/\" \/>\n<meta property=\"og:locale\" content=\"en_US\" \/>\n<meta property=\"og:type\" content=\"article\" \/>\n<meta property=\"og:title\" content=\"Mujeres en marcha: la silenciada lucha de las mujeres de RD Congo\" \/>\n<meta property=\"og:description\" content=\"Con motivo del D\u00eda Internacional de las Mujeres, llamamos la atenci\u00f3n sobre la lucha de las mujeres en la Rep\u00fablica Democr\u00e1tica del Congo.\" \/>\n<meta property=\"og:url\" content=\"https:\/\/www.entreculturas.org\/en\/noticia\/mujeres-en-marcha-entreculturas-congo\/\" \/>\n<meta property=\"og:site_name\" content=\"Entreculturas\" \/>\n<meta property=\"article:publisher\" content=\"https:\/\/www.facebook.com\/entreculturas\" \/>\n<meta property=\"article:modified_time\" content=\"2025-03-14T10:38:27+00:00\" \/>\n<meta property=\"og:image\" content=\"https:\/\/www.entreculturas.org\/wp-content\/uploads\/2025\/03\/\u00a9-Irene-Galera-2-1.jpg\" \/>\n\t<meta property=\"og:image:width\" content=\"1280\" \/>\n\t<meta property=\"og:image:height\" content=\"720\" \/>\n\t<meta property=\"og:image:type\" content=\"image\/jpeg\" \/>\n<meta name=\"twitter:card\" content=\"summary_large_image\" \/>\n<meta name=\"twitter:site\" content=\"@Entreculturas\" \/>\n<script type=\"application\/ld+json\" class=\"yoast-schema-graph\">{\"@context\":\"https:\\\/\\\/schema.org\",\"@graph\":[{\"@type\":\"WebPage\",\"@id\":\"https:\\\/\\\/www.entreculturas.org\\\/en\\\/noticia\\\/mujeres-en-marcha-entreculturas-congo\\\/\",\"url\":\"https:\\\/\\\/www.entreculturas.org\\\/en\\\/noticia\\\/mujeres-en-marcha-entreculturas-congo\\\/\",\"name\":\"Mujeres en marcha: la silenciada lucha de la mujer en RD Congo\",\"isPartOf\":{\"@id\":\"https:\\\/\\\/www.entreculturas.org\\\/en\\\/#website\"},\"primaryImageOfPage\":{\"@id\":\"https:\\\/\\\/www.entreculturas.org\\\/en\\\/noticia\\\/mujeres-en-marcha-entreculturas-congo\\\/#primaryimage\"},\"image\":{\"@id\":\"https:\\\/\\\/www.entreculturas.org\\\/en\\\/noticia\\\/mujeres-en-marcha-entreculturas-congo\\\/#primaryimage\"},\"thumbnailUrl\":\"https:\\\/\\\/www.entreculturas.org\\\/wp-content\\\/uploads\\\/2025\\\/03\\\/\u00a9-Irene-Galera-2-1.jpg\",\"datePublished\":\"2025-03-04T14:30:34+00:00\",\"dateModified\":\"2025-03-14T10:38:27+00:00\",\"description\":\"Con motivo del D\u00eda Internacional de las Mujeres, llamamos la atenci\u00f3n sobre la lucha de las mujeres en la Rep\u00fablica Democr\u00e1tica del Congo.\",\"breadcrumb\":{\"@id\":\"https:\\\/\\\/www.entreculturas.org\\\/en\\\/noticia\\\/mujeres-en-marcha-entreculturas-congo\\\/#breadcrumb\"},\"inLanguage\":\"en-US\",\"potentialAction\":[{\"@type\":\"ReadAction\",\"target\":[\"https:\\\/\\\/www.entreculturas.org\\\/en\\\/noticia\\\/mujeres-en-marcha-entreculturas-congo\\\/\"]}]},{\"@type\":\"ImageObject\",\"inLanguage\":\"en-US\",\"@id\":\"https:\\\/\\\/www.entreculturas.org\\\/en\\\/noticia\\\/mujeres-en-marcha-entreculturas-congo\\\/#primaryimage\",\"url\":\"https:\\\/\\\/www.entreculturas.org\\\/wp-content\\\/uploads\\\/2025\\\/03\\\/\u00a9-Irene-Galera-2-1.jpg\",\"contentUrl\":\"https:\\\/\\\/www.entreculturas.org\\\/wp-content\\\/uploads\\\/2025\\\/03\\\/\u00a9-Irene-Galera-2-1.jpg\",\"width\":1280,\"height\":720},{\"@type\":\"BreadcrumbList\",\"@id\":\"https:\\\/\\\/www.entreculturas.org\\\/en\\\/noticia\\\/mujeres-en-marcha-entreculturas-congo\\\/#breadcrumb\",\"itemListElement\":[{\"@type\":\"ListItem\",\"position\":1,\"name\":\"Home\",\"item\":\"https:\\\/\\\/www.entreculturas.org\\\/en\\\/\"},{\"@type\":\"ListItem\",\"position\":2,\"name\":\"Noticias\",\"item\":\"https:\\\/\\\/www.entreculturas.org\\\/en\\\/noticias\\\/\"},{\"@type\":\"ListItem\",\"position\":3,\"name\":\"Mujeres en marcha: la silenciada lucha de las mujeres de RD Congo\"}]},{\"@type\":\"WebSite\",\"@id\":\"https:\\\/\\\/www.entreculturas.org\\\/en\\\/#website\",\"url\":\"https:\\\/\\\/www.entreculturas.org\\\/en\\\/\",\"name\":\"Entreculturas\",\"description\":\"\",\"publisher\":{\"@id\":\"https:\\\/\\\/www.entreculturas.org\\\/en\\\/#organization\"},\"alternateName\":\"Entreculturas\",\"potentialAction\":[{\"@type\":\"SearchAction\",\"target\":{\"@type\":\"EntryPoint\",\"urlTemplate\":\"https:\\\/\\\/www.entreculturas.org\\\/en\\\/?s={search_term_string}\"},\"query-input\":{\"@type\":\"PropertyValueSpecification\",\"valueRequired\":true,\"valueName\":\"search_term_string\"}}],\"inLanguage\":\"en-US\"},{\"@type\":\"Organization\",\"@id\":\"https:\\\/\\\/www.entreculturas.org\\\/en\\\/#organization\",\"name\":\"Entreculturas\",\"url\":\"https:\\\/\\\/www.entreculturas.org\\\/en\\\/\",\"logo\":{\"@type\":\"ImageObject\",\"inLanguage\":\"en-US\",\"@id\":\"https:\\\/\\\/www.entreculturas.org\\\/en\\\/#\\\/schema\\\/logo\\\/image\\\/\",\"url\":\"https:\\\/\\\/www.entreculturas.org\\\/wp-content\\\/uploads\\\/2025\\\/10\\\/ESP.svg\",\"contentUrl\":\"https:\\\/\\\/www.entreculturas.org\\\/wp-content\\\/uploads\\\/2025\\\/10\\\/ESP.svg\",\"caption\":\"Entreculturas\"},\"image\":{\"@id\":\"https:\\\/\\\/www.entreculturas.org\\\/en\\\/#\\\/schema\\\/logo\\\/image\\\/\"},\"sameAs\":[\"https:\\\/\\\/www.facebook.com\\\/entreculturas\",\"https:\\\/\\\/x.com\\\/Entreculturas\",\"https:\\\/\\\/www.instagram.com\\\/entreculturas\\\/\",\"https:\\\/\\\/www.youtube.com\\\/user\\\/entreculturasvideo\",\"https:\\\/\\\/www.linkedin.com\\\/company\\\/fundacion-entreculturas-ngdo\\\/\",\"https:\\\/\\\/www.flickr.com\\\/photos\\\/98455522@N04\\\/albums\\\/\"]}]}<\/script>\n<!-- \/ Yoast SEO Premium plugin. -->","yoast_head_json":{"title":"Mujeres en marcha: la silenciada lucha de la mujer en RD Congo","description":"Con motivo del D\u00eda Internacional de las Mujeres, llamamos la atenci\u00f3n sobre la lucha de las mujeres en la Rep\u00fablica Democr\u00e1tica del Congo.","robots":{"index":"index","follow":"follow","max-snippet":"max-snippet:-1","max-image-preview":"max-image-preview:large","max-video-preview":"max-video-preview:-1"},"canonical":"https:\/\/www.entreculturas.org\/en\/noticia\/mujeres-en-marcha-entreculturas-congo\/","og_locale":"en_US","og_type":"article","og_title":"Mujeres en marcha: la silenciada lucha de las mujeres de RD Congo","og_description":"Con motivo del D\u00eda Internacional de las Mujeres, llamamos la atenci\u00f3n sobre la lucha de las mujeres en la Rep\u00fablica Democr\u00e1tica del Congo.","og_url":"https:\/\/www.entreculturas.org\/en\/noticia\/mujeres-en-marcha-entreculturas-congo\/","og_site_name":"Entreculturas","article_publisher":"https:\/\/www.facebook.com\/entreculturas","article_modified_time":"2025-03-14T10:38:27+00:00","og_image":[{"width":1280,"height":720,"url":"https:\/\/www.entreculturas.org\/wp-content\/uploads\/2025\/03\/\u00a9-Irene-Galera-2-1.jpg","type":"image\/jpeg"}],"twitter_card":"summary_large_image","twitter_site":"@Entreculturas","schema":{"@context":"https:\/\/schema.org","@graph":[{"@type":"WebPage","@id":"https:\/\/www.entreculturas.org\/en\/noticia\/mujeres-en-marcha-entreculturas-congo\/","url":"https:\/\/www.entreculturas.org\/en\/noticia\/mujeres-en-marcha-entreculturas-congo\/","name":"Mujeres en marcha: la silenciada lucha de la mujer en RD Congo","isPartOf":{"@id":"https:\/\/www.entreculturas.org\/en\/#website"},"primaryImageOfPage":{"@id":"https:\/\/www.entreculturas.org\/en\/noticia\/mujeres-en-marcha-entreculturas-congo\/#primaryimage"},"image":{"@id":"https:\/\/www.entreculturas.org\/en\/noticia\/mujeres-en-marcha-entreculturas-congo\/#primaryimage"},"thumbnailUrl":"https:\/\/www.entreculturas.org\/wp-content\/uploads\/2025\/03\/\u00a9-Irene-Galera-2-1.jpg","datePublished":"2025-03-04T14:30:34+00:00","dateModified":"2025-03-14T10:38:27+00:00","description":"Con motivo del D\u00eda Internacional de las Mujeres, llamamos la atenci\u00f3n sobre la lucha de las mujeres en la Rep\u00fablica Democr\u00e1tica del Congo.","breadcrumb":{"@id":"https:\/\/www.entreculturas.org\/en\/noticia\/mujeres-en-marcha-entreculturas-congo\/#breadcrumb"},"inLanguage":"en-US","potentialAction":[{"@type":"ReadAction","target":["https:\/\/www.entreculturas.org\/en\/noticia\/mujeres-en-marcha-entreculturas-congo\/"]}]},{"@type":"ImageObject","inLanguage":"en-US","@id":"https:\/\/www.entreculturas.org\/en\/noticia\/mujeres-en-marcha-entreculturas-congo\/#primaryimage","url":"https:\/\/www.entreculturas.org\/wp-content\/uploads\/2025\/03\/\u00a9-Irene-Galera-2-1.jpg","contentUrl":"https:\/\/www.entreculturas.org\/wp-content\/uploads\/2025\/03\/\u00a9-Irene-Galera-2-1.jpg","width":1280,"height":720},{"@type":"BreadcrumbList","@id":"https:\/\/www.entreculturas.org\/en\/noticia\/mujeres-en-marcha-entreculturas-congo\/#breadcrumb","itemListElement":[{"@type":"ListItem","position":1,"name":"Home","item":"https:\/\/www.entreculturas.org\/en\/"},{"@type":"ListItem","position":2,"name":"Noticias","item":"https:\/\/www.entreculturas.org\/en\/noticias\/"},{"@type":"ListItem","position":3,"name":"Mujeres en marcha: la silenciada lucha de las mujeres de RD Congo"}]},{"@type":"WebSite","@id":"https:\/\/www.entreculturas.org\/en\/#website","url":"https:\/\/www.entreculturas.org\/en\/","name":"Entreculturas","description":"","publisher":{"@id":"https:\/\/www.entreculturas.org\/en\/#organization"},"alternateName":"Entreculturas","potentialAction":[{"@type":"SearchAction","target":{"@type":"EntryPoint","urlTemplate":"https:\/\/www.entreculturas.org\/en\/?s={search_term_string}"},"query-input":{"@type":"PropertyValueSpecification","valueRequired":true,"valueName":"search_term_string"}}],"inLanguage":"en-US"},{"@type":"Organization","@id":"https:\/\/www.entreculturas.org\/en\/#organization","name":"Entreculturas","url":"https:\/\/www.entreculturas.org\/en\/","logo":{"@type":"ImageObject","inLanguage":"en-US","@id":"https:\/\/www.entreculturas.org\/en\/#\/schema\/logo\/image\/","url":"https:\/\/www.entreculturas.org\/wp-content\/uploads\/2025\/10\/ESP.svg","contentUrl":"https:\/\/www.entreculturas.org\/wp-content\/uploads\/2025\/10\/ESP.svg","caption":"Entreculturas"},"image":{"@id":"https:\/\/www.entreculturas.org\/en\/#\/schema\/logo\/image\/"},"sameAs":["https:\/\/www.facebook.com\/entreculturas","https:\/\/x.com\/Entreculturas","https:\/\/www.instagram.com\/entreculturas\/","https:\/\/www.youtube.com\/user\/entreculturasvideo","https:\/\/www.linkedin.com\/company\/fundacion-entreculturas-ngdo\/","https:\/\/www.flickr.com\/photos\/98455522@N04\/albums\/"]}]}},"_links":{"self":[{"href":"https:\/\/www.entreculturas.org\/en\/wp-json\/wp\/v2\/noticia\/37944","targetHints":{"allow":["GET"]}}],"collection":[{"href":"https:\/\/www.entreculturas.org\/en\/wp-json\/wp\/v2\/noticia"}],"about":[{"href":"https:\/\/www.entreculturas.org\/en\/wp-json\/wp\/v2\/types\/noticia"}],"wp:featuredmedia":[{"embeddable":true,"href":"https:\/\/www.entreculturas.org\/en\/wp-json\/wp\/v2\/media\/37956"}],"wp:attachment":[{"href":"https:\/\/www.entreculturas.org\/en\/wp-json\/wp\/v2\/media?parent=37944"}],"wp:term":[{"taxonomy":"category","embeddable":true,"href":"https:\/\/www.entreculturas.org\/en\/wp-json\/wp\/v2\/categories?post=37944"},{"taxonomy":"post_tag","embeddable":true,"href":"https:\/\/www.entreculturas.org\/en\/wp-json\/wp\/v2\/tags?post=37944"},{"taxonomy":"country","embeddable":true,"href":"https:\/\/www.entreculturas.org\/en\/wp-json\/wp\/v2\/country?post=37944"},{"taxonomy":"cause","embeddable":true,"href":"https:\/\/www.entreculturas.org\/en\/wp-json\/wp\/v2\/cause?post=37944"}],"curies":[{"name":"wp","href":"https:\/\/api.w.org\/{rel}","templated":true}]}}