{"id":37678,"date":"2025-02-20T13:34:23","date_gmt":"2025-02-20T12:34:23","guid":{"rendered":"https:\/\/www.entreculturas.org\/?post_type=noticia&#038;p=37678"},"modified":"2025-02-21T12:03:46","modified_gmt":"2025-02-21T11:03:46","slug":"un-llamamiento-a-la-paz-y-a-la-proteccion-de-los-civiles-en-el-este-de-la-republica-democratica-del-congo","status":"publish","type":"noticia","link":"https:\/\/www.entreculturas.org\/en\/noticia\/un-llamamiento-a-la-paz-y-a-la-proteccion-de-los-civiles-en-el-este-de-la-republica-democratica-del-congo\/","title":{"rendered":"Suscribimos junto a organizaciones hermanas de la Compa\u00f1\u00eda de Jes\u00fas a nivel internacional el siguiente comunicado ante la grave situaci\u00f3n en RDC"},"content":{"rendered":"\n<h2 class=\"wp-block-heading has-din-font-family has-large-font-size\" id=\"h-un-llamamiento-a-la-paz-y-a-la-proteccion-de-los-civiles-en-el-este-de-la-republica-democratica-del-congo\">Un llamamiento a la paz y a la protecci\u00f3n de los civiles en el este de la Rep\u00fablica Democr\u00e1tica del Congo<\/h2>\n\n\n\n<p><\/p>\n\n\n\n<p>\u00abNo toquen la Rep\u00fablica Democr\u00e1tica del Congo, no toquen el \u00c1frica. Dejen de asfixiarla, porque \u00c1frica no es una mina que explotar ni una tierra que saquear\u00bb, dijo el papa Francisco en 2023 durante su visita a la Rep\u00fablica Democr\u00e1tica del Congo (RDC), refiri\u00e9ndose a los ricos recursos que han tra\u00eddo tanto conflicto y muerte al pa\u00eds.<br><\/p>\n\n\n\n<p>La escalada de violencia en el este de la RDC ha alcanzado un punto cr\u00edtico, desplazando a miles de civiles, matando a cientos y sometiendo a las comunidades a atrocidades indescriptibles. Como obras de la Compa\u00f1\u00eda de Jes\u00fas que promueven la justicia, la dignidad humana, la reconciliaci\u00f3n y la paz, condenamos en\u00e9rgicamente la violencia y las violaciones de los derechos humanos que se est\u00e1n produciendo en la RDC.<br><\/p>\n\n\n\n<p>D\u00e9cadas de conflicto armado han privado a innumerables hombres, mujeres y ni\u00f1os de necesidades b\u00e1sicas como el acceso adecuado a alimentos, la atenci\u00f3n m\u00e9dica y la educaci\u00f3n. Los asesinatos generalizados, las violaciones, el desplazamiento forzado y la destrucci\u00f3n de escuelas y medios de vida han aumentado el riesgo de violencia sexual contra mujeres y ni\u00f1as, mientras que los ni\u00f1os a menudo son reclutados por grupos armados.<br><\/p>\n\n\n\n<p>El conflicto tiene componentes tanto internos como externos, que pueden representar una verdadera amenaza para la seguridad de los pa\u00edses vecinos.<br><\/p>\n\n\n\n<p>Llamamos al respeto por la integridad y soberan\u00eda de la RDC, y por los derechos de las personas desplazadas internamente a regresar a sus tierras ancestrales.<br><\/p>\n\n\n\n<p>Hacemos un llamamiento a la comunidad internacional, a las organizaciones humanitarias y a los Gobiernos para que aumenten su apoyo a las comunidades afectadas. Es necesario movilizar ayuda humanitaria urgente para aliviar el sufrimiento, garantizando que la asistencia llegue a los necesitados sin obst\u00e1culos.<br><\/p>\n\n\n\n<p>La ONU, junto con los organismos regionales, deben mejorar las estrategias de mantenimiento de la paz, garantizando la seguridad de las poblaciones vulnerables y facilitando al mismo tiempo la asistencia humanitaria. La protecci\u00f3n de los civiles debe seguir siendo el n\u00facleo de todas las intervenciones internacionales, con medidas proactivas para prevenir las atrocidades masivas y restablecer la estabilidad. La atenci\u00f3n debe centrarse en la reconciliaci\u00f3n a largo plazo, las reformas de la gobernanza y el establecimiento de procesos pol\u00edticos inclusivos que aborden las causas profundas de los conflictos.<br><\/p>\n\n\n\n<p>La Iglesia y otras instituciones religiosas han desempe\u00f1ado un papel fundamental en la consolidaci\u00f3n de la paz, ofreciendo espacios para la reconciliaci\u00f3n, proporcionando apoyo humanitario y amplificando las voces de los afectados por el conflicto. Hacemos un llamamiento a los l\u00edderes religiosos para que sigan solidariz\u00e1ndose con las comunidades que sufren, pidiendo justicia, sanaci\u00f3n y di\u00e1logo como pilares fundamentales de una paz sostenible.<br><\/p>\n\n\n\n<p>El papa Francisco dijo recientemente: \u00abMientras rezo por el pronto restablecimiento de la paz y la seguridad, hago un llamamiento a las autoridades locales y a la comunidad internacional para que hagan todo lo posible por resolver el conflicto a trav\u00e9s de medios pac\u00edficos\u00bb. El pueblo de la RDC ha soportado un sufrimiento inconmensurable. Es hora de tomar medidas decisivas para construir un futuro en el que todos los congole\u00f1os puedan vivir en seguridad y libertad.<\/p>\n","protected":false},"excerpt":{"rendered":"<p>Un llamamiento a la paz y a la protecci\u00f3n de los civiles en el este de la Rep\u00fablica Democr\u00e1tica del Congo \u00abNo toquen la Rep\u00fablica Democr\u00e1tica del Congo, no toquen el \u00c1frica. Dejen de asfixiarla, porque \u00c1frica no es una mina que explotar ni una tierra que saquear\u00bb, dijo el papa Francisco en 2023 durante su visita a la Rep\u00fablica Democr\u00e1tica del Congo (RDC), refiri\u00e9ndose a los ricos recursos que han tra\u00eddo tanto conflicto y muerte al pa\u00eds. La escalada de violencia en el este de la RDC ha alcanzado un punto cr\u00edtico, desplazando a miles de civiles, matando a cientos y sometiendo a las comunidades a atrocidades indescriptibles. Como obras de la Compa\u00f1\u00eda de Jes\u00fas que promueven la justicia, la dignidad humana, la reconciliaci\u00f3n y la paz, condenamos en\u00e9rgicamente la violencia y las violaciones de los derechos humanos que se est\u00e1n produciendo en la RDC. D\u00e9cadas de conflicto armado [&hellip;]<\/p>\n","protected":false},"featured_media":37680,"template":"","meta":{"_acf_changed":false},"categories":[7],"tags":[10],"country":[318],"cause":[129],"class_list":["post-37678","noticia","type-noticia","status-publish","has-post-thumbnail","hentry","category-noticia","tag-migracion-y-refugio","country-republica-democratica-del-congo","cause-migracion-y-refugio"],"acf":[],"yoast_head":"<!-- This site is optimized with the Yoast SEO Premium plugin v21.6 (Yoast SEO v27.5) - https:\/\/yoast.com\/product\/yoast-seo-premium-wordpress\/ -->\n<title>Rep\u00fablica Democr\u00e1tica del Congo, un llamamiento a la paz<\/title>\n<meta name=\"description\" content=\"La escalada de violencia en el este de la Rep\u00fablica Democr\u00e1tica del Congo ha alcanzado un punto cr\u00edtico.\" \/>\n<meta name=\"robots\" content=\"index, follow, max-snippet:-1, max-image-preview:large, max-video-preview:-1\" \/>\n<link rel=\"canonical\" href=\"https:\/\/www.entreculturas.org\/en\/noticia\/un-llamamiento-a-la-paz-y-a-la-proteccion-de-los-civiles-en-el-este-de-la-republica-democratica-del-congo\/\" \/>\n<meta property=\"og:locale\" content=\"en_US\" \/>\n<meta property=\"og:type\" content=\"article\" \/>\n<meta property=\"og:title\" content=\"Suscribimos junto a organizaciones hermanas de la Compa\u00f1\u00eda de Jes\u00fas a nivel internacional el siguiente comunicado ante la grave situaci\u00f3n en RDC\" \/>\n<meta property=\"og:description\" content=\"La escalada de violencia en el este de la Rep\u00fablica Democr\u00e1tica del Congo ha alcanzado un punto cr\u00edtico.\" \/>\n<meta property=\"og:url\" content=\"https:\/\/www.entreculturas.org\/en\/noticia\/un-llamamiento-a-la-paz-y-a-la-proteccion-de-los-civiles-en-el-este-de-la-republica-democratica-del-congo\/\" \/>\n<meta property=\"og:site_name\" content=\"Entreculturas\" \/>\n<meta property=\"article:publisher\" content=\"https:\/\/www.facebook.com\/entreculturas\" \/>\n<meta property=\"article:modified_time\" content=\"2025-02-21T11:03:46+00:00\" \/>\n<meta property=\"og:image\" content=\"https:\/\/www.entreculturas.org\/wp-content\/uploads\/2025\/02\/RDC_Nyiragongo_2021_0715_Credits-JRS.jpg\" \/>\n\t<meta property=\"og:image:width\" content=\"800\" \/>\n\t<meta property=\"og:image:height\" content=\"450\" \/>\n\t<meta property=\"og:image:type\" content=\"image\/jpeg\" \/>\n<meta name=\"twitter:card\" content=\"summary_large_image\" \/>\n<meta name=\"twitter:site\" content=\"@Entreculturas\" \/>\n<script type=\"application\/ld+json\" class=\"yoast-schema-graph\">{\"@context\":\"https:\\\/\\\/schema.org\",\"@graph\":[{\"@type\":\"WebPage\",\"@id\":\"https:\\\/\\\/www.entreculturas.org\\\/en\\\/noticia\\\/un-llamamiento-a-la-paz-y-a-la-proteccion-de-los-civiles-en-el-este-de-la-republica-democratica-del-congo\\\/\",\"url\":\"https:\\\/\\\/www.entreculturas.org\\\/en\\\/noticia\\\/un-llamamiento-a-la-paz-y-a-la-proteccion-de-los-civiles-en-el-este-de-la-republica-democratica-del-congo\\\/\",\"name\":\"Rep\u00fablica Democr\u00e1tica del Congo, un llamamiento a la paz\",\"isPartOf\":{\"@id\":\"https:\\\/\\\/www.entreculturas.org\\\/en\\\/#website\"},\"primaryImageOfPage\":{\"@id\":\"https:\\\/\\\/www.entreculturas.org\\\/en\\\/noticia\\\/un-llamamiento-a-la-paz-y-a-la-proteccion-de-los-civiles-en-el-este-de-la-republica-democratica-del-congo\\\/#primaryimage\"},\"image\":{\"@id\":\"https:\\\/\\\/www.entreculturas.org\\\/en\\\/noticia\\\/un-llamamiento-a-la-paz-y-a-la-proteccion-de-los-civiles-en-el-este-de-la-republica-democratica-del-congo\\\/#primaryimage\"},\"thumbnailUrl\":\"https:\\\/\\\/www.entreculturas.org\\\/wp-content\\\/uploads\\\/2025\\\/02\\\/RDC_Nyiragongo_2021_0715_Credits-JRS.jpg\",\"datePublished\":\"2025-02-20T12:34:23+00:00\",\"dateModified\":\"2025-02-21T11:03:46+00:00\",\"description\":\"La escalada de violencia en el este de la Rep\u00fablica Democr\u00e1tica del Congo ha alcanzado un punto cr\u00edtico.\",\"breadcrumb\":{\"@id\":\"https:\\\/\\\/www.entreculturas.org\\\/en\\\/noticia\\\/un-llamamiento-a-la-paz-y-a-la-proteccion-de-los-civiles-en-el-este-de-la-republica-democratica-del-congo\\\/#breadcrumb\"},\"inLanguage\":\"en-US\",\"potentialAction\":[{\"@type\":\"ReadAction\",\"target\":[\"https:\\\/\\\/www.entreculturas.org\\\/en\\\/noticia\\\/un-llamamiento-a-la-paz-y-a-la-proteccion-de-los-civiles-en-el-este-de-la-republica-democratica-del-congo\\\/\"]}]},{\"@type\":\"ImageObject\",\"inLanguage\":\"en-US\",\"@id\":\"https:\\\/\\\/www.entreculturas.org\\\/en\\\/noticia\\\/un-llamamiento-a-la-paz-y-a-la-proteccion-de-los-civiles-en-el-este-de-la-republica-democratica-del-congo\\\/#primaryimage\",\"url\":\"https:\\\/\\\/www.entreculturas.org\\\/wp-content\\\/uploads\\\/2025\\\/02\\\/RDC_Nyiragongo_2021_0715_Credits-JRS.jpg\",\"contentUrl\":\"https:\\\/\\\/www.entreculturas.org\\\/wp-content\\\/uploads\\\/2025\\\/02\\\/RDC_Nyiragongo_2021_0715_Credits-JRS.jpg\",\"width\":800,\"height\":450,\"caption\":\"RDC\"},{\"@type\":\"BreadcrumbList\",\"@id\":\"https:\\\/\\\/www.entreculturas.org\\\/en\\\/noticia\\\/un-llamamiento-a-la-paz-y-a-la-proteccion-de-los-civiles-en-el-este-de-la-republica-democratica-del-congo\\\/#breadcrumb\",\"itemListElement\":[{\"@type\":\"ListItem\",\"position\":1,\"name\":\"Home\",\"item\":\"https:\\\/\\\/www.entreculturas.org\\\/en\\\/\"},{\"@type\":\"ListItem\",\"position\":2,\"name\":\"Noticias\",\"item\":\"https:\\\/\\\/www.entreculturas.org\\\/en\\\/noticias\\\/\"},{\"@type\":\"ListItem\",\"position\":3,\"name\":\"Suscribimos junto a organizaciones hermanas de la Compa\u00f1\u00eda de Jes\u00fas a nivel internacional el siguiente comunicado ante la grave situaci\u00f3n en RDC\"}]},{\"@type\":\"WebSite\",\"@id\":\"https:\\\/\\\/www.entreculturas.org\\\/en\\\/#website\",\"url\":\"https:\\\/\\\/www.entreculturas.org\\\/en\\\/\",\"name\":\"Entreculturas\",\"description\":\"\",\"publisher\":{\"@id\":\"https:\\\/\\\/www.entreculturas.org\\\/en\\\/#organization\"},\"alternateName\":\"Entreculturas\",\"potentialAction\":[{\"@type\":\"SearchAction\",\"target\":{\"@type\":\"EntryPoint\",\"urlTemplate\":\"https:\\\/\\\/www.entreculturas.org\\\/en\\\/?s={search_term_string}\"},\"query-input\":{\"@type\":\"PropertyValueSpecification\",\"valueRequired\":true,\"valueName\":\"search_term_string\"}}],\"inLanguage\":\"en-US\"},{\"@type\":\"Organization\",\"@id\":\"https:\\\/\\\/www.entreculturas.org\\\/en\\\/#organization\",\"name\":\"Entreculturas\",\"url\":\"https:\\\/\\\/www.entreculturas.org\\\/en\\\/\",\"logo\":{\"@type\":\"ImageObject\",\"inLanguage\":\"en-US\",\"@id\":\"https:\\\/\\\/www.entreculturas.org\\\/en\\\/#\\\/schema\\\/logo\\\/image\\\/\",\"url\":\"https:\\\/\\\/www.entreculturas.org\\\/wp-content\\\/uploads\\\/2025\\\/10\\\/ESP.svg\",\"contentUrl\":\"https:\\\/\\\/www.entreculturas.org\\\/wp-content\\\/uploads\\\/2025\\\/10\\\/ESP.svg\",\"caption\":\"Entreculturas\"},\"image\":{\"@id\":\"https:\\\/\\\/www.entreculturas.org\\\/en\\\/#\\\/schema\\\/logo\\\/image\\\/\"},\"sameAs\":[\"https:\\\/\\\/www.facebook.com\\\/entreculturas\",\"https:\\\/\\\/x.com\\\/Entreculturas\",\"https:\\\/\\\/www.instagram.com\\\/entreculturas\\\/\",\"https:\\\/\\\/www.youtube.com\\\/user\\\/entreculturasvideo\",\"https:\\\/\\\/www.linkedin.com\\\/company\\\/fundacion-entreculturas-ngdo\\\/\",\"https:\\\/\\\/www.flickr.com\\\/photos\\\/98455522@N04\\\/albums\\\/\"]}]}<\/script>\n<!-- \/ Yoast SEO Premium plugin. -->","yoast_head_json":{"title":"Rep\u00fablica Democr\u00e1tica del Congo, un llamamiento a la paz","description":"La escalada de violencia en el este de la Rep\u00fablica Democr\u00e1tica del Congo ha alcanzado un punto cr\u00edtico.","robots":{"index":"index","follow":"follow","max-snippet":"max-snippet:-1","max-image-preview":"max-image-preview:large","max-video-preview":"max-video-preview:-1"},"canonical":"https:\/\/www.entreculturas.org\/en\/noticia\/un-llamamiento-a-la-paz-y-a-la-proteccion-de-los-civiles-en-el-este-de-la-republica-democratica-del-congo\/","og_locale":"en_US","og_type":"article","og_title":"Suscribimos junto a organizaciones hermanas de la Compa\u00f1\u00eda de Jes\u00fas a nivel internacional el siguiente comunicado ante la grave situaci\u00f3n en RDC","og_description":"La escalada de violencia en el este de la Rep\u00fablica Democr\u00e1tica del Congo ha alcanzado un punto cr\u00edtico.","og_url":"https:\/\/www.entreculturas.org\/en\/noticia\/un-llamamiento-a-la-paz-y-a-la-proteccion-de-los-civiles-en-el-este-de-la-republica-democratica-del-congo\/","og_site_name":"Entreculturas","article_publisher":"https:\/\/www.facebook.com\/entreculturas","article_modified_time":"2025-02-21T11:03:46+00:00","og_image":[{"width":800,"height":450,"url":"https:\/\/www.entreculturas.org\/wp-content\/uploads\/2025\/02\/RDC_Nyiragongo_2021_0715_Credits-JRS.jpg","type":"image\/jpeg"}],"twitter_card":"summary_large_image","twitter_site":"@Entreculturas","schema":{"@context":"https:\/\/schema.org","@graph":[{"@type":"WebPage","@id":"https:\/\/www.entreculturas.org\/en\/noticia\/un-llamamiento-a-la-paz-y-a-la-proteccion-de-los-civiles-en-el-este-de-la-republica-democratica-del-congo\/","url":"https:\/\/www.entreculturas.org\/en\/noticia\/un-llamamiento-a-la-paz-y-a-la-proteccion-de-los-civiles-en-el-este-de-la-republica-democratica-del-congo\/","name":"Rep\u00fablica Democr\u00e1tica del Congo, un llamamiento a la paz","isPartOf":{"@id":"https:\/\/www.entreculturas.org\/en\/#website"},"primaryImageOfPage":{"@id":"https:\/\/www.entreculturas.org\/en\/noticia\/un-llamamiento-a-la-paz-y-a-la-proteccion-de-los-civiles-en-el-este-de-la-republica-democratica-del-congo\/#primaryimage"},"image":{"@id":"https:\/\/www.entreculturas.org\/en\/noticia\/un-llamamiento-a-la-paz-y-a-la-proteccion-de-los-civiles-en-el-este-de-la-republica-democratica-del-congo\/#primaryimage"},"thumbnailUrl":"https:\/\/www.entreculturas.org\/wp-content\/uploads\/2025\/02\/RDC_Nyiragongo_2021_0715_Credits-JRS.jpg","datePublished":"2025-02-20T12:34:23+00:00","dateModified":"2025-02-21T11:03:46+00:00","description":"La escalada de violencia en el este de la Rep\u00fablica Democr\u00e1tica del Congo ha alcanzado un punto cr\u00edtico.","breadcrumb":{"@id":"https:\/\/www.entreculturas.org\/en\/noticia\/un-llamamiento-a-la-paz-y-a-la-proteccion-de-los-civiles-en-el-este-de-la-republica-democratica-del-congo\/#breadcrumb"},"inLanguage":"en-US","potentialAction":[{"@type":"ReadAction","target":["https:\/\/www.entreculturas.org\/en\/noticia\/un-llamamiento-a-la-paz-y-a-la-proteccion-de-los-civiles-en-el-este-de-la-republica-democratica-del-congo\/"]}]},{"@type":"ImageObject","inLanguage":"en-US","@id":"https:\/\/www.entreculturas.org\/en\/noticia\/un-llamamiento-a-la-paz-y-a-la-proteccion-de-los-civiles-en-el-este-de-la-republica-democratica-del-congo\/#primaryimage","url":"https:\/\/www.entreculturas.org\/wp-content\/uploads\/2025\/02\/RDC_Nyiragongo_2021_0715_Credits-JRS.jpg","contentUrl":"https:\/\/www.entreculturas.org\/wp-content\/uploads\/2025\/02\/RDC_Nyiragongo_2021_0715_Credits-JRS.jpg","width":800,"height":450,"caption":"RDC"},{"@type":"BreadcrumbList","@id":"https:\/\/www.entreculturas.org\/en\/noticia\/un-llamamiento-a-la-paz-y-a-la-proteccion-de-los-civiles-en-el-este-de-la-republica-democratica-del-congo\/#breadcrumb","itemListElement":[{"@type":"ListItem","position":1,"name":"Home","item":"https:\/\/www.entreculturas.org\/en\/"},{"@type":"ListItem","position":2,"name":"Noticias","item":"https:\/\/www.entreculturas.org\/en\/noticias\/"},{"@type":"ListItem","position":3,"name":"Suscribimos junto a organizaciones hermanas de la Compa\u00f1\u00eda de Jes\u00fas a nivel internacional el siguiente comunicado ante la grave situaci\u00f3n en RDC"}]},{"@type":"WebSite","@id":"https:\/\/www.entreculturas.org\/en\/#website","url":"https:\/\/www.entreculturas.org\/en\/","name":"Entreculturas","description":"","publisher":{"@id":"https:\/\/www.entreculturas.org\/en\/#organization"},"alternateName":"Entreculturas","potentialAction":[{"@type":"SearchAction","target":{"@type":"EntryPoint","urlTemplate":"https:\/\/www.entreculturas.org\/en\/?s={search_term_string}"},"query-input":{"@type":"PropertyValueSpecification","valueRequired":true,"valueName":"search_term_string"}}],"inLanguage":"en-US"},{"@type":"Organization","@id":"https:\/\/www.entreculturas.org\/en\/#organization","name":"Entreculturas","url":"https:\/\/www.entreculturas.org\/en\/","logo":{"@type":"ImageObject","inLanguage":"en-US","@id":"https:\/\/www.entreculturas.org\/en\/#\/schema\/logo\/image\/","url":"https:\/\/www.entreculturas.org\/wp-content\/uploads\/2025\/10\/ESP.svg","contentUrl":"https:\/\/www.entreculturas.org\/wp-content\/uploads\/2025\/10\/ESP.svg","caption":"Entreculturas"},"image":{"@id":"https:\/\/www.entreculturas.org\/en\/#\/schema\/logo\/image\/"},"sameAs":["https:\/\/www.facebook.com\/entreculturas","https:\/\/x.com\/Entreculturas","https:\/\/www.instagram.com\/entreculturas\/","https:\/\/www.youtube.com\/user\/entreculturasvideo","https:\/\/www.linkedin.com\/company\/fundacion-entreculturas-ngdo\/","https:\/\/www.flickr.com\/photos\/98455522@N04\/albums\/"]}]}},"_links":{"self":[{"href":"https:\/\/www.entreculturas.org\/en\/wp-json\/wp\/v2\/noticia\/37678","targetHints":{"allow":["GET"]}}],"collection":[{"href":"https:\/\/www.entreculturas.org\/en\/wp-json\/wp\/v2\/noticia"}],"about":[{"href":"https:\/\/www.entreculturas.org\/en\/wp-json\/wp\/v2\/types\/noticia"}],"wp:featuredmedia":[{"embeddable":true,"href":"https:\/\/www.entreculturas.org\/en\/wp-json\/wp\/v2\/media\/37680"}],"wp:attachment":[{"href":"https:\/\/www.entreculturas.org\/en\/wp-json\/wp\/v2\/media?parent=37678"}],"wp:term":[{"taxonomy":"category","embeddable":true,"href":"https:\/\/www.entreculturas.org\/en\/wp-json\/wp\/v2\/categories?post=37678"},{"taxonomy":"post_tag","embeddable":true,"href":"https:\/\/www.entreculturas.org\/en\/wp-json\/wp\/v2\/tags?post=37678"},{"taxonomy":"country","embeddable":true,"href":"https:\/\/www.entreculturas.org\/en\/wp-json\/wp\/v2\/country?post=37678"},{"taxonomy":"cause","embeddable":true,"href":"https:\/\/www.entreculturas.org\/en\/wp-json\/wp\/v2\/cause?post=37678"}],"curies":[{"name":"wp","href":"https:\/\/api.w.org\/{rel}","templated":true}]}}