{"id":3766,"date":"2019-10-23T11:23:28","date_gmt":"2019-10-23T11:23:28","guid":{"rendered":"https:\/\/entreculturasi.wpenginepowered.com\/?noticias=recogiendo-historias-conociendo-el-aporte-de-fe-y-alegria-en-la-sociedad"},"modified":"2024-03-19T19:58:47","modified_gmt":"2024-03-19T18:58:47","slug":"recogiendo-historias-conociendo-el-aporte-de-fe-y-alegria-en-la-sociedad","status":"publish","type":"noticia","link":"https:\/\/www.entreculturas.org\/en\/noticia\/recogiendo-historias-conociendo-el-aporte-de-fe-y-alegria-en-la-sociedad\/","title":{"rendered":"Recogiendo historias, conociendo el aporte de Fe y Alegr\u00eda  en la sociedad"},"content":{"rendered":"<p><strong>\u201cFe y Alegr\u00eda te promueve para que desarrolles tus capacidades y despu\u00e9s aportes a la sociedad.<\/strong> Se interesa por la gente, por la condici\u00f3n que t\u00fa tienes, ellos te dan a ti para que t\u00fa puedas avanzar, a ser alguien diferente dentro de tu comunidad, sin olvidarte de los dem\u00e1s\u201d. La relaci\u00f3n de Sonia con Fe y Alegr\u00eda comenz\u00f3 hace a\u00f1os cuando decidi\u00f3 llevar a sus hijos a uno de los colegios que la organizaci\u00f3n gestiona en Rep\u00fablica Dominicana. La escuela le ofreci\u00f3 un puesto de trabajo limpiando y posteriormente recibi\u00f3 ayuda para continuar con sus estudios universitarios. Ahora Sonia est\u00e1 contratada como profesora de lengua espa\u00f1ola.<br \/>&nbsp;<\/p>\n<\/p>\n<p>Este testimonio se ha sumado a la evaluaci\u00f3n que un equipo de la Universidad de R\u00f3tterdam est\u00e1 realizando y que analiza <strong>c\u00f3mo las escuelas de Fe y Alegr\u00eda impactan a tres niveles:&nbsp;los estudiantes, las comunidades y las pol\u00edticas p\u00fablicas de los pa\u00edses. <\/strong>A finales del a\u00f1o pasado se realiz\u00f3 una prueba piloto, evaluando las escuelas de Fe y Alegr\u00eda Bolivia, comparando resultados con escuelas similares de la zona. Tras esta primera fase, en estos meses se est\u00e1 llevando a cabo el trabajo de campo en cinco pa\u00edses m\u00e1s: Colombia, Per\u00fa, Guatemala, Venezuela y Rep\u00fablica Dominicana.<\/p>\n<p>Nuestra compa\u00f1era Bel\u00e9n Rodr\u00edguez, miembro del equipo que lidera el proceso y Responsable de Evaluaci\u00f3n de Entreculturas, visit\u00f3, junto al equipo evaluador, la <strong>escuela de Atabeira<\/strong>, en el este de Rep\u00fablica Dominicana, un centro educativo <strong>inserto en un \u201cbatey\u201d <\/strong>-asentamiento de trabajadores de la ca\u00f1a de az\u00facar- con estudiantes haitianos, donde se trabaja para superar las barreras que supone el ser migrante. Tambi\u00e9n tuvo la oportunidad de visitar<strong> La Presentaci\u00f3n,<\/strong> en la zona Norte y rural del pa\u00eds, <strong>una escuela inmersa en un cacaotal<\/strong>, actualmente con graves problemas de contaminaci\u00f3n del r\u00edo que atraviesa la comunidad.<\/p>\n<p><img decoding=\"async\" alt=\"\" src=\"https:\/\/www.entreculturas.org\/wp-content\/uploads\/2019\/10\/dominicana4.jpg\" style=\"width: 400px;height: 467px;float: left\">En ambas escuelas se ha trabajado para recoger las<strong> historias de estudiantes, docentes, personas de la comunidad, antiguos alumnos y alumnas, etc<\/strong>. que ayudar\u00e1n a entender cu\u00e1l ha sido el aporte de Fe y Alegr\u00eda en la vida de las personas y de la comunidad.<\/p>\n<p>As\u00ed, se pudieron conocer historias como la de Carolina, graduada de Fe y Alegr\u00eda, que sali\u00f3 a la capital a estudiar y volvi\u00f3 a la comunidad hace seis a\u00f1os como odont\u00f3loga: <strong>\u201cquer\u00eda trabajar aqu\u00ed, en mi comunidad, porque aqu\u00ed estoy con mi gente\u201d.<\/strong> O la de Francisco, graduado en 1994 y abogado, que cuenta c\u00f3mo su profesora de la escuela, Mar\u00eda Cristina,<strong> le motiv\u00f3 para seguir estudiando.<\/strong><\/p>\n<p>Tambi\u00e9n conoci\u00f3 a Carlos, docente de ingl\u00e9s en Fe y Alegr\u00eda, que nos explicaba la importancia de entender el contexto donde est\u00e1 la escuela y de ayudar a los y las estudiantes a desenvolverse en el mundo. Carlos destacaba lo que, para \u00e9l, es <strong>el factor diferenciador de Fe y Alegr\u00eda: \u201cla preparaci\u00f3n de los j\u00f3venes es una preparaci\u00f3n para la vida. <\/strong>Es darles las competencias para enfrentarse al mundo que estamos viviendo. No nos basamos solo en un curr\u00edculum, sino que viendo las fortalezas y debilidades de cada uno, los preparamos para que puedan salir a la calle. Y si no pueden ir a la universidad, por un asunto econ\u00f3mico o lo que sea, que puedan desenvolverse en otro contexto, en otra \u00e1rea laboral, que les sirva para la vida\u201d.<\/p>\n","protected":false},"excerpt":{"rendered":"<p>Nuestra compa\u00f1era Bel\u00e9n Rodr\u00edguez, miembro del equipo de la Universidad de R\u00f3tterdam que lidera el proceso y Responsable de la Unidad de Evaluaci\u00f3n, ha visitado recientemente la escuela de Atabeira, en el este de Rep\u00fablica Dominicana, un centro educativo inserto en un \u201cbatey\u201d -asentamiento de trabajadores de la ca\u00f1a de az\u00facar- con estudiantes haitianos, donde se trabaja para superar las barreras que supone el ser migrante. Tambi\u00e9n tuvo la oportunidad de visitar La Presentaci\u00f3n, en la zona Norte y rural del pa\u00eds, una escuela inmersa en un cacaotal, actualmente con graves problemas de contaminaci\u00f3n del r\u00edo que atraviesa la comunidad.<\/p>\n","protected":false},"featured_media":3761,"template":"single-noticia","meta":{"_acf_changed":false},"categories":[7],"tags":[289],"country":[],"cause":[128],"class_list":["post-3766","noticia","type-noticia","status-publish","has-post-thumbnail","hentry","category-noticia","tag-educacion","cause-educacion"],"acf":[],"yoast_head":"<!-- This site is optimized with the Yoast SEO Premium plugin v21.6 (Yoast SEO v27.5) - https:\/\/yoast.com\/product\/yoast-seo-premium-wordpress\/ -->\n<title>Recogiendo historias, conociendo el aporte de Fe y Alegr\u00eda en la sociedad - Entreculturas<\/title>\n<meta name=\"robots\" content=\"index, follow, max-snippet:-1, max-image-preview:large, max-video-preview:-1\" \/>\n<link rel=\"canonical\" href=\"https:\/\/www.entreculturas.org\/en\/noticia\/recogiendo-historias-conociendo-el-aporte-de-fe-y-alegria-en-la-sociedad\/\" \/>\n<meta property=\"og:locale\" content=\"en_US\" \/>\n<meta property=\"og:type\" content=\"article\" \/>\n<meta property=\"og:title\" content=\"Recogiendo historias, conociendo el aporte de Fe y Alegr\u00eda en la sociedad\" \/>\n<meta property=\"og:description\" content=\"Nuestra compa\u00f1era Bel\u00e9n Rodr\u00edguez, miembro del equipo de la Universidad de R\u00f3tterdam que lidera el proceso y Responsable de la Unidad de Evaluaci\u00f3n, ha visitado recientemente la escuela de Atabeira, en el este de Rep\u00fablica Dominicana, un centro educativo inserto en un \u201cbatey\u201d -asentamiento de trabajadores de la ca\u00f1a de az\u00facar- con estudiantes haitianos, donde se trabaja para superar las barreras que supone el ser migrante. Tambi\u00e9n tuvo la oportunidad de visitar La Presentaci\u00f3n, en la zona Norte y rural del pa\u00eds, una escuela inmersa en un cacaotal, actualmente con graves problemas de contaminaci\u00f3n del r\u00edo que atraviesa la comunidad.\" \/>\n<meta property=\"og:url\" content=\"https:\/\/www.entreculturas.org\/en\/noticia\/recogiendo-historias-conociendo-el-aporte-de-fe-y-alegria-en-la-sociedad\/\" \/>\n<meta property=\"og:site_name\" content=\"Entreculturas\" \/>\n<meta property=\"article:publisher\" content=\"https:\/\/www.facebook.com\/entreculturas\" \/>\n<meta property=\"article:modified_time\" content=\"2024-03-19T18:58:47+00:00\" \/>\n<meta property=\"og:image\" content=\"https:\/\/www.entreculturas.org\/wp-content\/uploads\/2019\/10\/dominicana-1.jpg\" \/>\n\t<meta property=\"og:image:width\" content=\"1200\" \/>\n\t<meta property=\"og:image:height\" content=\"800\" \/>\n\t<meta property=\"og:image:type\" content=\"image\/jpeg\" \/>\n<meta name=\"twitter:card\" content=\"summary_large_image\" \/>\n<meta name=\"twitter:site\" content=\"@Entreculturas\" \/>\n<script type=\"application\/ld+json\" class=\"yoast-schema-graph\">{\"@context\":\"https:\\\/\\\/schema.org\",\"@graph\":[{\"@type\":\"WebPage\",\"@id\":\"https:\\\/\\\/www.entreculturas.org\\\/en\\\/noticia\\\/recogiendo-historias-conociendo-el-aporte-de-fe-y-alegria-en-la-sociedad\\\/\",\"url\":\"https:\\\/\\\/www.entreculturas.org\\\/en\\\/noticia\\\/recogiendo-historias-conociendo-el-aporte-de-fe-y-alegria-en-la-sociedad\\\/\",\"name\":\"Recogiendo historias, conociendo el aporte de Fe y Alegr\u00eda en la sociedad - Entreculturas\",\"isPartOf\":{\"@id\":\"https:\\\/\\\/www.entreculturas.org\\\/en\\\/#website\"},\"primaryImageOfPage\":{\"@id\":\"https:\\\/\\\/www.entreculturas.org\\\/en\\\/noticia\\\/recogiendo-historias-conociendo-el-aporte-de-fe-y-alegria-en-la-sociedad\\\/#primaryimage\"},\"image\":{\"@id\":\"https:\\\/\\\/www.entreculturas.org\\\/en\\\/noticia\\\/recogiendo-historias-conociendo-el-aporte-de-fe-y-alegria-en-la-sociedad\\\/#primaryimage\"},\"thumbnailUrl\":\"https:\\\/\\\/www.entreculturas.org\\\/wp-content\\\/uploads\\\/2019\\\/10\\\/dominicana-1.jpg\",\"datePublished\":\"2019-10-23T11:23:28+00:00\",\"dateModified\":\"2024-03-19T18:58:47+00:00\",\"breadcrumb\":{\"@id\":\"https:\\\/\\\/www.entreculturas.org\\\/en\\\/noticia\\\/recogiendo-historias-conociendo-el-aporte-de-fe-y-alegria-en-la-sociedad\\\/#breadcrumb\"},\"inLanguage\":\"en-US\",\"potentialAction\":[{\"@type\":\"ReadAction\",\"target\":[\"https:\\\/\\\/www.entreculturas.org\\\/en\\\/noticia\\\/recogiendo-historias-conociendo-el-aporte-de-fe-y-alegria-en-la-sociedad\\\/\"]}]},{\"@type\":\"ImageObject\",\"inLanguage\":\"en-US\",\"@id\":\"https:\\\/\\\/www.entreculturas.org\\\/en\\\/noticia\\\/recogiendo-historias-conociendo-el-aporte-de-fe-y-alegria-en-la-sociedad\\\/#primaryimage\",\"url\":\"https:\\\/\\\/www.entreculturas.org\\\/wp-content\\\/uploads\\\/2019\\\/10\\\/dominicana-1.jpg\",\"contentUrl\":\"https:\\\/\\\/www.entreculturas.org\\\/wp-content\\\/uploads\\\/2019\\\/10\\\/dominicana-1.jpg\",\"width\":1200,\"height\":800},{\"@type\":\"BreadcrumbList\",\"@id\":\"https:\\\/\\\/www.entreculturas.org\\\/en\\\/noticia\\\/recogiendo-historias-conociendo-el-aporte-de-fe-y-alegria-en-la-sociedad\\\/#breadcrumb\",\"itemListElement\":[{\"@type\":\"ListItem\",\"position\":1,\"name\":\"Home\",\"item\":\"https:\\\/\\\/www.entreculturas.org\\\/en\\\/\"},{\"@type\":\"ListItem\",\"position\":2,\"name\":\"Noticias\",\"item\":\"https:\\\/\\\/www.entreculturas.org\\\/en\\\/noticias\\\/\"},{\"@type\":\"ListItem\",\"position\":3,\"name\":\"Recogiendo historias, conociendo el aporte de Fe y Alegr\u00eda en la sociedad\"}]},{\"@type\":\"WebSite\",\"@id\":\"https:\\\/\\\/www.entreculturas.org\\\/en\\\/#website\",\"url\":\"https:\\\/\\\/www.entreculturas.org\\\/en\\\/\",\"name\":\"Entreculturas\",\"description\":\"\",\"publisher\":{\"@id\":\"https:\\\/\\\/www.entreculturas.org\\\/en\\\/#organization\"},\"alternateName\":\"Entreculturas\",\"potentialAction\":[{\"@type\":\"SearchAction\",\"target\":{\"@type\":\"EntryPoint\",\"urlTemplate\":\"https:\\\/\\\/www.entreculturas.org\\\/en\\\/?s={search_term_string}\"},\"query-input\":{\"@type\":\"PropertyValueSpecification\",\"valueRequired\":true,\"valueName\":\"search_term_string\"}}],\"inLanguage\":\"en-US\"},{\"@type\":\"Organization\",\"@id\":\"https:\\\/\\\/www.entreculturas.org\\\/en\\\/#organization\",\"name\":\"Entreculturas\",\"url\":\"https:\\\/\\\/www.entreculturas.org\\\/en\\\/\",\"logo\":{\"@type\":\"ImageObject\",\"inLanguage\":\"en-US\",\"@id\":\"https:\\\/\\\/www.entreculturas.org\\\/en\\\/#\\\/schema\\\/logo\\\/image\\\/\",\"url\":\"https:\\\/\\\/www.entreculturas.org\\\/wp-content\\\/uploads\\\/2025\\\/10\\\/ESP.svg\",\"contentUrl\":\"https:\\\/\\\/www.entreculturas.org\\\/wp-content\\\/uploads\\\/2025\\\/10\\\/ESP.svg\",\"caption\":\"Entreculturas\"},\"image\":{\"@id\":\"https:\\\/\\\/www.entreculturas.org\\\/en\\\/#\\\/schema\\\/logo\\\/image\\\/\"},\"sameAs\":[\"https:\\\/\\\/www.facebook.com\\\/entreculturas\",\"https:\\\/\\\/x.com\\\/Entreculturas\",\"https:\\\/\\\/www.instagram.com\\\/entreculturas\\\/\",\"https:\\\/\\\/www.youtube.com\\\/user\\\/entreculturasvideo\",\"https:\\\/\\\/www.linkedin.com\\\/company\\\/fundacion-entreculturas-ngdo\\\/\",\"https:\\\/\\\/www.flickr.com\\\/photos\\\/98455522@N04\\\/albums\\\/\"]}]}<\/script>\n<!-- \/ Yoast SEO Premium plugin. -->","yoast_head_json":{"title":"Recogiendo historias, conociendo el aporte de Fe y Alegr\u00eda en la sociedad - Entreculturas","robots":{"index":"index","follow":"follow","max-snippet":"max-snippet:-1","max-image-preview":"max-image-preview:large","max-video-preview":"max-video-preview:-1"},"canonical":"https:\/\/www.entreculturas.org\/en\/noticia\/recogiendo-historias-conociendo-el-aporte-de-fe-y-alegria-en-la-sociedad\/","og_locale":"en_US","og_type":"article","og_title":"Recogiendo historias, conociendo el aporte de Fe y Alegr\u00eda en la sociedad","og_description":"Nuestra compa\u00f1era Bel\u00e9n Rodr\u00edguez, miembro del equipo de la Universidad de R\u00f3tterdam que lidera el proceso y Responsable de la Unidad de Evaluaci\u00f3n, ha visitado recientemente la escuela de Atabeira, en el este de Rep\u00fablica Dominicana, un centro educativo inserto en un \u201cbatey\u201d -asentamiento de trabajadores de la ca\u00f1a de az\u00facar- con estudiantes haitianos, donde se trabaja para superar las barreras que supone el ser migrante. Tambi\u00e9n tuvo la oportunidad de visitar La Presentaci\u00f3n, en la zona Norte y rural del pa\u00eds, una escuela inmersa en un cacaotal, actualmente con graves problemas de contaminaci\u00f3n del r\u00edo que atraviesa la comunidad.","og_url":"https:\/\/www.entreculturas.org\/en\/noticia\/recogiendo-historias-conociendo-el-aporte-de-fe-y-alegria-en-la-sociedad\/","og_site_name":"Entreculturas","article_publisher":"https:\/\/www.facebook.com\/entreculturas","article_modified_time":"2024-03-19T18:58:47+00:00","og_image":[{"width":1200,"height":800,"url":"https:\/\/www.entreculturas.org\/wp-content\/uploads\/2019\/10\/dominicana-1.jpg","type":"image\/jpeg"}],"twitter_card":"summary_large_image","twitter_site":"@Entreculturas","schema":{"@context":"https:\/\/schema.org","@graph":[{"@type":"WebPage","@id":"https:\/\/www.entreculturas.org\/en\/noticia\/recogiendo-historias-conociendo-el-aporte-de-fe-y-alegria-en-la-sociedad\/","url":"https:\/\/www.entreculturas.org\/en\/noticia\/recogiendo-historias-conociendo-el-aporte-de-fe-y-alegria-en-la-sociedad\/","name":"Recogiendo historias, conociendo el aporte de Fe y Alegr\u00eda en la sociedad - Entreculturas","isPartOf":{"@id":"https:\/\/www.entreculturas.org\/en\/#website"},"primaryImageOfPage":{"@id":"https:\/\/www.entreculturas.org\/en\/noticia\/recogiendo-historias-conociendo-el-aporte-de-fe-y-alegria-en-la-sociedad\/#primaryimage"},"image":{"@id":"https:\/\/www.entreculturas.org\/en\/noticia\/recogiendo-historias-conociendo-el-aporte-de-fe-y-alegria-en-la-sociedad\/#primaryimage"},"thumbnailUrl":"https:\/\/www.entreculturas.org\/wp-content\/uploads\/2019\/10\/dominicana-1.jpg","datePublished":"2019-10-23T11:23:28+00:00","dateModified":"2024-03-19T18:58:47+00:00","breadcrumb":{"@id":"https:\/\/www.entreculturas.org\/en\/noticia\/recogiendo-historias-conociendo-el-aporte-de-fe-y-alegria-en-la-sociedad\/#breadcrumb"},"inLanguage":"en-US","potentialAction":[{"@type":"ReadAction","target":["https:\/\/www.entreculturas.org\/en\/noticia\/recogiendo-historias-conociendo-el-aporte-de-fe-y-alegria-en-la-sociedad\/"]}]},{"@type":"ImageObject","inLanguage":"en-US","@id":"https:\/\/www.entreculturas.org\/en\/noticia\/recogiendo-historias-conociendo-el-aporte-de-fe-y-alegria-en-la-sociedad\/#primaryimage","url":"https:\/\/www.entreculturas.org\/wp-content\/uploads\/2019\/10\/dominicana-1.jpg","contentUrl":"https:\/\/www.entreculturas.org\/wp-content\/uploads\/2019\/10\/dominicana-1.jpg","width":1200,"height":800},{"@type":"BreadcrumbList","@id":"https:\/\/www.entreculturas.org\/en\/noticia\/recogiendo-historias-conociendo-el-aporte-de-fe-y-alegria-en-la-sociedad\/#breadcrumb","itemListElement":[{"@type":"ListItem","position":1,"name":"Home","item":"https:\/\/www.entreculturas.org\/en\/"},{"@type":"ListItem","position":2,"name":"Noticias","item":"https:\/\/www.entreculturas.org\/en\/noticias\/"},{"@type":"ListItem","position":3,"name":"Recogiendo historias, conociendo el aporte de Fe y Alegr\u00eda en la sociedad"}]},{"@type":"WebSite","@id":"https:\/\/www.entreculturas.org\/en\/#website","url":"https:\/\/www.entreculturas.org\/en\/","name":"Entreculturas","description":"","publisher":{"@id":"https:\/\/www.entreculturas.org\/en\/#organization"},"alternateName":"Entreculturas","potentialAction":[{"@type":"SearchAction","target":{"@type":"EntryPoint","urlTemplate":"https:\/\/www.entreculturas.org\/en\/?s={search_term_string}"},"query-input":{"@type":"PropertyValueSpecification","valueRequired":true,"valueName":"search_term_string"}}],"inLanguage":"en-US"},{"@type":"Organization","@id":"https:\/\/www.entreculturas.org\/en\/#organization","name":"Entreculturas","url":"https:\/\/www.entreculturas.org\/en\/","logo":{"@type":"ImageObject","inLanguage":"en-US","@id":"https:\/\/www.entreculturas.org\/en\/#\/schema\/logo\/image\/","url":"https:\/\/www.entreculturas.org\/wp-content\/uploads\/2025\/10\/ESP.svg","contentUrl":"https:\/\/www.entreculturas.org\/wp-content\/uploads\/2025\/10\/ESP.svg","caption":"Entreculturas"},"image":{"@id":"https:\/\/www.entreculturas.org\/en\/#\/schema\/logo\/image\/"},"sameAs":["https:\/\/www.facebook.com\/entreculturas","https:\/\/x.com\/Entreculturas","https:\/\/www.instagram.com\/entreculturas\/","https:\/\/www.youtube.com\/user\/entreculturasvideo","https:\/\/www.linkedin.com\/company\/fundacion-entreculturas-ngdo\/","https:\/\/www.flickr.com\/photos\/98455522@N04\/albums\/"]}]}},"_links":{"self":[{"href":"https:\/\/www.entreculturas.org\/en\/wp-json\/wp\/v2\/noticia\/3766","targetHints":{"allow":["GET"]}}],"collection":[{"href":"https:\/\/www.entreculturas.org\/en\/wp-json\/wp\/v2\/noticia"}],"about":[{"href":"https:\/\/www.entreculturas.org\/en\/wp-json\/wp\/v2\/types\/noticia"}],"wp:featuredmedia":[{"embeddable":true,"href":"https:\/\/www.entreculturas.org\/en\/wp-json\/wp\/v2\/media\/3761"}],"wp:attachment":[{"href":"https:\/\/www.entreculturas.org\/en\/wp-json\/wp\/v2\/media?parent=3766"}],"wp:term":[{"taxonomy":"category","embeddable":true,"href":"https:\/\/www.entreculturas.org\/en\/wp-json\/wp\/v2\/categories?post=3766"},{"taxonomy":"post_tag","embeddable":true,"href":"https:\/\/www.entreculturas.org\/en\/wp-json\/wp\/v2\/tags?post=3766"},{"taxonomy":"country","embeddable":true,"href":"https:\/\/www.entreculturas.org\/en\/wp-json\/wp\/v2\/country?post=3766"},{"taxonomy":"cause","embeddable":true,"href":"https:\/\/www.entreculturas.org\/en\/wp-json\/wp\/v2\/cause?post=3766"}],"curies":[{"name":"wp","href":"https:\/\/api.w.org\/{rel}","templated":true}]}}