{"id":3668,"date":"2019-09-25T15:04:29","date_gmt":"2019-09-25T15:04:29","guid":{"rendered":"https:\/\/entreculturasi.wpenginepowered.com\/?noticias=vuelta-al-cole-para-la-agenda-sostenible-y-las-movilizaciones-por-el-clima"},"modified":"2024-03-20T10:42:14","modified_gmt":"2024-03-20T09:42:14","slug":"vuelta-al-cole-para-la-agenda-sostenible-y-las-movilizaciones-por-el-clima","status":"publish","type":"noticia","link":"https:\/\/www.entreculturas.org\/en\/noticia\/vuelta-al-cole-para-la-agenda-sostenible-y-las-movilizaciones-por-el-clima\/","title":{"rendered":"Vuelta al cole para la Agenda sostenible y las movilizaciones por el clima"},"content":{"rendered":"<p>Septiembre es un mes de vuelta al cole tambi\u00e9n para los representantes pol\u00edticos mundiales que tienen estas semanas el deber de rendir cuentas sobre su acci\u00f3n en torno a los retos que apunta la Agenda 2030. L<strong>a Asamblea General de Naciones Unidas tendr\u00e1 lugar la semana del 20 al 27 de septiembre<\/strong> y el calendario de citas relevantes est\u00e1 a rebosar: la Cumbre de Acci\u00f3n Clim\u00e1tica y la Reuni\u00f3n de Alto Nivel sobre Cobertura Universal de Salud el 23 de septiembre; el Foro de Alto Nivel sobre los Objetivos de Desarrollo Sostenible (ODS) los d\u00edas 24 y 25 de septiembre; y el Di\u00e1logo de Alto Nivel sobre Financiaci\u00f3n para el Desarrollo (FfD) el 26 de septiembre.<\/p>\n<p>Paralelamente a las cuatros cumbres de la semana de alto nivel en la sede de la ONU, se van a suceder diversas <strong>reuniones de sociedad civil global<\/strong>: la Cumbre de la Juventud sobre el Clima tendr\u00e1 lugar el 21 de septiembre y el Foro de ODS de la Sociedad Civil el 24 de septiembre. Tambi\u00e9n se llevar\u00e1n a cabo fuera de la sede de la ONU en Nueva York varias iniciativas de la sociedad civil, incluida la huelga clim\u00e1tica de j\u00f3venes el 17 de septiembre, la huelga clim\u00e1tica global el 27 de septiembre y la Asamblea Popular el 24 y 25 de septiembre.<\/p>\n<\/p>\n<p><span style=\"color:#ff0102\"><strong>Agenda 2030: una oportunidad transformadora de acci\u00f3n pol\u00edtica para las personas y el planeta<\/strong><\/span><br \/>El Foro de Alto Nivel sobre los ODS comprender\u00e1 una sesi\u00f3n de apertura, dos sesiones plenarias, seis di\u00e1logos de alto nivel entre dirigentes y una sesi\u00f3n de clausura. La sesi\u00f3n de apertura el martes 24 de septiembre, se centrar\u00e1 en el tema <strong>\u201cDefinici\u00f3n del contexto y balance de la situaci\u00f3n relativa al cumplimiento de los ODS: avances, dificultades y medidas futuras\u201d<\/strong> y en ella, el Presidente de la Asamblea General, el Secretario General y la Presidenta del Consejo Econ\u00f3mico y Social formular\u00e1n declaraciones, las copresidencias del grupo de cient\u00edficos independientes presentar\u00e1n el informe mundial sobre el desarrollo sostenible y una representaci\u00f3n de la sociedad civil formular\u00e1 una declaraci\u00f3n.&nbsp;<\/p>\n<p>De acuerdo con la agenda de Naciones Unidas, la intervenci\u00f3n del Presidente en funciones, Pedro S\u00e1nchez, tendr\u00e1 lugar el d\u00eda 27 de septiembre y desde Entreculturas, hacemos un firme llamado a que la suya sea una <strong>apuesta valiente por la consecuci\u00f3n de la Agenda 2030 que se vea reflejada en presupuestos y partidas destinadas verdaderamente enfocadas a no dejar a nadie atr\u00e1s<\/strong>. Esto incluye su papel internacional como pa\u00eds donante de Ayuda Oficial al Desarrollo (AOD) desde la l\u00f3gica de la responsabilidad compartida que imprime la Agenda de los ODS.&nbsp;<\/p>\n<p>El Informe de Progreso que ha presentado el Gobierno es insuficiente y carece de asignaciones presupuestarias concretas destinadas a cumplir las metas de los ODS, adem\u00e1s de obviar la inclusi\u00f3n de su responsabilidad de cumplir el ODS 4 m\u00e1s all\u00e1 de sus propios l\u00edmites territoriales. Su compromiso con el ODS 4 &#8211;&nbsp; Garantizar una educaci\u00f3n inclusiva, equitativa y de calidad- tambi\u00e9n pasa por destinar el 8% de la AOD a educaci\u00f3n b\u00e1sica as\u00ed como destinar el 10% de AOD a Acci\u00f3n Humanitaria y un 4% a educaci\u00f3n en emergencias.<\/p>\n<p><span style=\"color:#ff0102\"><strong>25 de septiembre, Foro de Alto Nivel sobre ODS<\/strong><\/span><br \/>Con motivo de la celebraci\u00f3n del Foro de Alto Nivel sobre los Objetivos de Desarrollo Sostenible (ODS) en la semana de la Asamblea de Naciones Unidas nos adherimos y participamos (como parte del Futuro en Com\u00fan &#8211; CONGDE) de la movilizaci\u00f3n global&nbsp; #StandTogetherNow para reivindicar como parte de una ciudadan\u00eda global mundial que conformamos y mediante un manifiesto com\u00fan en torno a tres ejes: <strong>Desigualdades, Clima y Democracia y Derechos Humanos.<\/strong><\/p>\n<p>*La acci\u00f3n online en redes est\u00e1 coordinada a nivel global por Action for the SDGs (A4SD). <a href=\"https:\/\/www.entreculturas.org\/sites\/default\/files\/documents\/Rendicion-de-Cuentas\/En%20pie%20unidas%20por%20un%20mundo%20m%c3%a1s%20junto,%20pac%c3%adfico%20y%20sostenible%20copia.pdf\" target=\"_blank\" rel=\"noopener\">Lee el manifiesto #StandTogetherNow.&nbsp;<\/a><\/p>\n<p><span style=\"color:#ff0102\"><strong>El planeta no entiende de fronteras<\/strong><\/span><br \/>La implementaci\u00f3n de la Agenda 2030 obliga a superar la concepci\u00f3n de que los Estados funcionan como l\u00edmites y contenedores de las respuestas a los retos globales del desarrollo sostenible.<\/p>\n<p>En el mundo actual, intensamente globalizado, <strong>las interdependencias que se dan en el terreno ambiental son, si cabe, las mayores<\/strong>. Cuando los productos que consumimos son importados, el impacto ambiental se produce tanto en el pa\u00eds de consumo como en el de producci\u00f3n, as\u00ed como a lo largo de las rutas de transporte. Las emisiones de gases de efecto invernadero que se producen en un pa\u00eds se incorporan a la atm\u00f3sfera, que es com\u00fan para todo el planeta. Estos dos sencillos ejemplos muestran c\u00f3mo<strong> los impactos locales y globales son dos caras de la misma moneda<\/strong> <strong>y que nuestro modelo de desarrollo puede beneficiar pero tambi\u00e9n perjudicar a los pa\u00edses m\u00e1s empobrecidos<\/strong>, por lo que adquiere una nueva dimensi\u00f3n de cooperaci\u00f3n internacional. La Amazon\u00eda ardiendo durante estos meses es una alerta m\u00e1s de la necesidad de protecci\u00f3n de la vida y la biodiversidad para la sostenibilidad de la vida y del planeta.<\/p>\n<p>Cualquiera de los asuntos ambientales incluidos en la Agenda 2030 \u2013desde el cambio clim\u00e1tico a la p\u00e9rdida de biodiversidad\u2013 tienen una dimensi\u00f3n planetaria y son imposibles de afrontar desde una l\u00f3gica exclusivamente estatal. Esta interdependencia no es, sin embargo, particular de las problem\u00e1ticas ambientales. A d\u00eda de hoy, cuestiones relativas a los mercados financieros, el acceso a bienes y servicios esenciales o la extensi\u00f3n de derechos y libertades han alcanzado una dimensi\u00f3n planetaria. Al mismo tiempo, muchas pol\u00edticas dise\u00f1adas y acordadas en foros internacionales \u2013como las comerciales o de inversi\u00f3n\u2013 han ido reduciendo el espacio pol\u00edtico que los Estados y entidades subnacionales tienen para elaborar e implementar pol\u00edticas orientadas a la sostenibilidad y a la promoci\u00f3n del bien com\u00fan.<\/p>\n<p>Si los estados aspiran a poder dar una respuesta a los principales retos del desarrollo deben dotarse de mecanismos de <strong>gobernanza global<\/strong>. Deben hacerlo, adem\u00e1s, aplicando el enfoque de coherencia de pol\u00edticas, que obliga a considerar el impacto sobre el desarrollo de todas las pol\u00edticas p\u00fablicas de una determinada administraci\u00f3n, evitando los impactos negativos y promoviendo las posibles sinergias entre pol\u00edticas. S\u00f3lo as\u00ed podr\u00e1n garantizar que todas las pol\u00edticas, desde las municipales a las globales, y en todos los sectores pol\u00edticos est\u00e9n orientadas \u2013o al menos sean compatibles\u2013 con la consecuci\u00f3n de un planeta m\u00e1s justo y sostenible.<\/p>\n<p>Los ODS son medibles, por tanto, evaluables y pensados para ser alcanzables por lo que representan una oportunidad crucial para que Espa\u00f1a recupere su papel en el mundo, pero sobre la que nos encaminamos ya a contrarreloj. El momento de la rendici\u00f3n de cuentas ha llegado y <strong>la sociedad civil espa\u00f1ola estaremos vigilando porque sabemos que \u00e9sta es una oportunidad con un enorme potencial impacto positivo que sirva para poner los derechos de las personas y el cuidado del planeta en el centro de la acci\u00f3n pol\u00edtica.<\/strong><br \/>&nbsp;<\/p>\n<p><img decoding=\"async\" alt=\"\" src=\"https:\/\/www.entreculturas.org\/wp-content\/uploads\/2019\/09\/accion-clima.jpg\" style=\"width: 537px;height: 263px\"><\/p>\n<p>&nbsp;<\/p>\n<p><span style=\"color:#ff0102\"><strong>23 de septiembre, Cumbre del Clima en la ONU<\/strong><\/span><br \/>El 23 de septiembre es otra fecha para apuntar en el calendario, porque ese d\u00eda tiene lugar la<strong> Cumbre sobre la Acci\u00f3n Clim\u00e1tica en la ONU<\/strong>. En este encuentro, nuestra clase pol\u00edtica debe ponerse en pie y plantear sus planes de acci\u00f3n clim\u00e1tica alineados con las recomendaciones cient\u00edficas y el acuerdo con el Acuerdo de Par\u00eds.<\/p>\n<p><strong><span style=\"color:#ff0102\">27 de septiembre, Huelga Mundial por el Clima<\/span><\/strong><br \/>La semana culmina con la Huelga Mundial por el Clima. Es la primera huelga en la que gran parte de la sociedad se une a la juventud de<strong> Fridays For Future<\/strong>. Adem\u00e1s de este movimiento, todas las ONG ecologistas, los principales sindicatos, Extintion Rebellion, diversas organizaciones de cooperaci\u00f3n nos sumamos a esta cita en lo que ser\u00e1 seguramente un nuevo r\u00e9cord de millones de personas en la calle pidiendo lo mismo: actuar ya. \u00bfTe lo vas a perder?<\/p>\n<p>*La Huelga Mundial por el Clima est\u00e1 convocada por FridaysForFuture, Alianza por el clima, 2020 Rebeli\u00f3n por el clima y Alianza por la Emergencia Clim\u00e1tica.&nbsp;<\/p>\n","protected":false},"excerpt":{"rendered":"<p>Septiembre es un mes de vuelta al cole tambi\u00e9n para los representantes pol\u00edticos mundiales que tienen estas semanas el deber de rendir cuentas sobre su acci\u00f3n en torno a los retos que apunta la Agenda 2030. La Asamblea General de Naciones Unidas tendr\u00e1 lugar la semana del 20 al 27 de septiembre y el calendario de citas relevantes est\u00e1 a rebosar.<\/p>\n","protected":false},"featured_media":3659,"template":"single-noticia","meta":{"_acf_changed":false},"categories":[7],"tags":[256],"country":[],"cause":[131],"class_list":["post-3668","noticia","type-noticia","status-publish","has-post-thumbnail","hentry","category-noticia","tag-justicia-socioambiental","cause-justicia-medioambiental"],"acf":[],"yoast_head":"<!-- This site is optimized with the Yoast SEO Premium plugin v21.6 (Yoast SEO v27.5) - https:\/\/yoast.com\/product\/yoast-seo-premium-wordpress\/ -->\n<title>Vuelta al cole para la Agenda sostenible y las movilizaciones por el clima - Entreculturas<\/title>\n<meta name=\"robots\" content=\"index, follow, max-snippet:-1, max-image-preview:large, max-video-preview:-1\" \/>\n<link rel=\"canonical\" href=\"https:\/\/www.entreculturas.org\/en\/noticia\/vuelta-al-cole-para-la-agenda-sostenible-y-las-movilizaciones-por-el-clima\/\" \/>\n<meta property=\"og:locale\" content=\"en_US\" \/>\n<meta property=\"og:type\" content=\"article\" \/>\n<meta property=\"og:title\" content=\"Vuelta al cole para la Agenda sostenible y las movilizaciones por el clima\" \/>\n<meta property=\"og:description\" content=\"Septiembre es un mes de vuelta al cole tambi\u00e9n para los representantes pol\u00edticos mundiales que tienen estas semanas el deber de rendir cuentas sobre su acci\u00f3n en torno a los retos que apunta la Agenda 2030. La Asamblea General de Naciones Unidas tendr\u00e1 lugar la semana del 20 al 27 de septiembre y el calendario de citas relevantes est\u00e1 a rebosar.\" \/>\n<meta property=\"og:url\" content=\"https:\/\/www.entreculturas.org\/en\/noticia\/vuelta-al-cole-para-la-agenda-sostenible-y-las-movilizaciones-por-el-clima\/\" \/>\n<meta property=\"og:site_name\" content=\"Entreculturas\" \/>\n<meta property=\"article:publisher\" content=\"https:\/\/www.facebook.com\/entreculturas\" \/>\n<meta property=\"article:modified_time\" content=\"2024-03-20T09:42:14+00:00\" \/>\n<meta property=\"og:image\" content=\"https:\/\/www.entreculturas.org\/wp-content\/uploads\/2019\/09\/ods-2.jpg\" \/>\n\t<meta property=\"og:image:width\" content=\"800\" \/>\n\t<meta property=\"og:image:height\" content=\"534\" \/>\n\t<meta property=\"og:image:type\" content=\"image\/jpeg\" \/>\n<meta name=\"twitter:card\" content=\"summary_large_image\" \/>\n<meta name=\"twitter:site\" content=\"@Entreculturas\" \/>\n<script type=\"application\/ld+json\" class=\"yoast-schema-graph\">{\"@context\":\"https:\\\/\\\/schema.org\",\"@graph\":[{\"@type\":\"WebPage\",\"@id\":\"https:\\\/\\\/www.entreculturas.org\\\/en\\\/noticia\\\/vuelta-al-cole-para-la-agenda-sostenible-y-las-movilizaciones-por-el-clima\\\/\",\"url\":\"https:\\\/\\\/www.entreculturas.org\\\/en\\\/noticia\\\/vuelta-al-cole-para-la-agenda-sostenible-y-las-movilizaciones-por-el-clima\\\/\",\"name\":\"Vuelta al cole para la Agenda sostenible y las movilizaciones por el clima - Entreculturas\",\"isPartOf\":{\"@id\":\"https:\\\/\\\/www.entreculturas.org\\\/en\\\/#website\"},\"primaryImageOfPage\":{\"@id\":\"https:\\\/\\\/www.entreculturas.org\\\/en\\\/noticia\\\/vuelta-al-cole-para-la-agenda-sostenible-y-las-movilizaciones-por-el-clima\\\/#primaryimage\"},\"image\":{\"@id\":\"https:\\\/\\\/www.entreculturas.org\\\/en\\\/noticia\\\/vuelta-al-cole-para-la-agenda-sostenible-y-las-movilizaciones-por-el-clima\\\/#primaryimage\"},\"thumbnailUrl\":\"https:\\\/\\\/www.entreculturas.org\\\/wp-content\\\/uploads\\\/2019\\\/09\\\/ods-2.jpg\",\"datePublished\":\"2019-09-25T15:04:29+00:00\",\"dateModified\":\"2024-03-20T09:42:14+00:00\",\"breadcrumb\":{\"@id\":\"https:\\\/\\\/www.entreculturas.org\\\/en\\\/noticia\\\/vuelta-al-cole-para-la-agenda-sostenible-y-las-movilizaciones-por-el-clima\\\/#breadcrumb\"},\"inLanguage\":\"en-US\",\"potentialAction\":[{\"@type\":\"ReadAction\",\"target\":[\"https:\\\/\\\/www.entreculturas.org\\\/en\\\/noticia\\\/vuelta-al-cole-para-la-agenda-sostenible-y-las-movilizaciones-por-el-clima\\\/\"]}]},{\"@type\":\"ImageObject\",\"inLanguage\":\"en-US\",\"@id\":\"https:\\\/\\\/www.entreculturas.org\\\/en\\\/noticia\\\/vuelta-al-cole-para-la-agenda-sostenible-y-las-movilizaciones-por-el-clima\\\/#primaryimage\",\"url\":\"https:\\\/\\\/www.entreculturas.org\\\/wp-content\\\/uploads\\\/2019\\\/09\\\/ods-2.jpg\",\"contentUrl\":\"https:\\\/\\\/www.entreculturas.org\\\/wp-content\\\/uploads\\\/2019\\\/09\\\/ods-2.jpg\",\"width\":800,\"height\":534},{\"@type\":\"BreadcrumbList\",\"@id\":\"https:\\\/\\\/www.entreculturas.org\\\/en\\\/noticia\\\/vuelta-al-cole-para-la-agenda-sostenible-y-las-movilizaciones-por-el-clima\\\/#breadcrumb\",\"itemListElement\":[{\"@type\":\"ListItem\",\"position\":1,\"name\":\"Home\",\"item\":\"https:\\\/\\\/www.entreculturas.org\\\/en\\\/\"},{\"@type\":\"ListItem\",\"position\":2,\"name\":\"Noticias\",\"item\":\"https:\\\/\\\/www.entreculturas.org\\\/en\\\/noticias\\\/\"},{\"@type\":\"ListItem\",\"position\":3,\"name\":\"Vuelta al cole para la Agenda sostenible y las movilizaciones por el clima\"}]},{\"@type\":\"WebSite\",\"@id\":\"https:\\\/\\\/www.entreculturas.org\\\/en\\\/#website\",\"url\":\"https:\\\/\\\/www.entreculturas.org\\\/en\\\/\",\"name\":\"Entreculturas\",\"description\":\"\",\"publisher\":{\"@id\":\"https:\\\/\\\/www.entreculturas.org\\\/en\\\/#organization\"},\"alternateName\":\"Entreculturas\",\"potentialAction\":[{\"@type\":\"SearchAction\",\"target\":{\"@type\":\"EntryPoint\",\"urlTemplate\":\"https:\\\/\\\/www.entreculturas.org\\\/en\\\/?s={search_term_string}\"},\"query-input\":{\"@type\":\"PropertyValueSpecification\",\"valueRequired\":true,\"valueName\":\"search_term_string\"}}],\"inLanguage\":\"en-US\"},{\"@type\":\"Organization\",\"@id\":\"https:\\\/\\\/www.entreculturas.org\\\/en\\\/#organization\",\"name\":\"Entreculturas\",\"url\":\"https:\\\/\\\/www.entreculturas.org\\\/en\\\/\",\"logo\":{\"@type\":\"ImageObject\",\"inLanguage\":\"en-US\",\"@id\":\"https:\\\/\\\/www.entreculturas.org\\\/en\\\/#\\\/schema\\\/logo\\\/image\\\/\",\"url\":\"https:\\\/\\\/www.entreculturas.org\\\/wp-content\\\/uploads\\\/2025\\\/10\\\/ESP.svg\",\"contentUrl\":\"https:\\\/\\\/www.entreculturas.org\\\/wp-content\\\/uploads\\\/2025\\\/10\\\/ESP.svg\",\"caption\":\"Entreculturas\"},\"image\":{\"@id\":\"https:\\\/\\\/www.entreculturas.org\\\/en\\\/#\\\/schema\\\/logo\\\/image\\\/\"},\"sameAs\":[\"https:\\\/\\\/www.facebook.com\\\/entreculturas\",\"https:\\\/\\\/x.com\\\/Entreculturas\",\"https:\\\/\\\/www.instagram.com\\\/entreculturas\\\/\",\"https:\\\/\\\/www.youtube.com\\\/user\\\/entreculturasvideo\",\"https:\\\/\\\/www.linkedin.com\\\/company\\\/fundacion-entreculturas-ngdo\\\/\",\"https:\\\/\\\/www.flickr.com\\\/photos\\\/98455522@N04\\\/albums\\\/\"]}]}<\/script>\n<!-- \/ Yoast SEO Premium plugin. -->","yoast_head_json":{"title":"Vuelta al cole para la Agenda sostenible y las movilizaciones por el clima - Entreculturas","robots":{"index":"index","follow":"follow","max-snippet":"max-snippet:-1","max-image-preview":"max-image-preview:large","max-video-preview":"max-video-preview:-1"},"canonical":"https:\/\/www.entreculturas.org\/en\/noticia\/vuelta-al-cole-para-la-agenda-sostenible-y-las-movilizaciones-por-el-clima\/","og_locale":"en_US","og_type":"article","og_title":"Vuelta al cole para la Agenda sostenible y las movilizaciones por el clima","og_description":"Septiembre es un mes de vuelta al cole tambi\u00e9n para los representantes pol\u00edticos mundiales que tienen estas semanas el deber de rendir cuentas sobre su acci\u00f3n en torno a los retos que apunta la Agenda 2030. La Asamblea General de Naciones Unidas tendr\u00e1 lugar la semana del 20 al 27 de septiembre y el calendario de citas relevantes est\u00e1 a rebosar.","og_url":"https:\/\/www.entreculturas.org\/en\/noticia\/vuelta-al-cole-para-la-agenda-sostenible-y-las-movilizaciones-por-el-clima\/","og_site_name":"Entreculturas","article_publisher":"https:\/\/www.facebook.com\/entreculturas","article_modified_time":"2024-03-20T09:42:14+00:00","og_image":[{"width":800,"height":534,"url":"https:\/\/www.entreculturas.org\/wp-content\/uploads\/2019\/09\/ods-2.jpg","type":"image\/jpeg"}],"twitter_card":"summary_large_image","twitter_site":"@Entreculturas","schema":{"@context":"https:\/\/schema.org","@graph":[{"@type":"WebPage","@id":"https:\/\/www.entreculturas.org\/en\/noticia\/vuelta-al-cole-para-la-agenda-sostenible-y-las-movilizaciones-por-el-clima\/","url":"https:\/\/www.entreculturas.org\/en\/noticia\/vuelta-al-cole-para-la-agenda-sostenible-y-las-movilizaciones-por-el-clima\/","name":"Vuelta al cole para la Agenda sostenible y las movilizaciones por el clima - Entreculturas","isPartOf":{"@id":"https:\/\/www.entreculturas.org\/en\/#website"},"primaryImageOfPage":{"@id":"https:\/\/www.entreculturas.org\/en\/noticia\/vuelta-al-cole-para-la-agenda-sostenible-y-las-movilizaciones-por-el-clima\/#primaryimage"},"image":{"@id":"https:\/\/www.entreculturas.org\/en\/noticia\/vuelta-al-cole-para-la-agenda-sostenible-y-las-movilizaciones-por-el-clima\/#primaryimage"},"thumbnailUrl":"https:\/\/www.entreculturas.org\/wp-content\/uploads\/2019\/09\/ods-2.jpg","datePublished":"2019-09-25T15:04:29+00:00","dateModified":"2024-03-20T09:42:14+00:00","breadcrumb":{"@id":"https:\/\/www.entreculturas.org\/en\/noticia\/vuelta-al-cole-para-la-agenda-sostenible-y-las-movilizaciones-por-el-clima\/#breadcrumb"},"inLanguage":"en-US","potentialAction":[{"@type":"ReadAction","target":["https:\/\/www.entreculturas.org\/en\/noticia\/vuelta-al-cole-para-la-agenda-sostenible-y-las-movilizaciones-por-el-clima\/"]}]},{"@type":"ImageObject","inLanguage":"en-US","@id":"https:\/\/www.entreculturas.org\/en\/noticia\/vuelta-al-cole-para-la-agenda-sostenible-y-las-movilizaciones-por-el-clima\/#primaryimage","url":"https:\/\/www.entreculturas.org\/wp-content\/uploads\/2019\/09\/ods-2.jpg","contentUrl":"https:\/\/www.entreculturas.org\/wp-content\/uploads\/2019\/09\/ods-2.jpg","width":800,"height":534},{"@type":"BreadcrumbList","@id":"https:\/\/www.entreculturas.org\/en\/noticia\/vuelta-al-cole-para-la-agenda-sostenible-y-las-movilizaciones-por-el-clima\/#breadcrumb","itemListElement":[{"@type":"ListItem","position":1,"name":"Home","item":"https:\/\/www.entreculturas.org\/en\/"},{"@type":"ListItem","position":2,"name":"Noticias","item":"https:\/\/www.entreculturas.org\/en\/noticias\/"},{"@type":"ListItem","position":3,"name":"Vuelta al cole para la Agenda sostenible y las movilizaciones por el clima"}]},{"@type":"WebSite","@id":"https:\/\/www.entreculturas.org\/en\/#website","url":"https:\/\/www.entreculturas.org\/en\/","name":"Entreculturas","description":"","publisher":{"@id":"https:\/\/www.entreculturas.org\/en\/#organization"},"alternateName":"Entreculturas","potentialAction":[{"@type":"SearchAction","target":{"@type":"EntryPoint","urlTemplate":"https:\/\/www.entreculturas.org\/en\/?s={search_term_string}"},"query-input":{"@type":"PropertyValueSpecification","valueRequired":true,"valueName":"search_term_string"}}],"inLanguage":"en-US"},{"@type":"Organization","@id":"https:\/\/www.entreculturas.org\/en\/#organization","name":"Entreculturas","url":"https:\/\/www.entreculturas.org\/en\/","logo":{"@type":"ImageObject","inLanguage":"en-US","@id":"https:\/\/www.entreculturas.org\/en\/#\/schema\/logo\/image\/","url":"https:\/\/www.entreculturas.org\/wp-content\/uploads\/2025\/10\/ESP.svg","contentUrl":"https:\/\/www.entreculturas.org\/wp-content\/uploads\/2025\/10\/ESP.svg","caption":"Entreculturas"},"image":{"@id":"https:\/\/www.entreculturas.org\/en\/#\/schema\/logo\/image\/"},"sameAs":["https:\/\/www.facebook.com\/entreculturas","https:\/\/x.com\/Entreculturas","https:\/\/www.instagram.com\/entreculturas\/","https:\/\/www.youtube.com\/user\/entreculturasvideo","https:\/\/www.linkedin.com\/company\/fundacion-entreculturas-ngdo\/","https:\/\/www.flickr.com\/photos\/98455522@N04\/albums\/"]}]}},"_links":{"self":[{"href":"https:\/\/www.entreculturas.org\/en\/wp-json\/wp\/v2\/noticia\/3668","targetHints":{"allow":["GET"]}}],"collection":[{"href":"https:\/\/www.entreculturas.org\/en\/wp-json\/wp\/v2\/noticia"}],"about":[{"href":"https:\/\/www.entreculturas.org\/en\/wp-json\/wp\/v2\/types\/noticia"}],"wp:featuredmedia":[{"embeddable":true,"href":"https:\/\/www.entreculturas.org\/en\/wp-json\/wp\/v2\/media\/3659"}],"wp:attachment":[{"href":"https:\/\/www.entreculturas.org\/en\/wp-json\/wp\/v2\/media?parent=3668"}],"wp:term":[{"taxonomy":"category","embeddable":true,"href":"https:\/\/www.entreculturas.org\/en\/wp-json\/wp\/v2\/categories?post=3668"},{"taxonomy":"post_tag","embeddable":true,"href":"https:\/\/www.entreculturas.org\/en\/wp-json\/wp\/v2\/tags?post=3668"},{"taxonomy":"country","embeddable":true,"href":"https:\/\/www.entreculturas.org\/en\/wp-json\/wp\/v2\/country?post=3668"},{"taxonomy":"cause","embeddable":true,"href":"https:\/\/www.entreculturas.org\/en\/wp-json\/wp\/v2\/cause?post=3668"}],"curies":[{"name":"wp","href":"https:\/\/api.w.org\/{rel}","templated":true}]}}