{"id":36588,"date":"2024-12-19T10:09:14","date_gmt":"2024-12-19T09:09:14","guid":{"rendered":"https:\/\/www.entreculturas.org\/?post_type=noticia&#038;p=36588"},"modified":"2024-12-19T10:21:08","modified_gmt":"2024-12-19T09:21:08","slug":"en-el-dia-de-las-personas-migrantes-denunciamos-que-el-racismo-la-burocracia-y-la-desigualdad-de-derechos-son-los-principales-obstaculos-de-la-migracion-en-espana","status":"publish","type":"noticia","link":"https:\/\/www.entreculturas.org\/en\/noticia\/en-el-dia-de-las-personas-migrantes-denunciamos-que-el-racismo-la-burocracia-y-la-desigualdad-de-derechos-son-los-principales-obstaculos-de-la-migracion-en-espana\/","title":{"rendered":"En el d\u00eda de las Personas Migrantes denunciamos que el racismo, la burocracia y la desigualdad de derechos son los principales obst\u00e1culos de la migraci\u00f3n en Espa\u00f1a"},"content":{"rendered":"\n<p>El pasado mes de septiembre la migraci\u00f3n ocup\u00f3 numerosos titulares en la prensa debido a los nuevos datos del Centro de Investigaciones Sociol\u00f3gicas (CIS)&nbsp; en los que se\u00f1alaba que se hab\u00eda convertido en \u201cla primera preocupaci\u00f3n de la poblaci\u00f3n espa\u00f1ola\u201d. Tres meses despu\u00e9s, hoy, 18 de diciembre,&nbsp;<strong>D\u00eda Internacional de las Personas Migrantes<\/strong>, y desde el centro de atenci\u00f3n a personas migrantes, Pueblos Unidos, y la ONG Entreculturas nos queremos acercar a las preocupaciones que vive la poblaci\u00f3n migrante en Espa\u00f1a, a trav\u00e9s de nuestra campa\u00f1a de sensibilizaci\u00f3n, Soy Acogida.<\/p>\n\n\n\n<p><\/p>\n\n\n\n<p><strong>Una acogida desde la experiencia diaria<\/strong><\/p>\n\n\n\n<p><\/p>\n\n\n\n<p>El ejercicio de reflexi\u00f3n y de pulsi\u00f3n de esta realidad se ha podido llevar a cabo gracias al trabajo de acogida, acompa\u00f1amiento y apoyo que realizamos d\u00eda a d\u00eda en el barrio madrile\u00f1o de Ventilla, tal y como se\u00f1ala Macarena \u00dabeda, responsable del centro Pueblos Unidos: \u201cEstas calles transpiran interculturalidad por sus cuatro costados. Es palpable la gran integraci\u00f3n que tienen las personas migrantes en el barrio\u201d.&nbsp;<\/p>\n\n\n\n<p><\/p>\n\n\n\n<p>Este desempe\u00f1o diario es el que ha permitido a ambas organizaciones realizar grupos de trabajo que han podido recoger diferentes experiencias vividas por las personas migrantes en Espa\u00f1a. Un an\u00e1lisis orientado a enfocar el fen\u00f3meno migratorio desde su mirada, una perspectiva complementaria y necesaria que no siempre es tenida en cuenta a nivel institucional, medi\u00e1tico o social.<\/p>\n\n\n\n<p><\/p>\n\n\n\n<figure class=\"wp-block-image\"><img decoding=\"async\" src=\"https:\/\/pueblosunidos.org\/wp-content\/uploads\/2024\/12\/IMG_2677-1024x683.jpg\" alt=\"\" class=\"wp-image-4139\"\/><\/figure>\n\n\n\n<p>Macarena, que lleva m\u00e1s de 5&nbsp; a\u00f1os trabajando en la entidad, ha sido testigo de c\u00f3mo los discursos de odio han hecho mella en la percepci\u00f3n medi\u00e1tica que se tiene de las personas migrantes, siendo a\u00fan m\u00e1s estereotipadas negativamente de lo que se hac\u00eda en el pasado. Personas como Ibra Sy que afirma que,&nbsp;<strong>\u201cla primera preocupaci\u00f3n que tengo ahora mismo es el aumento del racismo y la xenofobia que vivo a diario<\/strong>\u201d. Este joven subsahariano de 20 a\u00f1os, tambi\u00e9n se\u00f1ala c\u00f3mo de toda la estigmatizaci\u00f3n que sufre es \u201cescuchar que las personas migrantes somos violentas y peligrosas\u201d lo que m\u00e1s le afecta.<\/p>\n\n\n\n<p><\/p>\n\n\n\n<p>Sin embargo, como ocurre en la sociedad espa\u00f1ola, el colectivo migrante es heterog\u00e9neo y no todo el mundo opina como Ibra. Es el caso de Diana Rico, mujer latinoamericana de 48 a\u00f1os que lleva m\u00e1s de cinco viviendo en Espa\u00f1a, que&nbsp;<strong>no siente que la sociedad espa\u00f1ola sea racista ni xen\u00f3foba en su conjunto<\/strong>. No obstante, s\u00ed que relata c\u00f3mo ha sufrido discriminaciones por su origen en varias entrevistas de trabajo: \u201c[los entrevistadores] piensan que debemos trabajar barato por no ser de aqu\u00ed y que no tenemos ning\u00fan tipo de educaci\u00f3n\u201d.&nbsp;<\/p>\n\n\n\n<p><\/p>\n\n\n\n<figure class=\"wp-block-embed is-type-video is-provider-youtube wp-block-embed-youtube wp-embed-aspect-16-9 wp-has-aspect-ratio\"><div class=\"wp-block-embed__wrapper\">\n<iframe loading=\"lazy\" title=\"Soy Acogida | D\u00eda de las Personas Migrantes: racismo, burocracia y desigualdad\" width=\"500\" height=\"281\" src=\"https:\/\/www.youtube.com\/embed\/xFQ34XegyjM?feature=oembed\" frameborder=\"0\" allow=\"accelerometer; autoplay; clipboard-write; encrypted-media; gyroscope; picture-in-picture; web-share\" referrerpolicy=\"strict-origin-when-cross-origin\" allowfullscreen><\/iframe>\n<\/div><\/figure>\n\n\n\n<p><strong>Obst\u00e1culos estructurales: un c\u00edrculo vicioso<\/strong><\/p>\n\n\n\n<p><\/p>\n\n\n\n<p>Otro de los elementos que Pueblos Unidos se\u00f1ala como uno de los mayores obst\u00e1culos que sufren las personas migrantes cuando llegan a Espa\u00f1a es las dificultades para la regularizaci\u00f3n de su situaci\u00f3n administrativa. Marta S\u00e1nchez-Bri\u00f1as, abogada de la entidad, se\u00f1ala que \u201clas trabas burocr\u00e1ticas y legales que tiene el Estado espa\u00f1ol dificultan en demas\u00eda las oportunidades de regularizar la situaci\u00f3n de las personas migrantes, convirtiendo&nbsp;<strong>este proceso en un c\u00edrculo vicioso<\/strong>&nbsp;de requisitos que acaba por impactar gravemente en la salud mental de los y las solicitantes\u201d.&nbsp;<\/p>\n\n\n\n<p><\/p>\n\n\n\n<p>Dentro de las preocupaciones que impactan de forma directa a las personas migrantes est\u00e1n tambi\u00e9n aquellas como la educaci\u00f3n, la sanidad o la vivienda, que afectan a la sociedad espa\u00f1ola en su d\u00eda a d\u00eda. Derechos, no obstante, recalca Marta, \u201ccuyo disfrute no se da en las mismas condiciones, ya que a los&nbsp;<strong>n\u00fameros impedimentos administrativos<\/strong>&nbsp;que existen se suma el mayor n\u00famero de personas migrantes en situaci\u00f3n de vulnerabilidad y desamparo\u201d.<\/p>\n\n\n\n<p><\/p>\n\n\n\n<p>La precarizaci\u00f3n de estos derechos en ciudades como Madrid, se\u00f1ala Macarena, ha provocado una situaci\u00f3n de desamparo que los servicios sociales no son completamente capaces de revertir, \u201cestando en ocasiones desbordados ante la baja infraestructura p\u00fablica y la alta demanda de estos servicios\u201d.&nbsp; A pesar de estas situaciones, son cada vez m\u00e1s las voces que acusan a las personas migrantes de \u2018no trabajar y solo querer paguitas\u2019, recriminaciones sin ning\u00fan fundamento, tal y como enfatiza Keita, joven guineano de 23 a\u00f1os que lleva desde 2018 en Espa\u00f1a:&nbsp;<strong>\u201clas personas migrantes tenemos muchas ganas de contribuir a la sociedad si nos dan una oportunidad\u201d<\/strong>.<\/p>\n\n\n\n<p><\/p>\n\n\n\n<h4 class=\"wp-block-heading\" id=\"h-quieres-ser-parte-de-una-sociedad-de-acogida-para-seguir-construyendo-un-futuro-lleno-de-oportunidades-para-todas-las-personas\"><strong>\u00bfQuieres ser parte de una sociedad de acogida para seguir construyendo un futuro lleno de oportunidades para todas las personas?<\/strong><\/h4>\n\n\n\n<p><\/p>\n\n\n\n<div class=\"wp-block-buttons is-content-justification-center is-layout-flex wp-container-core-buttons-is-layout-a89b3969 wp-block-buttons-is-layout-flex\">\n<div class=\"wp-block-button\"><a class=\"wp-block-button__link wp-element-button\" href=\"https:\/\/www.soyacogida.org\/\">CONOCE M\u00c1S DE LA CAMPA\u00d1A SOY ACOGIDA<\/a><\/div>\n<\/div>\n","protected":false},"excerpt":{"rendered":"<p>El pasado mes de septiembre la migraci\u00f3n ocup\u00f3 numerosos titulares en la prensa debido a los nuevos datos del Centro de Investigaciones Sociol\u00f3gicas (CIS)&nbsp; en los que se\u00f1alaba que se hab\u00eda convertido en \u201cla primera preocupaci\u00f3n de la poblaci\u00f3n espa\u00f1ola\u201d. Tres meses despu\u00e9s, hoy, 18 de diciembre,&nbsp;D\u00eda Internacional de las Personas Migrantes, y desde el centro de atenci\u00f3n a personas migrantes, Pueblos Unidos, y la ONG Entreculturas nos queremos acercar a las preocupaciones que vive la poblaci\u00f3n migrante en Espa\u00f1a, a trav\u00e9s de nuestra campa\u00f1a de sensibilizaci\u00f3n, Soy Acogida. Una acogida desde la experiencia diaria El ejercicio de reflexi\u00f3n y de pulsi\u00f3n de esta realidad se ha podido llevar a cabo gracias al trabajo de acogida, acompa\u00f1amiento y apoyo que realizamos d\u00eda a d\u00eda en el barrio madrile\u00f1o de Ventilla, tal y como se\u00f1ala Macarena \u00dabeda, responsable del centro Pueblos Unidos: \u201cEstas calles transpiran interculturalidad por sus cuatro costados. Es [&hellip;]<\/p>\n","protected":false},"featured_media":36591,"template":"","meta":{"_acf_changed":false},"categories":[7],"tags":[10],"country":[120],"cause":[129],"class_list":["post-36588","noticia","type-noticia","status-publish","has-post-thumbnail","hentry","category-noticia","tag-migracion-y-refugio","country-espana","cause-migracion-y-refugio"],"acf":[],"yoast_head":"<!-- This site is optimized with the Yoast SEO Premium plugin v21.6 (Yoast SEO v27.5) - https:\/\/yoast.com\/product\/yoast-seo-premium-wordpress\/ -->\n<title>En el d\u00eda de las Personas Migrantes denunciamos que el racismo, la burocracia y la desigualdad de derechos son los principales obst\u00e1culos de la migraci\u00f3n en Espa\u00f1a - Entreculturas<\/title>\n<meta name=\"robots\" content=\"index, follow, max-snippet:-1, max-image-preview:large, max-video-preview:-1\" \/>\n<link rel=\"canonical\" href=\"https:\/\/www.entreculturas.org\/en\/noticia\/en-el-dia-de-las-personas-migrantes-denunciamos-que-el-racismo-la-burocracia-y-la-desigualdad-de-derechos-son-los-principales-obstaculos-de-la-migracion-en-espana\/\" \/>\n<meta property=\"og:locale\" content=\"en_US\" \/>\n<meta property=\"og:type\" content=\"article\" \/>\n<meta property=\"og:title\" content=\"En el d\u00eda de las Personas Migrantes denunciamos que el racismo, la burocracia y la desigualdad de derechos son los principales obst\u00e1culos de la migraci\u00f3n en Espa\u00f1a\" \/>\n<meta property=\"og:description\" content=\"El pasado mes de septiembre la migraci\u00f3n ocup\u00f3 numerosos titulares en la prensa debido a los nuevos datos del Centro de Investigaciones Sociol\u00f3gicas (CIS)&nbsp; en los que se\u00f1alaba que se hab\u00eda convertido en \u201cla primera preocupaci\u00f3n de la poblaci\u00f3n espa\u00f1ola\u201d. Tres meses despu\u00e9s, hoy, 18 de diciembre,&nbsp;D\u00eda Internacional de las Personas Migrantes, y desde el centro de atenci\u00f3n a personas migrantes, Pueblos Unidos, y la ONG Entreculturas nos queremos acercar a las preocupaciones que vive la poblaci\u00f3n migrante en Espa\u00f1a, a trav\u00e9s de nuestra campa\u00f1a de sensibilizaci\u00f3n, Soy Acogida. Una acogida desde la experiencia diaria El ejercicio de reflexi\u00f3n y de pulsi\u00f3n de esta realidad se ha podido llevar a cabo gracias al trabajo de acogida, acompa\u00f1amiento y apoyo que realizamos d\u00eda a d\u00eda en el barrio madrile\u00f1o de Ventilla, tal y como se\u00f1ala Macarena \u00dabeda, responsable del centro Pueblos Unidos: \u201cEstas calles transpiran interculturalidad por sus cuatro costados. Es [&hellip;]\" \/>\n<meta property=\"og:url\" content=\"https:\/\/www.entreculturas.org\/en\/noticia\/en-el-dia-de-las-personas-migrantes-denunciamos-que-el-racismo-la-burocracia-y-la-desigualdad-de-derechos-son-los-principales-obstaculos-de-la-migracion-en-espana\/\" \/>\n<meta property=\"og:site_name\" content=\"Entreculturas\" \/>\n<meta property=\"article:publisher\" content=\"https:\/\/www.facebook.com\/entreculturas\" \/>\n<meta property=\"article:modified_time\" content=\"2024-12-19T09:21:08+00:00\" \/>\n<meta property=\"og:image\" content=\"https:\/\/www.entreculturas.org\/wp-content\/uploads\/2024\/12\/IMG_2715-scaled.jpg\" \/>\n\t<meta property=\"og:image:width\" content=\"2560\" \/>\n\t<meta property=\"og:image:height\" content=\"1707\" \/>\n\t<meta property=\"og:image:type\" content=\"image\/jpeg\" \/>\n<meta name=\"twitter:card\" content=\"summary_large_image\" \/>\n<meta name=\"twitter:site\" content=\"@Entreculturas\" \/>\n<script type=\"application\/ld+json\" class=\"yoast-schema-graph\">{\"@context\":\"https:\\\/\\\/schema.org\",\"@graph\":[{\"@type\":\"WebPage\",\"@id\":\"https:\\\/\\\/www.entreculturas.org\\\/en\\\/noticia\\\/en-el-dia-de-las-personas-migrantes-denunciamos-que-el-racismo-la-burocracia-y-la-desigualdad-de-derechos-son-los-principales-obstaculos-de-la-migracion-en-espana\\\/\",\"url\":\"https:\\\/\\\/www.entreculturas.org\\\/en\\\/noticia\\\/en-el-dia-de-las-personas-migrantes-denunciamos-que-el-racismo-la-burocracia-y-la-desigualdad-de-derechos-son-los-principales-obstaculos-de-la-migracion-en-espana\\\/\",\"name\":\"En el d\u00eda de las Personas Migrantes denunciamos que el racismo, la burocracia y la desigualdad de derechos son los principales obst\u00e1culos de la migraci\u00f3n en Espa\u00f1a - Entreculturas\",\"isPartOf\":{\"@id\":\"https:\\\/\\\/www.entreculturas.org\\\/en\\\/#website\"},\"primaryImageOfPage\":{\"@id\":\"https:\\\/\\\/www.entreculturas.org\\\/en\\\/noticia\\\/en-el-dia-de-las-personas-migrantes-denunciamos-que-el-racismo-la-burocracia-y-la-desigualdad-de-derechos-son-los-principales-obstaculos-de-la-migracion-en-espana\\\/#primaryimage\"},\"image\":{\"@id\":\"https:\\\/\\\/www.entreculturas.org\\\/en\\\/noticia\\\/en-el-dia-de-las-personas-migrantes-denunciamos-que-el-racismo-la-burocracia-y-la-desigualdad-de-derechos-son-los-principales-obstaculos-de-la-migracion-en-espana\\\/#primaryimage\"},\"thumbnailUrl\":\"https:\\\/\\\/www.entreculturas.org\\\/wp-content\\\/uploads\\\/2024\\\/12\\\/IMG_2715-scaled.jpg\",\"datePublished\":\"2024-12-19T09:09:14+00:00\",\"dateModified\":\"2024-12-19T09:21:08+00:00\",\"breadcrumb\":{\"@id\":\"https:\\\/\\\/www.entreculturas.org\\\/en\\\/noticia\\\/en-el-dia-de-las-personas-migrantes-denunciamos-que-el-racismo-la-burocracia-y-la-desigualdad-de-derechos-son-los-principales-obstaculos-de-la-migracion-en-espana\\\/#breadcrumb\"},\"inLanguage\":\"en-US\",\"potentialAction\":[{\"@type\":\"ReadAction\",\"target\":[\"https:\\\/\\\/www.entreculturas.org\\\/en\\\/noticia\\\/en-el-dia-de-las-personas-migrantes-denunciamos-que-el-racismo-la-burocracia-y-la-desigualdad-de-derechos-son-los-principales-obstaculos-de-la-migracion-en-espana\\\/\"]}]},{\"@type\":\"ImageObject\",\"inLanguage\":\"en-US\",\"@id\":\"https:\\\/\\\/www.entreculturas.org\\\/en\\\/noticia\\\/en-el-dia-de-las-personas-migrantes-denunciamos-que-el-racismo-la-burocracia-y-la-desigualdad-de-derechos-son-los-principales-obstaculos-de-la-migracion-en-espana\\\/#primaryimage\",\"url\":\"https:\\\/\\\/www.entreculturas.org\\\/wp-content\\\/uploads\\\/2024\\\/12\\\/IMG_2715-scaled.jpg\",\"contentUrl\":\"https:\\\/\\\/www.entreculturas.org\\\/wp-content\\\/uploads\\\/2024\\\/12\\\/IMG_2715-scaled.jpg\",\"width\":2560,\"height\":1707},{\"@type\":\"BreadcrumbList\",\"@id\":\"https:\\\/\\\/www.entreculturas.org\\\/en\\\/noticia\\\/en-el-dia-de-las-personas-migrantes-denunciamos-que-el-racismo-la-burocracia-y-la-desigualdad-de-derechos-son-los-principales-obstaculos-de-la-migracion-en-espana\\\/#breadcrumb\",\"itemListElement\":[{\"@type\":\"ListItem\",\"position\":1,\"name\":\"Home\",\"item\":\"https:\\\/\\\/www.entreculturas.org\\\/en\\\/\"},{\"@type\":\"ListItem\",\"position\":2,\"name\":\"Noticias\",\"item\":\"https:\\\/\\\/www.entreculturas.org\\\/en\\\/noticias\\\/\"},{\"@type\":\"ListItem\",\"position\":3,\"name\":\"En el d\u00eda de las Personas Migrantes denunciamos que el racismo, la burocracia y la desigualdad de derechos son los principales obst\u00e1culos de la migraci\u00f3n en Espa\u00f1a\"}]},{\"@type\":\"WebSite\",\"@id\":\"https:\\\/\\\/www.entreculturas.org\\\/en\\\/#website\",\"url\":\"https:\\\/\\\/www.entreculturas.org\\\/en\\\/\",\"name\":\"Entreculturas\",\"description\":\"\",\"publisher\":{\"@id\":\"https:\\\/\\\/www.entreculturas.org\\\/en\\\/#organization\"},\"alternateName\":\"Entreculturas\",\"potentialAction\":[{\"@type\":\"SearchAction\",\"target\":{\"@type\":\"EntryPoint\",\"urlTemplate\":\"https:\\\/\\\/www.entreculturas.org\\\/en\\\/?s={search_term_string}\"},\"query-input\":{\"@type\":\"PropertyValueSpecification\",\"valueRequired\":true,\"valueName\":\"search_term_string\"}}],\"inLanguage\":\"en-US\"},{\"@type\":\"Organization\",\"@id\":\"https:\\\/\\\/www.entreculturas.org\\\/en\\\/#organization\",\"name\":\"Entreculturas\",\"url\":\"https:\\\/\\\/www.entreculturas.org\\\/en\\\/\",\"logo\":{\"@type\":\"ImageObject\",\"inLanguage\":\"en-US\",\"@id\":\"https:\\\/\\\/www.entreculturas.org\\\/en\\\/#\\\/schema\\\/logo\\\/image\\\/\",\"url\":\"https:\\\/\\\/www.entreculturas.org\\\/wp-content\\\/uploads\\\/2025\\\/10\\\/ESP.svg\",\"contentUrl\":\"https:\\\/\\\/www.entreculturas.org\\\/wp-content\\\/uploads\\\/2025\\\/10\\\/ESP.svg\",\"caption\":\"Entreculturas\"},\"image\":{\"@id\":\"https:\\\/\\\/www.entreculturas.org\\\/en\\\/#\\\/schema\\\/logo\\\/image\\\/\"},\"sameAs\":[\"https:\\\/\\\/www.facebook.com\\\/entreculturas\",\"https:\\\/\\\/x.com\\\/Entreculturas\",\"https:\\\/\\\/www.instagram.com\\\/entreculturas\\\/\",\"https:\\\/\\\/www.youtube.com\\\/user\\\/entreculturasvideo\",\"https:\\\/\\\/www.linkedin.com\\\/company\\\/fundacion-entreculturas-ngdo\\\/\",\"https:\\\/\\\/www.flickr.com\\\/photos\\\/98455522@N04\\\/albums\\\/\"]}]}<\/script>\n<!-- \/ Yoast SEO Premium plugin. -->","yoast_head_json":{"title":"En el d\u00eda de las Personas Migrantes denunciamos que el racismo, la burocracia y la desigualdad de derechos son los principales obst\u00e1culos de la migraci\u00f3n en Espa\u00f1a - Entreculturas","robots":{"index":"index","follow":"follow","max-snippet":"max-snippet:-1","max-image-preview":"max-image-preview:large","max-video-preview":"max-video-preview:-1"},"canonical":"https:\/\/www.entreculturas.org\/en\/noticia\/en-el-dia-de-las-personas-migrantes-denunciamos-que-el-racismo-la-burocracia-y-la-desigualdad-de-derechos-son-los-principales-obstaculos-de-la-migracion-en-espana\/","og_locale":"en_US","og_type":"article","og_title":"En el d\u00eda de las Personas Migrantes denunciamos que el racismo, la burocracia y la desigualdad de derechos son los principales obst\u00e1culos de la migraci\u00f3n en Espa\u00f1a","og_description":"El pasado mes de septiembre la migraci\u00f3n ocup\u00f3 numerosos titulares en la prensa debido a los nuevos datos del Centro de Investigaciones Sociol\u00f3gicas (CIS)&nbsp; en los que se\u00f1alaba que se hab\u00eda convertido en \u201cla primera preocupaci\u00f3n de la poblaci\u00f3n espa\u00f1ola\u201d. Tres meses despu\u00e9s, hoy, 18 de diciembre,&nbsp;D\u00eda Internacional de las Personas Migrantes, y desde el centro de atenci\u00f3n a personas migrantes, Pueblos Unidos, y la ONG Entreculturas nos queremos acercar a las preocupaciones que vive la poblaci\u00f3n migrante en Espa\u00f1a, a trav\u00e9s de nuestra campa\u00f1a de sensibilizaci\u00f3n, Soy Acogida. Una acogida desde la experiencia diaria El ejercicio de reflexi\u00f3n y de pulsi\u00f3n de esta realidad se ha podido llevar a cabo gracias al trabajo de acogida, acompa\u00f1amiento y apoyo que realizamos d\u00eda a d\u00eda en el barrio madrile\u00f1o de Ventilla, tal y como se\u00f1ala Macarena \u00dabeda, responsable del centro Pueblos Unidos: \u201cEstas calles transpiran interculturalidad por sus cuatro costados. Es [&hellip;]","og_url":"https:\/\/www.entreculturas.org\/en\/noticia\/en-el-dia-de-las-personas-migrantes-denunciamos-que-el-racismo-la-burocracia-y-la-desigualdad-de-derechos-son-los-principales-obstaculos-de-la-migracion-en-espana\/","og_site_name":"Entreculturas","article_publisher":"https:\/\/www.facebook.com\/entreculturas","article_modified_time":"2024-12-19T09:21:08+00:00","og_image":[{"width":2560,"height":1707,"url":"https:\/\/www.entreculturas.org\/wp-content\/uploads\/2024\/12\/IMG_2715-scaled.jpg","type":"image\/jpeg"}],"twitter_card":"summary_large_image","twitter_site":"@Entreculturas","schema":{"@context":"https:\/\/schema.org","@graph":[{"@type":"WebPage","@id":"https:\/\/www.entreculturas.org\/en\/noticia\/en-el-dia-de-las-personas-migrantes-denunciamos-que-el-racismo-la-burocracia-y-la-desigualdad-de-derechos-son-los-principales-obstaculos-de-la-migracion-en-espana\/","url":"https:\/\/www.entreculturas.org\/en\/noticia\/en-el-dia-de-las-personas-migrantes-denunciamos-que-el-racismo-la-burocracia-y-la-desigualdad-de-derechos-son-los-principales-obstaculos-de-la-migracion-en-espana\/","name":"En el d\u00eda de las Personas Migrantes denunciamos que el racismo, la burocracia y la desigualdad de derechos son los principales obst\u00e1culos de la migraci\u00f3n en Espa\u00f1a - Entreculturas","isPartOf":{"@id":"https:\/\/www.entreculturas.org\/en\/#website"},"primaryImageOfPage":{"@id":"https:\/\/www.entreculturas.org\/en\/noticia\/en-el-dia-de-las-personas-migrantes-denunciamos-que-el-racismo-la-burocracia-y-la-desigualdad-de-derechos-son-los-principales-obstaculos-de-la-migracion-en-espana\/#primaryimage"},"image":{"@id":"https:\/\/www.entreculturas.org\/en\/noticia\/en-el-dia-de-las-personas-migrantes-denunciamos-que-el-racismo-la-burocracia-y-la-desigualdad-de-derechos-son-los-principales-obstaculos-de-la-migracion-en-espana\/#primaryimage"},"thumbnailUrl":"https:\/\/www.entreculturas.org\/wp-content\/uploads\/2024\/12\/IMG_2715-scaled.jpg","datePublished":"2024-12-19T09:09:14+00:00","dateModified":"2024-12-19T09:21:08+00:00","breadcrumb":{"@id":"https:\/\/www.entreculturas.org\/en\/noticia\/en-el-dia-de-las-personas-migrantes-denunciamos-que-el-racismo-la-burocracia-y-la-desigualdad-de-derechos-son-los-principales-obstaculos-de-la-migracion-en-espana\/#breadcrumb"},"inLanguage":"en-US","potentialAction":[{"@type":"ReadAction","target":["https:\/\/www.entreculturas.org\/en\/noticia\/en-el-dia-de-las-personas-migrantes-denunciamos-que-el-racismo-la-burocracia-y-la-desigualdad-de-derechos-son-los-principales-obstaculos-de-la-migracion-en-espana\/"]}]},{"@type":"ImageObject","inLanguage":"en-US","@id":"https:\/\/www.entreculturas.org\/en\/noticia\/en-el-dia-de-las-personas-migrantes-denunciamos-que-el-racismo-la-burocracia-y-la-desigualdad-de-derechos-son-los-principales-obstaculos-de-la-migracion-en-espana\/#primaryimage","url":"https:\/\/www.entreculturas.org\/wp-content\/uploads\/2024\/12\/IMG_2715-scaled.jpg","contentUrl":"https:\/\/www.entreculturas.org\/wp-content\/uploads\/2024\/12\/IMG_2715-scaled.jpg","width":2560,"height":1707},{"@type":"BreadcrumbList","@id":"https:\/\/www.entreculturas.org\/en\/noticia\/en-el-dia-de-las-personas-migrantes-denunciamos-que-el-racismo-la-burocracia-y-la-desigualdad-de-derechos-son-los-principales-obstaculos-de-la-migracion-en-espana\/#breadcrumb","itemListElement":[{"@type":"ListItem","position":1,"name":"Home","item":"https:\/\/www.entreculturas.org\/en\/"},{"@type":"ListItem","position":2,"name":"Noticias","item":"https:\/\/www.entreculturas.org\/en\/noticias\/"},{"@type":"ListItem","position":3,"name":"En el d\u00eda de las Personas Migrantes denunciamos que el racismo, la burocracia y la desigualdad de derechos son los principales obst\u00e1culos de la migraci\u00f3n en Espa\u00f1a"}]},{"@type":"WebSite","@id":"https:\/\/www.entreculturas.org\/en\/#website","url":"https:\/\/www.entreculturas.org\/en\/","name":"Entreculturas","description":"","publisher":{"@id":"https:\/\/www.entreculturas.org\/en\/#organization"},"alternateName":"Entreculturas","potentialAction":[{"@type":"SearchAction","target":{"@type":"EntryPoint","urlTemplate":"https:\/\/www.entreculturas.org\/en\/?s={search_term_string}"},"query-input":{"@type":"PropertyValueSpecification","valueRequired":true,"valueName":"search_term_string"}}],"inLanguage":"en-US"},{"@type":"Organization","@id":"https:\/\/www.entreculturas.org\/en\/#organization","name":"Entreculturas","url":"https:\/\/www.entreculturas.org\/en\/","logo":{"@type":"ImageObject","inLanguage":"en-US","@id":"https:\/\/www.entreculturas.org\/en\/#\/schema\/logo\/image\/","url":"https:\/\/www.entreculturas.org\/wp-content\/uploads\/2025\/10\/ESP.svg","contentUrl":"https:\/\/www.entreculturas.org\/wp-content\/uploads\/2025\/10\/ESP.svg","caption":"Entreculturas"},"image":{"@id":"https:\/\/www.entreculturas.org\/en\/#\/schema\/logo\/image\/"},"sameAs":["https:\/\/www.facebook.com\/entreculturas","https:\/\/x.com\/Entreculturas","https:\/\/www.instagram.com\/entreculturas\/","https:\/\/www.youtube.com\/user\/entreculturasvideo","https:\/\/www.linkedin.com\/company\/fundacion-entreculturas-ngdo\/","https:\/\/www.flickr.com\/photos\/98455522@N04\/albums\/"]}]}},"_links":{"self":[{"href":"https:\/\/www.entreculturas.org\/en\/wp-json\/wp\/v2\/noticia\/36588","targetHints":{"allow":["GET"]}}],"collection":[{"href":"https:\/\/www.entreculturas.org\/en\/wp-json\/wp\/v2\/noticia"}],"about":[{"href":"https:\/\/www.entreculturas.org\/en\/wp-json\/wp\/v2\/types\/noticia"}],"wp:featuredmedia":[{"embeddable":true,"href":"https:\/\/www.entreculturas.org\/en\/wp-json\/wp\/v2\/media\/36591"}],"wp:attachment":[{"href":"https:\/\/www.entreculturas.org\/en\/wp-json\/wp\/v2\/media?parent=36588"}],"wp:term":[{"taxonomy":"category","embeddable":true,"href":"https:\/\/www.entreculturas.org\/en\/wp-json\/wp\/v2\/categories?post=36588"},{"taxonomy":"post_tag","embeddable":true,"href":"https:\/\/www.entreculturas.org\/en\/wp-json\/wp\/v2\/tags?post=36588"},{"taxonomy":"country","embeddable":true,"href":"https:\/\/www.entreculturas.org\/en\/wp-json\/wp\/v2\/country?post=36588"},{"taxonomy":"cause","embeddable":true,"href":"https:\/\/www.entreculturas.org\/en\/wp-json\/wp\/v2\/cause?post=36588"}],"curies":[{"name":"wp","href":"https:\/\/api.w.org\/{rel}","templated":true}]}}