{"id":3641,"date":"2019-09-25T14:53:53","date_gmt":"2019-09-25T14:53:53","guid":{"rendered":"https:\/\/entreculturasi.wpenginepowered.com\/?noticias=kim-rozalen-yo-tambien-dibuje-una-puerta-violeta-en-la-pared-cuando-decidi-estudiar"},"modified":"2024-09-16T12:46:01","modified_gmt":"2024-09-16T10:46:01","slug":"kim-rozalen-yo-tambien-dibuje-una-puerta-violeta-en-la-pared-cuando-decidi-estudiar","status":"publish","type":"noticia","link":"https:\/\/www.entreculturas.org\/en\/noticia\/kim-rozalen-yo-tambien-dibuje-una-puerta-violeta-en-la-pared-cuando-decidi-estudiar\/","title":{"rendered":"Kim a Rozal\u00e9n &#8220;Yo tambi\u00e9n dibuj\u00e9 una puerta violeta en la pared cuando decid\u00ed estudiar&#8221;"},"content":{"rendered":"<p>Hace unos meses, la cantautora Rozal\u00e9n y Beatriz Romero, int\u00e9rprete de la lengua de signos, <a href=\"https:\/\/www.entreculturas.org\/es\/rozalen\" target=\"_blank\" rel=\"noopener\">viajaron a Guatemala para conocer la realidad de las ni\u00f1as <\/a>y los proyectos que llevamos a cabo en el pa\u00eds centroamericano. All\u00ed conocieron a Kim, joven guatemalteca de la zona rural que sue\u00f1a con ser locutora y que vio vulnerado su derecho a la educaci\u00f3n durante a\u00f1os. Hoy han cantado juntas La Puerta Violeta, canci\u00f3n que inspira mucho a Kim: &#8220;yo tambi\u00e9n dibuj\u00e9 mi camino y me siento libre cuando estudio&#8221;.\u00a0 Rozal\u00e9n, que ha contado c\u00f3mo fue su experiencia en Guatemala, ha compartido\u00a0que &#8220;contar la historia de los dem\u00e1s da identidad. De repente existen. Hay muchas voces calladas que necesitan un altavoz. Agradezco la experiencia porque me ha hecho crecer a todos los niveles&#8221;.\u00a0 Por otro lado, Beatriz ha expresado\u00a0tambi\u00e9n sus sensaciones tras el viaje. &#8220;Me impact\u00f3 mucho en un contexto de dolor, escuchar a mujeres fuertes y sus historias. A la mujer le resulta todo mucho m\u00e1s dif\u00edcil, a veces es evidente y en otros lugares est\u00e1 m\u00e1s diluido&#8221;.<\/p>\n<p>Raquel Martin, Directora de Comunicaci\u00f3n y Desarrollo Institucional se\u00f1alaba que \u201cGuatemala es uno de los pa\u00edses en los que Entreculturas trabaja, junto a Fe y Alegr\u00eda, promoviendo la protecci\u00f3n y el empoderamiento de las ni\u00f1as a trav\u00e9s de espacios para el acompa\u00f1amiento y la atenci\u00f3n psicosocial en los centros educativos&#8221;. Kim, como muchas otras ni\u00f1as de su comunidad, ha tenido que pelear desde su infancia por un derecho universalmente reconocido, el derecho a la educaci\u00f3n. Kimberley Chival\u00e1n Zacar\u00edas, ha explicado que \u201ca las ni\u00f1as se les niega la educaci\u00f3n por el simple hecho de ser mujer. Tras dejar el colegio, dentro de m\u00ed, ten\u00eda el deseo de seguir estudiando. Dentro de m\u00ed, no importaban los obst\u00e1culos que se me presentaron, para yo poder seguir estudiando\u201d. Kim retom\u00f3 sus estudios con Entreculturas-Fe y Alegr\u00eda y ahora se est\u00e1 formando en la modalidad radiof\u00f3nica. \u201cMi sue\u00f1o es seguir estudiando para llegar a ser una gran locutora y maestra radiof\u00f3nica. Mi sue\u00f1o es que las ni\u00f1as no vivan con miedo, que puedan defender sus derechos, que puedan seguir estudiando, sin importar la edad que tengan. Mi sue\u00f1o es que los j\u00f3venes de mi pueblo seamos la generaci\u00f3n del cambio y que podamos desenvolvernos en nuestros talentos, porque hay muchos talentos pero se ocultan, los ocultamos. Para que, empezando con los j\u00f3venes, ya no haya tanto machismo y que podamos vivir en unidad, en igualdad. Tenemos el derecho a la educaci\u00f3n para poder convivir con otras personas y tambi\u00e9n superar el machismo. Es un deber urgente de madres, padres, comunidades pero tambi\u00e9n Gobiernos que hagan posible que todas las ni\u00f1as como yo misma, estudiemos y realicemos nuestros sue\u00f1os\u201d.<\/p>\n<p>Las cifras son alarmantes. M\u00e1s de 262 millones de ni\u00f1as, ni\u00f1os y j\u00f3venes no pueden ir a la escuela. De ellos, la mitad, 132 millones son ni\u00f1as entre 6 y 17 a\u00f1os no asiste a la escuela. Las adolescentes en zonas de conflicto tienen un 90% m\u00e1s de probabilidades de no acceder a la escolarizaci\u00f3n. Una de cada cuatro ni\u00f1as declara que nunca se sienten seguras al utilizar los aseos de la escuela. Anualmente hay 7,3 millones de partos de adolescentes menores de 18 a\u00f1os de los cuales 1,1 mill\u00f3n se dan entre ni\u00f1as menores de 15 a\u00f1os. Cada a\u00f1o 12 millones de ni\u00f1as son casadas antes de cumplir 18 a\u00f1os.\u00a0 650 millones de mujeres han sido forzadas al matrimonio infantil. M\u00e1s de una de cada tres, antes de los 15 a\u00f1os.<\/p>\n<p>Ellas sufren una doble discriminaci\u00f3n en su derecho a la educaci\u00f3n, por la desigualdad de acceso a las mismas oportunidades, y por el contexto de refugio, violencia, pobreza o exclusi\u00f3n en el que muchas viven. En Entreculturas trabajamos\u00a0en 37 pa\u00edses defendiendo y protegiendo a miles de ni\u00f1as y ni\u00f1os en situaci\u00f3n de refugio, violencia, pobreza o exclusi\u00f3n, haciendo posible que tengan acceso a la educaci\u00f3n.\u00a0 <a href=\"https:\/\/lasillaroja.org\" target=\"_blank\" rel=\"noopener\">La Silla Roja<\/a>, <a href=\"https:\/\/www.laluzdelasninas.org\/\" target=\"_blank\" rel=\"noopener\">La Luz de las Ni\u00f1as<\/a> o Informes como el que se presentaba hoy, &#8216;<a href=\"https:\/\/lasillaroja.org\/wp-content\/uploads\/2019\/08\/seguras-para-aprender.pdf\" target=\"_blank\" rel=\"noopener\">Seguras para aprender en libertad&#8217;<\/a>, son algunas de las acciones que desarrollamos\u00a0en defensa de la educaci\u00f3n de las ni\u00f1as. \u201cCada vez que una ni\u00f1a se sienta en la silla de la educaci\u00f3n multiplica su capacidad de tener una vida digna, aumenta la posibilidad de escapar de la violencia, disminuye la probabilidad de un embarazo temprano y duplica sus opciones de tener recursos propios y acceder a otros derechos\u201d, explicaba Daniel Villanueva SJ, Vicepresidente Ejecutivo de Entreculturas.<\/p>\n<p>El lugar elegido para la rueda de prensa, el Centro de Formaci\u00f3n Padre Piquer, representa la vuelta al cole que estos d\u00edas realizan miles de ni\u00f1os, ni\u00f1as y j\u00f3venes en Espa\u00f1a. La escuela es el lugar donde ocurre todo. El Centro de Formaci\u00f3n Padre Piquer es un centro que cuenta con estudiantes de m\u00e1s de 35 nacionalidades, lenguas y culturas diferentes y que mayoritariamente provienen de un contexto social de clase media-baja. \u201cLos elementos claves de nuestro proyecto est\u00e1n definidos por una educaci\u00f3n inclusiva donde todos, alumnos y alumnas, puedan llegar all\u00e1 donde sus capacidades se lo permitan.\u00a0Para ello y principalmente en secundaria, el aprendizaje cooperativo y la posibilidad de realizar diversas tareas de forma paralela en el aula impregnan toda nuestra propuesta pedag\u00f3gica\u201d, contaba Luis Alberto Rodr\u00edguez de Rivera, Director Centro de Formaci\u00f3n Padre Piquer.<br \/>\n<img decoding=\"async\" style=\"width: 800px; height: 600px;\" src=\"https:\/\/www.entreculturas.org\/wp-content\/uploads\/2019\/09\/kim-hablando.jpg\" alt=\"\" \/><\/p>\n<p>La educaci\u00f3n es un derecho. La educaci\u00f3n protege. \u201cGarantizar entornos educativos seguros y libres de discriminaci\u00f3n y violencia, y que contemplen las necesidades del alumnado, y de las ni\u00f1as en particular, resulta estrat\u00e9gico para que \u00e9stos cumplan su funci\u00f3n protectora\u201d ha apuntado\u00a0Irene Ortega, Coordinadora del \u00c1rea de Ciudadan\u00eda de Entreculturas.\u00a0 El informe &#8216;Seguras para aprender en libertad&#8217;\u00a0ilustra y reivindica el modelo de educaci\u00f3n que promovemos\u00a0y defemdemos\u00a0para proteger y empoderar a las ni\u00f1as en el mundo. Irene Ortega,\u00a0 ha se\u00f1alado\u00a0que \u201clas situaciones de discriminaci\u00f3n y violencia a las que se ven expuestas las ni\u00f1as tienen una relaci\u00f3n directa con la pobreza y la falta de oportunidades y limitan gravemente su capacidad de elecci\u00f3n, de acceso a derechos como la educaci\u00f3n, la salud, un trabajo digno o a la participaci\u00f3n en una vida plena.\u00a0 Estas manifestaciones directas de la desigualdad de g\u00e9nero son, en muchos casos, aceptadas y normalizadas, lo cual provoca que muchas ni\u00f1as y j\u00f3venes no sepan reconocer en estas pr\u00e1cticas los abusos que se cometen hacia ellas, al tiempo que sus victimarios no identifican sus acciones como agresiones\u201d.<\/p>\n<p>La escuela puede ser un espacio de protecci\u00f3n para prevenir y promover la transformaci\u00f3n personal y colectiva que garantice la eliminaci\u00f3n de cualquier forma de violencia hacia las ni\u00f1as. Adem\u00e1s, debe servir para reparar los da\u00f1os f\u00edsicos y emocionales cuando se han producido situaciones de violencia. Para ello necesitamos educar en igualdad y con perspectiva de g\u00e9nero, es decir, una educaci\u00f3n de calidad que no deje a ninguna ni\u00f1a atr\u00e1s. Educar desde un enfoque de derechos humanos, supone garantizar que la escuela cumple su funci\u00f3n de proteger y empoderar a las ni\u00f1as y adolescentes en entornos de igualdad y libres de violencia. Este modelo educativo, comprometido con el cuestionamiento de la naturaleza misma de las relaciones de g\u00e9nero y las discriminaciones que de ellas se derivan, que favorece la construcci\u00f3n de identidades de g\u00e9nero y modelos relacionales basados en el respeto y la igualdad y que promueve culturas escolares inclusivas, orientadas a su vez a la transformaci\u00f3n social, se denomina coeducaci\u00f3n. \u201cDesde Entreculturas, defendemos y promovemos pr\u00e1cticas coeducativas, es decir, que adoptan un enfoque educativo integral que protege y previene la violencia de g\u00e9nero, proporciona estabilidad a las ni\u00f1as en situaci\u00f3n de crisis o conflicto, repara derechos y construye paz y refuerza y repara la autoestima de las ni\u00f1as poniendo sus derechos en el centro\u201d afirmaba Irene Ortega.<\/p>\n<p>Pero para que todo esto ocurra, la escuela tambi\u00e9n debe ser protegida, por ello, ha se\u00f1alado Irene Ortega \u201ces fundamental llegar al comprometido 0,7% de la RNB destinado a Ayuda Oficial al Desarrollo, y de esto, destinar un 8% a educaci\u00f3n b\u00e1sica. Es importante tambi\u00e9n la educaci\u00f3n en emergencias, necesitamos ampliar al 4% el porcentaje de la acci\u00f3n humanitaria que se destina a educaci\u00f3n en emergencias. Igual de fundamentales resultan los tratados internacionales, necesitamos que se cumpla el Pacto Internacional de Migraci\u00f3n y el Pacto Internacional de Refugio as\u00ed como la Declaraci\u00f3n de Escuelas Seguras y la aplicaci\u00f3n de sus directrices\u201d.<br \/>\n<img decoding=\"async\" style=\"width: 800px; height: 600px;\" src=\"https:\/\/www.entreculturas.org\/wp-content\/uploads\/2019\/09\/cantando.jpg\" alt=\"\" \/><\/p>\n<p><strong><span style=\"font-size: 16px;\">ELEMENTOS DE LA CAMPA\u00d1A<\/span><\/strong><\/p>\n<table style=\"width: 800px;\" border=\"0\" cellspacing=\"0\" cellpadding=\"8\" align=\"center\">\n<tbody>\n<tr>\n<td style=\"vertical-align: top; width: 230px;\"><img decoding=\"async\" src=\"https:\/\/www.entreculturas.org\/wp-content\/uploads\/2019\/09\/Seguras-para-aprender_2019.pdf\" alt=\"\" \/><\/td>\n<td style=\"vertical-align: top; width: 530px;\"><strong>LA HERRAMIENTA M\u00c1S PODEROSA: LA EDUCACI\u00d3N<\/strong><br \/>\nEn Entreculturas transformamos un sencillo mueble, una Silla, en la herramienta m\u00e1s poderosa para cambiar el mundo: la educaci\u00f3n. Compartiendo <a href=\"https:\/\/youtu.be\/s8DYCva_YIs\" target=\"_blank\" rel=\"noopener\">el v\u00eddeo de campa\u00f1a<\/a> lograremos que seamos m\u00e1s las personas que defendemos una educaci\u00f3n de calidad para todos y todas.<\/td>\n<\/tr>\n<tr>\n<td><\/td>\n<td><\/td>\n<\/tr>\n<tr>\n<td><\/td>\n<td><\/td>\n<\/tr>\n<tr>\n<td><\/td>\n<td style=\"vertical-align: top; width: 530px;\"><strong>SEGURAS PARA APRENDER EN LIBERTAD<\/strong><br \/>\nLa 13\u00aa edici\u00f3n de nuestro <a href=\"https:\/\/www.entreculturas.org\/wp-content\/uploads\/2019\/09\/Seguras-para-aprender_2019.pdf\" target=\"_blank\" rel=\"noopener\">Informe Rojo<\/a> profundiza en las causas de la violencia de g\u00e9nero, los m\u00faltiples factores de riesgo a los que se enfrentan las ni\u00f1as y c\u00f3mo ha incidido nuestro trabajo para cambiar esa realidad, con intervenciones como el programa La Luz de las Ni\u00f1as. Un estudio detallado sobre la situaci\u00f3n de la vulneraci\u00f3n del derecho a la educaci\u00f3n que limita las oportunidades de las ni\u00f1as para ejercer otros derechos.<\/td>\n<\/tr>\n<tr>\n<td><\/td>\n<td><\/td>\n<\/tr>\n<tr>\n<td><\/td>\n<td><\/td>\n<\/tr>\n<tr>\n<td style=\"vertical-align: top;\"><\/td>\n<td style=\"vertical-align: top;\"><strong>UNA SILLA\u00a0QUE MUEVE EL MUNDO<\/strong><br \/>\nLa Silla Roja representa el lugar que las ni\u00f1as deber\u00edan ocupar y las posibilidades que la educaci\u00f3n ofrece a la infancia que sufre mayor desigualdad. Profundizamos sobre ello en nuestra web de campa\u00f1a: <a href=\"https:\/\/lasillaroja.org\/\" target=\"_blank\" rel=\"noopener\">lasillaroja.org<\/a><\/td>\n<\/tr>\n<tr>\n<td><\/td>\n<td><\/td>\n<\/tr>\n<tr>\n<td><\/td>\n<td><\/td>\n<\/tr>\n<tr>\n<td style=\"vertical-align: top;\"><\/td>\n<td style=\"vertical-align: top;\"><strong>V\u00cdDEO | ENTREVISTA A KIM CHIVAL\u00c1N<\/strong><br \/>\n\u201cTienen esa mentalidad de que las mujeres no trabajen, que se queden en casa y no estudien\u201d, nos cuenta Kim en esta <a href=\"https:\/\/youtu.be\/H0qGtts8Gyg\" target=\"_blank\" rel=\"noopener\">entrevista<\/a>. \u201cCinco a\u00f1os dej\u00e9 de estudiar. Me acuerdo perfectamente: dentro de m\u00ed nac\u00eda que quer\u00eda estudiar. Las mujeres tenemos derecho. El estudio es la clave, la llave: si t\u00fa estudias, aparte de que descubres muchas cosas interesantes que ahora no sabes, es para tu futuro.\u201d<\/td>\n<\/tr>\n<tr>\n<td style=\"vertical-align: top;\"><\/td>\n<td style=\"vertical-align: top;\"><\/td>\n<\/tr>\n<tr>\n<td style=\"vertical-align: top;\"><\/td>\n<td style=\"vertical-align: top;\"><\/td>\n<\/tr>\n<tr>\n<td style=\"vertical-align: top;\"><\/td>\n<td style=\"vertical-align: top;\"><strong>ELEMENTOS DE MOVILIZACI\u00d3N Y APOYO<\/strong><br \/>\nTodo el material de difusi\u00f3n y elementos de movilizaci\u00f3n para llevar La Silla Roja a cada rinc\u00f3n est\u00e1 disponible:<br \/>\n&#8211; <a href=\"https:\/\/www.entreculturas.org\/sites\/default\/files\/Elementos\/LaSillaRoja\/Silla%20roja%20imagen%202019.pdf\" target=\"_blank\" rel=\"noopener\">Descarga el cartel.<\/a><br \/>\n&#8211; <a href=\"https:\/\/www.entreculturas.org\/sites\/default\/files\/Elementos\/LaSillaRoja\/AF.Roller%20Silla%20roja_1x2m.pdf\" target=\"_blank\" rel=\"noopener\">Descarga el roller.<\/a><\/td>\n<\/tr>\n<tr>\n<td style=\"vertical-align: top;\"><\/td>\n<td style=\"vertical-align: top;\"><\/td>\n<\/tr>\n<tr>\n<td style=\"vertical-align: top;\"><\/td>\n<td style=\"vertical-align: top;\"><\/td>\n<\/tr>\n<tr>\n<td style=\"vertical-align: top;\"><\/td>\n<td style=\"vertical-align: top;\"><strong>V\u00cdDEO | EL TRABAJO DE FE Y ALEGR\u00cdA EN R. D. DEL CONGO<\/strong><br \/>\nEn R.D. Congo, una de las mayores barreras para la escolarizaci\u00f3n es el coste del acceso ya que, aunque en la teor\u00eda la educaci\u00f3n deber\u00eda ser gratuita, en la pr\u00e1ctica implica el pago de tasas escolares por parte de cada estudiante. <a href=\"https:\/\/youtu.be\/u4I0hvmFYEw\" target=\"_blank\" rel=\"noopener\">El trabajo de Fe y Alegr\u00eda <\/a>en el pa\u00eds no solo se centra en que los ni\u00f1os y ni\u00f1as puedan acceder a la escuela, sino tambi\u00e9n en sensibilizar y formar a todos los actores implicados en su desarrollo: padres, madres y personal educativo.<\/td>\n<\/tr>\n<tr>\n<td style=\"vertical-align: top;\"><\/td>\n<td style=\"vertical-align: top;\"><\/td>\n<\/tr>\n<tr>\n<td style=\"vertical-align: top;\"><\/td>\n<td style=\"vertical-align: top;\"><\/td>\n<\/tr>\n<tr>\n<td style=\"vertical-align: top;\"><\/td>\n<td style=\"vertical-align: top;\"><strong>UNIDAD DID\u00c1CTICA \u201cLA SILLA ROJA\u201d<\/strong><br \/>\n\u00bfPor qu\u00e9 ir al cole es importante? \u00bfQu\u00e9 cosas aprendemos en \u00e9l y a qu\u00e9 personas nos permite conocer? A trav\u00e9s de la <a href=\"https:\/\/lasillaroja.org\/descargar-materiales\/\" target=\"_blank\" rel=\"noopener\">unidad did\u00e1ctica<\/a> de la campa\u00f1a dividida en 3 franjas de edad (4-8 a\u00f1os, 8-12 a\u00f1os y 12-16 a\u00f1os), los ni\u00f1os, ni\u00f1as y adolescentes podr\u00e1n reflexionar sobre el derecho a la educaci\u00f3n a nivel global y movilizarse y comprometerse con \u00e9l.<\/td>\n<\/tr>\n<tr>\n<td style=\"vertical-align: top;\"><\/td>\n<td style=\"vertical-align: top;\"><\/td>\n<\/tr>\n<tr>\n<td style=\"vertical-align: top;\"><\/td>\n<td style=\"vertical-align: top;\"><\/td>\n<\/tr>\n<tr>\n<td style=\"vertical-align: top;\"><\/td>\n<td style=\"vertical-align: top; text-align: justify;\">\n<p style=\"text-align: left;\"><strong>REVISTA TRIMESTRAL N\u00ba 75<\/strong><br \/>\nEn nuestro \u00faltimo Bolet\u00edn Trimestral, junto a las noticias m\u00e1s relevantes, hablaremos en profundidad del derecho a la educaci\u00f3n y, en concreto, de las barreras que enfrentan las ni\u00f1as en su ejercicio, y nos acercamos a nuestro trabajo en Hait\u00ed y en la Amazon\u00eda. Adem\u00e1s, charlamos con Michel Ange Rousseau, alumna de Fe y Alegr\u00eda en la escuela de Cana\u00e1n: nada detiene a esta joven haitiana que estudia, juega al f\u00fatbol y quiere ser azafata de vuelos cuando sea mayor. En unos d\u00edas, <a href=\"https:\/\/www.entreculturas.org\/es\/informate\/publicaciones\/revista-trimestral\" target=\"_blank\" rel=\"noopener\">la revista<\/a> estar\u00e1 disponible en la secci\u00f3n Publicaciones de nuestra p\u00e1gina web.<\/p>\n<\/td>\n<\/tr>\n<tr>\n<td style=\"vertical-align: top;\"><\/td>\n<td style=\"vertical-align: top;\"><\/td>\n<\/tr>\n<tr>\n<td style=\"vertical-align: top;\"><\/td>\n<td style=\"vertical-align: top;\"><\/td>\n<\/tr>\n<tr>\n<td style=\"vertical-align: top;\"><\/td>\n<td style=\"vertical-align: top;\"><strong>#LASILLAROJA<\/strong><br \/>\nEntre todas y todos hacemos llegar nuestro mensaje de defensa del derecho a la educaci\u00f3n a\u00fan m\u00e1s lejos. En <a href=\"https:\/\/docs.google.com\/document\/d\/1Kw_cxAWTnpZDuatzb0jF4hm4ks-rUIKZLvaQncWuEMQ\/edit\" target=\"_blank\" rel=\"noopener\">este documento<\/a> encontramos propuestas de contenidos para mover en nuestras redes sociales y, <a href=\"https:\/\/drive.google.com\/drive\/folders\/1y8iUfrXdTOErpncfMBAioVEK8_wn50qK\" target=\"_blank\" rel=\"noopener\">en esta carpeta<\/a>, las im\u00e1genes y cabeceras de la campa\u00f1a.<\/td>\n<\/tr>\n<\/tbody>\n<\/table>\n","protected":false},"excerpt":{"rendered":"<p>En esta vuelta al cole, m\u00e1s de 262 millones de ni\u00f1as, ni\u00f1os y j\u00f3venes no volver\u00e1n a la escuela. De ellos, la mitad -132 millones- son ni\u00f1as entre 6 y 17 a\u00f1os no asiste a la escuela. La Silla Roja pone el foco en el derecho a la educaci\u00f3n y alerta de que las ni\u00f1as y mujeres sufren una doble discriminaci\u00f3n. Para ahondar en este tema, hemos lanzando el Informe: &#8220;Seguras para aprender el libertad&#8221;.<\/p>\n","protected":false},"featured_media":3643,"template":"single-noticia","meta":{"_acf_changed":false},"categories":[7],"tags":[293],"country":[],"cause":[130],"class_list":["post-3641","noticia","type-noticia","status-publish","has-post-thumbnail","hentry","category-noticia","tag-genero","cause-genero"],"acf":[],"yoast_head":"<!-- This site is optimized with the Yoast SEO Premium plugin v21.6 (Yoast SEO v27.5) - https:\/\/yoast.com\/product\/yoast-seo-premium-wordpress\/ -->\n<title>Kim a Rozal\u00e9n &quot;Yo tambi\u00e9n dibuj\u00e9 una puerta violeta en la pared cuando decid\u00ed estudiar&quot; - Entreculturas<\/title>\n<meta name=\"robots\" content=\"index, follow, max-snippet:-1, max-image-preview:large, max-video-preview:-1\" \/>\n<link rel=\"canonical\" href=\"https:\/\/www.entreculturas.org\/en\/noticia\/kim-rozalen-yo-tambien-dibuje-una-puerta-violeta-en-la-pared-cuando-decidi-estudiar\/\" \/>\n<meta property=\"og:locale\" content=\"en_US\" \/>\n<meta property=\"og:type\" content=\"article\" \/>\n<meta property=\"og:title\" content=\"Kim a Rozal\u00e9n &quot;Yo tambi\u00e9n dibuj\u00e9 una puerta violeta en la pared cuando decid\u00ed estudiar&quot;\" \/>\n<meta property=\"og:description\" content=\"En esta vuelta al cole, m\u00e1s de 262 millones de ni\u00f1as, ni\u00f1os y j\u00f3venes no volver\u00e1n a la escuela. De ellos, la mitad -132 millones- son ni\u00f1as entre 6 y 17 a\u00f1os no asiste a la escuela. La Silla Roja pone el foco en el derecho a la educaci\u00f3n y alerta de que las ni\u00f1as y mujeres sufren una doble discriminaci\u00f3n. Para ahondar en este tema, hemos lanzando el Informe: &quot;Seguras para aprender el libertad&quot;.\" \/>\n<meta property=\"og:url\" content=\"https:\/\/www.entreculturas.org\/en\/noticia\/kim-rozalen-yo-tambien-dibuje-una-puerta-violeta-en-la-pared-cuando-decidi-estudiar\/\" \/>\n<meta property=\"og:site_name\" content=\"Entreculturas\" \/>\n<meta property=\"article:publisher\" content=\"https:\/\/www.facebook.com\/entreculturas\" \/>\n<meta property=\"article:modified_time\" content=\"2024-09-16T10:46:01+00:00\" \/>\n<meta property=\"og:image\" content=\"https:\/\/www.entreculturas.org\/wp-content\/uploads\/2019\/09\/sillaroja01.jpg\" \/>\n\t<meta property=\"og:image:width\" content=\"400\" \/>\n\t<meta property=\"og:image:height\" content=\"400\" \/>\n\t<meta property=\"og:image:type\" content=\"image\/jpeg\" \/>\n<meta name=\"twitter:card\" content=\"summary_large_image\" \/>\n<meta name=\"twitter:site\" content=\"@Entreculturas\" \/>\n<script type=\"application\/ld+json\" class=\"yoast-schema-graph\">{\"@context\":\"https:\\\/\\\/schema.org\",\"@graph\":[{\"@type\":\"WebPage\",\"@id\":\"https:\\\/\\\/www.entreculturas.org\\\/en\\\/noticia\\\/kim-rozalen-yo-tambien-dibuje-una-puerta-violeta-en-la-pared-cuando-decidi-estudiar\\\/\",\"url\":\"https:\\\/\\\/www.entreculturas.org\\\/en\\\/noticia\\\/kim-rozalen-yo-tambien-dibuje-una-puerta-violeta-en-la-pared-cuando-decidi-estudiar\\\/\",\"name\":\"Kim a Rozal\u00e9n \\\"Yo tambi\u00e9n dibuj\u00e9 una puerta violeta en la pared cuando decid\u00ed estudiar\\\" - Entreculturas\",\"isPartOf\":{\"@id\":\"https:\\\/\\\/www.entreculturas.org\\\/en\\\/#website\"},\"primaryImageOfPage\":{\"@id\":\"https:\\\/\\\/www.entreculturas.org\\\/en\\\/noticia\\\/kim-rozalen-yo-tambien-dibuje-una-puerta-violeta-en-la-pared-cuando-decidi-estudiar\\\/#primaryimage\"},\"image\":{\"@id\":\"https:\\\/\\\/www.entreculturas.org\\\/en\\\/noticia\\\/kim-rozalen-yo-tambien-dibuje-una-puerta-violeta-en-la-pared-cuando-decidi-estudiar\\\/#primaryimage\"},\"thumbnailUrl\":\"https:\\\/\\\/www.entreculturas.org\\\/wp-content\\\/uploads\\\/2019\\\/09\\\/sillaroja01.jpg\",\"datePublished\":\"2019-09-25T14:53:53+00:00\",\"dateModified\":\"2024-09-16T10:46:01+00:00\",\"breadcrumb\":{\"@id\":\"https:\\\/\\\/www.entreculturas.org\\\/en\\\/noticia\\\/kim-rozalen-yo-tambien-dibuje-una-puerta-violeta-en-la-pared-cuando-decidi-estudiar\\\/#breadcrumb\"},\"inLanguage\":\"en-US\",\"potentialAction\":[{\"@type\":\"ReadAction\",\"target\":[\"https:\\\/\\\/www.entreculturas.org\\\/en\\\/noticia\\\/kim-rozalen-yo-tambien-dibuje-una-puerta-violeta-en-la-pared-cuando-decidi-estudiar\\\/\"]}]},{\"@type\":\"ImageObject\",\"inLanguage\":\"en-US\",\"@id\":\"https:\\\/\\\/www.entreculturas.org\\\/en\\\/noticia\\\/kim-rozalen-yo-tambien-dibuje-una-puerta-violeta-en-la-pared-cuando-decidi-estudiar\\\/#primaryimage\",\"url\":\"https:\\\/\\\/www.entreculturas.org\\\/wp-content\\\/uploads\\\/2019\\\/09\\\/sillaroja01.jpg\",\"contentUrl\":\"https:\\\/\\\/www.entreculturas.org\\\/wp-content\\\/uploads\\\/2019\\\/09\\\/sillaroja01.jpg\",\"width\":400,\"height\":400,\"caption\":\"sillaroja01\"},{\"@type\":\"BreadcrumbList\",\"@id\":\"https:\\\/\\\/www.entreculturas.org\\\/en\\\/noticia\\\/kim-rozalen-yo-tambien-dibuje-una-puerta-violeta-en-la-pared-cuando-decidi-estudiar\\\/#breadcrumb\",\"itemListElement\":[{\"@type\":\"ListItem\",\"position\":1,\"name\":\"Home\",\"item\":\"https:\\\/\\\/www.entreculturas.org\\\/en\\\/\"},{\"@type\":\"ListItem\",\"position\":2,\"name\":\"Noticias\",\"item\":\"https:\\\/\\\/www.entreculturas.org\\\/en\\\/noticias\\\/\"},{\"@type\":\"ListItem\",\"position\":3,\"name\":\"Kim a Rozal\u00e9n &#8220;Yo tambi\u00e9n dibuj\u00e9 una puerta violeta en la pared cuando decid\u00ed estudiar&#8221;\"}]},{\"@type\":\"WebSite\",\"@id\":\"https:\\\/\\\/www.entreculturas.org\\\/en\\\/#website\",\"url\":\"https:\\\/\\\/www.entreculturas.org\\\/en\\\/\",\"name\":\"Entreculturas\",\"description\":\"\",\"publisher\":{\"@id\":\"https:\\\/\\\/www.entreculturas.org\\\/en\\\/#organization\"},\"alternateName\":\"Entreculturas\",\"potentialAction\":[{\"@type\":\"SearchAction\",\"target\":{\"@type\":\"EntryPoint\",\"urlTemplate\":\"https:\\\/\\\/www.entreculturas.org\\\/en\\\/?s={search_term_string}\"},\"query-input\":{\"@type\":\"PropertyValueSpecification\",\"valueRequired\":true,\"valueName\":\"search_term_string\"}}],\"inLanguage\":\"en-US\"},{\"@type\":\"Organization\",\"@id\":\"https:\\\/\\\/www.entreculturas.org\\\/en\\\/#organization\",\"name\":\"Entreculturas\",\"url\":\"https:\\\/\\\/www.entreculturas.org\\\/en\\\/\",\"logo\":{\"@type\":\"ImageObject\",\"inLanguage\":\"en-US\",\"@id\":\"https:\\\/\\\/www.entreculturas.org\\\/en\\\/#\\\/schema\\\/logo\\\/image\\\/\",\"url\":\"https:\\\/\\\/www.entreculturas.org\\\/wp-content\\\/uploads\\\/2025\\\/10\\\/ESP.svg\",\"contentUrl\":\"https:\\\/\\\/www.entreculturas.org\\\/wp-content\\\/uploads\\\/2025\\\/10\\\/ESP.svg\",\"caption\":\"Entreculturas\"},\"image\":{\"@id\":\"https:\\\/\\\/www.entreculturas.org\\\/en\\\/#\\\/schema\\\/logo\\\/image\\\/\"},\"sameAs\":[\"https:\\\/\\\/www.facebook.com\\\/entreculturas\",\"https:\\\/\\\/x.com\\\/Entreculturas\",\"https:\\\/\\\/www.instagram.com\\\/entreculturas\\\/\",\"https:\\\/\\\/www.youtube.com\\\/user\\\/entreculturasvideo\",\"https:\\\/\\\/www.linkedin.com\\\/company\\\/fundacion-entreculturas-ngdo\\\/\",\"https:\\\/\\\/www.flickr.com\\\/photos\\\/98455522@N04\\\/albums\\\/\"]}]}<\/script>\n<!-- \/ Yoast SEO Premium plugin. -->","yoast_head_json":{"title":"Kim a Rozal\u00e9n \"Yo tambi\u00e9n dibuj\u00e9 una puerta violeta en la pared cuando decid\u00ed estudiar\" - Entreculturas","robots":{"index":"index","follow":"follow","max-snippet":"max-snippet:-1","max-image-preview":"max-image-preview:large","max-video-preview":"max-video-preview:-1"},"canonical":"https:\/\/www.entreculturas.org\/en\/noticia\/kim-rozalen-yo-tambien-dibuje-una-puerta-violeta-en-la-pared-cuando-decidi-estudiar\/","og_locale":"en_US","og_type":"article","og_title":"Kim a Rozal\u00e9n \"Yo tambi\u00e9n dibuj\u00e9 una puerta violeta en la pared cuando decid\u00ed estudiar\"","og_description":"En esta vuelta al cole, m\u00e1s de 262 millones de ni\u00f1as, ni\u00f1os y j\u00f3venes no volver\u00e1n a la escuela. De ellos, la mitad -132 millones- son ni\u00f1as entre 6 y 17 a\u00f1os no asiste a la escuela. La Silla Roja pone el foco en el derecho a la educaci\u00f3n y alerta de que las ni\u00f1as y mujeres sufren una doble discriminaci\u00f3n. Para ahondar en este tema, hemos lanzando el Informe: \"Seguras para aprender el libertad\".","og_url":"https:\/\/www.entreculturas.org\/en\/noticia\/kim-rozalen-yo-tambien-dibuje-una-puerta-violeta-en-la-pared-cuando-decidi-estudiar\/","og_site_name":"Entreculturas","article_publisher":"https:\/\/www.facebook.com\/entreculturas","article_modified_time":"2024-09-16T10:46:01+00:00","og_image":[{"width":400,"height":400,"url":"https:\/\/www.entreculturas.org\/wp-content\/uploads\/2019\/09\/sillaroja01.jpg","type":"image\/jpeg"}],"twitter_card":"summary_large_image","twitter_site":"@Entreculturas","schema":{"@context":"https:\/\/schema.org","@graph":[{"@type":"WebPage","@id":"https:\/\/www.entreculturas.org\/en\/noticia\/kim-rozalen-yo-tambien-dibuje-una-puerta-violeta-en-la-pared-cuando-decidi-estudiar\/","url":"https:\/\/www.entreculturas.org\/en\/noticia\/kim-rozalen-yo-tambien-dibuje-una-puerta-violeta-en-la-pared-cuando-decidi-estudiar\/","name":"Kim a Rozal\u00e9n \"Yo tambi\u00e9n dibuj\u00e9 una puerta violeta en la pared cuando decid\u00ed estudiar\" - Entreculturas","isPartOf":{"@id":"https:\/\/www.entreculturas.org\/en\/#website"},"primaryImageOfPage":{"@id":"https:\/\/www.entreculturas.org\/en\/noticia\/kim-rozalen-yo-tambien-dibuje-una-puerta-violeta-en-la-pared-cuando-decidi-estudiar\/#primaryimage"},"image":{"@id":"https:\/\/www.entreculturas.org\/en\/noticia\/kim-rozalen-yo-tambien-dibuje-una-puerta-violeta-en-la-pared-cuando-decidi-estudiar\/#primaryimage"},"thumbnailUrl":"https:\/\/www.entreculturas.org\/wp-content\/uploads\/2019\/09\/sillaroja01.jpg","datePublished":"2019-09-25T14:53:53+00:00","dateModified":"2024-09-16T10:46:01+00:00","breadcrumb":{"@id":"https:\/\/www.entreculturas.org\/en\/noticia\/kim-rozalen-yo-tambien-dibuje-una-puerta-violeta-en-la-pared-cuando-decidi-estudiar\/#breadcrumb"},"inLanguage":"en-US","potentialAction":[{"@type":"ReadAction","target":["https:\/\/www.entreculturas.org\/en\/noticia\/kim-rozalen-yo-tambien-dibuje-una-puerta-violeta-en-la-pared-cuando-decidi-estudiar\/"]}]},{"@type":"ImageObject","inLanguage":"en-US","@id":"https:\/\/www.entreculturas.org\/en\/noticia\/kim-rozalen-yo-tambien-dibuje-una-puerta-violeta-en-la-pared-cuando-decidi-estudiar\/#primaryimage","url":"https:\/\/www.entreculturas.org\/wp-content\/uploads\/2019\/09\/sillaroja01.jpg","contentUrl":"https:\/\/www.entreculturas.org\/wp-content\/uploads\/2019\/09\/sillaroja01.jpg","width":400,"height":400,"caption":"sillaroja01"},{"@type":"BreadcrumbList","@id":"https:\/\/www.entreculturas.org\/en\/noticia\/kim-rozalen-yo-tambien-dibuje-una-puerta-violeta-en-la-pared-cuando-decidi-estudiar\/#breadcrumb","itemListElement":[{"@type":"ListItem","position":1,"name":"Home","item":"https:\/\/www.entreculturas.org\/en\/"},{"@type":"ListItem","position":2,"name":"Noticias","item":"https:\/\/www.entreculturas.org\/en\/noticias\/"},{"@type":"ListItem","position":3,"name":"Kim a Rozal\u00e9n &#8220;Yo tambi\u00e9n dibuj\u00e9 una puerta violeta en la pared cuando decid\u00ed estudiar&#8221;"}]},{"@type":"WebSite","@id":"https:\/\/www.entreculturas.org\/en\/#website","url":"https:\/\/www.entreculturas.org\/en\/","name":"Entreculturas","description":"","publisher":{"@id":"https:\/\/www.entreculturas.org\/en\/#organization"},"alternateName":"Entreculturas","potentialAction":[{"@type":"SearchAction","target":{"@type":"EntryPoint","urlTemplate":"https:\/\/www.entreculturas.org\/en\/?s={search_term_string}"},"query-input":{"@type":"PropertyValueSpecification","valueRequired":true,"valueName":"search_term_string"}}],"inLanguage":"en-US"},{"@type":"Organization","@id":"https:\/\/www.entreculturas.org\/en\/#organization","name":"Entreculturas","url":"https:\/\/www.entreculturas.org\/en\/","logo":{"@type":"ImageObject","inLanguage":"en-US","@id":"https:\/\/www.entreculturas.org\/en\/#\/schema\/logo\/image\/","url":"https:\/\/www.entreculturas.org\/wp-content\/uploads\/2025\/10\/ESP.svg","contentUrl":"https:\/\/www.entreculturas.org\/wp-content\/uploads\/2025\/10\/ESP.svg","caption":"Entreculturas"},"image":{"@id":"https:\/\/www.entreculturas.org\/en\/#\/schema\/logo\/image\/"},"sameAs":["https:\/\/www.facebook.com\/entreculturas","https:\/\/x.com\/Entreculturas","https:\/\/www.instagram.com\/entreculturas\/","https:\/\/www.youtube.com\/user\/entreculturasvideo","https:\/\/www.linkedin.com\/company\/fundacion-entreculturas-ngdo\/","https:\/\/www.flickr.com\/photos\/98455522@N04\/albums\/"]}]}},"_links":{"self":[{"href":"https:\/\/www.entreculturas.org\/en\/wp-json\/wp\/v2\/noticia\/3641","targetHints":{"allow":["GET"]}}],"collection":[{"href":"https:\/\/www.entreculturas.org\/en\/wp-json\/wp\/v2\/noticia"}],"about":[{"href":"https:\/\/www.entreculturas.org\/en\/wp-json\/wp\/v2\/types\/noticia"}],"wp:featuredmedia":[{"embeddable":true,"href":"https:\/\/www.entreculturas.org\/en\/wp-json\/wp\/v2\/media\/3643"}],"wp:attachment":[{"href":"https:\/\/www.entreculturas.org\/en\/wp-json\/wp\/v2\/media?parent=3641"}],"wp:term":[{"taxonomy":"category","embeddable":true,"href":"https:\/\/www.entreculturas.org\/en\/wp-json\/wp\/v2\/categories?post=3641"},{"taxonomy":"post_tag","embeddable":true,"href":"https:\/\/www.entreculturas.org\/en\/wp-json\/wp\/v2\/tags?post=3641"},{"taxonomy":"country","embeddable":true,"href":"https:\/\/www.entreculturas.org\/en\/wp-json\/wp\/v2\/country?post=3641"},{"taxonomy":"cause","embeddable":true,"href":"https:\/\/www.entreculturas.org\/en\/wp-json\/wp\/v2\/cause?post=3641"}],"curies":[{"name":"wp","href":"https:\/\/api.w.org\/{rel}","templated":true}]}}