{"id":36082,"date":"2024-11-28T14:49:51","date_gmt":"2024-11-28T13:49:51","guid":{"rendered":"https:\/\/www.entreculturas.org\/?post_type=noticia&#038;p=36082"},"modified":"2024-11-28T14:49:55","modified_gmt":"2024-11-28T13:49:55","slug":"el-poder-de-las-alianzas-clave-para-lograr-transformaciones-estructurales-y-sostenibles","status":"publish","type":"noticia","link":"https:\/\/www.entreculturas.org\/en\/noticia\/el-poder-de-las-alianzas-clave-para-lograr-transformaciones-estructurales-y-sostenibles\/","title":{"rendered":"El poder de las alianzas: clave para lograr transformaciones estructurales y sostenibles."},"content":{"rendered":"\n<p>El video <em>\u2018<\/em><strong><em>#VoyaSer parte del cambio<\/em>\u2019,<\/strong> en el que profesionales de Santillana Latinoam\u00e9rica hablan de qu\u00e9 significa para ellos el programa #VoyaSer, ha sido uno de los finalistas en la categor\u00eda \u201cmejor proyecto audiovisual\u201d de los XV Premios Corresponsables de Iberoam\u00e9rica.<\/p>\n\n\n\n<p><\/p>\n\n\n\n<p>El pasado 14 de noviembre, se celebr\u00f3 la Gala de los<strong> XV Premios Corresponsables de Iberoam\u00e9rica<\/strong> en Tarragona (Catalu\u00f1a). Este certamen, organizado por Fundaci\u00f3n Corresponsables y ObservaRSE, pone en valor las pr\u00e1cticas m\u00e1s destacadas en sostenibilidad y las mejores acciones de comunicaci\u00f3n responsable. En su XV edici\u00f3n, ha logrado cerca de 1.000 candidaturas de 15 pa\u00edses de habla hispana.<\/p>\n\n\n\n<p><\/p>\n\n\n\n<p>En esta ocasi\u00f3n, el proyecto #VoyaSer, ha sido finalista en la categor\u00eda \u201cMejor video corporativo \/ proyecto audiovisual \u201d<a href=\"https:\/\/youtu.be\/daTHWh5bnF4?si=Juz_7tNkkJIdvSmi\">\u2018#VoyaSer parte del cambio\u2019<\/a>, protagonizado por profesionales de Santillana, quienes cuentan qu\u00e9 significa para ellos ser parte de #VoyaSer.<\/p>\n\n\n\n<p><\/p>\n\n\n\n<p>#VoyaSer es el programa de transformaci\u00f3n social que impulsa Santillana en colaboraci\u00f3n con <strong>Fundaci\u00f3n Entreculturas y Fe y Alegr\u00eda Per\u00fa y Guatemala. <\/strong>Est\u00e1 dirigido a ni\u00f1as de comunidades ind\u00edgenas de Guatemala y Per\u00fa, ofreciendo una ayuda totalmente integral (ayuda educativa, social, tecnol\u00f3gica y econ\u00f3mica). El objetivo principal es apoyar la continuidad educativa de estas ni\u00f1as en situaci\u00f3n de pobreza para que concluyan la educaci\u00f3n secundaria obligatoria, etapa que no completan un 40% de los estudiantes latinoamericanos, seg\u00fan el Banco Interamericano de Desarrollo (BID, 2018). <strong>#VoyaSer contribuye a reducir el absentismo escolar,<\/strong> adem\u00e1s de acompa\u00f1ar a las ni\u00f1as durante todo su proceso educativo, mejorando su autoestima y empoderamiento social.<\/p>\n\n\n\n<p><\/p>\n\n\n\n<p>Esta colaboraci\u00f3n ilustra<strong> el poder de las alianzas para lograr un impacto social significativo.<\/strong> Este tipo de alianzas es crucial para generar cambios duraderos, demostrando que la cooperaci\u00f3n entre el sector privado y las ONG puede ser una poderosa herramienta para el desarrollo social a trav\u00e9s de un modelo estrat\u00e9gico de intervenci\u00f3n social que busca generar cambios estructurales y sostenibles.<\/p>\n","protected":false},"excerpt":{"rendered":"<p>El video \u2018#VoyaSer parte del cambio\u2019, en el que profesionales de Santillana Latinoam\u00e9rica hablan de qu\u00e9 significa para ellos el programa #VoyaSer, ha sido uno de los finalistas en la categor\u00eda \u201cmejor proyecto audiovisual\u201d de los XV Premios Corresponsables de Iberoam\u00e9rica. El pasado 14 de noviembre, se celebr\u00f3 la Gala de los XV Premios Corresponsables de Iberoam\u00e9rica en Tarragona (Catalu\u00f1a). Este certamen, organizado por Fundaci\u00f3n Corresponsables y ObservaRSE, pone en valor las pr\u00e1cticas m\u00e1s destacadas en sostenibilidad y las mejores acciones de comunicaci\u00f3n responsable. En su XV edici\u00f3n, ha logrado cerca de 1.000 candidaturas de 15 pa\u00edses de habla hispana. En esta ocasi\u00f3n, el proyecto #VoyaSer, ha sido finalista en la categor\u00eda \u201cMejor video corporativo \/ proyecto audiovisual \u201d\u2018#VoyaSer parte del cambio\u2019, protagonizado por profesionales de Santillana, quienes cuentan qu\u00e9 significa para ellos ser parte de #VoyaSer. #VoyaSer es el programa de transformaci\u00f3n social que impulsa Santillana en colaboraci\u00f3n con [&hellip;]<\/p>\n","protected":false},"featured_media":36099,"template":"","meta":{"_acf_changed":false},"categories":[7],"tags":[196],"country":[],"cause":[],"class_list":["post-36082","noticia","type-noticia","status-publish","has-post-thumbnail","hentry","category-noticia","tag-rsc"],"acf":[],"yoast_head":"<!-- This site is optimized with the Yoast SEO Premium plugin v21.6 (Yoast SEO v27.5) - https:\/\/yoast.com\/product\/yoast-seo-premium-wordpress\/ -->\n<title>El poder de las alianzas: clave para lograr transformaciones estructurales y sostenibles. - Entreculturas<\/title>\n<meta name=\"description\" content=\"El video \u2018#VoyaSer parte del cambio\u2019, ha sido uno de los finalistas en los XV Premios Corresponsables de Iberoam\u00e9rica.\" \/>\n<meta name=\"robots\" content=\"index, follow, max-snippet:-1, max-image-preview:large, max-video-preview:-1\" \/>\n<link rel=\"canonical\" href=\"https:\/\/www.entreculturas.org\/en\/noticia\/el-poder-de-las-alianzas-clave-para-lograr-transformaciones-estructurales-y-sostenibles\/\" \/>\n<meta property=\"og:locale\" content=\"en_US\" \/>\n<meta property=\"og:type\" content=\"article\" \/>\n<meta property=\"og:title\" content=\"El poder de las alianzas: clave para lograr transformaciones estructurales y sostenibles.\" \/>\n<meta property=\"og:description\" content=\"El video \u2018#VoyaSer parte del cambio\u2019, ha sido uno de los finalistas en los XV Premios Corresponsables de Iberoam\u00e9rica.\" \/>\n<meta property=\"og:url\" content=\"https:\/\/www.entreculturas.org\/en\/noticia\/el-poder-de-las-alianzas-clave-para-lograr-transformaciones-estructurales-y-sostenibles\/\" \/>\n<meta property=\"og:site_name\" content=\"Entreculturas\" \/>\n<meta property=\"article:publisher\" content=\"https:\/\/www.facebook.com\/entreculturas\" \/>\n<meta property=\"article:modified_time\" content=\"2024-11-28T13:49:55+00:00\" \/>\n<meta property=\"og:image\" content=\"https:\/\/www.entreculturas.org\/wp-content\/uploads\/2024\/11\/Foto-corresponsables-2.jpg\" \/>\n\t<meta property=\"og:image:width\" content=\"1920\" \/>\n\t<meta property=\"og:image:height\" content=\"1080\" \/>\n\t<meta property=\"og:image:type\" content=\"image\/jpeg\" \/>\n<meta name=\"twitter:card\" content=\"summary_large_image\" \/>\n<meta name=\"twitter:site\" content=\"@Entreculturas\" \/>\n<script type=\"application\/ld+json\" class=\"yoast-schema-graph\">{\"@context\":\"https:\\\/\\\/schema.org\",\"@graph\":[{\"@type\":\"WebPage\",\"@id\":\"https:\\\/\\\/www.entreculturas.org\\\/en\\\/noticia\\\/el-poder-de-las-alianzas-clave-para-lograr-transformaciones-estructurales-y-sostenibles\\\/\",\"url\":\"https:\\\/\\\/www.entreculturas.org\\\/en\\\/noticia\\\/el-poder-de-las-alianzas-clave-para-lograr-transformaciones-estructurales-y-sostenibles\\\/\",\"name\":\"El poder de las alianzas: clave para lograr transformaciones estructurales y sostenibles. - Entreculturas\",\"isPartOf\":{\"@id\":\"https:\\\/\\\/www.entreculturas.org\\\/en\\\/#website\"},\"primaryImageOfPage\":{\"@id\":\"https:\\\/\\\/www.entreculturas.org\\\/en\\\/noticia\\\/el-poder-de-las-alianzas-clave-para-lograr-transformaciones-estructurales-y-sostenibles\\\/#primaryimage\"},\"image\":{\"@id\":\"https:\\\/\\\/www.entreculturas.org\\\/en\\\/noticia\\\/el-poder-de-las-alianzas-clave-para-lograr-transformaciones-estructurales-y-sostenibles\\\/#primaryimage\"},\"thumbnailUrl\":\"https:\\\/\\\/www.entreculturas.org\\\/wp-content\\\/uploads\\\/2024\\\/11\\\/Foto-corresponsables-2.jpg\",\"datePublished\":\"2024-11-28T13:49:51+00:00\",\"dateModified\":\"2024-11-28T13:49:55+00:00\",\"description\":\"El video \u2018#VoyaSer parte del cambio\u2019, ha sido uno de los finalistas en los XV Premios Corresponsables de Iberoam\u00e9rica.\",\"breadcrumb\":{\"@id\":\"https:\\\/\\\/www.entreculturas.org\\\/en\\\/noticia\\\/el-poder-de-las-alianzas-clave-para-lograr-transformaciones-estructurales-y-sostenibles\\\/#breadcrumb\"},\"inLanguage\":\"en-US\",\"potentialAction\":[{\"@type\":\"ReadAction\",\"target\":[\"https:\\\/\\\/www.entreculturas.org\\\/en\\\/noticia\\\/el-poder-de-las-alianzas-clave-para-lograr-transformaciones-estructurales-y-sostenibles\\\/\"]}]},{\"@type\":\"ImageObject\",\"inLanguage\":\"en-US\",\"@id\":\"https:\\\/\\\/www.entreculturas.org\\\/en\\\/noticia\\\/el-poder-de-las-alianzas-clave-para-lograr-transformaciones-estructurales-y-sostenibles\\\/#primaryimage\",\"url\":\"https:\\\/\\\/www.entreculturas.org\\\/wp-content\\\/uploads\\\/2024\\\/11\\\/Foto-corresponsables-2.jpg\",\"contentUrl\":\"https:\\\/\\\/www.entreculturas.org\\\/wp-content\\\/uploads\\\/2024\\\/11\\\/Foto-corresponsables-2.jpg\",\"width\":1920,\"height\":1080,\"caption\":\"#VoyaSer\"},{\"@type\":\"BreadcrumbList\",\"@id\":\"https:\\\/\\\/www.entreculturas.org\\\/en\\\/noticia\\\/el-poder-de-las-alianzas-clave-para-lograr-transformaciones-estructurales-y-sostenibles\\\/#breadcrumb\",\"itemListElement\":[{\"@type\":\"ListItem\",\"position\":1,\"name\":\"Home\",\"item\":\"https:\\\/\\\/www.entreculturas.org\\\/en\\\/\"},{\"@type\":\"ListItem\",\"position\":2,\"name\":\"Noticias\",\"item\":\"https:\\\/\\\/www.entreculturas.org\\\/en\\\/noticias\\\/\"},{\"@type\":\"ListItem\",\"position\":3,\"name\":\"El poder de las alianzas: clave para lograr transformaciones estructurales y sostenibles.\"}]},{\"@type\":\"WebSite\",\"@id\":\"https:\\\/\\\/www.entreculturas.org\\\/en\\\/#website\",\"url\":\"https:\\\/\\\/www.entreculturas.org\\\/en\\\/\",\"name\":\"Entreculturas\",\"description\":\"\",\"publisher\":{\"@id\":\"https:\\\/\\\/www.entreculturas.org\\\/en\\\/#organization\"},\"alternateName\":\"Entreculturas\",\"potentialAction\":[{\"@type\":\"SearchAction\",\"target\":{\"@type\":\"EntryPoint\",\"urlTemplate\":\"https:\\\/\\\/www.entreculturas.org\\\/en\\\/?s={search_term_string}\"},\"query-input\":{\"@type\":\"PropertyValueSpecification\",\"valueRequired\":true,\"valueName\":\"search_term_string\"}}],\"inLanguage\":\"en-US\"},{\"@type\":\"Organization\",\"@id\":\"https:\\\/\\\/www.entreculturas.org\\\/en\\\/#organization\",\"name\":\"Entreculturas\",\"url\":\"https:\\\/\\\/www.entreculturas.org\\\/en\\\/\",\"logo\":{\"@type\":\"ImageObject\",\"inLanguage\":\"en-US\",\"@id\":\"https:\\\/\\\/www.entreculturas.org\\\/en\\\/#\\\/schema\\\/logo\\\/image\\\/\",\"url\":\"https:\\\/\\\/www.entreculturas.org\\\/wp-content\\\/uploads\\\/2025\\\/10\\\/ESP.svg\",\"contentUrl\":\"https:\\\/\\\/www.entreculturas.org\\\/wp-content\\\/uploads\\\/2025\\\/10\\\/ESP.svg\",\"caption\":\"Entreculturas\"},\"image\":{\"@id\":\"https:\\\/\\\/www.entreculturas.org\\\/en\\\/#\\\/schema\\\/logo\\\/image\\\/\"},\"sameAs\":[\"https:\\\/\\\/www.facebook.com\\\/entreculturas\",\"https:\\\/\\\/x.com\\\/Entreculturas\",\"https:\\\/\\\/www.instagram.com\\\/entreculturas\\\/\",\"https:\\\/\\\/www.youtube.com\\\/user\\\/entreculturasvideo\",\"https:\\\/\\\/www.linkedin.com\\\/company\\\/fundacion-entreculturas-ngdo\\\/\",\"https:\\\/\\\/www.flickr.com\\\/photos\\\/98455522@N04\\\/albums\\\/\"]}]}<\/script>\n<!-- \/ Yoast SEO Premium plugin. -->","yoast_head_json":{"title":"El poder de las alianzas: clave para lograr transformaciones estructurales y sostenibles. - Entreculturas","description":"El video \u2018#VoyaSer parte del cambio\u2019, ha sido uno de los finalistas en los XV Premios Corresponsables de Iberoam\u00e9rica.","robots":{"index":"index","follow":"follow","max-snippet":"max-snippet:-1","max-image-preview":"max-image-preview:large","max-video-preview":"max-video-preview:-1"},"canonical":"https:\/\/www.entreculturas.org\/en\/noticia\/el-poder-de-las-alianzas-clave-para-lograr-transformaciones-estructurales-y-sostenibles\/","og_locale":"en_US","og_type":"article","og_title":"El poder de las alianzas: clave para lograr transformaciones estructurales y sostenibles.","og_description":"El video \u2018#VoyaSer parte del cambio\u2019, ha sido uno de los finalistas en los XV Premios Corresponsables de Iberoam\u00e9rica.","og_url":"https:\/\/www.entreculturas.org\/en\/noticia\/el-poder-de-las-alianzas-clave-para-lograr-transformaciones-estructurales-y-sostenibles\/","og_site_name":"Entreculturas","article_publisher":"https:\/\/www.facebook.com\/entreculturas","article_modified_time":"2024-11-28T13:49:55+00:00","og_image":[{"width":1920,"height":1080,"url":"https:\/\/www.entreculturas.org\/wp-content\/uploads\/2024\/11\/Foto-corresponsables-2.jpg","type":"image\/jpeg"}],"twitter_card":"summary_large_image","twitter_site":"@Entreculturas","schema":{"@context":"https:\/\/schema.org","@graph":[{"@type":"WebPage","@id":"https:\/\/www.entreculturas.org\/en\/noticia\/el-poder-de-las-alianzas-clave-para-lograr-transformaciones-estructurales-y-sostenibles\/","url":"https:\/\/www.entreculturas.org\/en\/noticia\/el-poder-de-las-alianzas-clave-para-lograr-transformaciones-estructurales-y-sostenibles\/","name":"El poder de las alianzas: clave para lograr transformaciones estructurales y sostenibles. - Entreculturas","isPartOf":{"@id":"https:\/\/www.entreculturas.org\/en\/#website"},"primaryImageOfPage":{"@id":"https:\/\/www.entreculturas.org\/en\/noticia\/el-poder-de-las-alianzas-clave-para-lograr-transformaciones-estructurales-y-sostenibles\/#primaryimage"},"image":{"@id":"https:\/\/www.entreculturas.org\/en\/noticia\/el-poder-de-las-alianzas-clave-para-lograr-transformaciones-estructurales-y-sostenibles\/#primaryimage"},"thumbnailUrl":"https:\/\/www.entreculturas.org\/wp-content\/uploads\/2024\/11\/Foto-corresponsables-2.jpg","datePublished":"2024-11-28T13:49:51+00:00","dateModified":"2024-11-28T13:49:55+00:00","description":"El video \u2018#VoyaSer parte del cambio\u2019, ha sido uno de los finalistas en los XV Premios Corresponsables de Iberoam\u00e9rica.","breadcrumb":{"@id":"https:\/\/www.entreculturas.org\/en\/noticia\/el-poder-de-las-alianzas-clave-para-lograr-transformaciones-estructurales-y-sostenibles\/#breadcrumb"},"inLanguage":"en-US","potentialAction":[{"@type":"ReadAction","target":["https:\/\/www.entreculturas.org\/en\/noticia\/el-poder-de-las-alianzas-clave-para-lograr-transformaciones-estructurales-y-sostenibles\/"]}]},{"@type":"ImageObject","inLanguage":"en-US","@id":"https:\/\/www.entreculturas.org\/en\/noticia\/el-poder-de-las-alianzas-clave-para-lograr-transformaciones-estructurales-y-sostenibles\/#primaryimage","url":"https:\/\/www.entreculturas.org\/wp-content\/uploads\/2024\/11\/Foto-corresponsables-2.jpg","contentUrl":"https:\/\/www.entreculturas.org\/wp-content\/uploads\/2024\/11\/Foto-corresponsables-2.jpg","width":1920,"height":1080,"caption":"#VoyaSer"},{"@type":"BreadcrumbList","@id":"https:\/\/www.entreculturas.org\/en\/noticia\/el-poder-de-las-alianzas-clave-para-lograr-transformaciones-estructurales-y-sostenibles\/#breadcrumb","itemListElement":[{"@type":"ListItem","position":1,"name":"Home","item":"https:\/\/www.entreculturas.org\/en\/"},{"@type":"ListItem","position":2,"name":"Noticias","item":"https:\/\/www.entreculturas.org\/en\/noticias\/"},{"@type":"ListItem","position":3,"name":"El poder de las alianzas: clave para lograr transformaciones estructurales y sostenibles."}]},{"@type":"WebSite","@id":"https:\/\/www.entreculturas.org\/en\/#website","url":"https:\/\/www.entreculturas.org\/en\/","name":"Entreculturas","description":"","publisher":{"@id":"https:\/\/www.entreculturas.org\/en\/#organization"},"alternateName":"Entreculturas","potentialAction":[{"@type":"SearchAction","target":{"@type":"EntryPoint","urlTemplate":"https:\/\/www.entreculturas.org\/en\/?s={search_term_string}"},"query-input":{"@type":"PropertyValueSpecification","valueRequired":true,"valueName":"search_term_string"}}],"inLanguage":"en-US"},{"@type":"Organization","@id":"https:\/\/www.entreculturas.org\/en\/#organization","name":"Entreculturas","url":"https:\/\/www.entreculturas.org\/en\/","logo":{"@type":"ImageObject","inLanguage":"en-US","@id":"https:\/\/www.entreculturas.org\/en\/#\/schema\/logo\/image\/","url":"https:\/\/www.entreculturas.org\/wp-content\/uploads\/2025\/10\/ESP.svg","contentUrl":"https:\/\/www.entreculturas.org\/wp-content\/uploads\/2025\/10\/ESP.svg","caption":"Entreculturas"},"image":{"@id":"https:\/\/www.entreculturas.org\/en\/#\/schema\/logo\/image\/"},"sameAs":["https:\/\/www.facebook.com\/entreculturas","https:\/\/x.com\/Entreculturas","https:\/\/www.instagram.com\/entreculturas\/","https:\/\/www.youtube.com\/user\/entreculturasvideo","https:\/\/www.linkedin.com\/company\/fundacion-entreculturas-ngdo\/","https:\/\/www.flickr.com\/photos\/98455522@N04\/albums\/"]}]}},"_links":{"self":[{"href":"https:\/\/www.entreculturas.org\/en\/wp-json\/wp\/v2\/noticia\/36082","targetHints":{"allow":["GET"]}}],"collection":[{"href":"https:\/\/www.entreculturas.org\/en\/wp-json\/wp\/v2\/noticia"}],"about":[{"href":"https:\/\/www.entreculturas.org\/en\/wp-json\/wp\/v2\/types\/noticia"}],"wp:featuredmedia":[{"embeddable":true,"href":"https:\/\/www.entreculturas.org\/en\/wp-json\/wp\/v2\/media\/36099"}],"wp:attachment":[{"href":"https:\/\/www.entreculturas.org\/en\/wp-json\/wp\/v2\/media?parent=36082"}],"wp:term":[{"taxonomy":"category","embeddable":true,"href":"https:\/\/www.entreculturas.org\/en\/wp-json\/wp\/v2\/categories?post=36082"},{"taxonomy":"post_tag","embeddable":true,"href":"https:\/\/www.entreculturas.org\/en\/wp-json\/wp\/v2\/tags?post=36082"},{"taxonomy":"country","embeddable":true,"href":"https:\/\/www.entreculturas.org\/en\/wp-json\/wp\/v2\/country?post=36082"},{"taxonomy":"cause","embeddable":true,"href":"https:\/\/www.entreculturas.org\/en\/wp-json\/wp\/v2\/cause?post=36082"}],"curies":[{"name":"wp","href":"https:\/\/api.w.org\/{rel}","templated":true}]}}