{"id":34516,"date":"2024-10-25T10:02:17","date_gmt":"2024-10-25T08:02:17","guid":{"rendered":"https:\/\/www.entreculturas.org\/?post_type=noticia&#038;p=34516"},"modified":"2024-10-25T11:13:46","modified_gmt":"2024-10-25T09:13:46","slug":"visita-a-kakuma-educacion-en-emergencias-junto-a-jrs-kenia","status":"publish","type":"noticia","link":"https:\/\/www.entreculturas.org\/en\/noticia\/visita-a-kakuma-educacion-en-emergencias-junto-a-jrs-kenia\/","title":{"rendered":"Visita a Kakuma: Educaci\u00f3n en Emergencias junto a JRS Kenia"},"content":{"rendered":"\n<p>Nuestras compa\u00f1eras Elena Sierra, Bel\u00e9n Rico y Gustavo Ben\u00edtez han viajado recientemente a Kenia para seguir de cerca el proyecto de educaci\u00f3n en emergencias que llevamos a cabo junto a JRS Kenia y gracias al apoyo de la DG ECHO de la Uni\u00f3n Europea. Este proyecto tiene como objetivo garantizar que ni\u00f1os, ni\u00f1as y j\u00f3venes desplazados por la violencia en sus pa\u00edses de origen puedan acceder a una educaci\u00f3n segura y de calidad. Hoy nos acercan a su experiencia en Kakuma en esta cr\u00f3nica en primera persona.<br><\/p>\n\n\n\n<h2 class=\"wp-block-heading\" id=\"h-una-experiencia-en-el-corazon-de-kakuma\"><strong>Una experiencia en el coraz\u00f3n de Kakuma<\/strong><\/h2>\n\n\n\n<p><br>Entre el 18 y el 21 de septiembre visitamos Kakuma, un campo de personas refugiadas que se abri\u00f3 en 1992 (hace 32 a\u00f1os) y que hoy en d\u00eda sigue recibiendo a personas que buscan refugio desde Somalia, Etiop\u00eda, Sud\u00e1n del Sur, Sud\u00e1n, Congo entre otros pa\u00edses.<br><\/p>\n\n\n\n<p>Tuvimos la oportunidad acercarnos a la realidad de las personas refugiadas a trav\u00e9s de nuestros compa\u00f1eros y compa\u00f1eras en el terreno del equipo de JRS Kenia, especialmente en las escuelas donde ni\u00f1os, ni\u00f1as y j\u00f3venes tienen un lugar seguro donde pueden aprender, crear, so\u00f1ar con sus futuros estudios, jugar y disfrutar, e incluso plantar algo en los peque\u00f1os huertos de la escuela.<br><\/p>\n\n\n\n<figure class=\"wp-block-image aligncenter size-large is-resized\"><img decoding=\"async\" width=\"2560\" height=\"1707\" src=\"https:\/\/www.entreculturas.org\/wp-content\/uploads\/2024\/10\/20240919_152235-edited-scaled.jpg\" alt=\"\" class=\"wp-image-34529\" style=\"width:745px;height:auto\" srcset=\"https:\/\/www.entreculturas.org\/wp-content\/uploads\/2024\/10\/20240919_152235-edited-scaled.jpg 2560w, https:\/\/www.entreculturas.org\/wp-content\/uploads\/2024\/10\/20240919_152235-edited-300x200.jpg 300w, https:\/\/www.entreculturas.org\/wp-content\/uploads\/2024\/10\/20240919_152235-edited-1024x683.jpg 1024w, https:\/\/www.entreculturas.org\/wp-content\/uploads\/2024\/10\/20240919_152235-edited-768x512.jpg 768w, https:\/\/www.entreculturas.org\/wp-content\/uploads\/2024\/10\/20240919_152235-edited-1536x1024.jpg 1536w, https:\/\/www.entreculturas.org\/wp-content\/uploads\/2024\/10\/20240919_152235-edited-2048x1365.jpg 2048w\" sizes=\"(max-width: 2560px) 100vw, 2560px\" \/><\/figure>\n\n\n\n<p><br><\/p>\n\n\n\n<h2 class=\"wp-block-heading\" id=\"h-la-realidad-del-campo-de-refugiados-kakuma\"><strong>La realidad del campo de refugiados Kakuma<\/strong><\/h2>\n\n\n\n<p><br>El campo, que en un principio deb\u00eda ser un lugar de tr\u00e1nsito, se ha convertido en una comunidad permanente para muchas familias que llevan d\u00e9cadas viviendo all\u00ed, esperando una soluci\u00f3n duradera que parece no llegar. Para que os hag\u00e1is una idea, el campo cuenta con 292.000 personas refugiadas registradas, y se encuentra en una zona \u00e1rida en la que se alcanzan temperaturas muy altas. De hecho, \u201cKakuma\u201d en suajili significa algo as\u00ed como \u201cnowhere\u201d o \u201cla nada\u201d. Adem\u00e1s, en esta zona no llueve mucho, pero cuando llega la \u00e9poca de lluvias, estas traen consigo inundaciones que dificultan el acceso a servicios b\u00e1sicos de las personas, incluyendo el acceso a la educaci\u00f3n.<br><\/p>\n\n\n\n<p>Una de las realidades m\u00e1s reveladoras es la situaci\u00f3n en el centro de recepci\u00f3n de Kakuma, destinado originalmente a alojar a las personas que buscan refugio por un m\u00e1ximo de dos semanas. Sin embargo, debido a la saturaci\u00f3n del sistema y la falta de recursos, algunas personas han permanecido all\u00ed durante m\u00e1s de dos a\u00f1os. El centro est\u00e1 rodeado por alambradas y presenta condiciones que reflejan las limitaciones de espacio y servicios b\u00e1sicos, resultado de la insuficiencia de financiamiento y la creciente demanda de asistencia.<br><\/p>\n\n\n\n<figure class=\"wp-block-image aligncenter size-large is-resized\"><img decoding=\"async\" width=\"2560\" height=\"1707\" src=\"https:\/\/www.entreculturas.org\/wp-content\/uploads\/2024\/10\/IMG_20240920_104940-edited-scaled.jpg\" alt=\"\" class=\"wp-image-34539\" style=\"width:741px;height:auto\" srcset=\"https:\/\/www.entreculturas.org\/wp-content\/uploads\/2024\/10\/IMG_20240920_104940-edited-scaled.jpg 2560w, https:\/\/www.entreculturas.org\/wp-content\/uploads\/2024\/10\/IMG_20240920_104940-edited-300x200.jpg 300w, https:\/\/www.entreculturas.org\/wp-content\/uploads\/2024\/10\/IMG_20240920_104940-edited-1024x683.jpg 1024w, https:\/\/www.entreculturas.org\/wp-content\/uploads\/2024\/10\/IMG_20240920_104940-edited-768x512.jpg 768w, https:\/\/www.entreculturas.org\/wp-content\/uploads\/2024\/10\/IMG_20240920_104940-edited-1536x1024.jpg 1536w, https:\/\/www.entreculturas.org\/wp-content\/uploads\/2024\/10\/IMG_20240920_104940-edited-2048x1366.jpg 2048w\" sizes=\"(max-width: 2560px) 100vw, 2560px\" \/><\/figure>\n\n\n\n<p><br><\/p>\n\n\n\n<h2 class=\"wp-block-heading\" id=\"h-desafios-en-la-busqueda-de-soluciones-sostenibles\">Desaf\u00edos en la b\u00fasqueda de soluciones sostenibles<\/h2>\n\n\n\n<p><br>A pesar de estos obst\u00e1culos, lo que alivia en parte la situaci\u00f3n es saber que existen organizaciones en el terreno, como JRS y otras ONG, que hacen todo lo posible para ofrecer apoyo inmediato y acci\u00f3n humanitaria b\u00e1sica. Gracias a ellas, las personas refugiadas cuentan, entre otros, con acceso a alimentos, servicios m\u00e9dicos y, en algunos casos, oportunidades educativas.<br><br>No obstante, est\u00e1 claro que la acci\u00f3n humanitaria por s\u00ed sola no es suficiente. Si bien es crucial para la supervivencia a corto plazo, los recursos disponibles son limitados: de los 166 millones de d\u00f3lares que ACNUR estima necesarios para la respuesta en Kenia, existe a\u00fan un d\u00e9ficit del 77 %, lo cual limita las posibilidades de apoyo. Lo que estas personas necesitan realmente es la oportunidad de reconstruir sus vidas, de acceder a empleo, educaci\u00f3n superior y opciones de reasentamiento o integraci\u00f3n local que les permitan salir del ciclo de dependencia en el que se encuentran atrapadas. Para ello, ser\u00eda necesario hacer incidencia para que tanto el Gobierno keniano como la Comunidad Internacional se comprometan a cumplir con las promesas, como las del plan Shirika, que pretende transformar los campamentos en asentamientos integrados y sostenibles para mejorar la autosuficiencia de los refugiados y aliviar la presi\u00f3n en las comunidades de acogida.<br><br>La visita a Kakuma nos dej\u00f3 muchas preguntas y debates dif\u00edciles, pero tambi\u00e9n con un sentido renovado de urgencia para seguir trabajando en la b\u00fasqueda de soluciones m\u00e1s sostenibles.<span id=\"docs-internal-guid-f0b96a5e-7fff-095d-4aab-65dbf66bd769\"><\/span><\/p>\n","protected":false},"excerpt":{"rendered":"<p>Nuestras compa\u00f1eras Elena Sierra, Bel\u00e9n Rico y Gustavo Ben\u00edtez han viajado recientemente a Kenia para seguir de cerca el proyecto de educaci\u00f3n en emergencias que llevamos a cabo junto a JRS Kenia y gracias al apoyo de la DG ECHO de la Uni\u00f3n Europea. Este proyecto tiene como objetivo garantizar que ni\u00f1os, ni\u00f1as y j\u00f3venes desplazados por la violencia en sus pa\u00edses de origen puedan acceder a una educaci\u00f3n segura y de calidad. Hoy nos acercan a su experiencia en Kakuma en esta cr\u00f3nica en primera persona. Una experiencia en el coraz\u00f3n de Kakuma Entre el 18 y el 21 de septiembre visitamos Kakuma, un campo de personas refugiadas que se abri\u00f3 en 1992 (hace 32 a\u00f1os) y que hoy en d\u00eda sigue recibiendo a personas que buscan refugio desde Somalia, Etiop\u00eda, Sud\u00e1n del Sur, Sud\u00e1n, Congo entre otros pa\u00edses. Tuvimos la oportunidad acercarnos a la realidad de las personas [&hellip;]<\/p>\n","protected":false},"featured_media":34544,"template":"","meta":{"_acf_changed":false},"categories":[7],"tags":[10],"country":[679],"cause":[129],"class_list":["post-34516","noticia","type-noticia","status-publish","has-post-thumbnail","hentry","category-noticia","tag-migracion-y-refugio","country-kenia","cause-migracion-y-refugio"],"acf":[],"yoast_head":"<!-- This site is optimized with the Yoast SEO Premium plugin v21.6 (Yoast SEO v27.5) - https:\/\/yoast.com\/product\/yoast-seo-premium-wordpress\/ -->\n<title>Visita a Kakuma: Educaci\u00f3n en Emergencias junto a JRS Kenia - Entreculturas<\/title>\n<meta name=\"description\" content=\"Equipo de Entreculturas visita el campo de refugiados Kakuma para conocer de cerca la realidad de la educaci\u00f3n.\" \/>\n<meta name=\"robots\" content=\"index, follow, max-snippet:-1, max-image-preview:large, max-video-preview:-1\" \/>\n<link rel=\"canonical\" href=\"https:\/\/www.entreculturas.org\/en\/noticia\/visita-a-kakuma-educacion-en-emergencias-junto-a-jrs-kenia\/\" \/>\n<meta property=\"og:locale\" content=\"en_US\" \/>\n<meta property=\"og:type\" content=\"article\" \/>\n<meta property=\"og:title\" content=\"Visita a Kakuma: Educaci\u00f3n en Emergencias junto a JRS Kenia\" \/>\n<meta property=\"og:description\" content=\"Equipo de Entreculturas visita el campo de refugiados Kakuma para conocer de cerca la realidad de la educaci\u00f3n.\" \/>\n<meta property=\"og:url\" content=\"https:\/\/www.entreculturas.org\/en\/noticia\/visita-a-kakuma-educacion-en-emergencias-junto-a-jrs-kenia\/\" \/>\n<meta property=\"og:site_name\" content=\"Entreculturas\" \/>\n<meta property=\"article:publisher\" content=\"https:\/\/www.facebook.com\/entreculturas\" \/>\n<meta property=\"article:modified_time\" content=\"2024-10-25T09:13:46+00:00\" \/>\n<meta property=\"og:image\" content=\"https:\/\/www.entreculturas.org\/wp-content\/uploads\/2024\/10\/IMG-20240919-WA0020-1.jpg\" \/>\n\t<meta property=\"og:image:width\" content=\"2000\" \/>\n\t<meta property=\"og:image:height\" content=\"1500\" \/>\n\t<meta property=\"og:image:type\" content=\"image\/jpeg\" \/>\n<meta name=\"twitter:card\" content=\"summary_large_image\" \/>\n<meta name=\"twitter:site\" content=\"@Entreculturas\" \/>\n<script type=\"application\/ld+json\" class=\"yoast-schema-graph\">{\"@context\":\"https:\\\/\\\/schema.org\",\"@graph\":[{\"@type\":\"WebPage\",\"@id\":\"https:\\\/\\\/www.entreculturas.org\\\/en\\\/noticia\\\/visita-a-kakuma-educacion-en-emergencias-junto-a-jrs-kenia\\\/\",\"url\":\"https:\\\/\\\/www.entreculturas.org\\\/en\\\/noticia\\\/visita-a-kakuma-educacion-en-emergencias-junto-a-jrs-kenia\\\/\",\"name\":\"Visita a Kakuma: Educaci\u00f3n en Emergencias junto a JRS Kenia - Entreculturas\",\"isPartOf\":{\"@id\":\"https:\\\/\\\/www.entreculturas.org\\\/en\\\/#website\"},\"primaryImageOfPage\":{\"@id\":\"https:\\\/\\\/www.entreculturas.org\\\/en\\\/noticia\\\/visita-a-kakuma-educacion-en-emergencias-junto-a-jrs-kenia\\\/#primaryimage\"},\"image\":{\"@id\":\"https:\\\/\\\/www.entreculturas.org\\\/en\\\/noticia\\\/visita-a-kakuma-educacion-en-emergencias-junto-a-jrs-kenia\\\/#primaryimage\"},\"thumbnailUrl\":\"https:\\\/\\\/www.entreculturas.org\\\/wp-content\\\/uploads\\\/2024\\\/10\\\/IMG-20240919-WA0020-1.jpg\",\"datePublished\":\"2024-10-25T08:02:17+00:00\",\"dateModified\":\"2024-10-25T09:13:46+00:00\",\"description\":\"Equipo de Entreculturas visita el campo de refugiados Kakuma para conocer de cerca la realidad de la educaci\u00f3n.\",\"breadcrumb\":{\"@id\":\"https:\\\/\\\/www.entreculturas.org\\\/en\\\/noticia\\\/visita-a-kakuma-educacion-en-emergencias-junto-a-jrs-kenia\\\/#breadcrumb\"},\"inLanguage\":\"en-US\",\"potentialAction\":[{\"@type\":\"ReadAction\",\"target\":[\"https:\\\/\\\/www.entreculturas.org\\\/en\\\/noticia\\\/visita-a-kakuma-educacion-en-emergencias-junto-a-jrs-kenia\\\/\"]}]},{\"@type\":\"ImageObject\",\"inLanguage\":\"en-US\",\"@id\":\"https:\\\/\\\/www.entreculturas.org\\\/en\\\/noticia\\\/visita-a-kakuma-educacion-en-emergencias-junto-a-jrs-kenia\\\/#primaryimage\",\"url\":\"https:\\\/\\\/www.entreculturas.org\\\/wp-content\\\/uploads\\\/2024\\\/10\\\/IMG-20240919-WA0020-1.jpg\",\"contentUrl\":\"https:\\\/\\\/www.entreculturas.org\\\/wp-content\\\/uploads\\\/2024\\\/10\\\/IMG-20240919-WA0020-1.jpg\",\"width\":2000,\"height\":1500,\"caption\":\"campo refugiados Kakuma\"},{\"@type\":\"BreadcrumbList\",\"@id\":\"https:\\\/\\\/www.entreculturas.org\\\/en\\\/noticia\\\/visita-a-kakuma-educacion-en-emergencias-junto-a-jrs-kenia\\\/#breadcrumb\",\"itemListElement\":[{\"@type\":\"ListItem\",\"position\":1,\"name\":\"Home\",\"item\":\"https:\\\/\\\/www.entreculturas.org\\\/en\\\/\"},{\"@type\":\"ListItem\",\"position\":2,\"name\":\"Noticias\",\"item\":\"https:\\\/\\\/www.entreculturas.org\\\/en\\\/noticias\\\/\"},{\"@type\":\"ListItem\",\"position\":3,\"name\":\"Visita a Kakuma: Educaci\u00f3n en Emergencias junto a JRS Kenia\"}]},{\"@type\":\"WebSite\",\"@id\":\"https:\\\/\\\/www.entreculturas.org\\\/en\\\/#website\",\"url\":\"https:\\\/\\\/www.entreculturas.org\\\/en\\\/\",\"name\":\"Entreculturas\",\"description\":\"\",\"publisher\":{\"@id\":\"https:\\\/\\\/www.entreculturas.org\\\/en\\\/#organization\"},\"alternateName\":\"Entreculturas\",\"potentialAction\":[{\"@type\":\"SearchAction\",\"target\":{\"@type\":\"EntryPoint\",\"urlTemplate\":\"https:\\\/\\\/www.entreculturas.org\\\/en\\\/?s={search_term_string}\"},\"query-input\":{\"@type\":\"PropertyValueSpecification\",\"valueRequired\":true,\"valueName\":\"search_term_string\"}}],\"inLanguage\":\"en-US\"},{\"@type\":\"Organization\",\"@id\":\"https:\\\/\\\/www.entreculturas.org\\\/en\\\/#organization\",\"name\":\"Entreculturas\",\"url\":\"https:\\\/\\\/www.entreculturas.org\\\/en\\\/\",\"logo\":{\"@type\":\"ImageObject\",\"inLanguage\":\"en-US\",\"@id\":\"https:\\\/\\\/www.entreculturas.org\\\/en\\\/#\\\/schema\\\/logo\\\/image\\\/\",\"url\":\"https:\\\/\\\/www.entreculturas.org\\\/wp-content\\\/uploads\\\/2025\\\/10\\\/ESP.svg\",\"contentUrl\":\"https:\\\/\\\/www.entreculturas.org\\\/wp-content\\\/uploads\\\/2025\\\/10\\\/ESP.svg\",\"caption\":\"Entreculturas\"},\"image\":{\"@id\":\"https:\\\/\\\/www.entreculturas.org\\\/en\\\/#\\\/schema\\\/logo\\\/image\\\/\"},\"sameAs\":[\"https:\\\/\\\/www.facebook.com\\\/entreculturas\",\"https:\\\/\\\/x.com\\\/Entreculturas\",\"https:\\\/\\\/www.instagram.com\\\/entreculturas\\\/\",\"https:\\\/\\\/www.youtube.com\\\/user\\\/entreculturasvideo\",\"https:\\\/\\\/www.linkedin.com\\\/company\\\/fundacion-entreculturas-ngdo\\\/\",\"https:\\\/\\\/www.flickr.com\\\/photos\\\/98455522@N04\\\/albums\\\/\"]}]}<\/script>\n<!-- \/ Yoast SEO Premium plugin. -->","yoast_head_json":{"title":"Visita a Kakuma: Educaci\u00f3n en Emergencias junto a JRS Kenia - Entreculturas","description":"Equipo de Entreculturas visita el campo de refugiados Kakuma para conocer de cerca la realidad de la educaci\u00f3n.","robots":{"index":"index","follow":"follow","max-snippet":"max-snippet:-1","max-image-preview":"max-image-preview:large","max-video-preview":"max-video-preview:-1"},"canonical":"https:\/\/www.entreculturas.org\/en\/noticia\/visita-a-kakuma-educacion-en-emergencias-junto-a-jrs-kenia\/","og_locale":"en_US","og_type":"article","og_title":"Visita a Kakuma: Educaci\u00f3n en Emergencias junto a JRS Kenia","og_description":"Equipo de Entreculturas visita el campo de refugiados Kakuma para conocer de cerca la realidad de la educaci\u00f3n.","og_url":"https:\/\/www.entreculturas.org\/en\/noticia\/visita-a-kakuma-educacion-en-emergencias-junto-a-jrs-kenia\/","og_site_name":"Entreculturas","article_publisher":"https:\/\/www.facebook.com\/entreculturas","article_modified_time":"2024-10-25T09:13:46+00:00","og_image":[{"width":2000,"height":1500,"url":"https:\/\/www.entreculturas.org\/wp-content\/uploads\/2024\/10\/IMG-20240919-WA0020-1.jpg","type":"image\/jpeg"}],"twitter_card":"summary_large_image","twitter_site":"@Entreculturas","schema":{"@context":"https:\/\/schema.org","@graph":[{"@type":"WebPage","@id":"https:\/\/www.entreculturas.org\/en\/noticia\/visita-a-kakuma-educacion-en-emergencias-junto-a-jrs-kenia\/","url":"https:\/\/www.entreculturas.org\/en\/noticia\/visita-a-kakuma-educacion-en-emergencias-junto-a-jrs-kenia\/","name":"Visita a Kakuma: Educaci\u00f3n en Emergencias junto a JRS Kenia - Entreculturas","isPartOf":{"@id":"https:\/\/www.entreculturas.org\/en\/#website"},"primaryImageOfPage":{"@id":"https:\/\/www.entreculturas.org\/en\/noticia\/visita-a-kakuma-educacion-en-emergencias-junto-a-jrs-kenia\/#primaryimage"},"image":{"@id":"https:\/\/www.entreculturas.org\/en\/noticia\/visita-a-kakuma-educacion-en-emergencias-junto-a-jrs-kenia\/#primaryimage"},"thumbnailUrl":"https:\/\/www.entreculturas.org\/wp-content\/uploads\/2024\/10\/IMG-20240919-WA0020-1.jpg","datePublished":"2024-10-25T08:02:17+00:00","dateModified":"2024-10-25T09:13:46+00:00","description":"Equipo de Entreculturas visita el campo de refugiados Kakuma para conocer de cerca la realidad de la educaci\u00f3n.","breadcrumb":{"@id":"https:\/\/www.entreculturas.org\/en\/noticia\/visita-a-kakuma-educacion-en-emergencias-junto-a-jrs-kenia\/#breadcrumb"},"inLanguage":"en-US","potentialAction":[{"@type":"ReadAction","target":["https:\/\/www.entreculturas.org\/en\/noticia\/visita-a-kakuma-educacion-en-emergencias-junto-a-jrs-kenia\/"]}]},{"@type":"ImageObject","inLanguage":"en-US","@id":"https:\/\/www.entreculturas.org\/en\/noticia\/visita-a-kakuma-educacion-en-emergencias-junto-a-jrs-kenia\/#primaryimage","url":"https:\/\/www.entreculturas.org\/wp-content\/uploads\/2024\/10\/IMG-20240919-WA0020-1.jpg","contentUrl":"https:\/\/www.entreculturas.org\/wp-content\/uploads\/2024\/10\/IMG-20240919-WA0020-1.jpg","width":2000,"height":1500,"caption":"campo refugiados Kakuma"},{"@type":"BreadcrumbList","@id":"https:\/\/www.entreculturas.org\/en\/noticia\/visita-a-kakuma-educacion-en-emergencias-junto-a-jrs-kenia\/#breadcrumb","itemListElement":[{"@type":"ListItem","position":1,"name":"Home","item":"https:\/\/www.entreculturas.org\/en\/"},{"@type":"ListItem","position":2,"name":"Noticias","item":"https:\/\/www.entreculturas.org\/en\/noticias\/"},{"@type":"ListItem","position":3,"name":"Visita a Kakuma: Educaci\u00f3n en Emergencias junto a JRS Kenia"}]},{"@type":"WebSite","@id":"https:\/\/www.entreculturas.org\/en\/#website","url":"https:\/\/www.entreculturas.org\/en\/","name":"Entreculturas","description":"","publisher":{"@id":"https:\/\/www.entreculturas.org\/en\/#organization"},"alternateName":"Entreculturas","potentialAction":[{"@type":"SearchAction","target":{"@type":"EntryPoint","urlTemplate":"https:\/\/www.entreculturas.org\/en\/?s={search_term_string}"},"query-input":{"@type":"PropertyValueSpecification","valueRequired":true,"valueName":"search_term_string"}}],"inLanguage":"en-US"},{"@type":"Organization","@id":"https:\/\/www.entreculturas.org\/en\/#organization","name":"Entreculturas","url":"https:\/\/www.entreculturas.org\/en\/","logo":{"@type":"ImageObject","inLanguage":"en-US","@id":"https:\/\/www.entreculturas.org\/en\/#\/schema\/logo\/image\/","url":"https:\/\/www.entreculturas.org\/wp-content\/uploads\/2025\/10\/ESP.svg","contentUrl":"https:\/\/www.entreculturas.org\/wp-content\/uploads\/2025\/10\/ESP.svg","caption":"Entreculturas"},"image":{"@id":"https:\/\/www.entreculturas.org\/en\/#\/schema\/logo\/image\/"},"sameAs":["https:\/\/www.facebook.com\/entreculturas","https:\/\/x.com\/Entreculturas","https:\/\/www.instagram.com\/entreculturas\/","https:\/\/www.youtube.com\/user\/entreculturasvideo","https:\/\/www.linkedin.com\/company\/fundacion-entreculturas-ngdo\/","https:\/\/www.flickr.com\/photos\/98455522@N04\/albums\/"]}]}},"_links":{"self":[{"href":"https:\/\/www.entreculturas.org\/en\/wp-json\/wp\/v2\/noticia\/34516","targetHints":{"allow":["GET"]}}],"collection":[{"href":"https:\/\/www.entreculturas.org\/en\/wp-json\/wp\/v2\/noticia"}],"about":[{"href":"https:\/\/www.entreculturas.org\/en\/wp-json\/wp\/v2\/types\/noticia"}],"wp:featuredmedia":[{"embeddable":true,"href":"https:\/\/www.entreculturas.org\/en\/wp-json\/wp\/v2\/media\/34544"}],"wp:attachment":[{"href":"https:\/\/www.entreculturas.org\/en\/wp-json\/wp\/v2\/media?parent=34516"}],"wp:term":[{"taxonomy":"category","embeddable":true,"href":"https:\/\/www.entreculturas.org\/en\/wp-json\/wp\/v2\/categories?post=34516"},{"taxonomy":"post_tag","embeddable":true,"href":"https:\/\/www.entreculturas.org\/en\/wp-json\/wp\/v2\/tags?post=34516"},{"taxonomy":"country","embeddable":true,"href":"https:\/\/www.entreculturas.org\/en\/wp-json\/wp\/v2\/country?post=34516"},{"taxonomy":"cause","embeddable":true,"href":"https:\/\/www.entreculturas.org\/en\/wp-json\/wp\/v2\/cause?post=34516"}],"curies":[{"name":"wp","href":"https:\/\/api.w.org\/{rel}","templated":true}]}}