{"id":33085,"date":"2024-09-30T12:14:12","date_gmt":"2024-09-30T10:14:12","guid":{"rendered":"https:\/\/www.entreculturas.org\/?post_type=noticia&#038;p=33085"},"modified":"2024-11-11T11:11:12","modified_gmt":"2024-11-11T10:11:12","slug":"julia-navarro-podcast-ong-entreculturas-centenario","status":"publish","type":"noticia","link":"https:\/\/www.entreculturas.org\/en\/noticia\/julia-navarro-podcast-ong-entreculturas-centenario\/","title":{"rendered":"D\u00eda Internacional del Podcast: superamos los 100 episodios de \u2018Voces por una Causa\u2019 con Julia Navarro"},"content":{"rendered":"\n<p>Con motivo del D\u00eda Internacional del Podcast que se celebra este lunes 30 de septiembre, <strong>celebramos el centenar de episodios de \u2018<\/strong><a href=\"https:\/\/www.entreculturas.org\/podcast\/\"><strong>Voces por una Causa<\/strong><\/a><strong>\u2019, <\/strong>nuestro podcast semanal que presenta la escritora y periodista <strong>Julia Navarro<\/strong>. Con m\u00e1s de dos a\u00f1os de historia, el podcast se ha convertido en una herramienta clave para abrir una ventana al exterior y acercar a la ciudadan\u00eda espa\u00f1ola cuestiones sociales, ambientales y culturales.<br><\/p>\n\n\n\n<p>\u201cLa <em>democratizaci\u00f3n <\/em>de la radio que permite ahora el podcast ha posibilitado que las personas puedan acercarse m\u00e1s f\u00e1cilmente a cuestiones que antes no ten\u00edan un espacio relevante en las parrillas\u201d, afirma Julia Navarro. Desde su lanzamiento en abril de 2022, por sus micr\u00f3fonos han pasado invitados e invitadas de todo tipo, desde cantautoras de renombre como <strong><a href=\"https:\/\/www.rozalen.org\/\">Rozal\u00e9n <\/a><\/strong>hasta distintas personalidades como la periodista<strong> Olga Rodr\u00edguez<\/strong> o el director de cine <strong>Benito Zambrano<\/strong>.<\/p>\n\n\n\n<p><\/p>\n\n\n\n<p>Aunque este tipo de entrevistas en formato podcast llevan 20 a\u00f1os en Espa\u00f1a, no fue hasta la irrupci\u00f3n de la pandemia cuando su consumo se generaliz\u00f3, seg\u00fan apuntan varios estudios. Una renovada forma de consumir radio que impuls\u00f3 a Entreculturas a crear un podcast propio, como se\u00f1ala su <strong>Directora de Comunicaci\u00f3n y Relaciones Institucionales, Raquel Mart\u00edn<\/strong>: \u201cFue una decisi\u00f3n muy meditada despu\u00e9s de valorar las voces expertas de las que contamos y las distintas realidades y causas en las que trabajamos\u201d.&nbsp;<br><\/p>\n\n\n\n<div class=\"wp-block-columns is-layout-flex wp-container-core-columns-is-layout-28f84493 wp-block-columns-is-layout-flex\">\n<div class=\"wp-block-column is-layout-flow wp-container-core-column-is-layout-fe40df70 wp-block-column-is-layout-flow\" style=\"padding-top:0;padding-right:var(--wp--preset--spacing--80);padding-bottom:0;padding-left:var(--wp--preset--spacing--80);flex-basis:100%\">\n<figure class=\"wp-block-embed is-type-video is-provider-youtube wp-block-embed-youtube wp-embed-aspect-16-9 wp-has-aspect-ratio\"><div class=\"wp-block-embed__wrapper\">\n<iframe loading=\"lazy\" title=\"D\u00eda Internacional del Podcast: 100 episodios de Voces por una Causa con Julia Navarro\" width=\"500\" height=\"281\" src=\"https:\/\/www.youtube.com\/embed\/Ryb6thhLgJc?feature=oembed\" frameborder=\"0\" allow=\"accelerometer; autoplay; clipboard-write; encrypted-media; gyroscope; picture-in-picture; web-share\" referrerpolicy=\"strict-origin-when-cross-origin\" allowfullscreen><\/iframe>\n<\/div><\/figure>\n<\/div>\n<\/div>\n\n\n\n<p><br><\/p>\n\n\n\n<h2 class=\"wp-block-heading\" id=\"h-que-siente-julia-navarro-al-llegar-a-los-100-episodios\"><strong>\u00bfQu\u00e9 siente Julia Navarro al llegar a los 100 episodios?<\/strong><\/h2>\n\n\n\n<p><\/p>\n\n\n\n<p>Para la escritora y periodista Julia Navarro llegar a los 100 episodios es totalmente un hito: <strong>\u201cEs uno de los proyectos que m\u00e1s me ilusionan<\/strong> y que la audiencia nos haya acompa\u00f1ado durante estos dos a\u00f1os demuestra que la gente tiene inter\u00e9s en conocer realidades que muchas veces quedan olvidadas por la vor\u00e1gine del d\u00eda a d\u00eda\u201d. Un compromiso por acercar nuevas tem\u00e1ticas que se sigue manteniendo durante esta quinta temporada.&nbsp;<br><\/p>\n\n\n\n<p>\u2018Voces por una Causa\u2019 se ha convertido en un \u201cpodcast de referencia que no solo acerca nuevos temas a la audiencia cada semana, sino que se ha convertido en un espacio de reflexi\u00f3n y debate con testimonios en primera persona\u201d, afirma Raquel Mart\u00edn. Todo ello, les <strong>ha permitido llegar a un nuevo tipo de oyentes<\/strong> que no conoc\u00edan la labor que hacen las ONG de Desarrollo en pa\u00edses de Latinoam\u00e9rica, \u00c1frica o Asia.&nbsp;<br><\/p>\n\n\n\n<h2 class=\"wp-block-heading\" id=\"h-que-es-voces-por-una-causa-con-julia-navarro\"><strong>\u00bfQu\u00e9 es \u2018Voces por una Causa\u2019 con Julia Navarro?<\/strong><\/h2>\n\n\n\n<p><\/p>\n\n\n\n<p><strong>Julia Navarro<\/strong> presenta <a href=\"https:\/\/www.entreculturas.org\/podcast\/\"><strong>\u2018Voces por una causa\u2019<\/strong><\/a><strong>, el podcast semanal de la <a href=\"https:\/\/www.entreculturas.org\/\">ONG Entreculturas<\/a><\/strong>, que explora cuestiones sociales, medioambientales y culturales a trav\u00e9s de testimonios en primera persona. Una herramienta clave para abrir una ventana al exterior y reflexionar sobre distintas realidades y causas en las que trabajamos. Los episiodios se emiten todos los jueves en nuestro canal de <a href=\"https:\/\/www.youtube.com\/c\/EntreculturasOrg915902672\">Youtube<\/a> y en <a href=\"https:\/\/open.spotify.com\/show\/6dS5JsqnsWrnHL1gwead1A\">Spotify<\/a>, <a href=\"https:\/\/www.ivoox.com\/perfil-entreculturas_a8_listener_28185270_1.html\">Ivoox<\/a>, <a href=\"https:\/\/podcasts.apple.com\/us\/podcast\/entreculturas-voces-por-una-causa\/id1621485462\">Apple Podcast<\/a>, <a href=\"https:\/\/podimo.com\/es\/shows\/entreculturas-voces-por-una-causa-con-julia-navarro?creatorId=9d7acb87-3185-42e2-8e0d-d8a733650cf9&amp;key=k0nZQy0YGdln&amp;source=ln&amp;from=studio\">Podimo<\/a> y <a href=\"https:\/\/music.amazon.es\/podcasts\/f28b0659-f803-491d-829d-cadf44ea0155\/voces-por-una-causa-con-julia-navarro\">Amazon Music<\/a>.<\/p>\n\n\n\n<li><a href=\"\"><\/a><\/li>\n\n\n\n<li><a href=\"\"><\/a><\/li>\n","protected":false},"excerpt":{"rendered":"<p>Con motivo del D\u00eda Internacional del Podcast que se celebra este lunes 30 de septiembre, celebramos el centenar de episodios de \u2018Voces por una Causa\u2019, nuestro podcast semanal que presenta la escritora y periodista Julia Navarro. Con m\u00e1s de dos a\u00f1os de historia, el podcast se ha convertido en una herramienta clave para abrir una ventana al exterior y acercar a la ciudadan\u00eda espa\u00f1ola cuestiones sociales, ambientales y culturales. \u201cLa democratizaci\u00f3n de la radio que permite ahora el podcast ha posibilitado que las personas puedan acercarse m\u00e1s f\u00e1cilmente a cuestiones que antes no ten\u00edan un espacio relevante en las parrillas\u201d, afirma Julia Navarro. Desde su lanzamiento en abril de 2022, por sus micr\u00f3fonos han pasado invitados e invitadas de todo tipo, desde cantautoras de renombre como Rozal\u00e9n hasta distintas personalidades como la periodista Olga Rodr\u00edguez o el director de cine Benito Zambrano. Aunque este tipo de entrevistas en formato podcast [&hellip;]<\/p>\n","protected":false},"featured_media":33144,"template":"","meta":{"_acf_changed":false},"categories":[7],"tags":[185],"country":[],"cause":[],"class_list":["post-33085","noticia","type-noticia","status-publish","has-post-thumbnail","hentry","category-noticia","tag-entreculturas"],"acf":[],"yoast_head":"<!-- This site is optimized with the Yoast SEO Premium plugin v21.6 (Yoast SEO v27.5) - https:\/\/yoast.com\/product\/yoast-seo-premium-wordpress\/ -->\n<title>Julia Navarro: 100 episodios del podcast &#039;Voces por una Causa&#039;<\/title>\n<meta name=\"description\" content=\"Julia Navarro llega a los 100 episodios de &#039;Voces por una Causa&#039;, el podcast de la ONG Entreculturas que presenta cada semana desde hace a\u00f1os\" \/>\n<meta name=\"robots\" content=\"index, follow, max-snippet:-1, max-image-preview:large, max-video-preview:-1\" \/>\n<link rel=\"canonical\" href=\"https:\/\/www.entreculturas.org\/en\/noticia\/julia-navarro-podcast-ong-entreculturas-centenario\/\" \/>\n<meta property=\"og:locale\" content=\"en_US\" \/>\n<meta property=\"og:type\" content=\"article\" \/>\n<meta property=\"og:title\" content=\"D\u00eda Internacional del Podcast: superamos los 100 episodios de \u2018Voces por una Causa\u2019 con Julia Navarro\" \/>\n<meta property=\"og:description\" content=\"Julia Navarro llega a los 100 episodios de &#039;Voces por una Causa&#039;, el podcast de la ONG Entreculturas que presenta cada semana desde hace a\u00f1os\" \/>\n<meta property=\"og:url\" content=\"https:\/\/www.entreculturas.org\/en\/noticia\/julia-navarro-podcast-ong-entreculturas-centenario\/\" \/>\n<meta property=\"og:site_name\" content=\"Entreculturas\" \/>\n<meta property=\"article:publisher\" content=\"https:\/\/www.facebook.com\/entreculturas\" \/>\n<meta property=\"article:modified_time\" content=\"2024-11-11T10:11:12+00:00\" \/>\n<meta property=\"og:image\" content=\"https:\/\/www.entreculturas.org\/wp-content\/uploads\/2024\/09\/Julia-Navarro-Mapa-de-hilos-min-scaled.jpg\" \/>\n\t<meta property=\"og:image:width\" content=\"2560\" \/>\n\t<meta property=\"og:image:height\" content=\"991\" \/>\n\t<meta property=\"og:image:type\" content=\"image\/jpeg\" \/>\n<meta name=\"twitter:card\" content=\"summary_large_image\" \/>\n<meta name=\"twitter:site\" content=\"@Entreculturas\" \/>\n<script type=\"application\/ld+json\" class=\"yoast-schema-graph\">{\"@context\":\"https:\\\/\\\/schema.org\",\"@graph\":[{\"@type\":\"WebPage\",\"@id\":\"https:\\\/\\\/www.entreculturas.org\\\/en\\\/noticia\\\/julia-navarro-podcast-ong-entreculturas-centenario\\\/\",\"url\":\"https:\\\/\\\/www.entreculturas.org\\\/en\\\/noticia\\\/julia-navarro-podcast-ong-entreculturas-centenario\\\/\",\"name\":\"Julia Navarro: 100 episodios del podcast 'Voces por una Causa'\",\"isPartOf\":{\"@id\":\"https:\\\/\\\/www.entreculturas.org\\\/en\\\/#website\"},\"primaryImageOfPage\":{\"@id\":\"https:\\\/\\\/www.entreculturas.org\\\/en\\\/noticia\\\/julia-navarro-podcast-ong-entreculturas-centenario\\\/#primaryimage\"},\"image\":{\"@id\":\"https:\\\/\\\/www.entreculturas.org\\\/en\\\/noticia\\\/julia-navarro-podcast-ong-entreculturas-centenario\\\/#primaryimage\"},\"thumbnailUrl\":\"https:\\\/\\\/www.entreculturas.org\\\/wp-content\\\/uploads\\\/2024\\\/09\\\/Julia-Navarro-Mapa-de-hilos-min-scaled.jpg\",\"datePublished\":\"2024-09-30T10:14:12+00:00\",\"dateModified\":\"2024-11-11T10:11:12+00:00\",\"description\":\"Julia Navarro llega a los 100 episodios de 'Voces por una Causa', el podcast de la ONG Entreculturas que presenta cada semana desde hace a\u00f1os\",\"breadcrumb\":{\"@id\":\"https:\\\/\\\/www.entreculturas.org\\\/en\\\/noticia\\\/julia-navarro-podcast-ong-entreculturas-centenario\\\/#breadcrumb\"},\"inLanguage\":\"en-US\",\"potentialAction\":[{\"@type\":\"ReadAction\",\"target\":[\"https:\\\/\\\/www.entreculturas.org\\\/en\\\/noticia\\\/julia-navarro-podcast-ong-entreculturas-centenario\\\/\"]}]},{\"@type\":\"ImageObject\",\"inLanguage\":\"en-US\",\"@id\":\"https:\\\/\\\/www.entreculturas.org\\\/en\\\/noticia\\\/julia-navarro-podcast-ong-entreculturas-centenario\\\/#primaryimage\",\"url\":\"https:\\\/\\\/www.entreculturas.org\\\/wp-content\\\/uploads\\\/2024\\\/09\\\/Julia-Navarro-Mapa-de-hilos-min-scaled.jpg\",\"contentUrl\":\"https:\\\/\\\/www.entreculturas.org\\\/wp-content\\\/uploads\\\/2024\\\/09\\\/Julia-Navarro-Mapa-de-hilos-min-scaled.jpg\",\"width\":2560,\"height\":991,\"caption\":\"Julia Navarro podcast\"},{\"@type\":\"BreadcrumbList\",\"@id\":\"https:\\\/\\\/www.entreculturas.org\\\/en\\\/noticia\\\/julia-navarro-podcast-ong-entreculturas-centenario\\\/#breadcrumb\",\"itemListElement\":[{\"@type\":\"ListItem\",\"position\":1,\"name\":\"Home\",\"item\":\"https:\\\/\\\/www.entreculturas.org\\\/en\\\/\"},{\"@type\":\"ListItem\",\"position\":2,\"name\":\"Noticias\",\"item\":\"https:\\\/\\\/www.entreculturas.org\\\/en\\\/noticias\\\/\"},{\"@type\":\"ListItem\",\"position\":3,\"name\":\"D\u00eda Internacional del Podcast: superamos los 100 episodios de \u2018Voces por una Causa\u2019 con Julia Navarro\"}]},{\"@type\":\"WebSite\",\"@id\":\"https:\\\/\\\/www.entreculturas.org\\\/en\\\/#website\",\"url\":\"https:\\\/\\\/www.entreculturas.org\\\/en\\\/\",\"name\":\"Entreculturas\",\"description\":\"\",\"publisher\":{\"@id\":\"https:\\\/\\\/www.entreculturas.org\\\/en\\\/#organization\"},\"alternateName\":\"Entreculturas\",\"potentialAction\":[{\"@type\":\"SearchAction\",\"target\":{\"@type\":\"EntryPoint\",\"urlTemplate\":\"https:\\\/\\\/www.entreculturas.org\\\/en\\\/?s={search_term_string}\"},\"query-input\":{\"@type\":\"PropertyValueSpecification\",\"valueRequired\":true,\"valueName\":\"search_term_string\"}}],\"inLanguage\":\"en-US\"},{\"@type\":\"Organization\",\"@id\":\"https:\\\/\\\/www.entreculturas.org\\\/en\\\/#organization\",\"name\":\"Entreculturas\",\"url\":\"https:\\\/\\\/www.entreculturas.org\\\/en\\\/\",\"logo\":{\"@type\":\"ImageObject\",\"inLanguage\":\"en-US\",\"@id\":\"https:\\\/\\\/www.entreculturas.org\\\/en\\\/#\\\/schema\\\/logo\\\/image\\\/\",\"url\":\"https:\\\/\\\/www.entreculturas.org\\\/wp-content\\\/uploads\\\/2025\\\/10\\\/ESP.svg\",\"contentUrl\":\"https:\\\/\\\/www.entreculturas.org\\\/wp-content\\\/uploads\\\/2025\\\/10\\\/ESP.svg\",\"caption\":\"Entreculturas\"},\"image\":{\"@id\":\"https:\\\/\\\/www.entreculturas.org\\\/en\\\/#\\\/schema\\\/logo\\\/image\\\/\"},\"sameAs\":[\"https:\\\/\\\/www.facebook.com\\\/entreculturas\",\"https:\\\/\\\/x.com\\\/Entreculturas\",\"https:\\\/\\\/www.instagram.com\\\/entreculturas\\\/\",\"https:\\\/\\\/www.youtube.com\\\/user\\\/entreculturasvideo\",\"https:\\\/\\\/www.linkedin.com\\\/company\\\/fundacion-entreculturas-ngdo\\\/\",\"https:\\\/\\\/www.flickr.com\\\/photos\\\/98455522@N04\\\/albums\\\/\"]}]}<\/script>\n<!-- \/ Yoast SEO Premium plugin. -->","yoast_head_json":{"title":"Julia Navarro: 100 episodios del podcast 'Voces por una Causa'","description":"Julia Navarro llega a los 100 episodios de 'Voces por una Causa', el podcast de la ONG Entreculturas que presenta cada semana desde hace a\u00f1os","robots":{"index":"index","follow":"follow","max-snippet":"max-snippet:-1","max-image-preview":"max-image-preview:large","max-video-preview":"max-video-preview:-1"},"canonical":"https:\/\/www.entreculturas.org\/en\/noticia\/julia-navarro-podcast-ong-entreculturas-centenario\/","og_locale":"en_US","og_type":"article","og_title":"D\u00eda Internacional del Podcast: superamos los 100 episodios de \u2018Voces por una Causa\u2019 con Julia Navarro","og_description":"Julia Navarro llega a los 100 episodios de 'Voces por una Causa', el podcast de la ONG Entreculturas que presenta cada semana desde hace a\u00f1os","og_url":"https:\/\/www.entreculturas.org\/en\/noticia\/julia-navarro-podcast-ong-entreculturas-centenario\/","og_site_name":"Entreculturas","article_publisher":"https:\/\/www.facebook.com\/entreculturas","article_modified_time":"2024-11-11T10:11:12+00:00","og_image":[{"width":2560,"height":991,"url":"https:\/\/www.entreculturas.org\/wp-content\/uploads\/2024\/09\/Julia-Navarro-Mapa-de-hilos-min-scaled.jpg","type":"image\/jpeg"}],"twitter_card":"summary_large_image","twitter_site":"@Entreculturas","schema":{"@context":"https:\/\/schema.org","@graph":[{"@type":"WebPage","@id":"https:\/\/www.entreculturas.org\/en\/noticia\/julia-navarro-podcast-ong-entreculturas-centenario\/","url":"https:\/\/www.entreculturas.org\/en\/noticia\/julia-navarro-podcast-ong-entreculturas-centenario\/","name":"Julia Navarro: 100 episodios del podcast 'Voces por una Causa'","isPartOf":{"@id":"https:\/\/www.entreculturas.org\/en\/#website"},"primaryImageOfPage":{"@id":"https:\/\/www.entreculturas.org\/en\/noticia\/julia-navarro-podcast-ong-entreculturas-centenario\/#primaryimage"},"image":{"@id":"https:\/\/www.entreculturas.org\/en\/noticia\/julia-navarro-podcast-ong-entreculturas-centenario\/#primaryimage"},"thumbnailUrl":"https:\/\/www.entreculturas.org\/wp-content\/uploads\/2024\/09\/Julia-Navarro-Mapa-de-hilos-min-scaled.jpg","datePublished":"2024-09-30T10:14:12+00:00","dateModified":"2024-11-11T10:11:12+00:00","description":"Julia Navarro llega a los 100 episodios de 'Voces por una Causa', el podcast de la ONG Entreculturas que presenta cada semana desde hace a\u00f1os","breadcrumb":{"@id":"https:\/\/www.entreculturas.org\/en\/noticia\/julia-navarro-podcast-ong-entreculturas-centenario\/#breadcrumb"},"inLanguage":"en-US","potentialAction":[{"@type":"ReadAction","target":["https:\/\/www.entreculturas.org\/en\/noticia\/julia-navarro-podcast-ong-entreculturas-centenario\/"]}]},{"@type":"ImageObject","inLanguage":"en-US","@id":"https:\/\/www.entreculturas.org\/en\/noticia\/julia-navarro-podcast-ong-entreculturas-centenario\/#primaryimage","url":"https:\/\/www.entreculturas.org\/wp-content\/uploads\/2024\/09\/Julia-Navarro-Mapa-de-hilos-min-scaled.jpg","contentUrl":"https:\/\/www.entreculturas.org\/wp-content\/uploads\/2024\/09\/Julia-Navarro-Mapa-de-hilos-min-scaled.jpg","width":2560,"height":991,"caption":"Julia Navarro podcast"},{"@type":"BreadcrumbList","@id":"https:\/\/www.entreculturas.org\/en\/noticia\/julia-navarro-podcast-ong-entreculturas-centenario\/#breadcrumb","itemListElement":[{"@type":"ListItem","position":1,"name":"Home","item":"https:\/\/www.entreculturas.org\/en\/"},{"@type":"ListItem","position":2,"name":"Noticias","item":"https:\/\/www.entreculturas.org\/en\/noticias\/"},{"@type":"ListItem","position":3,"name":"D\u00eda Internacional del Podcast: superamos los 100 episodios de \u2018Voces por una Causa\u2019 con Julia Navarro"}]},{"@type":"WebSite","@id":"https:\/\/www.entreculturas.org\/en\/#website","url":"https:\/\/www.entreculturas.org\/en\/","name":"Entreculturas","description":"","publisher":{"@id":"https:\/\/www.entreculturas.org\/en\/#organization"},"alternateName":"Entreculturas","potentialAction":[{"@type":"SearchAction","target":{"@type":"EntryPoint","urlTemplate":"https:\/\/www.entreculturas.org\/en\/?s={search_term_string}"},"query-input":{"@type":"PropertyValueSpecification","valueRequired":true,"valueName":"search_term_string"}}],"inLanguage":"en-US"},{"@type":"Organization","@id":"https:\/\/www.entreculturas.org\/en\/#organization","name":"Entreculturas","url":"https:\/\/www.entreculturas.org\/en\/","logo":{"@type":"ImageObject","inLanguage":"en-US","@id":"https:\/\/www.entreculturas.org\/en\/#\/schema\/logo\/image\/","url":"https:\/\/www.entreculturas.org\/wp-content\/uploads\/2025\/10\/ESP.svg","contentUrl":"https:\/\/www.entreculturas.org\/wp-content\/uploads\/2025\/10\/ESP.svg","caption":"Entreculturas"},"image":{"@id":"https:\/\/www.entreculturas.org\/en\/#\/schema\/logo\/image\/"},"sameAs":["https:\/\/www.facebook.com\/entreculturas","https:\/\/x.com\/Entreculturas","https:\/\/www.instagram.com\/entreculturas\/","https:\/\/www.youtube.com\/user\/entreculturasvideo","https:\/\/www.linkedin.com\/company\/fundacion-entreculturas-ngdo\/","https:\/\/www.flickr.com\/photos\/98455522@N04\/albums\/"]}]}},"_links":{"self":[{"href":"https:\/\/www.entreculturas.org\/en\/wp-json\/wp\/v2\/noticia\/33085","targetHints":{"allow":["GET"]}}],"collection":[{"href":"https:\/\/www.entreculturas.org\/en\/wp-json\/wp\/v2\/noticia"}],"about":[{"href":"https:\/\/www.entreculturas.org\/en\/wp-json\/wp\/v2\/types\/noticia"}],"wp:featuredmedia":[{"embeddable":true,"href":"https:\/\/www.entreculturas.org\/en\/wp-json\/wp\/v2\/media\/33144"}],"wp:attachment":[{"href":"https:\/\/www.entreculturas.org\/en\/wp-json\/wp\/v2\/media?parent=33085"}],"wp:term":[{"taxonomy":"category","embeddable":true,"href":"https:\/\/www.entreculturas.org\/en\/wp-json\/wp\/v2\/categories?post=33085"},{"taxonomy":"post_tag","embeddable":true,"href":"https:\/\/www.entreculturas.org\/en\/wp-json\/wp\/v2\/tags?post=33085"},{"taxonomy":"country","embeddable":true,"href":"https:\/\/www.entreculturas.org\/en\/wp-json\/wp\/v2\/country?post=33085"},{"taxonomy":"cause","embeddable":true,"href":"https:\/\/www.entreculturas.org\/en\/wp-json\/wp\/v2\/cause?post=33085"}],"curies":[{"name":"wp","href":"https:\/\/api.w.org\/{rel}","templated":true}]}}