{"id":3217,"date":"2019-05-22T08:06:43","date_gmt":"2019-05-22T08:06:43","guid":{"rendered":"https:\/\/entreculturasi.wpenginepowered.com\/?noticias=por-un-futuro-medioambientalmente-sostenible-14000-personas-se-han-movilizado-en-la"},"modified":"2024-09-20T13:28:01","modified_gmt":"2024-09-20T11:28:01","slug":"por-un-futuro-medioambientalmente-sostenible-14000-personas-se-han-movilizado-en-la","status":"publish","type":"noticia","link":"https:\/\/www.entreculturas.org\/en\/noticia\/por-un-futuro-medioambientalmente-sostenible-14000-personas-se-han-movilizado-en-la\/","title":{"rendered":"Por un futuro medioambientalmente sostenible: 14.000 personas se han movilizado en la #SAME2019"},"content":{"rendered":"<p>Hoy se celebra el D\u00eda de la Diversidad Biol\u00f3gica, un d\u00eda que nos recuerda que protecci\u00f3n de la diversidad de nuestros sistemas naturales es esenciales para la existencia humana y el bienestar de la Tierra, a la vez que contribuye al logro de los Objetivos de Desarrollo Sostenible (ODS) y a la mitigaci\u00f3n y adaptaci\u00f3n al cambio clim\u00e1tico. En este sentido, la Campa\u00f1a Mundial por la Educaci\u00f3n (CME), que lideramos junto con\u00a0Ayuda en Acci\u00f3n, EDUCO\u00a0y Plan International Espa\u00f1a, celebr\u00f3 durante el mes de abril la Semana de Acci\u00f3n Mundial por la Educaci\u00f3n (SAME) para visibilizar <strong>la importancia de la educaci\u00f3n para garantizar la conservaci\u00f3n de nuestro planeta y la supervivencia de sus habitantes.\u00a0<\/strong><\/p>\n<p>A trav\u00e9s de m\u00e1s de <strong>30 actos en 24 ciudades de Espa\u00f1a, m\u00e1s de 14.000 personas han participado <\/strong>en diferentes actos bajo el lema \u201cDefendemos la educaci\u00f3n, sostenemos el mundo\u201d para destacar la importancia de la educaci\u00f3n en la lucha contra la degradaci\u00f3n medioambiental y la transformaci\u00f3n hacia un modelo social y medioambientalmente sostenible. La actividad de movilizaci\u00f3n que ha vertebrado todos los actos de la SAME ha consistido en la construcci\u00f3n de <strong>Scrabbles de sostenibilidad<\/strong> donde los y las participantes han tenido la oportunidad de pensar juntos algunas palabras relacionadas con la educaci\u00f3n y la sostenibilidad. Durante todo el a\u00f1o m\u00e1s de 200 centros educativos y grupos de educaci\u00f3n no formal han estado trabajando los materiales did\u00e1cticos de la CME sobre educaci\u00f3n, sostenibilidad y Agenda 2030, y ellos han sido los encargados de impulsar los distintos actos reivindicativos.<\/p>\n<p><span style=\"font-size: 16px;\"><span style=\"color: #ff0101;\"><strong>El papel de una educaci\u00f3n equitativa, inclusiva y de calidad<\/strong><\/span><\/span><\/p>\n<p>El cambio clim\u00e1tico constituye un reto global que no s\u00f3lo tiene graves consecuencias medioambientales, sino un elevad\u00edsimo coste humano. Por ejemplo, la contaminaci\u00f3n ambiental del aire contribuy\u00f3 a 4,2 millones de muertes prematuras en todo el mundo, 38.000 de ellas en Espa\u00f1a, seg\u00fan las estimaciones. Adem\u00e1s, <strong>la sostenibilidad medioambiental est\u00e1 estrechamente vinculada a la sostenibilidad social<\/strong>. De hecho, los efectos del cambio clim\u00e1tico podr\u00edan llevar a la pobreza a 122 millones de personas en 2030.<\/p>\n<p>El cambio clim\u00e1tico afecta tambi\u00e9n a la educaci\u00f3n, una de los primeros derechos vulnerados cuando se produce un desastre, y afecta especialmente a las ni\u00f1as y mujeres en situaciones de crisis y emergencias. Sin embargo, la educaci\u00f3n es imprescindible para garantizar el bienestar de todas las personas sin destruir nuestro planeta. En primer lugar, la educaci\u00f3n contribuye a que las personas sean capaces de comprender los problemas medioambientales, as\u00ed como de darles respuesta y reducir su vulnerabilidad frente a sus efectos. Por otro lado, la educaci\u00f3n es la mejor herramienta para formar a una ciudadan\u00eda consciente de las causas y consecuencias del cambio clim\u00e1tico y otros problemas medioambientales, adem\u00e1s de dotarla de los conocimientos, competencias y actitudes necesarias para buscar soluciones y poner en marcha medidas para mitigarlos.<\/p>\n<p>Defendiendo el derecho a una<strong> educaci\u00f3n equitativa, inclusiva y de calidad <\/strong>no s\u00f3lo contribuimos al cumplimiento de las metas establecidas en la Agenda 2030 de los Objetivos de Desarrollo Sostenible (ODS), sino que logramos hacer del mundo y de nuestras sociedades un lugar m\u00e1s habitable. Por eso, los y las participantes en la SAME 2019 han reclamado al Gobierno de Espa\u00f1a y a las administraciones auton\u00f3micas y locales que:<\/p>\n<ul>\n<li>Recuperen su compromiso de solidaridad con la Ayuda Oficial al Desarrollo, y que destinen al menos el 8% de la misma a la educaci\u00f3n.<\/li>\n<li>Integren la educaci\u00f3n para la sostenibilidad medioambiental y social en los curr\u00edculos escolares, tanto en Espa\u00f1a como en pa\u00edses en desarrollo, a trav\u00e9s de nuestras pol\u00edticas de cooperaci\u00f3n.<\/li>\n<li>Promuevan y financien la puesta en marcha de proyectos de formaci\u00f3n en materia de sostenibilidad medioambiental y social destinados al conjunto de las comunidades educativas.<\/li>\n<li>Incentiven la \u201cgesti\u00f3n verde\u201d de los centros educativos, para que el sector educativo y las administraciones p\u00fablicas sean un ejemplo de gesti\u00f3n medioambiental.<\/li>\n<li>Adopten medidas dirigidas a impulsar la sostenibilidad social, que persigan la equidad, la eliminaci\u00f3n de la pobreza y que todas las personas se beneficien del crecimiento econ\u00f3mico y sostenible<span style=\"font-size: 16px;\"><span style=\"color: #ff0101;\"><strong>V\u00eddeo resumen de la #SAME2019<\/strong><\/span><\/span>\n<p><iframe loading=\"lazy\" title=\"#SAME2019 &quot;Defendemos la educaci\u00f3n, #SOStenemosElMundo&quot;\" width=\"500\" height=\"281\" src=\"https:\/\/www.youtube.com\/embed\/4pcIrEcdbS4?feature=oembed\" frameborder=\"0\" allow=\"accelerometer; autoplay; clipboard-write; encrypted-media; gyroscope; picture-in-picture; web-share\" referrerpolicy=\"strict-origin-when-cross-origin\" allowfullscreen><\/iframe><\/li>\n<\/ul>\n","protected":false},"excerpt":{"rendered":"<p>A trav\u00e9s de m\u00e1s de 30 actos en 24 ciudades de Espa\u00f1a, m\u00e1s de 14.000 personas han participado en diferentes actos bajo el lema \u201cDefendemos la educaci\u00f3n, sostenemos el mundo\u201d .<\/p>\n","protected":false},"featured_media":3215,"template":"single-noticia","meta":{"_acf_changed":false},"categories":[7],"tags":[256],"country":[],"cause":[131],"class_list":["post-3217","noticia","type-noticia","status-publish","has-post-thumbnail","hentry","category-noticia","tag-justicia-socioambiental","cause-justicia-medioambiental"],"acf":[],"yoast_head":"<!-- This site is optimized with the Yoast SEO Premium plugin v21.6 (Yoast SEO v27.5) - https:\/\/yoast.com\/product\/yoast-seo-premium-wordpress\/ -->\n<title>Por un futuro medioambientalmente sostenible: 14.000 personas se han movilizado en la #SAME2019 - Entreculturas<\/title>\n<meta name=\"robots\" content=\"index, follow, max-snippet:-1, max-image-preview:large, max-video-preview:-1\" \/>\n<link rel=\"canonical\" href=\"https:\/\/www.entreculturas.org\/en\/noticia\/por-un-futuro-medioambientalmente-sostenible-14000-personas-se-han-movilizado-en-la\/\" \/>\n<meta property=\"og:locale\" content=\"en_US\" \/>\n<meta property=\"og:type\" content=\"article\" \/>\n<meta property=\"og:title\" content=\"Por un futuro medioambientalmente sostenible: 14.000 personas se han movilizado en la #SAME2019\" \/>\n<meta property=\"og:description\" content=\"A trav\u00e9s de m\u00e1s de 30 actos en 24 ciudades de Espa\u00f1a, m\u00e1s de 14.000 personas han participado en diferentes actos bajo el lema \u201cDefendemos la educaci\u00f3n, sostenemos el mundo\u201d .\" \/>\n<meta property=\"og:url\" content=\"https:\/\/www.entreculturas.org\/en\/noticia\/por-un-futuro-medioambientalmente-sostenible-14000-personas-se-han-movilizado-en-la\/\" \/>\n<meta property=\"og:site_name\" content=\"Entreculturas\" \/>\n<meta property=\"article:publisher\" content=\"https:\/\/www.facebook.com\/entreculturas\" \/>\n<meta property=\"article:modified_time\" content=\"2024-09-20T11:28:01+00:00\" \/>\n<meta property=\"og:image\" content=\"https:\/\/www.entreculturas.org\/wp-content\/uploads\/2019\/05\/same-noticia-cierre.jpg\" \/>\n\t<meta property=\"og:image:width\" content=\"800\" \/>\n\t<meta property=\"og:image:height\" content=\"600\" \/>\n\t<meta property=\"og:image:type\" content=\"image\/jpeg\" \/>\n<meta name=\"twitter:card\" content=\"summary_large_image\" \/>\n<meta name=\"twitter:site\" content=\"@Entreculturas\" \/>\n<script type=\"application\/ld+json\" class=\"yoast-schema-graph\">{\"@context\":\"https:\\\/\\\/schema.org\",\"@graph\":[{\"@type\":\"WebPage\",\"@id\":\"https:\\\/\\\/www.entreculturas.org\\\/en\\\/noticia\\\/por-un-futuro-medioambientalmente-sostenible-14000-personas-se-han-movilizado-en-la\\\/\",\"url\":\"https:\\\/\\\/www.entreculturas.org\\\/en\\\/noticia\\\/por-un-futuro-medioambientalmente-sostenible-14000-personas-se-han-movilizado-en-la\\\/\",\"name\":\"Por un futuro medioambientalmente sostenible: 14.000 personas se han movilizado en la #SAME2019 - Entreculturas\",\"isPartOf\":{\"@id\":\"https:\\\/\\\/www.entreculturas.org\\\/en\\\/#website\"},\"primaryImageOfPage\":{\"@id\":\"https:\\\/\\\/www.entreculturas.org\\\/en\\\/noticia\\\/por-un-futuro-medioambientalmente-sostenible-14000-personas-se-han-movilizado-en-la\\\/#primaryimage\"},\"image\":{\"@id\":\"https:\\\/\\\/www.entreculturas.org\\\/en\\\/noticia\\\/por-un-futuro-medioambientalmente-sostenible-14000-personas-se-han-movilizado-en-la\\\/#primaryimage\"},\"thumbnailUrl\":\"https:\\\/\\\/www.entreculturas.org\\\/wp-content\\\/uploads\\\/2019\\\/05\\\/same-noticia-cierre.jpg\",\"datePublished\":\"2019-05-22T08:06:43+00:00\",\"dateModified\":\"2024-09-20T11:28:01+00:00\",\"breadcrumb\":{\"@id\":\"https:\\\/\\\/www.entreculturas.org\\\/en\\\/noticia\\\/por-un-futuro-medioambientalmente-sostenible-14000-personas-se-han-movilizado-en-la\\\/#breadcrumb\"},\"inLanguage\":\"en-US\",\"potentialAction\":[{\"@type\":\"ReadAction\",\"target\":[\"https:\\\/\\\/www.entreculturas.org\\\/en\\\/noticia\\\/por-un-futuro-medioambientalmente-sostenible-14000-personas-se-han-movilizado-en-la\\\/\"]}]},{\"@type\":\"ImageObject\",\"inLanguage\":\"en-US\",\"@id\":\"https:\\\/\\\/www.entreculturas.org\\\/en\\\/noticia\\\/por-un-futuro-medioambientalmente-sostenible-14000-personas-se-han-movilizado-en-la\\\/#primaryimage\",\"url\":\"https:\\\/\\\/www.entreculturas.org\\\/wp-content\\\/uploads\\\/2019\\\/05\\\/same-noticia-cierre.jpg\",\"contentUrl\":\"https:\\\/\\\/www.entreculturas.org\\\/wp-content\\\/uploads\\\/2019\\\/05\\\/same-noticia-cierre.jpg\",\"width\":800,\"height\":600,\"caption\":\"same-noticia-cierre\"},{\"@type\":\"BreadcrumbList\",\"@id\":\"https:\\\/\\\/www.entreculturas.org\\\/en\\\/noticia\\\/por-un-futuro-medioambientalmente-sostenible-14000-personas-se-han-movilizado-en-la\\\/#breadcrumb\",\"itemListElement\":[{\"@type\":\"ListItem\",\"position\":1,\"name\":\"Home\",\"item\":\"https:\\\/\\\/www.entreculturas.org\\\/en\\\/\"},{\"@type\":\"ListItem\",\"position\":2,\"name\":\"Noticias\",\"item\":\"https:\\\/\\\/www.entreculturas.org\\\/en\\\/noticias\\\/\"},{\"@type\":\"ListItem\",\"position\":3,\"name\":\"Por un futuro medioambientalmente sostenible: 14.000 personas se han movilizado en la #SAME2019\"}]},{\"@type\":\"WebSite\",\"@id\":\"https:\\\/\\\/www.entreculturas.org\\\/en\\\/#website\",\"url\":\"https:\\\/\\\/www.entreculturas.org\\\/en\\\/\",\"name\":\"Entreculturas\",\"description\":\"\",\"publisher\":{\"@id\":\"https:\\\/\\\/www.entreculturas.org\\\/en\\\/#organization\"},\"alternateName\":\"Entreculturas\",\"potentialAction\":[{\"@type\":\"SearchAction\",\"target\":{\"@type\":\"EntryPoint\",\"urlTemplate\":\"https:\\\/\\\/www.entreculturas.org\\\/en\\\/?s={search_term_string}\"},\"query-input\":{\"@type\":\"PropertyValueSpecification\",\"valueRequired\":true,\"valueName\":\"search_term_string\"}}],\"inLanguage\":\"en-US\"},{\"@type\":\"Organization\",\"@id\":\"https:\\\/\\\/www.entreculturas.org\\\/en\\\/#organization\",\"name\":\"Entreculturas\",\"url\":\"https:\\\/\\\/www.entreculturas.org\\\/en\\\/\",\"logo\":{\"@type\":\"ImageObject\",\"inLanguage\":\"en-US\",\"@id\":\"https:\\\/\\\/www.entreculturas.org\\\/en\\\/#\\\/schema\\\/logo\\\/image\\\/\",\"url\":\"https:\\\/\\\/www.entreculturas.org\\\/wp-content\\\/uploads\\\/2025\\\/10\\\/ESP.svg\",\"contentUrl\":\"https:\\\/\\\/www.entreculturas.org\\\/wp-content\\\/uploads\\\/2025\\\/10\\\/ESP.svg\",\"caption\":\"Entreculturas\"},\"image\":{\"@id\":\"https:\\\/\\\/www.entreculturas.org\\\/en\\\/#\\\/schema\\\/logo\\\/image\\\/\"},\"sameAs\":[\"https:\\\/\\\/www.facebook.com\\\/entreculturas\",\"https:\\\/\\\/x.com\\\/Entreculturas\",\"https:\\\/\\\/www.instagram.com\\\/entreculturas\\\/\",\"https:\\\/\\\/www.youtube.com\\\/user\\\/entreculturasvideo\",\"https:\\\/\\\/www.linkedin.com\\\/company\\\/fundacion-entreculturas-ngdo\\\/\",\"https:\\\/\\\/www.flickr.com\\\/photos\\\/98455522@N04\\\/albums\\\/\"]}]}<\/script>\n<!-- \/ Yoast SEO Premium plugin. -->","yoast_head_json":{"title":"Por un futuro medioambientalmente sostenible: 14.000 personas se han movilizado en la #SAME2019 - Entreculturas","robots":{"index":"index","follow":"follow","max-snippet":"max-snippet:-1","max-image-preview":"max-image-preview:large","max-video-preview":"max-video-preview:-1"},"canonical":"https:\/\/www.entreculturas.org\/en\/noticia\/por-un-futuro-medioambientalmente-sostenible-14000-personas-se-han-movilizado-en-la\/","og_locale":"en_US","og_type":"article","og_title":"Por un futuro medioambientalmente sostenible: 14.000 personas se han movilizado en la #SAME2019","og_description":"A trav\u00e9s de m\u00e1s de 30 actos en 24 ciudades de Espa\u00f1a, m\u00e1s de 14.000 personas han participado en diferentes actos bajo el lema \u201cDefendemos la educaci\u00f3n, sostenemos el mundo\u201d .","og_url":"https:\/\/www.entreculturas.org\/en\/noticia\/por-un-futuro-medioambientalmente-sostenible-14000-personas-se-han-movilizado-en-la\/","og_site_name":"Entreculturas","article_publisher":"https:\/\/www.facebook.com\/entreculturas","article_modified_time":"2024-09-20T11:28:01+00:00","og_image":[{"width":800,"height":600,"url":"https:\/\/www.entreculturas.org\/wp-content\/uploads\/2019\/05\/same-noticia-cierre.jpg","type":"image\/jpeg"}],"twitter_card":"summary_large_image","twitter_site":"@Entreculturas","schema":{"@context":"https:\/\/schema.org","@graph":[{"@type":"WebPage","@id":"https:\/\/www.entreculturas.org\/en\/noticia\/por-un-futuro-medioambientalmente-sostenible-14000-personas-se-han-movilizado-en-la\/","url":"https:\/\/www.entreculturas.org\/en\/noticia\/por-un-futuro-medioambientalmente-sostenible-14000-personas-se-han-movilizado-en-la\/","name":"Por un futuro medioambientalmente sostenible: 14.000 personas se han movilizado en la #SAME2019 - Entreculturas","isPartOf":{"@id":"https:\/\/www.entreculturas.org\/en\/#website"},"primaryImageOfPage":{"@id":"https:\/\/www.entreculturas.org\/en\/noticia\/por-un-futuro-medioambientalmente-sostenible-14000-personas-se-han-movilizado-en-la\/#primaryimage"},"image":{"@id":"https:\/\/www.entreculturas.org\/en\/noticia\/por-un-futuro-medioambientalmente-sostenible-14000-personas-se-han-movilizado-en-la\/#primaryimage"},"thumbnailUrl":"https:\/\/www.entreculturas.org\/wp-content\/uploads\/2019\/05\/same-noticia-cierre.jpg","datePublished":"2019-05-22T08:06:43+00:00","dateModified":"2024-09-20T11:28:01+00:00","breadcrumb":{"@id":"https:\/\/www.entreculturas.org\/en\/noticia\/por-un-futuro-medioambientalmente-sostenible-14000-personas-se-han-movilizado-en-la\/#breadcrumb"},"inLanguage":"en-US","potentialAction":[{"@type":"ReadAction","target":["https:\/\/www.entreculturas.org\/en\/noticia\/por-un-futuro-medioambientalmente-sostenible-14000-personas-se-han-movilizado-en-la\/"]}]},{"@type":"ImageObject","inLanguage":"en-US","@id":"https:\/\/www.entreculturas.org\/en\/noticia\/por-un-futuro-medioambientalmente-sostenible-14000-personas-se-han-movilizado-en-la\/#primaryimage","url":"https:\/\/www.entreculturas.org\/wp-content\/uploads\/2019\/05\/same-noticia-cierre.jpg","contentUrl":"https:\/\/www.entreculturas.org\/wp-content\/uploads\/2019\/05\/same-noticia-cierre.jpg","width":800,"height":600,"caption":"same-noticia-cierre"},{"@type":"BreadcrumbList","@id":"https:\/\/www.entreculturas.org\/en\/noticia\/por-un-futuro-medioambientalmente-sostenible-14000-personas-se-han-movilizado-en-la\/#breadcrumb","itemListElement":[{"@type":"ListItem","position":1,"name":"Home","item":"https:\/\/www.entreculturas.org\/en\/"},{"@type":"ListItem","position":2,"name":"Noticias","item":"https:\/\/www.entreculturas.org\/en\/noticias\/"},{"@type":"ListItem","position":3,"name":"Por un futuro medioambientalmente sostenible: 14.000 personas se han movilizado en la #SAME2019"}]},{"@type":"WebSite","@id":"https:\/\/www.entreculturas.org\/en\/#website","url":"https:\/\/www.entreculturas.org\/en\/","name":"Entreculturas","description":"","publisher":{"@id":"https:\/\/www.entreculturas.org\/en\/#organization"},"alternateName":"Entreculturas","potentialAction":[{"@type":"SearchAction","target":{"@type":"EntryPoint","urlTemplate":"https:\/\/www.entreculturas.org\/en\/?s={search_term_string}"},"query-input":{"@type":"PropertyValueSpecification","valueRequired":true,"valueName":"search_term_string"}}],"inLanguage":"en-US"},{"@type":"Organization","@id":"https:\/\/www.entreculturas.org\/en\/#organization","name":"Entreculturas","url":"https:\/\/www.entreculturas.org\/en\/","logo":{"@type":"ImageObject","inLanguage":"en-US","@id":"https:\/\/www.entreculturas.org\/en\/#\/schema\/logo\/image\/","url":"https:\/\/www.entreculturas.org\/wp-content\/uploads\/2025\/10\/ESP.svg","contentUrl":"https:\/\/www.entreculturas.org\/wp-content\/uploads\/2025\/10\/ESP.svg","caption":"Entreculturas"},"image":{"@id":"https:\/\/www.entreculturas.org\/en\/#\/schema\/logo\/image\/"},"sameAs":["https:\/\/www.facebook.com\/entreculturas","https:\/\/x.com\/Entreculturas","https:\/\/www.instagram.com\/entreculturas\/","https:\/\/www.youtube.com\/user\/entreculturasvideo","https:\/\/www.linkedin.com\/company\/fundacion-entreculturas-ngdo\/","https:\/\/www.flickr.com\/photos\/98455522@N04\/albums\/"]}]}},"_links":{"self":[{"href":"https:\/\/www.entreculturas.org\/en\/wp-json\/wp\/v2\/noticia\/3217","targetHints":{"allow":["GET"]}}],"collection":[{"href":"https:\/\/www.entreculturas.org\/en\/wp-json\/wp\/v2\/noticia"}],"about":[{"href":"https:\/\/www.entreculturas.org\/en\/wp-json\/wp\/v2\/types\/noticia"}],"wp:featuredmedia":[{"embeddable":true,"href":"https:\/\/www.entreculturas.org\/en\/wp-json\/wp\/v2\/media\/3215"}],"wp:attachment":[{"href":"https:\/\/www.entreculturas.org\/en\/wp-json\/wp\/v2\/media?parent=3217"}],"wp:term":[{"taxonomy":"category","embeddable":true,"href":"https:\/\/www.entreculturas.org\/en\/wp-json\/wp\/v2\/categories?post=3217"},{"taxonomy":"post_tag","embeddable":true,"href":"https:\/\/www.entreculturas.org\/en\/wp-json\/wp\/v2\/tags?post=3217"},{"taxonomy":"country","embeddable":true,"href":"https:\/\/www.entreculturas.org\/en\/wp-json\/wp\/v2\/country?post=3217"},{"taxonomy":"cause","embeddable":true,"href":"https:\/\/www.entreculturas.org\/en\/wp-json\/wp\/v2\/cause?post=3217"}],"curies":[{"name":"wp","href":"https:\/\/api.w.org\/{rel}","templated":true}]}}