{"id":31886,"date":"2024-09-16T14:03:48","date_gmt":"2024-09-16T12:03:48","guid":{"rendered":"https:\/\/www.entreculturas.org\/?post_type=noticia&#038;p=31886"},"modified":"2024-09-17T11:57:14","modified_gmt":"2024-09-17T09:57:14","slug":"sicarios-asesinan-a-juan-lopez-defensor-de-la-tierra-hondureno","status":"publish","type":"noticia","link":"https:\/\/www.entreculturas.org\/en\/noticia\/sicarios-asesinan-a-juan-lopez-defensor-de-la-tierra-hondureno\/","title":{"rendered":"Sicarios asesinan a Ju\u00e1n L\u00f3pez, defensor de la tierra hondure\u00f1o"},"content":{"rendered":"\n<ul class=\"wp-block-list\">\n<li><strong>El regidor de Tocoa lideraba la denuncia de los atropellos del &#8216;Monstruo de Siete Cabezas&#8217;<\/strong><\/li>\n\n\n\n<li><strong>Juan era coordinador de la Pastoral Social&nbsp; de&nbsp; la&nbsp; Di\u00f3cesis&nbsp; de&nbsp; Trujillo y&nbsp; miembro del Consejo Apost\u00f3lico Nacional de la Compa\u00f1\u00eda de Jes\u00fas en Honduras<\/strong><\/li>\n\n\n\n<li><strong>Las ONG jesuitas Alboan y Entreculturas condenan en\u00e9rgicamente el crimen, un nuevo cap\u00edtulo de la eliminaci\u00f3n sistem\u00e1tica de toda oposici\u00f3n a los megaproyectos<\/strong><br><\/li>\n<\/ul>\n\n\n\n<p><br>Bilbao, Madrid. 16 de septiembre de 2024<br><\/p>\n\n\n\n<p>Juan L\u00f3pez, defensor de la tierra y regidor de Tocoa, Honduras, coordinador de la Pastoral Social&nbsp; de&nbsp; la&nbsp; Di\u00f3cesis&nbsp; de&nbsp; Trujillo y&nbsp; miembro&nbsp; del Consejo Apost\u00f3lico Nacional de la Compa\u00f1\u00eda de Jes\u00fas en Honduras, ha sido asesinado a manos de sicarios este domingo 15 de septiembre.&nbsp;<br><\/p>\n\n\n\n<p>L\u00f3pez era un activo defensor de los territorios ante la imposici\u00f3n del proyecto minero de la familia Facuss\u00e9 en el r\u00edo Guapinol, y su nombre se suma a una larga lista de defensoras y defensores del medioambiente asesinados en el pa\u00eds, 196 en 2023. Juan L\u00f3pez fue acribillado a la salida de la iglesia, en el interior de su coche.<\/p>\n\n\n\n<p>Se da la circunstancia de que Juan L\u00f3pez hab\u00eda solicitado la dimisi\u00f3n del alcalde, Ad\u00e1n Funez, el pasado 10 de septiembre en conferencia de prensa. Anteriormente, el 13 de junio, el Cabildo hab\u00eda organizado ilegalmente un pleno municipal del que surgi\u00f3 la aprobaci\u00f3n de la termoel\u00e9ctrica, rechazada por la mayor\u00eda del pueblo.&nbsp;<\/p>\n\n\n\n<p>Luchaba contra el &#8216;Monstruo de Siete Cabezas&#8217;, que es como llaman en Tocoa a este megaproyecto que incluye dos minas de \u00f3xido de hierro construidas en espacio protegido, la termoel\u00e9ctrica que menguar\u00e1 de manera dram\u00e1tica el caudal del r\u00edo Guapinol y sus afluentes, una planta peletizadora, y tres pozos de agua que resecar\u00e1n la tierra.<br><\/p>\n\n\n\n<p><strong>Condena en\u00e9rgica<\/strong><br><\/p>\n\n\n\n<p>Desde las ONG jesuitas Alboan y Entreculturas expresamos nuestra m\u00e1s en\u00e9rgica repulsa por este crimen; un nuevo cap\u00edtulo de la persecuci\u00f3n y eliminaci\u00f3n sistem\u00e1tica de toda oposici\u00f3n a los megaproyectos que atentan contras las comunidades y la vida. El asesinato de L\u00f3pez se explica desde la vileza y la impunidad en la que operan redes criminales conectadas con instituciones corruptas y entramados empresariales depredadores beneficiarios del tr\u00e1fico de influencias.<\/p>\n\n\n\n<p>Precisamente Juan L\u00f3pez fue entrevistado por diversos medios de comunicaci\u00f3n espa\u00f1oles en el viaje de prensa organizado por la ONG Alboan en junio de este a\u00f1o, una voz que ahora ha sido violentamente acallada.<br><\/p>\n\n\n\n<p>Alboan y Entreculturas queremos trasladar nuestras m\u00e1s sentidas condolencias a la familia y personas allegadas de Juan L\u00f3pez; a nuestra organizaci\u00f3n aliada ERIC-Radio Progreso que libra una incesante batalla por la defensa de los derechos humanos y contra la impunidad; y nos sumamos a la condena realizada por la Compa\u00f1\u00eda de Jes\u00fas en Honduras y al pesar del conjunto de las comunidades de Tocoa, v\u00edctima de los atropellos sociales y medioambientales de la depredaci\u00f3n de ciertos conglomerados empresariales.<br><\/p>\n\n\n\n<p>Adem\u00e1s, exigimos a las autoridades competentes el esclarecimiento de los hechos mediante una investigaci\u00f3n imparcial que lleve hasta los autores materiales e intelectuales de este atentado.<br><\/p>\n\n\n\n<p>Tambi\u00e9n exigimos el fortalecimiento e implementaci\u00f3n de garant\u00edas reales y efectivas, individuales y colectivas, para la protecci\u00f3n de la vida y el territorio de las comunidades.<br><\/p>\n\n\n\n<p>Finalmente, reiteramos nuestro apoyo y compromiso con las personas defensoras de derechos humanos, y las comunidades campesinas, principales v\u00edctimas de la violencia y el conflicto.\u00a0<br><br><a href=\"https:\/\/www.entreculturas.org\/wp-content\/uploads\/2024\/09\/comunicado-sj-honduras.jpg\" target=\"_blank\" rel=\"noreferrer noopener\">Comunicado de la Compa\u00f1\u00eda de Jes\u00fas Honduras <\/a><\/p>\n","protected":false},"excerpt":{"rendered":"<p>Bilbao, Madrid. 16 de septiembre de 2024 Juan L\u00f3pez, defensor de la tierra y regidor de Tocoa, Honduras, coordinador de la Pastoral Social&nbsp; de&nbsp; la&nbsp; Di\u00f3cesis&nbsp; de&nbsp; Trujillo y&nbsp; miembro&nbsp; del Consejo Apost\u00f3lico Nacional de la Compa\u00f1\u00eda de Jes\u00fas en Honduras, ha sido asesinado a manos de sicarios este domingo 15 de septiembre.&nbsp; L\u00f3pez era un activo defensor de los territorios ante la imposici\u00f3n del proyecto minero de la familia Facuss\u00e9 en el r\u00edo Guapinol, y su nombre se suma a una larga lista de defensoras y defensores del medioambiente asesinados en el pa\u00eds, 196 en 2023. Juan L\u00f3pez fue acribillado a la salida de la iglesia, en el interior de su coche. Se da la circunstancia de que Juan L\u00f3pez hab\u00eda solicitado la dimisi\u00f3n del alcalde, Ad\u00e1n Funez, el pasado 10 de septiembre en conferencia de prensa. Anteriormente, el 13 de junio, el Cabildo hab\u00eda organizado ilegalmente un pleno [&hellip;]<\/p>\n","protected":false},"featured_media":31917,"template":"","meta":{"_acf_changed":false},"categories":[7],"tags":[185],"country":[146],"cause":[],"class_list":["post-31886","noticia","type-noticia","status-publish","has-post-thumbnail","hentry","category-noticia","tag-entreculturas","country-honduras"],"acf":[],"yoast_head":"<!-- This site is optimized with the Yoast SEO Premium plugin v21.6 (Yoast SEO v27.5) - https:\/\/yoast.com\/product\/yoast-seo-premium-wordpress\/ -->\n<title>Sicarios asesinan a Ju\u00e1n L\u00f3pez, defensor de la tierra hondure\u00f1o - Entreculturas<\/title>\n<meta name=\"description\" content=\"Juan L\u00f3pez, miembro\u00a0 del Consejo Apost\u00f3lico Nacional de la Compa\u00f1\u00eda de Jes\u00fas, en Honduras, ha sido asesinado.\" \/>\n<meta name=\"robots\" content=\"index, follow, max-snippet:-1, max-image-preview:large, max-video-preview:-1\" \/>\n<link rel=\"canonical\" href=\"https:\/\/www.entreculturas.org\/en\/noticia\/sicarios-asesinan-a-juan-lopez-defensor-de-la-tierra-hondureno\/\" \/>\n<meta property=\"og:locale\" content=\"en_US\" \/>\n<meta property=\"og:type\" content=\"article\" \/>\n<meta property=\"og:title\" content=\"Sicarios asesinan a Ju\u00e1n L\u00f3pez, defensor de la tierra hondure\u00f1o\" \/>\n<meta property=\"og:description\" content=\"Juan L\u00f3pez, miembro\u00a0 del Consejo Apost\u00f3lico Nacional de la Compa\u00f1\u00eda de Jes\u00fas, en Honduras, ha sido asesinado.\" \/>\n<meta property=\"og:url\" content=\"https:\/\/www.entreculturas.org\/en\/noticia\/sicarios-asesinan-a-juan-lopez-defensor-de-la-tierra-hondureno\/\" \/>\n<meta property=\"og:site_name\" content=\"Entreculturas\" \/>\n<meta property=\"article:publisher\" content=\"https:\/\/www.facebook.com\/entreculturas\" \/>\n<meta property=\"article:modified_time\" content=\"2024-09-17T09:57:14+00:00\" \/>\n<meta property=\"og:image\" content=\"https:\/\/www.entreculturas.org\/wp-content\/uploads\/2024\/09\/juan-lopez-ambientalista-1024x683-1-3.jpg\" \/>\n\t<meta property=\"og:image:width\" content=\"1024\" \/>\n\t<meta property=\"og:image:height\" content=\"415\" \/>\n\t<meta property=\"og:image:type\" content=\"image\/jpeg\" \/>\n<meta name=\"twitter:card\" content=\"summary_large_image\" \/>\n<meta name=\"twitter:site\" content=\"@Entreculturas\" \/>\n<script type=\"application\/ld+json\" class=\"yoast-schema-graph\">{\"@context\":\"https:\\\/\\\/schema.org\",\"@graph\":[{\"@type\":\"WebPage\",\"@id\":\"https:\\\/\\\/www.entreculturas.org\\\/en\\\/noticia\\\/sicarios-asesinan-a-juan-lopez-defensor-de-la-tierra-hondureno\\\/\",\"url\":\"https:\\\/\\\/www.entreculturas.org\\\/en\\\/noticia\\\/sicarios-asesinan-a-juan-lopez-defensor-de-la-tierra-hondureno\\\/\",\"name\":\"Sicarios asesinan a Ju\u00e1n L\u00f3pez, defensor de la tierra hondure\u00f1o - Entreculturas\",\"isPartOf\":{\"@id\":\"https:\\\/\\\/www.entreculturas.org\\\/en\\\/#website\"},\"primaryImageOfPage\":{\"@id\":\"https:\\\/\\\/www.entreculturas.org\\\/en\\\/noticia\\\/sicarios-asesinan-a-juan-lopez-defensor-de-la-tierra-hondureno\\\/#primaryimage\"},\"image\":{\"@id\":\"https:\\\/\\\/www.entreculturas.org\\\/en\\\/noticia\\\/sicarios-asesinan-a-juan-lopez-defensor-de-la-tierra-hondureno\\\/#primaryimage\"},\"thumbnailUrl\":\"https:\\\/\\\/www.entreculturas.org\\\/wp-content\\\/uploads\\\/2024\\\/09\\\/juan-lopez-ambientalista-1024x683-1-3.jpg\",\"datePublished\":\"2024-09-16T12:03:48+00:00\",\"dateModified\":\"2024-09-17T09:57:14+00:00\",\"description\":\"Juan L\u00f3pez, miembro\u00a0 del Consejo Apost\u00f3lico Nacional de la Compa\u00f1\u00eda de Jes\u00fas, en Honduras, ha sido asesinado.\",\"breadcrumb\":{\"@id\":\"https:\\\/\\\/www.entreculturas.org\\\/en\\\/noticia\\\/sicarios-asesinan-a-juan-lopez-defensor-de-la-tierra-hondureno\\\/#breadcrumb\"},\"inLanguage\":\"en-US\",\"potentialAction\":[{\"@type\":\"ReadAction\",\"target\":[\"https:\\\/\\\/www.entreculturas.org\\\/en\\\/noticia\\\/sicarios-asesinan-a-juan-lopez-defensor-de-la-tierra-hondureno\\\/\"]}]},{\"@type\":\"ImageObject\",\"inLanguage\":\"en-US\",\"@id\":\"https:\\\/\\\/www.entreculturas.org\\\/en\\\/noticia\\\/sicarios-asesinan-a-juan-lopez-defensor-de-la-tierra-hondureno\\\/#primaryimage\",\"url\":\"https:\\\/\\\/www.entreculturas.org\\\/wp-content\\\/uploads\\\/2024\\\/09\\\/juan-lopez-ambientalista-1024x683-1-3.jpg\",\"contentUrl\":\"https:\\\/\\\/www.entreculturas.org\\\/wp-content\\\/uploads\\\/2024\\\/09\\\/juan-lopez-ambientalista-1024x683-1-3.jpg\",\"width\":1024,\"height\":415},{\"@type\":\"BreadcrumbList\",\"@id\":\"https:\\\/\\\/www.entreculturas.org\\\/en\\\/noticia\\\/sicarios-asesinan-a-juan-lopez-defensor-de-la-tierra-hondureno\\\/#breadcrumb\",\"itemListElement\":[{\"@type\":\"ListItem\",\"position\":1,\"name\":\"Home\",\"item\":\"https:\\\/\\\/www.entreculturas.org\\\/en\\\/\"},{\"@type\":\"ListItem\",\"position\":2,\"name\":\"Noticias\",\"item\":\"https:\\\/\\\/www.entreculturas.org\\\/en\\\/noticias\\\/\"},{\"@type\":\"ListItem\",\"position\":3,\"name\":\"Sicarios asesinan a Ju\u00e1n L\u00f3pez, defensor de la tierra hondure\u00f1o\"}]},{\"@type\":\"WebSite\",\"@id\":\"https:\\\/\\\/www.entreculturas.org\\\/en\\\/#website\",\"url\":\"https:\\\/\\\/www.entreculturas.org\\\/en\\\/\",\"name\":\"Entreculturas\",\"description\":\"\",\"publisher\":{\"@id\":\"https:\\\/\\\/www.entreculturas.org\\\/en\\\/#organization\"},\"alternateName\":\"Entreculturas\",\"potentialAction\":[{\"@type\":\"SearchAction\",\"target\":{\"@type\":\"EntryPoint\",\"urlTemplate\":\"https:\\\/\\\/www.entreculturas.org\\\/en\\\/?s={search_term_string}\"},\"query-input\":{\"@type\":\"PropertyValueSpecification\",\"valueRequired\":true,\"valueName\":\"search_term_string\"}}],\"inLanguage\":\"en-US\"},{\"@type\":\"Organization\",\"@id\":\"https:\\\/\\\/www.entreculturas.org\\\/en\\\/#organization\",\"name\":\"Entreculturas\",\"url\":\"https:\\\/\\\/www.entreculturas.org\\\/en\\\/\",\"logo\":{\"@type\":\"ImageObject\",\"inLanguage\":\"en-US\",\"@id\":\"https:\\\/\\\/www.entreculturas.org\\\/en\\\/#\\\/schema\\\/logo\\\/image\\\/\",\"url\":\"https:\\\/\\\/www.entreculturas.org\\\/wp-content\\\/uploads\\\/2025\\\/10\\\/ESP.svg\",\"contentUrl\":\"https:\\\/\\\/www.entreculturas.org\\\/wp-content\\\/uploads\\\/2025\\\/10\\\/ESP.svg\",\"caption\":\"Entreculturas\"},\"image\":{\"@id\":\"https:\\\/\\\/www.entreculturas.org\\\/en\\\/#\\\/schema\\\/logo\\\/image\\\/\"},\"sameAs\":[\"https:\\\/\\\/www.facebook.com\\\/entreculturas\",\"https:\\\/\\\/x.com\\\/Entreculturas\",\"https:\\\/\\\/www.instagram.com\\\/entreculturas\\\/\",\"https:\\\/\\\/www.youtube.com\\\/user\\\/entreculturasvideo\",\"https:\\\/\\\/www.linkedin.com\\\/company\\\/fundacion-entreculturas-ngdo\\\/\",\"https:\\\/\\\/www.flickr.com\\\/photos\\\/98455522@N04\\\/albums\\\/\"]}]}<\/script>\n<!-- \/ Yoast SEO Premium plugin. -->","yoast_head_json":{"title":"Sicarios asesinan a Ju\u00e1n L\u00f3pez, defensor de la tierra hondure\u00f1o - Entreculturas","description":"Juan L\u00f3pez, miembro\u00a0 del Consejo Apost\u00f3lico Nacional de la Compa\u00f1\u00eda de Jes\u00fas, en Honduras, ha sido asesinado.","robots":{"index":"index","follow":"follow","max-snippet":"max-snippet:-1","max-image-preview":"max-image-preview:large","max-video-preview":"max-video-preview:-1"},"canonical":"https:\/\/www.entreculturas.org\/en\/noticia\/sicarios-asesinan-a-juan-lopez-defensor-de-la-tierra-hondureno\/","og_locale":"en_US","og_type":"article","og_title":"Sicarios asesinan a Ju\u00e1n L\u00f3pez, defensor de la tierra hondure\u00f1o","og_description":"Juan L\u00f3pez, miembro\u00a0 del Consejo Apost\u00f3lico Nacional de la Compa\u00f1\u00eda de Jes\u00fas, en Honduras, ha sido asesinado.","og_url":"https:\/\/www.entreculturas.org\/en\/noticia\/sicarios-asesinan-a-juan-lopez-defensor-de-la-tierra-hondureno\/","og_site_name":"Entreculturas","article_publisher":"https:\/\/www.facebook.com\/entreculturas","article_modified_time":"2024-09-17T09:57:14+00:00","og_image":[{"width":1024,"height":415,"url":"https:\/\/www.entreculturas.org\/wp-content\/uploads\/2024\/09\/juan-lopez-ambientalista-1024x683-1-3.jpg","type":"image\/jpeg"}],"twitter_card":"summary_large_image","twitter_site":"@Entreculturas","schema":{"@context":"https:\/\/schema.org","@graph":[{"@type":"WebPage","@id":"https:\/\/www.entreculturas.org\/en\/noticia\/sicarios-asesinan-a-juan-lopez-defensor-de-la-tierra-hondureno\/","url":"https:\/\/www.entreculturas.org\/en\/noticia\/sicarios-asesinan-a-juan-lopez-defensor-de-la-tierra-hondureno\/","name":"Sicarios asesinan a Ju\u00e1n L\u00f3pez, defensor de la tierra hondure\u00f1o - Entreculturas","isPartOf":{"@id":"https:\/\/www.entreculturas.org\/en\/#website"},"primaryImageOfPage":{"@id":"https:\/\/www.entreculturas.org\/en\/noticia\/sicarios-asesinan-a-juan-lopez-defensor-de-la-tierra-hondureno\/#primaryimage"},"image":{"@id":"https:\/\/www.entreculturas.org\/en\/noticia\/sicarios-asesinan-a-juan-lopez-defensor-de-la-tierra-hondureno\/#primaryimage"},"thumbnailUrl":"https:\/\/www.entreculturas.org\/wp-content\/uploads\/2024\/09\/juan-lopez-ambientalista-1024x683-1-3.jpg","datePublished":"2024-09-16T12:03:48+00:00","dateModified":"2024-09-17T09:57:14+00:00","description":"Juan L\u00f3pez, miembro\u00a0 del Consejo Apost\u00f3lico Nacional de la Compa\u00f1\u00eda de Jes\u00fas, en Honduras, ha sido asesinado.","breadcrumb":{"@id":"https:\/\/www.entreculturas.org\/en\/noticia\/sicarios-asesinan-a-juan-lopez-defensor-de-la-tierra-hondureno\/#breadcrumb"},"inLanguage":"en-US","potentialAction":[{"@type":"ReadAction","target":["https:\/\/www.entreculturas.org\/en\/noticia\/sicarios-asesinan-a-juan-lopez-defensor-de-la-tierra-hondureno\/"]}]},{"@type":"ImageObject","inLanguage":"en-US","@id":"https:\/\/www.entreculturas.org\/en\/noticia\/sicarios-asesinan-a-juan-lopez-defensor-de-la-tierra-hondureno\/#primaryimage","url":"https:\/\/www.entreculturas.org\/wp-content\/uploads\/2024\/09\/juan-lopez-ambientalista-1024x683-1-3.jpg","contentUrl":"https:\/\/www.entreculturas.org\/wp-content\/uploads\/2024\/09\/juan-lopez-ambientalista-1024x683-1-3.jpg","width":1024,"height":415},{"@type":"BreadcrumbList","@id":"https:\/\/www.entreculturas.org\/en\/noticia\/sicarios-asesinan-a-juan-lopez-defensor-de-la-tierra-hondureno\/#breadcrumb","itemListElement":[{"@type":"ListItem","position":1,"name":"Home","item":"https:\/\/www.entreculturas.org\/en\/"},{"@type":"ListItem","position":2,"name":"Noticias","item":"https:\/\/www.entreculturas.org\/en\/noticias\/"},{"@type":"ListItem","position":3,"name":"Sicarios asesinan a Ju\u00e1n L\u00f3pez, defensor de la tierra hondure\u00f1o"}]},{"@type":"WebSite","@id":"https:\/\/www.entreculturas.org\/en\/#website","url":"https:\/\/www.entreculturas.org\/en\/","name":"Entreculturas","description":"","publisher":{"@id":"https:\/\/www.entreculturas.org\/en\/#organization"},"alternateName":"Entreculturas","potentialAction":[{"@type":"SearchAction","target":{"@type":"EntryPoint","urlTemplate":"https:\/\/www.entreculturas.org\/en\/?s={search_term_string}"},"query-input":{"@type":"PropertyValueSpecification","valueRequired":true,"valueName":"search_term_string"}}],"inLanguage":"en-US"},{"@type":"Organization","@id":"https:\/\/www.entreculturas.org\/en\/#organization","name":"Entreculturas","url":"https:\/\/www.entreculturas.org\/en\/","logo":{"@type":"ImageObject","inLanguage":"en-US","@id":"https:\/\/www.entreculturas.org\/en\/#\/schema\/logo\/image\/","url":"https:\/\/www.entreculturas.org\/wp-content\/uploads\/2025\/10\/ESP.svg","contentUrl":"https:\/\/www.entreculturas.org\/wp-content\/uploads\/2025\/10\/ESP.svg","caption":"Entreculturas"},"image":{"@id":"https:\/\/www.entreculturas.org\/en\/#\/schema\/logo\/image\/"},"sameAs":["https:\/\/www.facebook.com\/entreculturas","https:\/\/x.com\/Entreculturas","https:\/\/www.instagram.com\/entreculturas\/","https:\/\/www.youtube.com\/user\/entreculturasvideo","https:\/\/www.linkedin.com\/company\/fundacion-entreculturas-ngdo\/","https:\/\/www.flickr.com\/photos\/98455522@N04\/albums\/"]}]}},"_links":{"self":[{"href":"https:\/\/www.entreculturas.org\/en\/wp-json\/wp\/v2\/noticia\/31886","targetHints":{"allow":["GET"]}}],"collection":[{"href":"https:\/\/www.entreculturas.org\/en\/wp-json\/wp\/v2\/noticia"}],"about":[{"href":"https:\/\/www.entreculturas.org\/en\/wp-json\/wp\/v2\/types\/noticia"}],"wp:featuredmedia":[{"embeddable":true,"href":"https:\/\/www.entreculturas.org\/en\/wp-json\/wp\/v2\/media\/31917"}],"wp:attachment":[{"href":"https:\/\/www.entreculturas.org\/en\/wp-json\/wp\/v2\/media?parent=31886"}],"wp:term":[{"taxonomy":"category","embeddable":true,"href":"https:\/\/www.entreculturas.org\/en\/wp-json\/wp\/v2\/categories?post=31886"},{"taxonomy":"post_tag","embeddable":true,"href":"https:\/\/www.entreculturas.org\/en\/wp-json\/wp\/v2\/tags?post=31886"},{"taxonomy":"country","embeddable":true,"href":"https:\/\/www.entreculturas.org\/en\/wp-json\/wp\/v2\/country?post=31886"},{"taxonomy":"cause","embeddable":true,"href":"https:\/\/www.entreculturas.org\/en\/wp-json\/wp\/v2\/cause?post=31886"}],"curies":[{"name":"wp","href":"https:\/\/api.w.org\/{rel}","templated":true}]}}