{"id":3126,"date":"2019-05-10T08:57:08","date_gmt":"2019-05-10T08:57:08","guid":{"rendered":"https:\/\/entreculturasi.wpenginepowered.com\/?noticias=nicaragua-revolucion-de-la-ternura-en-tiempos-de-crisis"},"modified":"2024-03-20T11:05:26","modified_gmt":"2024-03-20T10:05:26","slug":"nicaragua-revolucion-de-la-ternura-en-tiempos-de-crisis","status":"publish","type":"noticia","link":"https:\/\/www.entreculturas.org\/en\/noticia\/nicaragua-revolucion-de-la-ternura-en-tiempos-de-crisis\/","title":{"rendered":"Nicaragua: Revoluci\u00f3n de la ternura en tiempos de crisis"},"content":{"rendered":"<p>Nicaragua sufre una profunda fractura social y polarizaci\u00f3n de visiones a ra\u00edz de la <strong>crisis pol\u00edtica, social y humanitaria que se ha agudizado hace poco m\u00e1s de un a\u00f1o<\/strong>. Al margen de posturas pol\u00edticas, los al menos 320 muertos seg\u00fan cifras de la CIDH, las centenares de personas detenidas arbitrariamente y las miles de personas migrantes y solicitantes de asilo (en conjunto unas 60.000 personas) en otros pa\u00edses, son signos objetivos de una <strong>sistem\u00e1tica violaci\u00f3n de derechos humanos<\/strong>.&nbsp;<\/p>\n<p>En este contexto hostil y dif\u00edcil para la convivencia social pac\u00edfica,<strong> el trabajo de Fe y Alegr\u00eda se basa en promover una cultura de paz y reconciliaci\u00f3n en las aulas, fomentando el di\u00e1logo, el respeto por la diversidad de pensamiento, y el perd\u00f3n<\/strong>. De alguna manera Fe y Alegr\u00eda busca generar un clima de estabilidad emocional en toda la comunidad educativa: ni\u00f1os, ni\u00f1as, padres, madres, docentes y personal directivo.&nbsp;<\/p>\n<p>Recientemente, nuestras compa\u00f1eras: Marta del Barrio, expatriada de Entreculturas para Centro-Am\u00e9rica, y&nbsp; Gemma L\u00f3pez, Responsable del Departamento de Am\u00e9rica Latina y el Caribe han viajado a Nicaragua. Un pa\u00eds con&nbsp; un significado especial para Gemma, pues fue all\u00ed donde se march\u00f3 como VOLPA en 1996 y donde ha vivido 10 a\u00f1os.<\/p>\n<p>\u201cEl papel conciliador de Fe y Alegr\u00eda no es tarea f\u00e1cil. Las directoras y docentes me dec\u00edan que, con la polarizaci\u00f3n existente, sienten temor a emitir opiniones sobre lo que est\u00e1 sucediendo en el pa\u00eds; que viven con miedo a que grupos violentos se tomen las escuelas y saquen a los y las estudiantes de las aulas; o que siguen con la incertidumbre de si alzar la bandera y cantar el himno nacional puede ser interpretado como subversi\u00f3n. Todo ello ha provocado que&nbsp; a pesar de la aparente \u201cnormalidad\u201d,&nbsp; <strong>cada d\u00eda se viva con tensi\u00f3n<\/strong>; con una \u201ccalma chicha\u201d que dicen all\u00e1\u201d, nos cuenta.<\/p>\n<p>&nbsp;<\/p>\n<p>Fe y Alegr\u00eda, como equipo, logra afrontar los desaf\u00edos del contexto promoviendo en las aulas y los centros educativos una cultura de paz, di\u00e1logo, respeto ante la diversidad de opini\u00f3n, y fomento de la justicia restaurativa, que sean germen de una nueva y ansiada sociedad, m\u00e1s democr\u00e1tica y pac\u00edfica.&nbsp;<br \/>&nbsp;<br \/>Contribuyen a ello&nbsp;dos grandes iniciativas apoyadas por Entreculturas: por una parte, el convenio de <strong>\u201cEducaci\u00f3n Transformadora\u201d<\/strong> financiado por la Agencia Espa\u00f1ola de Cooperaci\u00f3n Internacional; y, por otra, el proyecto de<strong> \u201cJuventudes y cultura de reconciliaci\u00f3n y paz\u201d<\/strong>, apoyado por la Uni\u00f3n Europea y en consorcio con Ayuda en Acci\u00f3n. En ambas intervenciones se trabaja con los&nbsp;equipos docentes y la poblaci\u00f3n estudiantil para desarrollar competencias relativas a la<strong> pedagog\u00eda del perd\u00f3n y convivencia pac\u00edfica y equitativa<\/strong>, que permitan una adecuada gesti\u00f3n de las emociones y diferencias, y un \u00f3ptimo acompa\u00f1amiento a los y las estudiantes, padres y madres.&nbsp;<\/p>\n<p>Junto al papel social tan importante que desarrolla Fe y Alegr\u00eda en estos momentos, en barrios de por s\u00ed ya vulnerables y con alta presencia de violencia, <strong>otras organizaciones hermanas&nbsp;de la Compa\u00f1\u00eda de Jes\u00fas&nbsp;juegan un rol importante en la crisis<\/strong>. Desde la UCA se intenta seguir promoviendo el crecimiento humano cr\u00edtico de los estudiantes y las estudiantes, desde una visi\u00f3n de defensa de los derechos humanos; a pesar de la presi\u00f3n que dicha instituci\u00f3n sufre, ha logrado readaptar su plan de estudios en modalidades semipresenciales que responden al fomento de la seguridad del alumnado. Por otra parte el SJM Nicaragua facilita informaci\u00f3n legal y sobre rutas seguras a aquellas personas que optan por salir del pa\u00eds.&nbsp;<\/p>\n<p>Gemma a\u00f1ade: \u201cHe dejado Nicaragua con la certeza de que nuestras organizaciones socias est\u00e1n donde deben estar: con la gente, de una u otra manera; arriesgando a veces la libertad o incluso la vida, mientras fomentan una revoluci\u00f3n de ternura que sea capaz de contrarrestar la desconfianza,&nbsp;el miedo, el odio, la corrupci\u00f3n y la injusticia. Con la certeza de que \u201cnuestro estar\u201d como Entreculturas es importante y necesario para las personas en estos tiempos dif\u00edciles\u201d.<\/p>\n","protected":false},"excerpt":{"rendered":"<p>En este contexto hostil y dif\u00edcil para la convivencia social pac\u00edfica, el trabajo de Fe y Alegr\u00eda se basa en promover una cultura de paz y reconciliaci\u00f3n en las aulas, fomentando el di\u00e1logo, el respeto por la diversidad de pensamiento, y el perd\u00f3n. De alguna manera Fe y Alegr\u00eda busca generar un clima de estabilidad emocional en toda la comunidad educativa: ni\u00f1os, ni\u00f1as, padres, madres, docentes y personal directivo. <\/p>\n","protected":false},"featured_media":3125,"template":"single-noticia","meta":{"_acf_changed":false},"categories":[7],"tags":[185],"country":[145],"cause":[],"class_list":["post-3126","noticia","type-noticia","status-publish","has-post-thumbnail","hentry","category-noticia","tag-entreculturas","country-nicaragua"],"acf":[],"yoast_head":"<!-- This site is optimized with the Yoast SEO Premium plugin v21.6 (Yoast SEO v27.5) - https:\/\/yoast.com\/product\/yoast-seo-premium-wordpress\/ -->\n<title>Nicaragua: Revoluci\u00f3n de la ternura en tiempos de crisis - Entreculturas<\/title>\n<meta name=\"robots\" content=\"index, follow, max-snippet:-1, max-image-preview:large, max-video-preview:-1\" \/>\n<link rel=\"canonical\" href=\"https:\/\/www.entreculturas.org\/en\/noticia\/nicaragua-revolucion-de-la-ternura-en-tiempos-de-crisis\/\" \/>\n<meta property=\"og:locale\" content=\"en_US\" \/>\n<meta property=\"og:type\" content=\"article\" \/>\n<meta property=\"og:title\" content=\"Nicaragua: Revoluci\u00f3n de la ternura en tiempos de crisis\" \/>\n<meta property=\"og:description\" content=\"En este contexto hostil y dif\u00edcil para la convivencia social pac\u00edfica, el trabajo de Fe y Alegr\u00eda se basa en promover una cultura de paz y reconciliaci\u00f3n en las aulas, fomentando el di\u00e1logo, el respeto por la diversidad de pensamiento, y el perd\u00f3n. De alguna manera Fe y Alegr\u00eda busca generar un clima de estabilidad emocional en toda la comunidad educativa: ni\u00f1os, ni\u00f1as, padres, madres, docentes y personal directivo.\" \/>\n<meta property=\"og:url\" content=\"https:\/\/www.entreculturas.org\/en\/noticia\/nicaragua-revolucion-de-la-ternura-en-tiempos-de-crisis\/\" \/>\n<meta property=\"og:site_name\" content=\"Entreculturas\" \/>\n<meta property=\"article:publisher\" content=\"https:\/\/www.facebook.com\/entreculturas\" \/>\n<meta property=\"article:modified_time\" content=\"2024-03-20T10:05:26+00:00\" \/>\n<meta property=\"og:image\" content=\"https:\/\/www.entreculturas.org\/wp-content\/uploads\/2019\/05\/nica-ternura.jpg\" \/>\n\t<meta property=\"og:image:width\" content=\"800\" \/>\n\t<meta property=\"og:image:height\" content=\"600\" \/>\n\t<meta property=\"og:image:type\" content=\"image\/jpeg\" \/>\n<meta name=\"twitter:card\" content=\"summary_large_image\" \/>\n<meta name=\"twitter:site\" content=\"@Entreculturas\" \/>\n<script type=\"application\/ld+json\" class=\"yoast-schema-graph\">{\"@context\":\"https:\\\/\\\/schema.org\",\"@graph\":[{\"@type\":\"WebPage\",\"@id\":\"https:\\\/\\\/www.entreculturas.org\\\/en\\\/noticia\\\/nicaragua-revolucion-de-la-ternura-en-tiempos-de-crisis\\\/\",\"url\":\"https:\\\/\\\/www.entreculturas.org\\\/en\\\/noticia\\\/nicaragua-revolucion-de-la-ternura-en-tiempos-de-crisis\\\/\",\"name\":\"Nicaragua: Revoluci\u00f3n de la ternura en tiempos de crisis - Entreculturas\",\"isPartOf\":{\"@id\":\"https:\\\/\\\/www.entreculturas.org\\\/en\\\/#website\"},\"primaryImageOfPage\":{\"@id\":\"https:\\\/\\\/www.entreculturas.org\\\/en\\\/noticia\\\/nicaragua-revolucion-de-la-ternura-en-tiempos-de-crisis\\\/#primaryimage\"},\"image\":{\"@id\":\"https:\\\/\\\/www.entreculturas.org\\\/en\\\/noticia\\\/nicaragua-revolucion-de-la-ternura-en-tiempos-de-crisis\\\/#primaryimage\"},\"thumbnailUrl\":\"https:\\\/\\\/www.entreculturas.org\\\/wp-content\\\/uploads\\\/2019\\\/05\\\/nica-ternura.jpg\",\"datePublished\":\"2019-05-10T08:57:08+00:00\",\"dateModified\":\"2024-03-20T10:05:26+00:00\",\"breadcrumb\":{\"@id\":\"https:\\\/\\\/www.entreculturas.org\\\/en\\\/noticia\\\/nicaragua-revolucion-de-la-ternura-en-tiempos-de-crisis\\\/#breadcrumb\"},\"inLanguage\":\"en-US\",\"potentialAction\":[{\"@type\":\"ReadAction\",\"target\":[\"https:\\\/\\\/www.entreculturas.org\\\/en\\\/noticia\\\/nicaragua-revolucion-de-la-ternura-en-tiempos-de-crisis\\\/\"]}]},{\"@type\":\"ImageObject\",\"inLanguage\":\"en-US\",\"@id\":\"https:\\\/\\\/www.entreculturas.org\\\/en\\\/noticia\\\/nicaragua-revolucion-de-la-ternura-en-tiempos-de-crisis\\\/#primaryimage\",\"url\":\"https:\\\/\\\/www.entreculturas.org\\\/wp-content\\\/uploads\\\/2019\\\/05\\\/nica-ternura.jpg\",\"contentUrl\":\"https:\\\/\\\/www.entreculturas.org\\\/wp-content\\\/uploads\\\/2019\\\/05\\\/nica-ternura.jpg\",\"width\":800,\"height\":600},{\"@type\":\"BreadcrumbList\",\"@id\":\"https:\\\/\\\/www.entreculturas.org\\\/en\\\/noticia\\\/nicaragua-revolucion-de-la-ternura-en-tiempos-de-crisis\\\/#breadcrumb\",\"itemListElement\":[{\"@type\":\"ListItem\",\"position\":1,\"name\":\"Home\",\"item\":\"https:\\\/\\\/www.entreculturas.org\\\/en\\\/\"},{\"@type\":\"ListItem\",\"position\":2,\"name\":\"Noticias\",\"item\":\"https:\\\/\\\/www.entreculturas.org\\\/en\\\/noticias\\\/\"},{\"@type\":\"ListItem\",\"position\":3,\"name\":\"Nicaragua: Revoluci\u00f3n de la ternura en tiempos de crisis\"}]},{\"@type\":\"WebSite\",\"@id\":\"https:\\\/\\\/www.entreculturas.org\\\/en\\\/#website\",\"url\":\"https:\\\/\\\/www.entreculturas.org\\\/en\\\/\",\"name\":\"Entreculturas\",\"description\":\"\",\"publisher\":{\"@id\":\"https:\\\/\\\/www.entreculturas.org\\\/en\\\/#organization\"},\"alternateName\":\"Entreculturas\",\"potentialAction\":[{\"@type\":\"SearchAction\",\"target\":{\"@type\":\"EntryPoint\",\"urlTemplate\":\"https:\\\/\\\/www.entreculturas.org\\\/en\\\/?s={search_term_string}\"},\"query-input\":{\"@type\":\"PropertyValueSpecification\",\"valueRequired\":true,\"valueName\":\"search_term_string\"}}],\"inLanguage\":\"en-US\"},{\"@type\":\"Organization\",\"@id\":\"https:\\\/\\\/www.entreculturas.org\\\/en\\\/#organization\",\"name\":\"Entreculturas\",\"url\":\"https:\\\/\\\/www.entreculturas.org\\\/en\\\/\",\"logo\":{\"@type\":\"ImageObject\",\"inLanguage\":\"en-US\",\"@id\":\"https:\\\/\\\/www.entreculturas.org\\\/en\\\/#\\\/schema\\\/logo\\\/image\\\/\",\"url\":\"https:\\\/\\\/www.entreculturas.org\\\/wp-content\\\/uploads\\\/2025\\\/10\\\/ESP.svg\",\"contentUrl\":\"https:\\\/\\\/www.entreculturas.org\\\/wp-content\\\/uploads\\\/2025\\\/10\\\/ESP.svg\",\"caption\":\"Entreculturas\"},\"image\":{\"@id\":\"https:\\\/\\\/www.entreculturas.org\\\/en\\\/#\\\/schema\\\/logo\\\/image\\\/\"},\"sameAs\":[\"https:\\\/\\\/www.facebook.com\\\/entreculturas\",\"https:\\\/\\\/x.com\\\/Entreculturas\",\"https:\\\/\\\/www.instagram.com\\\/entreculturas\\\/\",\"https:\\\/\\\/www.youtube.com\\\/user\\\/entreculturasvideo\",\"https:\\\/\\\/www.linkedin.com\\\/company\\\/fundacion-entreculturas-ngdo\\\/\",\"https:\\\/\\\/www.flickr.com\\\/photos\\\/98455522@N04\\\/albums\\\/\"]}]}<\/script>\n<!-- \/ Yoast SEO Premium plugin. -->","yoast_head_json":{"title":"Nicaragua: Revoluci\u00f3n de la ternura en tiempos de crisis - Entreculturas","robots":{"index":"index","follow":"follow","max-snippet":"max-snippet:-1","max-image-preview":"max-image-preview:large","max-video-preview":"max-video-preview:-1"},"canonical":"https:\/\/www.entreculturas.org\/en\/noticia\/nicaragua-revolucion-de-la-ternura-en-tiempos-de-crisis\/","og_locale":"en_US","og_type":"article","og_title":"Nicaragua: Revoluci\u00f3n de la ternura en tiempos de crisis","og_description":"En este contexto hostil y dif\u00edcil para la convivencia social pac\u00edfica, el trabajo de Fe y Alegr\u00eda se basa en promover una cultura de paz y reconciliaci\u00f3n en las aulas, fomentando el di\u00e1logo, el respeto por la diversidad de pensamiento, y el perd\u00f3n. De alguna manera Fe y Alegr\u00eda busca generar un clima de estabilidad emocional en toda la comunidad educativa: ni\u00f1os, ni\u00f1as, padres, madres, docentes y personal directivo.","og_url":"https:\/\/www.entreculturas.org\/en\/noticia\/nicaragua-revolucion-de-la-ternura-en-tiempos-de-crisis\/","og_site_name":"Entreculturas","article_publisher":"https:\/\/www.facebook.com\/entreculturas","article_modified_time":"2024-03-20T10:05:26+00:00","og_image":[{"width":800,"height":600,"url":"https:\/\/www.entreculturas.org\/wp-content\/uploads\/2019\/05\/nica-ternura.jpg","type":"image\/jpeg"}],"twitter_card":"summary_large_image","twitter_site":"@Entreculturas","schema":{"@context":"https:\/\/schema.org","@graph":[{"@type":"WebPage","@id":"https:\/\/www.entreculturas.org\/en\/noticia\/nicaragua-revolucion-de-la-ternura-en-tiempos-de-crisis\/","url":"https:\/\/www.entreculturas.org\/en\/noticia\/nicaragua-revolucion-de-la-ternura-en-tiempos-de-crisis\/","name":"Nicaragua: Revoluci\u00f3n de la ternura en tiempos de crisis - Entreculturas","isPartOf":{"@id":"https:\/\/www.entreculturas.org\/en\/#website"},"primaryImageOfPage":{"@id":"https:\/\/www.entreculturas.org\/en\/noticia\/nicaragua-revolucion-de-la-ternura-en-tiempos-de-crisis\/#primaryimage"},"image":{"@id":"https:\/\/www.entreculturas.org\/en\/noticia\/nicaragua-revolucion-de-la-ternura-en-tiempos-de-crisis\/#primaryimage"},"thumbnailUrl":"https:\/\/www.entreculturas.org\/wp-content\/uploads\/2019\/05\/nica-ternura.jpg","datePublished":"2019-05-10T08:57:08+00:00","dateModified":"2024-03-20T10:05:26+00:00","breadcrumb":{"@id":"https:\/\/www.entreculturas.org\/en\/noticia\/nicaragua-revolucion-de-la-ternura-en-tiempos-de-crisis\/#breadcrumb"},"inLanguage":"en-US","potentialAction":[{"@type":"ReadAction","target":["https:\/\/www.entreculturas.org\/en\/noticia\/nicaragua-revolucion-de-la-ternura-en-tiempos-de-crisis\/"]}]},{"@type":"ImageObject","inLanguage":"en-US","@id":"https:\/\/www.entreculturas.org\/en\/noticia\/nicaragua-revolucion-de-la-ternura-en-tiempos-de-crisis\/#primaryimage","url":"https:\/\/www.entreculturas.org\/wp-content\/uploads\/2019\/05\/nica-ternura.jpg","contentUrl":"https:\/\/www.entreculturas.org\/wp-content\/uploads\/2019\/05\/nica-ternura.jpg","width":800,"height":600},{"@type":"BreadcrumbList","@id":"https:\/\/www.entreculturas.org\/en\/noticia\/nicaragua-revolucion-de-la-ternura-en-tiempos-de-crisis\/#breadcrumb","itemListElement":[{"@type":"ListItem","position":1,"name":"Home","item":"https:\/\/www.entreculturas.org\/en\/"},{"@type":"ListItem","position":2,"name":"Noticias","item":"https:\/\/www.entreculturas.org\/en\/noticias\/"},{"@type":"ListItem","position":3,"name":"Nicaragua: Revoluci\u00f3n de la ternura en tiempos de crisis"}]},{"@type":"WebSite","@id":"https:\/\/www.entreculturas.org\/en\/#website","url":"https:\/\/www.entreculturas.org\/en\/","name":"Entreculturas","description":"","publisher":{"@id":"https:\/\/www.entreculturas.org\/en\/#organization"},"alternateName":"Entreculturas","potentialAction":[{"@type":"SearchAction","target":{"@type":"EntryPoint","urlTemplate":"https:\/\/www.entreculturas.org\/en\/?s={search_term_string}"},"query-input":{"@type":"PropertyValueSpecification","valueRequired":true,"valueName":"search_term_string"}}],"inLanguage":"en-US"},{"@type":"Organization","@id":"https:\/\/www.entreculturas.org\/en\/#organization","name":"Entreculturas","url":"https:\/\/www.entreculturas.org\/en\/","logo":{"@type":"ImageObject","inLanguage":"en-US","@id":"https:\/\/www.entreculturas.org\/en\/#\/schema\/logo\/image\/","url":"https:\/\/www.entreculturas.org\/wp-content\/uploads\/2025\/10\/ESP.svg","contentUrl":"https:\/\/www.entreculturas.org\/wp-content\/uploads\/2025\/10\/ESP.svg","caption":"Entreculturas"},"image":{"@id":"https:\/\/www.entreculturas.org\/en\/#\/schema\/logo\/image\/"},"sameAs":["https:\/\/www.facebook.com\/entreculturas","https:\/\/x.com\/Entreculturas","https:\/\/www.instagram.com\/entreculturas\/","https:\/\/www.youtube.com\/user\/entreculturasvideo","https:\/\/www.linkedin.com\/company\/fundacion-entreculturas-ngdo\/","https:\/\/www.flickr.com\/photos\/98455522@N04\/albums\/"]}]}},"_links":{"self":[{"href":"https:\/\/www.entreculturas.org\/en\/wp-json\/wp\/v2\/noticia\/3126","targetHints":{"allow":["GET"]}}],"collection":[{"href":"https:\/\/www.entreculturas.org\/en\/wp-json\/wp\/v2\/noticia"}],"about":[{"href":"https:\/\/www.entreculturas.org\/en\/wp-json\/wp\/v2\/types\/noticia"}],"wp:featuredmedia":[{"embeddable":true,"href":"https:\/\/www.entreculturas.org\/en\/wp-json\/wp\/v2\/media\/3125"}],"wp:attachment":[{"href":"https:\/\/www.entreculturas.org\/en\/wp-json\/wp\/v2\/media?parent=3126"}],"wp:term":[{"taxonomy":"category","embeddable":true,"href":"https:\/\/www.entreculturas.org\/en\/wp-json\/wp\/v2\/categories?post=3126"},{"taxonomy":"post_tag","embeddable":true,"href":"https:\/\/www.entreculturas.org\/en\/wp-json\/wp\/v2\/tags?post=3126"},{"taxonomy":"country","embeddable":true,"href":"https:\/\/www.entreculturas.org\/en\/wp-json\/wp\/v2\/country?post=3126"},{"taxonomy":"cause","embeddable":true,"href":"https:\/\/www.entreculturas.org\/en\/wp-json\/wp\/v2\/cause?post=3126"}],"curies":[{"name":"wp","href":"https:\/\/api.w.org\/{rel}","templated":true}]}}