{"id":30208,"date":"2023-10-30T12:42:46","date_gmt":"2023-10-30T11:42:46","guid":{"rendered":"https:\/\/www.entreculturas.org\/?post_type=publicacion&#038;p=30208"},"modified":"2024-09-19T14:12:14","modified_gmt":"2024-09-19T12:12:14","slug":"javier-vidal-post-volpa-madrid","status":"publish","type":"noticia","link":"https:\/\/www.entreculturas.org\/en\/noticia\/javier-vidal-post-volpa-madrid\/","title":{"rendered":"Javier Vidal\u00a0&#8211; Post VOLPA &#8211; Madrid"},"content":{"rendered":"\n<p><\/p>\n\n\n\n<p>Mi nombre es Javier Vidal, tengo 24 a\u00f1os, de formaci\u00f3n soy psic\u00f3logo y ahora mismo me dedico a la investigaci\u00f3n en el sector social. En 2021 estaba buscando varios voluntariados, pero en general, ninguno me encajaba por la poca formaci\u00f3n que hay previa, el hecho de que muchas veces las organizaciones que te reciben en el destino no son parte de un mismo ecosistema, y el tema del acompa\u00f1amiento eran importantes para mi.&nbsp; Entonces, encontr\u00e9 todo eso en VOLPA.<\/p>\n\n\n\n<p><\/p>\n\n\n\n<p>Desde el principio iba muy decidido y no ten\u00eda ninguna expectativa del lugar, porque nunca hab\u00eda estado en ning\u00fan pa\u00eds. Estaba abierto a cualquier cosa; al principio me dieron como destino Rep\u00fablica Dominicana, pero luego por cuestiones de presupuesto no se pudo dar y fue un peque\u00f1o duelo que tuve que hacer, pero la segunda opci\u00f3n me encant\u00f3 y la recib\u00ed con much\u00edsima ilusi\u00f3n, que fue Honduras.<\/p>\n\n\n\n<p><\/p>\n\n\n\n<p>Estuve designado a Fe y Alegr\u00eda Honduras que su base central est\u00e1 en El Progreso, la cuarta ciudad m\u00e1s grande. El proyecto era estar asignado a un centro t\u00e9cnico de Fe y Alegr\u00eda donde hab\u00eda cursos de mec\u00e1nica y de belleza para los j\u00f3venes de la zona. Por ah\u00ed pude participar en proyectos propios de la Casa Nacional como era La LUZ de las NI\u00d1AS. Como hab\u00eda un equipo bastante reducido, al final acababa haciendo un poco de todo, desde tareas administrativas, hasta intervenci\u00f3n m\u00e1s psicosocial en la comunidad, formaci\u00f3n de talleres.<\/p>\n\n\n\n<p><\/p>\n\n\n\n<p>El mayor problema, entre comillas, de la vuelta es que la realidad te vuelve a colocar en tu lugar, en tus viejas rutinas, viejas formas de ser muy r\u00e1pido. La mejor forma de sobrellevar la vuelta es construir de alguna forma relaciones aqu\u00ed&nbsp; en Madrid, hacer actividades junto a la Delegaci\u00f3n de Madrid de Entreculturas, bueno, todo lo que se hace en el post VOLPA en Entreculturas, para que de alguna forma todo eso que has aprendido, todo eso que te ha cambiado se puede plantear aqu\u00ed de forma sostenible en tu vida.<\/p>\n\n\n\n<p><\/p>\n\n\n\n<p>Para m\u00ed lo m\u00e1s importante es mantenerme en contacto con otra gente que ha vivido VOLPA y que est\u00e1 aqu\u00ed ahora, me ha hecho mucha ilusi\u00f3n pertenecer al grupo de formadores en Madrid y me permite otra vez volver al proceso de antes de irme, a acompa\u00f1ar a las personas que se van a ir a terreno.<\/p>\n\n\n\n<p><\/p>\n","protected":false},"excerpt":{"rendered":"<p>Mi nombre es Javier Vidal, tengo 24 a\u00f1os, de formaci\u00f3n soy psic\u00f3logo y ahora mismo me dedico a la investigaci\u00f3n en el sector social. En 2021 estaba buscando varios voluntariados, pero en general, ninguno me encajaba por la poca formaci\u00f3n que hay previa, el hecho de que muchas veces las organizaciones que te reciben en el destino no son parte de un mismo ecosistema, y el tema del acompa\u00f1amiento eran importantes para mi.&nbsp; Entonces, encontr\u00e9 todo eso en VOLPA. Desde el principio iba muy decidido y no ten\u00eda ninguna expectativa del lugar, porque nunca hab\u00eda estado en ning\u00fan pa\u00eds. Estaba abierto a cualquier cosa; al principio me dieron como destino Rep\u00fablica Dominicana, pero luego por cuestiones de presupuesto no se pudo dar y fue un peque\u00f1o duelo que tuve que hacer, pero la segunda opci\u00f3n me encant\u00f3 y la recib\u00ed con much\u00edsima ilusi\u00f3n, que fue Honduras. Estuve designado a Fe [&hellip;]<\/p>\n","protected":false},"featured_media":30210,"template":"single-noticia","meta":{"_acf_changed":false},"categories":[7],"tags":[191],"country":[],"cause":[132],"class_list":["post-30208","noticia","type-noticia","status-publish","has-post-thumbnail","hentry","category-noticia","tag-voluntariado","cause-participacion-y-ciudadania-global"],"acf":[],"yoast_head":"<!-- This site is optimized with the Yoast SEO Premium plugin v21.6 (Yoast SEO v27.5) - https:\/\/yoast.com\/product\/yoast-seo-premium-wordpress\/ -->\n<title>Javier Vidal\u00a0- Post VOLPA - Madrid - Entreculturas<\/title>\n<meta name=\"robots\" content=\"index, follow, max-snippet:-1, max-image-preview:large, max-video-preview:-1\" \/>\n<link rel=\"canonical\" href=\"https:\/\/www.entreculturas.org\/en\/noticia\/javier-vidal-post-volpa-madrid\/\" \/>\n<meta property=\"og:locale\" content=\"en_US\" \/>\n<meta property=\"og:type\" content=\"article\" \/>\n<meta property=\"og:title\" content=\"Javier Vidal\u00a0- Post VOLPA - Madrid\" \/>\n<meta property=\"og:description\" content=\"Mi nombre es Javier Vidal, tengo 24 a\u00f1os, de formaci\u00f3n soy psic\u00f3logo y ahora mismo me dedico a la investigaci\u00f3n en el sector social. En 2021 estaba buscando varios voluntariados, pero en general, ninguno me encajaba por la poca formaci\u00f3n que hay previa, el hecho de que muchas veces las organizaciones que te reciben en el destino no son parte de un mismo ecosistema, y el tema del acompa\u00f1amiento eran importantes para mi.&nbsp; Entonces, encontr\u00e9 todo eso en VOLPA. Desde el principio iba muy decidido y no ten\u00eda ninguna expectativa del lugar, porque nunca hab\u00eda estado en ning\u00fan pa\u00eds. Estaba abierto a cualquier cosa; al principio me dieron como destino Rep\u00fablica Dominicana, pero luego por cuestiones de presupuesto no se pudo dar y fue un peque\u00f1o duelo que tuve que hacer, pero la segunda opci\u00f3n me encant\u00f3 y la recib\u00ed con much\u00edsima ilusi\u00f3n, que fue Honduras. Estuve designado a Fe [&hellip;]\" \/>\n<meta property=\"og:url\" content=\"https:\/\/www.entreculturas.org\/en\/noticia\/javier-vidal-post-volpa-madrid\/\" \/>\n<meta property=\"og:site_name\" content=\"Entreculturas\" \/>\n<meta property=\"article:publisher\" content=\"https:\/\/www.facebook.com\/entreculturas\" \/>\n<meta property=\"article:modified_time\" content=\"2024-09-19T12:12:14+00:00\" \/>\n<meta property=\"og:image\" content=\"https:\/\/www.entreculturas.org\/wp-content\/uploads\/2024\/08\/Javier-e1726747922345.jpeg\" \/>\n\t<meta property=\"og:image:width\" content=\"959\" \/>\n\t<meta property=\"og:image:height\" content=\"895\" \/>\n\t<meta property=\"og:image:type\" content=\"image\/jpeg\" \/>\n<meta name=\"twitter:card\" content=\"summary_large_image\" \/>\n<meta name=\"twitter:site\" content=\"@Entreculturas\" \/>\n<script type=\"application\/ld+json\" class=\"yoast-schema-graph\">{\"@context\":\"https:\\\/\\\/schema.org\",\"@graph\":[{\"@type\":\"WebPage\",\"@id\":\"https:\\\/\\\/www.entreculturas.org\\\/en\\\/noticia\\\/javier-vidal-post-volpa-madrid\\\/\",\"url\":\"https:\\\/\\\/www.entreculturas.org\\\/en\\\/noticia\\\/javier-vidal-post-volpa-madrid\\\/\",\"name\":\"Javier Vidal\u00a0- Post VOLPA - Madrid - Entreculturas\",\"isPartOf\":{\"@id\":\"https:\\\/\\\/www.entreculturas.org\\\/en\\\/#website\"},\"primaryImageOfPage\":{\"@id\":\"https:\\\/\\\/www.entreculturas.org\\\/en\\\/noticia\\\/javier-vidal-post-volpa-madrid\\\/#primaryimage\"},\"image\":{\"@id\":\"https:\\\/\\\/www.entreculturas.org\\\/en\\\/noticia\\\/javier-vidal-post-volpa-madrid\\\/#primaryimage\"},\"thumbnailUrl\":\"https:\\\/\\\/www.entreculturas.org\\\/wp-content\\\/uploads\\\/2024\\\/08\\\/Javier-e1726747922345.jpeg\",\"datePublished\":\"2023-10-30T11:42:46+00:00\",\"dateModified\":\"2024-09-19T12:12:14+00:00\",\"breadcrumb\":{\"@id\":\"https:\\\/\\\/www.entreculturas.org\\\/en\\\/noticia\\\/javier-vidal-post-volpa-madrid\\\/#breadcrumb\"},\"inLanguage\":\"en-US\",\"potentialAction\":[{\"@type\":\"ReadAction\",\"target\":[\"https:\\\/\\\/www.entreculturas.org\\\/en\\\/noticia\\\/javier-vidal-post-volpa-madrid\\\/\"]}]},{\"@type\":\"ImageObject\",\"inLanguage\":\"en-US\",\"@id\":\"https:\\\/\\\/www.entreculturas.org\\\/en\\\/noticia\\\/javier-vidal-post-volpa-madrid\\\/#primaryimage\",\"url\":\"https:\\\/\\\/www.entreculturas.org\\\/wp-content\\\/uploads\\\/2024\\\/08\\\/Javier-e1726747922345.jpeg\",\"contentUrl\":\"https:\\\/\\\/www.entreculturas.org\\\/wp-content\\\/uploads\\\/2024\\\/08\\\/Javier-e1726747922345.jpeg\",\"width\":959,\"height\":895},{\"@type\":\"BreadcrumbList\",\"@id\":\"https:\\\/\\\/www.entreculturas.org\\\/en\\\/noticia\\\/javier-vidal-post-volpa-madrid\\\/#breadcrumb\",\"itemListElement\":[{\"@type\":\"ListItem\",\"position\":1,\"name\":\"Home\",\"item\":\"https:\\\/\\\/www.entreculturas.org\\\/en\\\/\"},{\"@type\":\"ListItem\",\"position\":2,\"name\":\"Noticias\",\"item\":\"https:\\\/\\\/www.entreculturas.org\\\/en\\\/noticias\\\/\"},{\"@type\":\"ListItem\",\"position\":3,\"name\":\"Javier Vidal\u00a0&#8211; Post VOLPA &#8211; Madrid\"}]},{\"@type\":\"WebSite\",\"@id\":\"https:\\\/\\\/www.entreculturas.org\\\/en\\\/#website\",\"url\":\"https:\\\/\\\/www.entreculturas.org\\\/en\\\/\",\"name\":\"Entreculturas\",\"description\":\"\",\"publisher\":{\"@id\":\"https:\\\/\\\/www.entreculturas.org\\\/en\\\/#organization\"},\"alternateName\":\"Entreculturas\",\"potentialAction\":[{\"@type\":\"SearchAction\",\"target\":{\"@type\":\"EntryPoint\",\"urlTemplate\":\"https:\\\/\\\/www.entreculturas.org\\\/en\\\/?s={search_term_string}\"},\"query-input\":{\"@type\":\"PropertyValueSpecification\",\"valueRequired\":true,\"valueName\":\"search_term_string\"}}],\"inLanguage\":\"en-US\"},{\"@type\":\"Organization\",\"@id\":\"https:\\\/\\\/www.entreculturas.org\\\/en\\\/#organization\",\"name\":\"Entreculturas\",\"url\":\"https:\\\/\\\/www.entreculturas.org\\\/en\\\/\",\"logo\":{\"@type\":\"ImageObject\",\"inLanguage\":\"en-US\",\"@id\":\"https:\\\/\\\/www.entreculturas.org\\\/en\\\/#\\\/schema\\\/logo\\\/image\\\/\",\"url\":\"https:\\\/\\\/www.entreculturas.org\\\/wp-content\\\/uploads\\\/2025\\\/10\\\/ESP.svg\",\"contentUrl\":\"https:\\\/\\\/www.entreculturas.org\\\/wp-content\\\/uploads\\\/2025\\\/10\\\/ESP.svg\",\"caption\":\"Entreculturas\"},\"image\":{\"@id\":\"https:\\\/\\\/www.entreculturas.org\\\/en\\\/#\\\/schema\\\/logo\\\/image\\\/\"},\"sameAs\":[\"https:\\\/\\\/www.facebook.com\\\/entreculturas\",\"https:\\\/\\\/x.com\\\/Entreculturas\",\"https:\\\/\\\/www.instagram.com\\\/entreculturas\\\/\",\"https:\\\/\\\/www.youtube.com\\\/user\\\/entreculturasvideo\",\"https:\\\/\\\/www.linkedin.com\\\/company\\\/fundacion-entreculturas-ngdo\\\/\",\"https:\\\/\\\/www.flickr.com\\\/photos\\\/98455522@N04\\\/albums\\\/\"]}]}<\/script>\n<!-- \/ Yoast SEO Premium plugin. -->","yoast_head_json":{"title":"Javier Vidal\u00a0- Post VOLPA - Madrid - Entreculturas","robots":{"index":"index","follow":"follow","max-snippet":"max-snippet:-1","max-image-preview":"max-image-preview:large","max-video-preview":"max-video-preview:-1"},"canonical":"https:\/\/www.entreculturas.org\/en\/noticia\/javier-vidal-post-volpa-madrid\/","og_locale":"en_US","og_type":"article","og_title":"Javier Vidal\u00a0- Post VOLPA - Madrid","og_description":"Mi nombre es Javier Vidal, tengo 24 a\u00f1os, de formaci\u00f3n soy psic\u00f3logo y ahora mismo me dedico a la investigaci\u00f3n en el sector social. En 2021 estaba buscando varios voluntariados, pero en general, ninguno me encajaba por la poca formaci\u00f3n que hay previa, el hecho de que muchas veces las organizaciones que te reciben en el destino no son parte de un mismo ecosistema, y el tema del acompa\u00f1amiento eran importantes para mi.&nbsp; Entonces, encontr\u00e9 todo eso en VOLPA. Desde el principio iba muy decidido y no ten\u00eda ninguna expectativa del lugar, porque nunca hab\u00eda estado en ning\u00fan pa\u00eds. Estaba abierto a cualquier cosa; al principio me dieron como destino Rep\u00fablica Dominicana, pero luego por cuestiones de presupuesto no se pudo dar y fue un peque\u00f1o duelo que tuve que hacer, pero la segunda opci\u00f3n me encant\u00f3 y la recib\u00ed con much\u00edsima ilusi\u00f3n, que fue Honduras. Estuve designado a Fe [&hellip;]","og_url":"https:\/\/www.entreculturas.org\/en\/noticia\/javier-vidal-post-volpa-madrid\/","og_site_name":"Entreculturas","article_publisher":"https:\/\/www.facebook.com\/entreculturas","article_modified_time":"2024-09-19T12:12:14+00:00","og_image":[{"width":959,"height":895,"url":"https:\/\/www.entreculturas.org\/wp-content\/uploads\/2024\/08\/Javier-e1726747922345.jpeg","type":"image\/jpeg"}],"twitter_card":"summary_large_image","twitter_site":"@Entreculturas","schema":{"@context":"https:\/\/schema.org","@graph":[{"@type":"WebPage","@id":"https:\/\/www.entreculturas.org\/en\/noticia\/javier-vidal-post-volpa-madrid\/","url":"https:\/\/www.entreculturas.org\/en\/noticia\/javier-vidal-post-volpa-madrid\/","name":"Javier Vidal\u00a0- Post VOLPA - Madrid - Entreculturas","isPartOf":{"@id":"https:\/\/www.entreculturas.org\/en\/#website"},"primaryImageOfPage":{"@id":"https:\/\/www.entreculturas.org\/en\/noticia\/javier-vidal-post-volpa-madrid\/#primaryimage"},"image":{"@id":"https:\/\/www.entreculturas.org\/en\/noticia\/javier-vidal-post-volpa-madrid\/#primaryimage"},"thumbnailUrl":"https:\/\/www.entreculturas.org\/wp-content\/uploads\/2024\/08\/Javier-e1726747922345.jpeg","datePublished":"2023-10-30T11:42:46+00:00","dateModified":"2024-09-19T12:12:14+00:00","breadcrumb":{"@id":"https:\/\/www.entreculturas.org\/en\/noticia\/javier-vidal-post-volpa-madrid\/#breadcrumb"},"inLanguage":"en-US","potentialAction":[{"@type":"ReadAction","target":["https:\/\/www.entreculturas.org\/en\/noticia\/javier-vidal-post-volpa-madrid\/"]}]},{"@type":"ImageObject","inLanguage":"en-US","@id":"https:\/\/www.entreculturas.org\/en\/noticia\/javier-vidal-post-volpa-madrid\/#primaryimage","url":"https:\/\/www.entreculturas.org\/wp-content\/uploads\/2024\/08\/Javier-e1726747922345.jpeg","contentUrl":"https:\/\/www.entreculturas.org\/wp-content\/uploads\/2024\/08\/Javier-e1726747922345.jpeg","width":959,"height":895},{"@type":"BreadcrumbList","@id":"https:\/\/www.entreculturas.org\/en\/noticia\/javier-vidal-post-volpa-madrid\/#breadcrumb","itemListElement":[{"@type":"ListItem","position":1,"name":"Home","item":"https:\/\/www.entreculturas.org\/en\/"},{"@type":"ListItem","position":2,"name":"Noticias","item":"https:\/\/www.entreculturas.org\/en\/noticias\/"},{"@type":"ListItem","position":3,"name":"Javier Vidal\u00a0&#8211; Post VOLPA &#8211; Madrid"}]},{"@type":"WebSite","@id":"https:\/\/www.entreculturas.org\/en\/#website","url":"https:\/\/www.entreculturas.org\/en\/","name":"Entreculturas","description":"","publisher":{"@id":"https:\/\/www.entreculturas.org\/en\/#organization"},"alternateName":"Entreculturas","potentialAction":[{"@type":"SearchAction","target":{"@type":"EntryPoint","urlTemplate":"https:\/\/www.entreculturas.org\/en\/?s={search_term_string}"},"query-input":{"@type":"PropertyValueSpecification","valueRequired":true,"valueName":"search_term_string"}}],"inLanguage":"en-US"},{"@type":"Organization","@id":"https:\/\/www.entreculturas.org\/en\/#organization","name":"Entreculturas","url":"https:\/\/www.entreculturas.org\/en\/","logo":{"@type":"ImageObject","inLanguage":"en-US","@id":"https:\/\/www.entreculturas.org\/en\/#\/schema\/logo\/image\/","url":"https:\/\/www.entreculturas.org\/wp-content\/uploads\/2025\/10\/ESP.svg","contentUrl":"https:\/\/www.entreculturas.org\/wp-content\/uploads\/2025\/10\/ESP.svg","caption":"Entreculturas"},"image":{"@id":"https:\/\/www.entreculturas.org\/en\/#\/schema\/logo\/image\/"},"sameAs":["https:\/\/www.facebook.com\/entreculturas","https:\/\/x.com\/Entreculturas","https:\/\/www.instagram.com\/entreculturas\/","https:\/\/www.youtube.com\/user\/entreculturasvideo","https:\/\/www.linkedin.com\/company\/fundacion-entreculturas-ngdo\/","https:\/\/www.flickr.com\/photos\/98455522@N04\/albums\/"]}]}},"_links":{"self":[{"href":"https:\/\/www.entreculturas.org\/en\/wp-json\/wp\/v2\/noticia\/30208","targetHints":{"allow":["GET"]}}],"collection":[{"href":"https:\/\/www.entreculturas.org\/en\/wp-json\/wp\/v2\/noticia"}],"about":[{"href":"https:\/\/www.entreculturas.org\/en\/wp-json\/wp\/v2\/types\/noticia"}],"wp:featuredmedia":[{"embeddable":true,"href":"https:\/\/www.entreculturas.org\/en\/wp-json\/wp\/v2\/media\/30210"}],"wp:attachment":[{"href":"https:\/\/www.entreculturas.org\/en\/wp-json\/wp\/v2\/media?parent=30208"}],"wp:term":[{"taxonomy":"category","embeddable":true,"href":"https:\/\/www.entreculturas.org\/en\/wp-json\/wp\/v2\/categories?post=30208"},{"taxonomy":"post_tag","embeddable":true,"href":"https:\/\/www.entreculturas.org\/en\/wp-json\/wp\/v2\/tags?post=30208"},{"taxonomy":"country","embeddable":true,"href":"https:\/\/www.entreculturas.org\/en\/wp-json\/wp\/v2\/country?post=30208"},{"taxonomy":"cause","embeddable":true,"href":"https:\/\/www.entreculturas.org\/en\/wp-json\/wp\/v2\/cause?post=30208"}],"curies":[{"name":"wp","href":"https:\/\/api.w.org\/{rel}","templated":true}]}}