{"id":30124,"date":"2024-08-01T10:39:10","date_gmt":"2024-08-01T08:39:10","guid":{"rendered":"https:\/\/www.entreculturas.org\/?post_type=publicacion&#038;p=30124"},"modified":"2024-09-17T13:16:32","modified_gmt":"2024-09-17T11:16:32","slug":"nathaly-rodriguez-red-juvenil-nacional-de-dominicana","status":"publish","type":"noticia","link":"https:\/\/www.entreculturas.org\/en\/noticia\/nathaly-rodriguez-red-juvenil-nacional-de-dominicana\/","title":{"rendered":"Nathaly Rodr\u00edguez &#8211; Red Juvenil Nacional de Dominicana"},"content":{"rendered":"\n<p>Mi nombre es Nathaly Rodr\u00edguez, estoy en el \u00e1rea de Convivencia y Ciudadan\u00eda, encargada de la Red Juvenil Nacional en Rep\u00fablica Dominicana. En nuestro pa\u00eds, la Red Juvenil Nacional est\u00e1 en 28 Centros de Fe y Alegr\u00eda, donde hay un animador y una animadora que dinamizan todos los procesos juveniles.<\/p>\n\n\n\n<p>\u00a0<\/p>\n\n\n\n<p>Cada cierto tiempo nos reunimos, tanto a nivel zonal como nacional, para revisar temas de liderazgo, identidad, Derechos Humanos, medio ambiente y g\u00e9nero. Nos reunimos para seguir construyendo, aprendiendo y so\u00f1ando juntas y juntos otro mundo posible.<\/p>\n\n\n\n<p><\/p>\n\n\n\n<p>Este Encuentro Global fue muy significativo, puesto que venimos a aprender, a seguir construyendo juntas y juntos. A\u00f1o tras a\u00f1o, con su ayuda, nos vamos rehaciendo y construyendo. Desde este trabajo en conjunto vamos favoreciendo todo los procesos que hacemos desde la Red Generaci\u00f3n 21+ y la Red Juvenil de Fe y Alegr\u00eda.<\/p>\n\n\n\n<p><\/p>\n\n\n\n<p>Las y los j\u00f3venes son la chispa que hacen incendio. T\u00fa les das una idea y ellos la expanden. Sencillamente hay que saber acompa\u00f1arlos, me gusta mucho su creatividad y el impulso que reciben para crear, hacer y so\u00f1ar. Realmente son la fuerza que mueve el mundo. Estar con ellos fortaleciendo el cambio nos llena de mucha ilusi\u00f3n.<\/p>\n\n\n\n<p><\/p>\n\n\n\n<p>Mi mensaje es que sigan so\u00f1ando, que vuelen y que la creatividad les acompa\u00f1e siempre. Es importante que aprendan la capacidad de ser como otros y otras, porque para eso estamos aqu\u00ed, para transformarnos y transformar nuestro alrededor.<\/p>\n\n\n\n<p><\/p>\n","protected":false},"excerpt":{"rendered":"<p>Mi nombre es Nathaly Rodr\u00edguez, estoy en el \u00e1rea de Convivencia y Ciudadan\u00eda, encargada de la Red Juvenil Nacional en Rep\u00fablica Dominicana. En nuestro pa\u00eds, la Red Juvenil Nacional est\u00e1 en 28 Centros de Fe y Alegr\u00eda, donde hay un animador y una animadora que dinamizan todos los procesos juveniles. \u00a0 Cada cierto tiempo nos reunimos, tanto a nivel zonal como nacional, para revisar temas de liderazgo, identidad, Derechos Humanos, medio ambiente y g\u00e9nero. Nos reunimos para seguir construyendo, aprendiendo y so\u00f1ando juntas y juntos otro mundo posible. Este Encuentro Global fue muy significativo, puesto que venimos a aprender, a seguir construyendo juntas y juntos. A\u00f1o tras a\u00f1o, con su ayuda, nos vamos rehaciendo y construyendo. Desde este trabajo en conjunto vamos favoreciendo todo los procesos que hacemos desde la Red Generaci\u00f3n 21+ y la Red Juvenil de Fe y Alegr\u00eda. Las y los j\u00f3venes son la chispa que hacen [&hellip;]<\/p>\n","protected":false},"featured_media":30118,"template":"single-noticia","meta":{"_acf_changed":false},"categories":[7],"tags":[191],"country":[],"cause":[132],"class_list":["post-30124","noticia","type-noticia","status-publish","has-post-thumbnail","hentry","category-noticia","tag-voluntariado","cause-participacion-y-ciudadania-global"],"acf":[],"yoast_head":"<!-- This site is optimized with the Yoast SEO Premium plugin v21.6 (Yoast SEO v27.5) - https:\/\/yoast.com\/product\/yoast-seo-premium-wordpress\/ -->\n<title>Nathaly Rodr\u00edguez - Red Juvenil Nacional de Dominicana - Entreculturas<\/title>\n<meta name=\"robots\" content=\"index, follow, max-snippet:-1, max-image-preview:large, max-video-preview:-1\" \/>\n<link rel=\"canonical\" href=\"https:\/\/www.entreculturas.org\/en\/noticia\/nathaly-rodriguez-red-juvenil-nacional-de-dominicana\/\" \/>\n<meta property=\"og:locale\" content=\"en_US\" \/>\n<meta property=\"og:type\" content=\"article\" \/>\n<meta property=\"og:title\" content=\"Nathaly Rodr\u00edguez - Red Juvenil Nacional de Dominicana\" \/>\n<meta property=\"og:description\" content=\"Mi nombre es Nathaly Rodr\u00edguez, estoy en el \u00e1rea de Convivencia y Ciudadan\u00eda, encargada de la Red Juvenil Nacional en Rep\u00fablica Dominicana. En nuestro pa\u00eds, la Red Juvenil Nacional est\u00e1 en 28 Centros de Fe y Alegr\u00eda, donde hay un animador y una animadora que dinamizan todos los procesos juveniles. \u00a0 Cada cierto tiempo nos reunimos, tanto a nivel zonal como nacional, para revisar temas de liderazgo, identidad, Derechos Humanos, medio ambiente y g\u00e9nero. Nos reunimos para seguir construyendo, aprendiendo y so\u00f1ando juntas y juntos otro mundo posible. Este Encuentro Global fue muy significativo, puesto que venimos a aprender, a seguir construyendo juntas y juntos. A\u00f1o tras a\u00f1o, con su ayuda, nos vamos rehaciendo y construyendo. Desde este trabajo en conjunto vamos favoreciendo todo los procesos que hacemos desde la Red Generaci\u00f3n 21+ y la Red Juvenil de Fe y Alegr\u00eda. Las y los j\u00f3venes son la chispa que hacen [&hellip;]\" \/>\n<meta property=\"og:url\" content=\"https:\/\/www.entreculturas.org\/en\/noticia\/nathaly-rodriguez-red-juvenil-nacional-de-dominicana\/\" \/>\n<meta property=\"og:site_name\" content=\"Entreculturas\" \/>\n<meta property=\"article:publisher\" content=\"https:\/\/www.facebook.com\/entreculturas\" \/>\n<meta property=\"article:modified_time\" content=\"2024-09-17T11:16:32+00:00\" \/>\n<meta property=\"og:image\" content=\"https:\/\/www.entreculturas.org\/wp-content\/uploads\/2024\/08\/DSC_0418_web.jpg\" \/>\n\t<meta property=\"og:image:width\" content=\"1500\" \/>\n\t<meta property=\"og:image:height\" content=\"1000\" \/>\n\t<meta property=\"og:image:type\" content=\"image\/jpeg\" \/>\n<meta name=\"twitter:card\" content=\"summary_large_image\" \/>\n<meta name=\"twitter:site\" content=\"@Entreculturas\" \/>\n<script type=\"application\/ld+json\" class=\"yoast-schema-graph\">{\"@context\":\"https:\\\/\\\/schema.org\",\"@graph\":[{\"@type\":\"WebPage\",\"@id\":\"https:\\\/\\\/www.entreculturas.org\\\/en\\\/noticia\\\/nathaly-rodriguez-red-juvenil-nacional-de-dominicana\\\/\",\"url\":\"https:\\\/\\\/www.entreculturas.org\\\/en\\\/noticia\\\/nathaly-rodriguez-red-juvenil-nacional-de-dominicana\\\/\",\"name\":\"Nathaly Rodr\u00edguez - Red Juvenil Nacional de Dominicana - Entreculturas\",\"isPartOf\":{\"@id\":\"https:\\\/\\\/www.entreculturas.org\\\/en\\\/#website\"},\"primaryImageOfPage\":{\"@id\":\"https:\\\/\\\/www.entreculturas.org\\\/en\\\/noticia\\\/nathaly-rodriguez-red-juvenil-nacional-de-dominicana\\\/#primaryimage\"},\"image\":{\"@id\":\"https:\\\/\\\/www.entreculturas.org\\\/en\\\/noticia\\\/nathaly-rodriguez-red-juvenil-nacional-de-dominicana\\\/#primaryimage\"},\"thumbnailUrl\":\"https:\\\/\\\/www.entreculturas.org\\\/wp-content\\\/uploads\\\/2024\\\/08\\\/DSC_0418_web.jpg\",\"datePublished\":\"2024-08-01T08:39:10+00:00\",\"dateModified\":\"2024-09-17T11:16:32+00:00\",\"breadcrumb\":{\"@id\":\"https:\\\/\\\/www.entreculturas.org\\\/en\\\/noticia\\\/nathaly-rodriguez-red-juvenil-nacional-de-dominicana\\\/#breadcrumb\"},\"inLanguage\":\"en-US\",\"potentialAction\":[{\"@type\":\"ReadAction\",\"target\":[\"https:\\\/\\\/www.entreculturas.org\\\/en\\\/noticia\\\/nathaly-rodriguez-red-juvenil-nacional-de-dominicana\\\/\"]}]},{\"@type\":\"ImageObject\",\"inLanguage\":\"en-US\",\"@id\":\"https:\\\/\\\/www.entreculturas.org\\\/en\\\/noticia\\\/nathaly-rodriguez-red-juvenil-nacional-de-dominicana\\\/#primaryimage\",\"url\":\"https:\\\/\\\/www.entreculturas.org\\\/wp-content\\\/uploads\\\/2024\\\/08\\\/DSC_0418_web.jpg\",\"contentUrl\":\"https:\\\/\\\/www.entreculturas.org\\\/wp-content\\\/uploads\\\/2024\\\/08\\\/DSC_0418_web.jpg\",\"width\":1500,\"height\":1000},{\"@type\":\"BreadcrumbList\",\"@id\":\"https:\\\/\\\/www.entreculturas.org\\\/en\\\/noticia\\\/nathaly-rodriguez-red-juvenil-nacional-de-dominicana\\\/#breadcrumb\",\"itemListElement\":[{\"@type\":\"ListItem\",\"position\":1,\"name\":\"Home\",\"item\":\"https:\\\/\\\/www.entreculturas.org\\\/en\\\/\"},{\"@type\":\"ListItem\",\"position\":2,\"name\":\"Noticias\",\"item\":\"https:\\\/\\\/www.entreculturas.org\\\/en\\\/noticias\\\/\"},{\"@type\":\"ListItem\",\"position\":3,\"name\":\"Nathaly Rodr\u00edguez &#8211; Red Juvenil Nacional de Dominicana\"}]},{\"@type\":\"WebSite\",\"@id\":\"https:\\\/\\\/www.entreculturas.org\\\/en\\\/#website\",\"url\":\"https:\\\/\\\/www.entreculturas.org\\\/en\\\/\",\"name\":\"Entreculturas\",\"description\":\"\",\"publisher\":{\"@id\":\"https:\\\/\\\/www.entreculturas.org\\\/en\\\/#organization\"},\"alternateName\":\"Entreculturas\",\"potentialAction\":[{\"@type\":\"SearchAction\",\"target\":{\"@type\":\"EntryPoint\",\"urlTemplate\":\"https:\\\/\\\/www.entreculturas.org\\\/en\\\/?s={search_term_string}\"},\"query-input\":{\"@type\":\"PropertyValueSpecification\",\"valueRequired\":true,\"valueName\":\"search_term_string\"}}],\"inLanguage\":\"en-US\"},{\"@type\":\"Organization\",\"@id\":\"https:\\\/\\\/www.entreculturas.org\\\/en\\\/#organization\",\"name\":\"Entreculturas\",\"url\":\"https:\\\/\\\/www.entreculturas.org\\\/en\\\/\",\"logo\":{\"@type\":\"ImageObject\",\"inLanguage\":\"en-US\",\"@id\":\"https:\\\/\\\/www.entreculturas.org\\\/en\\\/#\\\/schema\\\/logo\\\/image\\\/\",\"url\":\"https:\\\/\\\/www.entreculturas.org\\\/wp-content\\\/uploads\\\/2025\\\/10\\\/ESP.svg\",\"contentUrl\":\"https:\\\/\\\/www.entreculturas.org\\\/wp-content\\\/uploads\\\/2025\\\/10\\\/ESP.svg\",\"caption\":\"Entreculturas\"},\"image\":{\"@id\":\"https:\\\/\\\/www.entreculturas.org\\\/en\\\/#\\\/schema\\\/logo\\\/image\\\/\"},\"sameAs\":[\"https:\\\/\\\/www.facebook.com\\\/entreculturas\",\"https:\\\/\\\/x.com\\\/Entreculturas\",\"https:\\\/\\\/www.instagram.com\\\/entreculturas\\\/\",\"https:\\\/\\\/www.youtube.com\\\/user\\\/entreculturasvideo\",\"https:\\\/\\\/www.linkedin.com\\\/company\\\/fundacion-entreculturas-ngdo\\\/\",\"https:\\\/\\\/www.flickr.com\\\/photos\\\/98455522@N04\\\/albums\\\/\"]}]}<\/script>\n<!-- \/ Yoast SEO Premium plugin. -->","yoast_head_json":{"title":"Nathaly Rodr\u00edguez - Red Juvenil Nacional de Dominicana - Entreculturas","robots":{"index":"index","follow":"follow","max-snippet":"max-snippet:-1","max-image-preview":"max-image-preview:large","max-video-preview":"max-video-preview:-1"},"canonical":"https:\/\/www.entreculturas.org\/en\/noticia\/nathaly-rodriguez-red-juvenil-nacional-de-dominicana\/","og_locale":"en_US","og_type":"article","og_title":"Nathaly Rodr\u00edguez - Red Juvenil Nacional de Dominicana","og_description":"Mi nombre es Nathaly Rodr\u00edguez, estoy en el \u00e1rea de Convivencia y Ciudadan\u00eda, encargada de la Red Juvenil Nacional en Rep\u00fablica Dominicana. En nuestro pa\u00eds, la Red Juvenil Nacional est\u00e1 en 28 Centros de Fe y Alegr\u00eda, donde hay un animador y una animadora que dinamizan todos los procesos juveniles. \u00a0 Cada cierto tiempo nos reunimos, tanto a nivel zonal como nacional, para revisar temas de liderazgo, identidad, Derechos Humanos, medio ambiente y g\u00e9nero. Nos reunimos para seguir construyendo, aprendiendo y so\u00f1ando juntas y juntos otro mundo posible. Este Encuentro Global fue muy significativo, puesto que venimos a aprender, a seguir construyendo juntas y juntos. A\u00f1o tras a\u00f1o, con su ayuda, nos vamos rehaciendo y construyendo. Desde este trabajo en conjunto vamos favoreciendo todo los procesos que hacemos desde la Red Generaci\u00f3n 21+ y la Red Juvenil de Fe y Alegr\u00eda. Las y los j\u00f3venes son la chispa que hacen [&hellip;]","og_url":"https:\/\/www.entreculturas.org\/en\/noticia\/nathaly-rodriguez-red-juvenil-nacional-de-dominicana\/","og_site_name":"Entreculturas","article_publisher":"https:\/\/www.facebook.com\/entreculturas","article_modified_time":"2024-09-17T11:16:32+00:00","og_image":[{"width":1500,"height":1000,"url":"https:\/\/www.entreculturas.org\/wp-content\/uploads\/2024\/08\/DSC_0418_web.jpg","type":"image\/jpeg"}],"twitter_card":"summary_large_image","twitter_site":"@Entreculturas","schema":{"@context":"https:\/\/schema.org","@graph":[{"@type":"WebPage","@id":"https:\/\/www.entreculturas.org\/en\/noticia\/nathaly-rodriguez-red-juvenil-nacional-de-dominicana\/","url":"https:\/\/www.entreculturas.org\/en\/noticia\/nathaly-rodriguez-red-juvenil-nacional-de-dominicana\/","name":"Nathaly Rodr\u00edguez - Red Juvenil Nacional de Dominicana - Entreculturas","isPartOf":{"@id":"https:\/\/www.entreculturas.org\/en\/#website"},"primaryImageOfPage":{"@id":"https:\/\/www.entreculturas.org\/en\/noticia\/nathaly-rodriguez-red-juvenil-nacional-de-dominicana\/#primaryimage"},"image":{"@id":"https:\/\/www.entreculturas.org\/en\/noticia\/nathaly-rodriguez-red-juvenil-nacional-de-dominicana\/#primaryimage"},"thumbnailUrl":"https:\/\/www.entreculturas.org\/wp-content\/uploads\/2024\/08\/DSC_0418_web.jpg","datePublished":"2024-08-01T08:39:10+00:00","dateModified":"2024-09-17T11:16:32+00:00","breadcrumb":{"@id":"https:\/\/www.entreculturas.org\/en\/noticia\/nathaly-rodriguez-red-juvenil-nacional-de-dominicana\/#breadcrumb"},"inLanguage":"en-US","potentialAction":[{"@type":"ReadAction","target":["https:\/\/www.entreculturas.org\/en\/noticia\/nathaly-rodriguez-red-juvenil-nacional-de-dominicana\/"]}]},{"@type":"ImageObject","inLanguage":"en-US","@id":"https:\/\/www.entreculturas.org\/en\/noticia\/nathaly-rodriguez-red-juvenil-nacional-de-dominicana\/#primaryimage","url":"https:\/\/www.entreculturas.org\/wp-content\/uploads\/2024\/08\/DSC_0418_web.jpg","contentUrl":"https:\/\/www.entreculturas.org\/wp-content\/uploads\/2024\/08\/DSC_0418_web.jpg","width":1500,"height":1000},{"@type":"BreadcrumbList","@id":"https:\/\/www.entreculturas.org\/en\/noticia\/nathaly-rodriguez-red-juvenil-nacional-de-dominicana\/#breadcrumb","itemListElement":[{"@type":"ListItem","position":1,"name":"Home","item":"https:\/\/www.entreculturas.org\/en\/"},{"@type":"ListItem","position":2,"name":"Noticias","item":"https:\/\/www.entreculturas.org\/en\/noticias\/"},{"@type":"ListItem","position":3,"name":"Nathaly Rodr\u00edguez &#8211; Red Juvenil Nacional de Dominicana"}]},{"@type":"WebSite","@id":"https:\/\/www.entreculturas.org\/en\/#website","url":"https:\/\/www.entreculturas.org\/en\/","name":"Entreculturas","description":"","publisher":{"@id":"https:\/\/www.entreculturas.org\/en\/#organization"},"alternateName":"Entreculturas","potentialAction":[{"@type":"SearchAction","target":{"@type":"EntryPoint","urlTemplate":"https:\/\/www.entreculturas.org\/en\/?s={search_term_string}"},"query-input":{"@type":"PropertyValueSpecification","valueRequired":true,"valueName":"search_term_string"}}],"inLanguage":"en-US"},{"@type":"Organization","@id":"https:\/\/www.entreculturas.org\/en\/#organization","name":"Entreculturas","url":"https:\/\/www.entreculturas.org\/en\/","logo":{"@type":"ImageObject","inLanguage":"en-US","@id":"https:\/\/www.entreculturas.org\/en\/#\/schema\/logo\/image\/","url":"https:\/\/www.entreculturas.org\/wp-content\/uploads\/2025\/10\/ESP.svg","contentUrl":"https:\/\/www.entreculturas.org\/wp-content\/uploads\/2025\/10\/ESP.svg","caption":"Entreculturas"},"image":{"@id":"https:\/\/www.entreculturas.org\/en\/#\/schema\/logo\/image\/"},"sameAs":["https:\/\/www.facebook.com\/entreculturas","https:\/\/x.com\/Entreculturas","https:\/\/www.instagram.com\/entreculturas\/","https:\/\/www.youtube.com\/user\/entreculturasvideo","https:\/\/www.linkedin.com\/company\/fundacion-entreculturas-ngdo\/","https:\/\/www.flickr.com\/photos\/98455522@N04\/albums\/"]}]}},"_links":{"self":[{"href":"https:\/\/www.entreculturas.org\/en\/wp-json\/wp\/v2\/noticia\/30124","targetHints":{"allow":["GET"]}}],"collection":[{"href":"https:\/\/www.entreculturas.org\/en\/wp-json\/wp\/v2\/noticia"}],"about":[{"href":"https:\/\/www.entreculturas.org\/en\/wp-json\/wp\/v2\/types\/noticia"}],"wp:featuredmedia":[{"embeddable":true,"href":"https:\/\/www.entreculturas.org\/en\/wp-json\/wp\/v2\/media\/30118"}],"wp:attachment":[{"href":"https:\/\/www.entreculturas.org\/en\/wp-json\/wp\/v2\/media?parent=30124"}],"wp:term":[{"taxonomy":"category","embeddable":true,"href":"https:\/\/www.entreculturas.org\/en\/wp-json\/wp\/v2\/categories?post=30124"},{"taxonomy":"post_tag","embeddable":true,"href":"https:\/\/www.entreculturas.org\/en\/wp-json\/wp\/v2\/tags?post=30124"},{"taxonomy":"country","embeddable":true,"href":"https:\/\/www.entreculturas.org\/en\/wp-json\/wp\/v2\/country?post=30124"},{"taxonomy":"cause","embeddable":true,"href":"https:\/\/www.entreculturas.org\/en\/wp-json\/wp\/v2\/cause?post=30124"}],"curies":[{"name":"wp","href":"https:\/\/api.w.org\/{rel}","templated":true}]}}