{"id":2887,"date":"2019-03-19T08:13:03","date_gmt":"2019-03-19T08:13:03","guid":{"rendered":"https:\/\/entreculturasi.wpenginepowered.com\/?noticias=cuando-10-dolares-marcan-la-diferencia-en-la-republica-democratica-del-congo"},"modified":"2024-03-20T11:11:27","modified_gmt":"2024-03-20T10:11:27","slug":"cuando-10-dolares-marcan-la-diferencia-en-la-republica-democratica-del-congo","status":"publish","type":"noticia","link":"https:\/\/www.entreculturas.org\/en\/noticia\/cuando-10-dolares-marcan-la-diferencia-en-la-republica-democratica-del-congo\/","title":{"rendered":"Cuando 10 d\u00f3lares marcan la diferencia en la Rep\u00fablica Democr\u00e1tica del Congo"},"content":{"rendered":"<p><strong><em>Nuestra compa\u00f1era Mar\u00eda Laiglesia nos cuenta sus impresiones desde Kikwit, R. D. del Congo, durante su visita a los proyectos de Fe y Alegr\u00eda que apoyamos desde Entreculturas.&nbsp;Un pa\u00eds en el que el 44% de los ni\u00f1os y ni\u00f1as en edad de cursar la primaria abandona la escuela y donde una de las mayores barreras para la escolarizaci\u00f3n es el coste del acceso ya que, aunque en la teor\u00eda deber\u00eda ser gratuita, en la pr\u00e1ctica implica el pago de tasas escolares por parte de cada estudiante.&nbsp;&nbsp;<\/em><\/strong><\/p>\n<p><em><span style=\"font-size:10px\">Fotograf\u00eda: Alumnos y alumnas en Kikwit.<\/span><\/em><\/p>\n<p>Aunque nuestra visita a Kikwit es breve, empiezo a hacerme una idea de algunos de los retos que enfrenta el sistema educativo congol\u00e9s tras conversar con madres, padres, docentes y equipos directivos de varias escuelas de educaci\u00f3n primaria: la precariedad de las infraestructuras, la escasez de material escolar y pedag\u00f3gico, el bajo nivel y las estrategias pedag\u00f3gicas de la gran mayor\u00eda de docentes (que parecen ancladas en el pasado), la falta de implicaci\u00f3n y participaci\u00f3n del entorno familiar en la vida educativa&#8230; Pero hay un factor a\u00fan m\u00e1s determinante, que marca la diferencia y decide si est\u00e1s dentro o fuera: las tasas de matr\u00edcula.<\/p>\n<p>En la R. D. del&nbsp;Congo <strong>el salario del profesorado de educaci\u00f3n primaria es demasiado bajo (aproximadamente 85 d\u00f3lares al mes) y no es pagado con regularidad<\/strong>. Para tratar de paliar la falta de respuesta del Ministerio de Educaci\u00f3n, <strong>las familias tienen que pagar una tasa de matr\u00edcula cada trimestre para complementar los salarios<\/strong>, que en Kikwit ronda los 15.000 francos congoleses por estudiante de primaria al a\u00f1o (unos 10 d\u00f3lares). \u00bfQu\u00e9 sucede cuando la familia no puede hacer frente a este pago? La respuesta es muy sencilla:&nbsp;se expulsa al alumno o alumna de la escuela. Los fallos del sistema educativo nacional dejan fuera a las personas m\u00e1s vulnerables y, quienes no pueden permitirse pagar 10 d\u00f3lares al a\u00f1o, son excluidos y despojados de la m\u00e1s m\u00ednima oportunidad de prosperar, de cambiar su destino.&nbsp;&nbsp;<\/p>\n<p><strong>Buscar una respuesta a esta din\u00e1mica tan injusta ser\u00e1 sin duda uno de los retos m\u00e1s importantes para Fe y Alegr\u00eda en R. D. del Congo<\/strong>. En nuestro ADN est\u00e1 grabada la defensa de la educaci\u00f3n como la herramienta m\u00e1s poderosa para cambiar vidas y realidades, y la situaci\u00f3n en el pa\u00eds es la prueba de que a\u00fan hoy en d\u00eda las personas m\u00e1s vulnerables est\u00e1n siendo despojadas de su dignidad, al serles negado un derecho fundamental, el derecho a la educaci\u00f3n.&nbsp;&nbsp;<\/p>\n<p>Fe y Alegr\u00eda trabaja en tres redes educativas en el oeste del pa\u00eds (Kikwit, Kisantu y Kimwneza), donde poco a poco consolida su presencia a trav\u00e9s de la puesta en marcha de varios programas: alfabetizaci\u00f3n a trav\u00e9s de la radio en kikongo, la lengua local; formaci\u00f3n en pedagog\u00eda y gesti\u00f3n al profesorado de educaci\u00f3n primaria y los equipos directivos; educaci\u00f3n en valores para j\u00f3venes y familias; y dos peque\u00f1os proyectos piloto que han comenzado este curso: un m\u00f3dulo de educaci\u00f3n preescolar en una zona rural y un curso de alfabetizaci\u00f3n funcional para ni\u00f1os y ni\u00f1as y j\u00f3venes que nunca han ido a la escuela o la abandonaron en los primeros cursos de la educaci\u00f3n primaria.<\/p>\n<p>El camino de Fe y Alegr\u00eda en R. D. del Congo es largo y retador, pero ya cuenta con personas convencidas del poder transformador de la educaci\u00f3n para mejorar la realidad educativa de este gran&nbsp;pa\u00eds.<\/p>\n","protected":false},"excerpt":{"rendered":"<p>Nuestra compa\u00f1era Mar\u00eda Laiglesia nos cuenta sus impresiones desde Kikwit, R. D. del Congo, durante su visita a los proyectos de Fe y Alegr\u00eda que apoyamos desde Entreculturas.<\/p>\n","protected":false},"featured_media":2890,"template":"single-noticia","meta":{"_acf_changed":false},"categories":[7],"tags":[289],"country":[318],"cause":[128],"class_list":["post-2887","noticia","type-noticia","status-publish","has-post-thumbnail","hentry","category-noticia","tag-educacion","country-republica-democratica-del-congo","cause-educacion"],"acf":[],"yoast_head":"<!-- This site is optimized with the Yoast SEO Premium plugin v21.6 (Yoast SEO v27.5) - https:\/\/yoast.com\/product\/yoast-seo-premium-wordpress\/ -->\n<title>Cuando 10 d\u00f3lares marcan la diferencia en la Rep\u00fablica Democr\u00e1tica del Congo - Entreculturas<\/title>\n<meta name=\"robots\" content=\"index, follow, max-snippet:-1, max-image-preview:large, max-video-preview:-1\" \/>\n<link rel=\"canonical\" href=\"https:\/\/www.entreculturas.org\/en\/noticia\/cuando-10-dolares-marcan-la-diferencia-en-la-republica-democratica-del-congo\/\" \/>\n<meta property=\"og:locale\" content=\"en_US\" \/>\n<meta property=\"og:type\" content=\"article\" \/>\n<meta property=\"og:title\" content=\"Cuando 10 d\u00f3lares marcan la diferencia en la Rep\u00fablica Democr\u00e1tica del Congo\" \/>\n<meta property=\"og:description\" content=\"Nuestra compa\u00f1era Mar\u00eda Laiglesia nos cuenta sus impresiones desde Kikwit, R. D. del Congo, durante su visita a los proyectos de Fe y Alegr\u00eda que apoyamos desde Entreculturas.\" \/>\n<meta property=\"og:url\" content=\"https:\/\/www.entreculturas.org\/en\/noticia\/cuando-10-dolares-marcan-la-diferencia-en-la-republica-democratica-del-congo\/\" \/>\n<meta property=\"og:site_name\" content=\"Entreculturas\" \/>\n<meta property=\"article:publisher\" content=\"https:\/\/www.facebook.com\/entreculturas\" \/>\n<meta property=\"article:modified_time\" content=\"2024-03-20T10:11:27+00:00\" \/>\n<meta property=\"og:image\" content=\"https:\/\/www.entreculturas.org\/wp-content\/uploads\/2019\/03\/rdc_0.jpg\" \/>\n\t<meta property=\"og:image:width\" content=\"800\" \/>\n\t<meta property=\"og:image:height\" content=\"533\" \/>\n\t<meta property=\"og:image:type\" content=\"image\/jpeg\" \/>\n<meta name=\"twitter:card\" content=\"summary_large_image\" \/>\n<meta name=\"twitter:site\" content=\"@Entreculturas\" \/>\n<script type=\"application\/ld+json\" class=\"yoast-schema-graph\">{\"@context\":\"https:\\\/\\\/schema.org\",\"@graph\":[{\"@type\":\"WebPage\",\"@id\":\"https:\\\/\\\/www.entreculturas.org\\\/en\\\/noticia\\\/cuando-10-dolares-marcan-la-diferencia-en-la-republica-democratica-del-congo\\\/\",\"url\":\"https:\\\/\\\/www.entreculturas.org\\\/en\\\/noticia\\\/cuando-10-dolares-marcan-la-diferencia-en-la-republica-democratica-del-congo\\\/\",\"name\":\"Cuando 10 d\u00f3lares marcan la diferencia en la Rep\u00fablica Democr\u00e1tica del Congo - Entreculturas\",\"isPartOf\":{\"@id\":\"https:\\\/\\\/www.entreculturas.org\\\/en\\\/#website\"},\"primaryImageOfPage\":{\"@id\":\"https:\\\/\\\/www.entreculturas.org\\\/en\\\/noticia\\\/cuando-10-dolares-marcan-la-diferencia-en-la-republica-democratica-del-congo\\\/#primaryimage\"},\"image\":{\"@id\":\"https:\\\/\\\/www.entreculturas.org\\\/en\\\/noticia\\\/cuando-10-dolares-marcan-la-diferencia-en-la-republica-democratica-del-congo\\\/#primaryimage\"},\"thumbnailUrl\":\"https:\\\/\\\/www.entreculturas.org\\\/wp-content\\\/uploads\\\/2019\\\/03\\\/rdc_0.jpg\",\"datePublished\":\"2019-03-19T08:13:03+00:00\",\"dateModified\":\"2024-03-20T10:11:27+00:00\",\"breadcrumb\":{\"@id\":\"https:\\\/\\\/www.entreculturas.org\\\/en\\\/noticia\\\/cuando-10-dolares-marcan-la-diferencia-en-la-republica-democratica-del-congo\\\/#breadcrumb\"},\"inLanguage\":\"en-US\",\"potentialAction\":[{\"@type\":\"ReadAction\",\"target\":[\"https:\\\/\\\/www.entreculturas.org\\\/en\\\/noticia\\\/cuando-10-dolares-marcan-la-diferencia-en-la-republica-democratica-del-congo\\\/\"]}]},{\"@type\":\"ImageObject\",\"inLanguage\":\"en-US\",\"@id\":\"https:\\\/\\\/www.entreculturas.org\\\/en\\\/noticia\\\/cuando-10-dolares-marcan-la-diferencia-en-la-republica-democratica-del-congo\\\/#primaryimage\",\"url\":\"https:\\\/\\\/www.entreculturas.org\\\/wp-content\\\/uploads\\\/2019\\\/03\\\/rdc_0.jpg\",\"contentUrl\":\"https:\\\/\\\/www.entreculturas.org\\\/wp-content\\\/uploads\\\/2019\\\/03\\\/rdc_0.jpg\",\"width\":800,\"height\":533,\"caption\":\"rdc\"},{\"@type\":\"BreadcrumbList\",\"@id\":\"https:\\\/\\\/www.entreculturas.org\\\/en\\\/noticia\\\/cuando-10-dolares-marcan-la-diferencia-en-la-republica-democratica-del-congo\\\/#breadcrumb\",\"itemListElement\":[{\"@type\":\"ListItem\",\"position\":1,\"name\":\"Home\",\"item\":\"https:\\\/\\\/www.entreculturas.org\\\/en\\\/\"},{\"@type\":\"ListItem\",\"position\":2,\"name\":\"Noticias\",\"item\":\"https:\\\/\\\/www.entreculturas.org\\\/en\\\/noticias\\\/\"},{\"@type\":\"ListItem\",\"position\":3,\"name\":\"Cuando 10 d\u00f3lares marcan la diferencia en la Rep\u00fablica Democr\u00e1tica del Congo\"}]},{\"@type\":\"WebSite\",\"@id\":\"https:\\\/\\\/www.entreculturas.org\\\/en\\\/#website\",\"url\":\"https:\\\/\\\/www.entreculturas.org\\\/en\\\/\",\"name\":\"Entreculturas\",\"description\":\"\",\"publisher\":{\"@id\":\"https:\\\/\\\/www.entreculturas.org\\\/en\\\/#organization\"},\"alternateName\":\"Entreculturas\",\"potentialAction\":[{\"@type\":\"SearchAction\",\"target\":{\"@type\":\"EntryPoint\",\"urlTemplate\":\"https:\\\/\\\/www.entreculturas.org\\\/en\\\/?s={search_term_string}\"},\"query-input\":{\"@type\":\"PropertyValueSpecification\",\"valueRequired\":true,\"valueName\":\"search_term_string\"}}],\"inLanguage\":\"en-US\"},{\"@type\":\"Organization\",\"@id\":\"https:\\\/\\\/www.entreculturas.org\\\/en\\\/#organization\",\"name\":\"Entreculturas\",\"url\":\"https:\\\/\\\/www.entreculturas.org\\\/en\\\/\",\"logo\":{\"@type\":\"ImageObject\",\"inLanguage\":\"en-US\",\"@id\":\"https:\\\/\\\/www.entreculturas.org\\\/en\\\/#\\\/schema\\\/logo\\\/image\\\/\",\"url\":\"https:\\\/\\\/www.entreculturas.org\\\/wp-content\\\/uploads\\\/2025\\\/10\\\/ESP.svg\",\"contentUrl\":\"https:\\\/\\\/www.entreculturas.org\\\/wp-content\\\/uploads\\\/2025\\\/10\\\/ESP.svg\",\"caption\":\"Entreculturas\"},\"image\":{\"@id\":\"https:\\\/\\\/www.entreculturas.org\\\/en\\\/#\\\/schema\\\/logo\\\/image\\\/\"},\"sameAs\":[\"https:\\\/\\\/www.facebook.com\\\/entreculturas\",\"https:\\\/\\\/x.com\\\/Entreculturas\",\"https:\\\/\\\/www.instagram.com\\\/entreculturas\\\/\",\"https:\\\/\\\/www.youtube.com\\\/user\\\/entreculturasvideo\",\"https:\\\/\\\/www.linkedin.com\\\/company\\\/fundacion-entreculturas-ngdo\\\/\",\"https:\\\/\\\/www.flickr.com\\\/photos\\\/98455522@N04\\\/albums\\\/\"]}]}<\/script>\n<!-- \/ Yoast SEO Premium plugin. -->","yoast_head_json":{"title":"Cuando 10 d\u00f3lares marcan la diferencia en la Rep\u00fablica Democr\u00e1tica del Congo - Entreculturas","robots":{"index":"index","follow":"follow","max-snippet":"max-snippet:-1","max-image-preview":"max-image-preview:large","max-video-preview":"max-video-preview:-1"},"canonical":"https:\/\/www.entreculturas.org\/en\/noticia\/cuando-10-dolares-marcan-la-diferencia-en-la-republica-democratica-del-congo\/","og_locale":"en_US","og_type":"article","og_title":"Cuando 10 d\u00f3lares marcan la diferencia en la Rep\u00fablica Democr\u00e1tica del Congo","og_description":"Nuestra compa\u00f1era Mar\u00eda Laiglesia nos cuenta sus impresiones desde Kikwit, R. D. del Congo, durante su visita a los proyectos de Fe y Alegr\u00eda que apoyamos desde Entreculturas.","og_url":"https:\/\/www.entreculturas.org\/en\/noticia\/cuando-10-dolares-marcan-la-diferencia-en-la-republica-democratica-del-congo\/","og_site_name":"Entreculturas","article_publisher":"https:\/\/www.facebook.com\/entreculturas","article_modified_time":"2024-03-20T10:11:27+00:00","og_image":[{"width":800,"height":533,"url":"https:\/\/www.entreculturas.org\/wp-content\/uploads\/2019\/03\/rdc_0.jpg","type":"image\/jpeg"}],"twitter_card":"summary_large_image","twitter_site":"@Entreculturas","schema":{"@context":"https:\/\/schema.org","@graph":[{"@type":"WebPage","@id":"https:\/\/www.entreculturas.org\/en\/noticia\/cuando-10-dolares-marcan-la-diferencia-en-la-republica-democratica-del-congo\/","url":"https:\/\/www.entreculturas.org\/en\/noticia\/cuando-10-dolares-marcan-la-diferencia-en-la-republica-democratica-del-congo\/","name":"Cuando 10 d\u00f3lares marcan la diferencia en la Rep\u00fablica Democr\u00e1tica del Congo - Entreculturas","isPartOf":{"@id":"https:\/\/www.entreculturas.org\/en\/#website"},"primaryImageOfPage":{"@id":"https:\/\/www.entreculturas.org\/en\/noticia\/cuando-10-dolares-marcan-la-diferencia-en-la-republica-democratica-del-congo\/#primaryimage"},"image":{"@id":"https:\/\/www.entreculturas.org\/en\/noticia\/cuando-10-dolares-marcan-la-diferencia-en-la-republica-democratica-del-congo\/#primaryimage"},"thumbnailUrl":"https:\/\/www.entreculturas.org\/wp-content\/uploads\/2019\/03\/rdc_0.jpg","datePublished":"2019-03-19T08:13:03+00:00","dateModified":"2024-03-20T10:11:27+00:00","breadcrumb":{"@id":"https:\/\/www.entreculturas.org\/en\/noticia\/cuando-10-dolares-marcan-la-diferencia-en-la-republica-democratica-del-congo\/#breadcrumb"},"inLanguage":"en-US","potentialAction":[{"@type":"ReadAction","target":["https:\/\/www.entreculturas.org\/en\/noticia\/cuando-10-dolares-marcan-la-diferencia-en-la-republica-democratica-del-congo\/"]}]},{"@type":"ImageObject","inLanguage":"en-US","@id":"https:\/\/www.entreculturas.org\/en\/noticia\/cuando-10-dolares-marcan-la-diferencia-en-la-republica-democratica-del-congo\/#primaryimage","url":"https:\/\/www.entreculturas.org\/wp-content\/uploads\/2019\/03\/rdc_0.jpg","contentUrl":"https:\/\/www.entreculturas.org\/wp-content\/uploads\/2019\/03\/rdc_0.jpg","width":800,"height":533,"caption":"rdc"},{"@type":"BreadcrumbList","@id":"https:\/\/www.entreculturas.org\/en\/noticia\/cuando-10-dolares-marcan-la-diferencia-en-la-republica-democratica-del-congo\/#breadcrumb","itemListElement":[{"@type":"ListItem","position":1,"name":"Home","item":"https:\/\/www.entreculturas.org\/en\/"},{"@type":"ListItem","position":2,"name":"Noticias","item":"https:\/\/www.entreculturas.org\/en\/noticias\/"},{"@type":"ListItem","position":3,"name":"Cuando 10 d\u00f3lares marcan la diferencia en la Rep\u00fablica Democr\u00e1tica del Congo"}]},{"@type":"WebSite","@id":"https:\/\/www.entreculturas.org\/en\/#website","url":"https:\/\/www.entreculturas.org\/en\/","name":"Entreculturas","description":"","publisher":{"@id":"https:\/\/www.entreculturas.org\/en\/#organization"},"alternateName":"Entreculturas","potentialAction":[{"@type":"SearchAction","target":{"@type":"EntryPoint","urlTemplate":"https:\/\/www.entreculturas.org\/en\/?s={search_term_string}"},"query-input":{"@type":"PropertyValueSpecification","valueRequired":true,"valueName":"search_term_string"}}],"inLanguage":"en-US"},{"@type":"Organization","@id":"https:\/\/www.entreculturas.org\/en\/#organization","name":"Entreculturas","url":"https:\/\/www.entreculturas.org\/en\/","logo":{"@type":"ImageObject","inLanguage":"en-US","@id":"https:\/\/www.entreculturas.org\/en\/#\/schema\/logo\/image\/","url":"https:\/\/www.entreculturas.org\/wp-content\/uploads\/2025\/10\/ESP.svg","contentUrl":"https:\/\/www.entreculturas.org\/wp-content\/uploads\/2025\/10\/ESP.svg","caption":"Entreculturas"},"image":{"@id":"https:\/\/www.entreculturas.org\/en\/#\/schema\/logo\/image\/"},"sameAs":["https:\/\/www.facebook.com\/entreculturas","https:\/\/x.com\/Entreculturas","https:\/\/www.instagram.com\/entreculturas\/","https:\/\/www.youtube.com\/user\/entreculturasvideo","https:\/\/www.linkedin.com\/company\/fundacion-entreculturas-ngdo\/","https:\/\/www.flickr.com\/photos\/98455522@N04\/albums\/"]}]}},"_links":{"self":[{"href":"https:\/\/www.entreculturas.org\/en\/wp-json\/wp\/v2\/noticia\/2887","targetHints":{"allow":["GET"]}}],"collection":[{"href":"https:\/\/www.entreculturas.org\/en\/wp-json\/wp\/v2\/noticia"}],"about":[{"href":"https:\/\/www.entreculturas.org\/en\/wp-json\/wp\/v2\/types\/noticia"}],"wp:featuredmedia":[{"embeddable":true,"href":"https:\/\/www.entreculturas.org\/en\/wp-json\/wp\/v2\/media\/2890"}],"wp:attachment":[{"href":"https:\/\/www.entreculturas.org\/en\/wp-json\/wp\/v2\/media?parent=2887"}],"wp:term":[{"taxonomy":"category","embeddable":true,"href":"https:\/\/www.entreculturas.org\/en\/wp-json\/wp\/v2\/categories?post=2887"},{"taxonomy":"post_tag","embeddable":true,"href":"https:\/\/www.entreculturas.org\/en\/wp-json\/wp\/v2\/tags?post=2887"},{"taxonomy":"country","embeddable":true,"href":"https:\/\/www.entreculturas.org\/en\/wp-json\/wp\/v2\/country?post=2887"},{"taxonomy":"cause","embeddable":true,"href":"https:\/\/www.entreculturas.org\/en\/wp-json\/wp\/v2\/cause?post=2887"}],"curies":[{"name":"wp","href":"https:\/\/api.w.org\/{rel}","templated":true}]}}