{"id":2836,"date":"2019-03-12T10:52:07","date_gmt":"2019-03-12T10:52:07","guid":{"rendered":"https:\/\/entreculturasi.wpenginepowered.com\/?noticias=arranca-experiencia-sur-2019-con-la-primera-sesion-de-formacion"},"modified":"2024-02-09T12:57:36","modified_gmt":"2024-02-09T11:57:36","slug":"arranca-experiencia-sur-2019-con-la-primera-sesion-de-formacion","status":"publish","type":"noticia","link":"https:\/\/www.entreculturas.org\/en\/noticia\/arranca-experiencia-sur-2019-con-la-primera-sesion-de-formacion\/","title":{"rendered":"Arranca Experiencia Sur 2019 con la primera sesi\u00f3n de formaci\u00f3n"},"content":{"rendered":"<p>El pasado fin de semana arranc\u00f3 Experiencia Sur 2019. Un grupo de 17 personas (15 mujeres y 2 hombres) con distintas vinculaciones con Entreculturas (11 docentes de colegios jesuitas, 4 voluntarios, 1 contratada y 1 antigua alumna de Contigo en la Misi\u00f3n) que llegaron a la primera jornada de formaci\u00f3n cargados de algunos nervios y muchas ilusiones.<\/p>\n<p>La propuesta del d\u00eda era poder empezar a conocernos, trabajar las motivaciones por las que quiere dedicar un mes de sus vacaciones a <strong>insertarse en comunidades de alta vulnerabilidad<\/strong> para conocer, ofrecer sus capacidades, aprender y abrir los ojos y el coraz\u00f3n para dejarse afectar por otras realidades como muchos de ellos expresaron.<\/p>\n<p>Un a\u00f1o m\u00e1s Experiencia Sur consta de dos modalidades. Experiencia Sur en su forma m\u00e1s cl\u00e1sica que permite insertarse de dos en dos en algunos proyectos de Entreculturas con Fe y Alegr\u00eda, SJM y alguna otra instituci\u00f3n con la que trabajamos, y luego est\u00e1 Profes en Compa\u00f1\u00eda que es una experiencia grupal que viajan a la sierra de Quispicanchi en Per\u00fa donde van itinerando por distintos colegios de Fe y Alegr\u00eda.&nbsp;<\/p>\n<p>Para esta \u00faltima experiencia e<strong>ste a\u00f1o ser\u00e1n 7 las docentes<\/strong> que se embarcaran junto con Santiago V\u00e1zquez, profesor de Escuela Virgen de Guadalupe de Badajoz asignado por EDUCSI para acompa\u00f1ar esta experiencia grupal en la zona de Cuzco.&nbsp;<br \/>&nbsp;<\/p>\n<p>&nbsp;<\/p>\n<p>La jornada permiti\u00f3 adem\u00e1s de ir conoci\u00e9ndonos como grupo, poder <strong>expresar las expectativas, miedos y oportunidades<\/strong> con la que viven este proceso que consta de 3 fases. Una primera fase de formaci\u00f3n en la que estamos inmersos, una segunda en terreno y una tercera a la vuelta donde tras lo vivido en los distintos pa\u00edses y proyectos podr\u00e1n compartir lo aprendido y ver c\u00f3mo continuar su camino de compromiso con Entreculturas o ALBOAN (2 de las personas que participan son de Pa\u00eds Vasco) en temas de justicia y solidaridad.<\/p>\n<p>El voluntariado este a\u00f1o est\u00e1 presente a trav\u00e9s de personas de las delegaciones de Murcia, Zaragoza, Badajoz y sede central. Cada una de ellas con distintos recorridos pero todas expresaban con claridad que este paso con Experiencia Sur era una gran oportunidad para conocer m\u00e1s la misi\u00f3n de Entreculturas, enriquecerse personalmente y aportar a la vuelta con m\u00e1s pasi\u00f3n si cabe desde su labor de voluntariado.<\/p>\n<p>Cerramos la jornada con el testimonio de Alana, profe que hizo Experiencia Sur en 2017, con mensajes claves e informaci\u00f3n pr\u00e1ctica para pr\u00f3ximos pasos y de preparaci\u00f3n para el 21 encuentro de formaci\u00f3n que tendr\u00e1 lugar a finales de abril. Un a\u00f1o m\u00e1s desde Personas y Equipos acompa\u00f1amos esta preciosa experiencia de crecimiento y transformaci\u00f3n junto al equipo de Ciudadan\u00eda que acompa\u00f1a de manera m\u00e1s cercana al profesorado. <strong>\u00a1Experiencia Sur 2019 ya ha comenzado!<\/strong><\/p>\n","protected":false},"excerpt":{"rendered":"<p>El pasado fin de semana arranc\u00f3 Experiencia Sur 2019. Un grupo de 17 personas (15 mujeres y 2 hombres) con distintas vinculaciones con Entreculturas (11 docentes de colegios jesuitas, 4 voluntarios, 1 contratada y 1 antigua alumna de Contigo en la Misi\u00f3n) que llegaron a la primera jornada de formaci\u00f3n cargados de algunos nervios y muchas ilusiones.<\/p>\n","protected":false},"featured_media":2835,"template":"single-noticia","meta":{"_acf_changed":false},"categories":[7],"tags":[8],"country":[120],"cause":[132],"class_list":["post-2836","noticia","type-noticia","status-publish","has-post-thumbnail","hentry","category-noticia","tag-participacion-y-ciudadania-global","country-espana","cause-participacion-y-ciudadania-global"],"acf":[],"yoast_head":"<!-- This site is optimized with the Yoast SEO Premium plugin v21.6 (Yoast SEO v27.5) - https:\/\/yoast.com\/product\/yoast-seo-premium-wordpress\/ -->\n<title>Arranca Experiencia Sur 2019 con la primera sesi\u00f3n de formaci\u00f3n - Entreculturas<\/title>\n<meta name=\"robots\" content=\"index, follow, max-snippet:-1, max-image-preview:large, max-video-preview:-1\" \/>\n<link rel=\"canonical\" href=\"https:\/\/www.entreculturas.org\/en\/noticia\/arranca-experiencia-sur-2019-con-la-primera-sesion-de-formacion\/\" \/>\n<meta property=\"og:locale\" content=\"en_US\" \/>\n<meta property=\"og:type\" content=\"article\" \/>\n<meta property=\"og:title\" content=\"Arranca Experiencia Sur 2019 con la primera sesi\u00f3n de formaci\u00f3n\" \/>\n<meta property=\"og:description\" content=\"El pasado fin de semana arranc\u00f3 Experiencia Sur 2019. Un grupo de 17 personas (15 mujeres y 2 hombres) con distintas vinculaciones con Entreculturas (11 docentes de colegios jesuitas, 4 voluntarios, 1 contratada y 1 antigua alumna de Contigo en la Misi\u00f3n) que llegaron a la primera jornada de formaci\u00f3n cargados de algunos nervios y muchas ilusiones.\" \/>\n<meta property=\"og:url\" content=\"https:\/\/www.entreculturas.org\/en\/noticia\/arranca-experiencia-sur-2019-con-la-primera-sesion-de-formacion\/\" \/>\n<meta property=\"og:site_name\" content=\"Entreculturas\" \/>\n<meta property=\"article:publisher\" content=\"https:\/\/www.facebook.com\/entreculturas\" \/>\n<meta property=\"article:modified_time\" content=\"2024-02-09T11:57:36+00:00\" \/>\n<meta property=\"og:image\" content=\"https:\/\/www.entreculturas.org\/wp-content\/uploads\/2019\/03\/experiencia-sur19.jpg\" \/>\n\t<meta property=\"og:image:width\" content=\"800\" \/>\n\t<meta property=\"og:image:height\" content=\"497\" \/>\n\t<meta property=\"og:image:type\" content=\"image\/jpeg\" \/>\n<meta name=\"twitter:card\" content=\"summary_large_image\" \/>\n<meta name=\"twitter:site\" content=\"@Entreculturas\" \/>\n<script type=\"application\/ld+json\" class=\"yoast-schema-graph\">{\"@context\":\"https:\\\/\\\/schema.org\",\"@graph\":[{\"@type\":\"WebPage\",\"@id\":\"https:\\\/\\\/www.entreculturas.org\\\/en\\\/noticia\\\/arranca-experiencia-sur-2019-con-la-primera-sesion-de-formacion\\\/\",\"url\":\"https:\\\/\\\/www.entreculturas.org\\\/en\\\/noticia\\\/arranca-experiencia-sur-2019-con-la-primera-sesion-de-formacion\\\/\",\"name\":\"Arranca Experiencia Sur 2019 con la primera sesi\u00f3n de formaci\u00f3n - Entreculturas\",\"isPartOf\":{\"@id\":\"https:\\\/\\\/www.entreculturas.org\\\/en\\\/#website\"},\"primaryImageOfPage\":{\"@id\":\"https:\\\/\\\/www.entreculturas.org\\\/en\\\/noticia\\\/arranca-experiencia-sur-2019-con-la-primera-sesion-de-formacion\\\/#primaryimage\"},\"image\":{\"@id\":\"https:\\\/\\\/www.entreculturas.org\\\/en\\\/noticia\\\/arranca-experiencia-sur-2019-con-la-primera-sesion-de-formacion\\\/#primaryimage\"},\"thumbnailUrl\":\"https:\\\/\\\/www.entreculturas.org\\\/wp-content\\\/uploads\\\/2019\\\/03\\\/experiencia-sur19.jpg\",\"datePublished\":\"2019-03-12T10:52:07+00:00\",\"dateModified\":\"2024-02-09T11:57:36+00:00\",\"breadcrumb\":{\"@id\":\"https:\\\/\\\/www.entreculturas.org\\\/en\\\/noticia\\\/arranca-experiencia-sur-2019-con-la-primera-sesion-de-formacion\\\/#breadcrumb\"},\"inLanguage\":\"en-US\",\"potentialAction\":[{\"@type\":\"ReadAction\",\"target\":[\"https:\\\/\\\/www.entreculturas.org\\\/en\\\/noticia\\\/arranca-experiencia-sur-2019-con-la-primera-sesion-de-formacion\\\/\"]}]},{\"@type\":\"ImageObject\",\"inLanguage\":\"en-US\",\"@id\":\"https:\\\/\\\/www.entreculturas.org\\\/en\\\/noticia\\\/arranca-experiencia-sur-2019-con-la-primera-sesion-de-formacion\\\/#primaryimage\",\"url\":\"https:\\\/\\\/www.entreculturas.org\\\/wp-content\\\/uploads\\\/2019\\\/03\\\/experiencia-sur19.jpg\",\"contentUrl\":\"https:\\\/\\\/www.entreculturas.org\\\/wp-content\\\/uploads\\\/2019\\\/03\\\/experiencia-sur19.jpg\",\"width\":800,\"height\":497},{\"@type\":\"BreadcrumbList\",\"@id\":\"https:\\\/\\\/www.entreculturas.org\\\/en\\\/noticia\\\/arranca-experiencia-sur-2019-con-la-primera-sesion-de-formacion\\\/#breadcrumb\",\"itemListElement\":[{\"@type\":\"ListItem\",\"position\":1,\"name\":\"Home\",\"item\":\"https:\\\/\\\/www.entreculturas.org\\\/en\\\/\"},{\"@type\":\"ListItem\",\"position\":2,\"name\":\"Noticias\",\"item\":\"https:\\\/\\\/www.entreculturas.org\\\/en\\\/noticias\\\/\"},{\"@type\":\"ListItem\",\"position\":3,\"name\":\"Arranca Experiencia Sur 2019 con la primera sesi\u00f3n de formaci\u00f3n\"}]},{\"@type\":\"WebSite\",\"@id\":\"https:\\\/\\\/www.entreculturas.org\\\/en\\\/#website\",\"url\":\"https:\\\/\\\/www.entreculturas.org\\\/en\\\/\",\"name\":\"Entreculturas\",\"description\":\"\",\"publisher\":{\"@id\":\"https:\\\/\\\/www.entreculturas.org\\\/en\\\/#organization\"},\"alternateName\":\"Entreculturas\",\"potentialAction\":[{\"@type\":\"SearchAction\",\"target\":{\"@type\":\"EntryPoint\",\"urlTemplate\":\"https:\\\/\\\/www.entreculturas.org\\\/en\\\/?s={search_term_string}\"},\"query-input\":{\"@type\":\"PropertyValueSpecification\",\"valueRequired\":true,\"valueName\":\"search_term_string\"}}],\"inLanguage\":\"en-US\"},{\"@type\":\"Organization\",\"@id\":\"https:\\\/\\\/www.entreculturas.org\\\/en\\\/#organization\",\"name\":\"Entreculturas\",\"url\":\"https:\\\/\\\/www.entreculturas.org\\\/en\\\/\",\"logo\":{\"@type\":\"ImageObject\",\"inLanguage\":\"en-US\",\"@id\":\"https:\\\/\\\/www.entreculturas.org\\\/en\\\/#\\\/schema\\\/logo\\\/image\\\/\",\"url\":\"https:\\\/\\\/www.entreculturas.org\\\/wp-content\\\/uploads\\\/2025\\\/10\\\/ESP.svg\",\"contentUrl\":\"https:\\\/\\\/www.entreculturas.org\\\/wp-content\\\/uploads\\\/2025\\\/10\\\/ESP.svg\",\"caption\":\"Entreculturas\"},\"image\":{\"@id\":\"https:\\\/\\\/www.entreculturas.org\\\/en\\\/#\\\/schema\\\/logo\\\/image\\\/\"},\"sameAs\":[\"https:\\\/\\\/www.facebook.com\\\/entreculturas\",\"https:\\\/\\\/x.com\\\/Entreculturas\",\"https:\\\/\\\/www.instagram.com\\\/entreculturas\\\/\",\"https:\\\/\\\/www.youtube.com\\\/user\\\/entreculturasvideo\",\"https:\\\/\\\/www.linkedin.com\\\/company\\\/fundacion-entreculturas-ngdo\\\/\",\"https:\\\/\\\/www.flickr.com\\\/photos\\\/98455522@N04\\\/albums\\\/\"]}]}<\/script>\n<!-- \/ Yoast SEO Premium plugin. -->","yoast_head_json":{"title":"Arranca Experiencia Sur 2019 con la primera sesi\u00f3n de formaci\u00f3n - Entreculturas","robots":{"index":"index","follow":"follow","max-snippet":"max-snippet:-1","max-image-preview":"max-image-preview:large","max-video-preview":"max-video-preview:-1"},"canonical":"https:\/\/www.entreculturas.org\/en\/noticia\/arranca-experiencia-sur-2019-con-la-primera-sesion-de-formacion\/","og_locale":"en_US","og_type":"article","og_title":"Arranca Experiencia Sur 2019 con la primera sesi\u00f3n de formaci\u00f3n","og_description":"El pasado fin de semana arranc\u00f3 Experiencia Sur 2019. Un grupo de 17 personas (15 mujeres y 2 hombres) con distintas vinculaciones con Entreculturas (11 docentes de colegios jesuitas, 4 voluntarios, 1 contratada y 1 antigua alumna de Contigo en la Misi\u00f3n) que llegaron a la primera jornada de formaci\u00f3n cargados de algunos nervios y muchas ilusiones.","og_url":"https:\/\/www.entreculturas.org\/en\/noticia\/arranca-experiencia-sur-2019-con-la-primera-sesion-de-formacion\/","og_site_name":"Entreculturas","article_publisher":"https:\/\/www.facebook.com\/entreculturas","article_modified_time":"2024-02-09T11:57:36+00:00","og_image":[{"width":800,"height":497,"url":"https:\/\/www.entreculturas.org\/wp-content\/uploads\/2019\/03\/experiencia-sur19.jpg","type":"image\/jpeg"}],"twitter_card":"summary_large_image","twitter_site":"@Entreculturas","schema":{"@context":"https:\/\/schema.org","@graph":[{"@type":"WebPage","@id":"https:\/\/www.entreculturas.org\/en\/noticia\/arranca-experiencia-sur-2019-con-la-primera-sesion-de-formacion\/","url":"https:\/\/www.entreculturas.org\/en\/noticia\/arranca-experiencia-sur-2019-con-la-primera-sesion-de-formacion\/","name":"Arranca Experiencia Sur 2019 con la primera sesi\u00f3n de formaci\u00f3n - Entreculturas","isPartOf":{"@id":"https:\/\/www.entreculturas.org\/en\/#website"},"primaryImageOfPage":{"@id":"https:\/\/www.entreculturas.org\/en\/noticia\/arranca-experiencia-sur-2019-con-la-primera-sesion-de-formacion\/#primaryimage"},"image":{"@id":"https:\/\/www.entreculturas.org\/en\/noticia\/arranca-experiencia-sur-2019-con-la-primera-sesion-de-formacion\/#primaryimage"},"thumbnailUrl":"https:\/\/www.entreculturas.org\/wp-content\/uploads\/2019\/03\/experiencia-sur19.jpg","datePublished":"2019-03-12T10:52:07+00:00","dateModified":"2024-02-09T11:57:36+00:00","breadcrumb":{"@id":"https:\/\/www.entreculturas.org\/en\/noticia\/arranca-experiencia-sur-2019-con-la-primera-sesion-de-formacion\/#breadcrumb"},"inLanguage":"en-US","potentialAction":[{"@type":"ReadAction","target":["https:\/\/www.entreculturas.org\/en\/noticia\/arranca-experiencia-sur-2019-con-la-primera-sesion-de-formacion\/"]}]},{"@type":"ImageObject","inLanguage":"en-US","@id":"https:\/\/www.entreculturas.org\/en\/noticia\/arranca-experiencia-sur-2019-con-la-primera-sesion-de-formacion\/#primaryimage","url":"https:\/\/www.entreculturas.org\/wp-content\/uploads\/2019\/03\/experiencia-sur19.jpg","contentUrl":"https:\/\/www.entreculturas.org\/wp-content\/uploads\/2019\/03\/experiencia-sur19.jpg","width":800,"height":497},{"@type":"BreadcrumbList","@id":"https:\/\/www.entreculturas.org\/en\/noticia\/arranca-experiencia-sur-2019-con-la-primera-sesion-de-formacion\/#breadcrumb","itemListElement":[{"@type":"ListItem","position":1,"name":"Home","item":"https:\/\/www.entreculturas.org\/en\/"},{"@type":"ListItem","position":2,"name":"Noticias","item":"https:\/\/www.entreculturas.org\/en\/noticias\/"},{"@type":"ListItem","position":3,"name":"Arranca Experiencia Sur 2019 con la primera sesi\u00f3n de formaci\u00f3n"}]},{"@type":"WebSite","@id":"https:\/\/www.entreculturas.org\/en\/#website","url":"https:\/\/www.entreculturas.org\/en\/","name":"Entreculturas","description":"","publisher":{"@id":"https:\/\/www.entreculturas.org\/en\/#organization"},"alternateName":"Entreculturas","potentialAction":[{"@type":"SearchAction","target":{"@type":"EntryPoint","urlTemplate":"https:\/\/www.entreculturas.org\/en\/?s={search_term_string}"},"query-input":{"@type":"PropertyValueSpecification","valueRequired":true,"valueName":"search_term_string"}}],"inLanguage":"en-US"},{"@type":"Organization","@id":"https:\/\/www.entreculturas.org\/en\/#organization","name":"Entreculturas","url":"https:\/\/www.entreculturas.org\/en\/","logo":{"@type":"ImageObject","inLanguage":"en-US","@id":"https:\/\/www.entreculturas.org\/en\/#\/schema\/logo\/image\/","url":"https:\/\/www.entreculturas.org\/wp-content\/uploads\/2025\/10\/ESP.svg","contentUrl":"https:\/\/www.entreculturas.org\/wp-content\/uploads\/2025\/10\/ESP.svg","caption":"Entreculturas"},"image":{"@id":"https:\/\/www.entreculturas.org\/en\/#\/schema\/logo\/image\/"},"sameAs":["https:\/\/www.facebook.com\/entreculturas","https:\/\/x.com\/Entreculturas","https:\/\/www.instagram.com\/entreculturas\/","https:\/\/www.youtube.com\/user\/entreculturasvideo","https:\/\/www.linkedin.com\/company\/fundacion-entreculturas-ngdo\/","https:\/\/www.flickr.com\/photos\/98455522@N04\/albums\/"]}]}},"_links":{"self":[{"href":"https:\/\/www.entreculturas.org\/en\/wp-json\/wp\/v2\/noticia\/2836","targetHints":{"allow":["GET"]}}],"collection":[{"href":"https:\/\/www.entreculturas.org\/en\/wp-json\/wp\/v2\/noticia"}],"about":[{"href":"https:\/\/www.entreculturas.org\/en\/wp-json\/wp\/v2\/types\/noticia"}],"wp:featuredmedia":[{"embeddable":true,"href":"https:\/\/www.entreculturas.org\/en\/wp-json\/wp\/v2\/media\/2835"}],"wp:attachment":[{"href":"https:\/\/www.entreculturas.org\/en\/wp-json\/wp\/v2\/media?parent=2836"}],"wp:term":[{"taxonomy":"category","embeddable":true,"href":"https:\/\/www.entreculturas.org\/en\/wp-json\/wp\/v2\/categories?post=2836"},{"taxonomy":"post_tag","embeddable":true,"href":"https:\/\/www.entreculturas.org\/en\/wp-json\/wp\/v2\/tags?post=2836"},{"taxonomy":"country","embeddable":true,"href":"https:\/\/www.entreculturas.org\/en\/wp-json\/wp\/v2\/country?post=2836"},{"taxonomy":"cause","embeddable":true,"href":"https:\/\/www.entreculturas.org\/en\/wp-json\/wp\/v2\/cause?post=2836"}],"curies":[{"name":"wp","href":"https:\/\/api.w.org\/{rel}","templated":true}]}}