{"id":2707,"date":"2019-02-11T12:35:26","date_gmt":"2019-02-11T12:35:26","guid":{"rendered":"https:\/\/entreculturasi.wpenginepowered.com\/?noticias=dia-contra-la-utilizacion-de-menores-soldado-modista-en-lugar-de-combatiente"},"modified":"2024-07-10T12:22:09","modified_gmt":"2024-07-10T10:22:09","slug":"dia-contra-la-utilizacion-de-menores-soldado-modista-en-lugar-de-combatiente","status":"publish","type":"noticia","link":"https:\/\/www.entreculturas.org\/en\/noticia\/dia-contra-la-utilizacion-de-menores-soldado-modista-en-lugar-de-combatiente\/","title":{"rendered":"D\u00eda contra la Utilizaci\u00f3n de Menores Soldado: Modista en lugar de combatiente"},"content":{"rendered":"\n<p><em>(Fotograf\u00eda: Laura Lora \/ JRS)<\/em><\/p>\n\n\n\n<p>Hoy, 12 de febrero, conmemoramos el D\u00eda contra la Utilizaci\u00f3n de los Menores Soldado. En el mundo, <strong>m\u00e1s de 240 millones de menores viven en zonas afectadas por alguno de los 30 conflictos armados activos actualmente<\/strong>. A pesar de que no se dispone de datos exactos sobre <strong>el n\u00famero total de menores soldado, se calcula que ascender\u00edan a 300.000<\/strong>. Seg\u00fan Child Soldiers International, 46 ej\u00e9rcitos militares siguen reclutando a menores de 18 a\u00f1os para realizar tareas que sustentan la actividad militar. Adem\u00e1s, en al menos 18 de los 30 conflictos armados activos en el mundo, los menores participan directamente en los enfrentamientos.<\/p>\n\n\n\n<div style=\"height:25px\" aria-hidden=\"true\" class=\"wp-block-spacer\"><\/div>\n\n\n\n<p>Los menores que viven en pa\u00edses en conflicto\u00a0muchas veces se ven obligados a abandonar sus hogares, convirti\u00e9ndose en un blanco f\u00e1cil para ser reclutados ya que muchas veces carecen de protecci\u00f3n y de educaci\u00f3n, lo que les hace m\u00e1s f\u00e1cilmente manipulables. Estos menores son entrenados, bajo coacci\u00f3n, amenazas y abusos, para aprender a luchar y matar, y se ven envueltos en actividades de espionaje, apoyo a grupos armados como informantes o mensajeros o participando en actividades il\u00edcitas como la producci\u00f3n de drogas. En ocasiones son tambi\u00e9n sexualmente explotados. Muchos de ellos no sobreviven o son gravemente heridos o acaban prisioneros.<\/p>\n\n\n\n<div style=\"height:25px\" aria-hidden=\"true\" class=\"wp-block-spacer\"><\/div>\n\n\n\n<p><br><span style=\"font-size: 16px;\"><span style=\"color: #ff0000;\"><strong>El caso de Rep\u00fablica Centroafricana<\/strong><\/span><\/span><\/p>\n\n\n\n<p><strong>En Rep\u00fablica Centroafricana, en los \u00faltimos 6 a\u00f1os, 14.000 ni\u00f1os y ni\u00f1as han sido reclutados por grupos armados para formar parte en los combates. Ni\u00f1as como Sophie*<\/strong> (nombre ficticio) que \u201cten\u00eda 13 a\u00f1os cuando la guerra comenz\u00f3 en mi pueblo, Bria. Vi como mataron a mi padre y a mi madre delante de m\u00ed\u201d. En los grupos armados, algunas chicas son utilizadas como esclavas sexuales o encargadas de preparar la comida, hacer las tareas de la casa o ser enfermeras. Sophie ten\u00eda un rol de combatiente. Cuando le preguntan por las tareas que realizaba en el grupo, responde: \u201cYo hac\u00eda lo mismo que ellos hab\u00edan hecho con mis padres\u201d. <strong>Tras abandonar el grupo armado en el que pas\u00f3 un a\u00f1o y tres meses, Sophie entr\u00f3 a la formaci\u00f3n que desde Entreculturas, junto al Servicio Jesuita a Refugiados (JRS), realizamos en Bambari para el apoyo psicosocial a menores,<\/strong> promoviendo la subsistencia de sus familias, trabajando en la rehabilitaci\u00f3n de ni\u00f1os y ni\u00f1as desmovilizados de conflictos armados, y promoviendo valores como la reconciliaci\u00f3n y la construcci\u00f3n de la paz.<\/p>\n\n\n\n<p>Sophie junto, a otras 22 chicas, forma parte del programa <a href=\"https:\/\/www.laluzdelasninas.org\/\" target=\"_blank\" rel=\"noopener\">La Luz de las Ni\u00f1as<\/a>. \u201cGracias a este proyecto decid\u00ed dejar las armas y aprender un oficio. Desde que estoy en la formaci\u00f3n he perdonado para seguir el buen camino. Un d\u00eda llegu\u00e9 a Bambari con mi grupo armado, escuch\u00e9 que hab\u00eda una sensibilizaci\u00f3n de Entreculturas y el JRS que estaba buscando a menores excombatientes y sent\u00ed mucha curiosidad. Consegu\u00ed escabullirme para ir a ver. Durante la charla nos propusieron una nueva vida, en ese momento sent\u00ed que la c\u00f3lera disminu\u00eda un poco y ese mismo d\u00eda decid\u00ed tomar la decisi\u00f3n correcta. <strong>Si me hubiese quedado en el grupo armado nunca habr\u00eda aprendido un oficio. Ahora s\u00e9 que estoy en la buena v\u00eda.<\/strong>\u201d<\/p>\n\n\n\n<div style=\"height:25px\" aria-hidden=\"true\" class=\"wp-block-spacer\"><\/div>\n\n\n\n<div>\n<p>Rep\u00fablica Centroafricana se encuentra actualmente sumida en una crisis humanitaria, pol\u00edtica y econ\u00f3mica desde el a\u00f1o 2012. Esta situaci\u00f3n&nbsp; conlleva desplazamientos masivos tanto fuera como dentro del pa\u00eds: hoy en d\u00eda se cuentan 418.638 personas. Por otro lado, el contexto de inseguridad y violencia que persiste en el pa\u00eds dificulta el acceso a las zonas donde la poblaci\u00f3n es m\u00e1s vulnerable. Desde Entreculturas y JRS trabajamos en el sur y centro del pa\u00eds, concretamente en Bangui y Bambari, ofreciendo educaci\u00f3n en situaciones de emergencia, atendiendo a menores para que recuperen una vida normal, para que vuelvan al lugar donde deber\u00edan estar: el colegio.<\/p>\n<p><span style=\"font-size: 16px;\"><span style=\"color: #ff0000;\"><strong>Proyecto &#8211; Bangui<\/strong><\/span><\/span><\/p>\n<p>En este contexto de violencia se enmarca el proyecto con el objetivo de acompa\u00f1ar, servir y defender a la poblaci\u00f3n refugiada, entre las cuales las mujeres y las ni\u00f1as son las principales v\u00edctimas de violencia. A trav\u00e9s de esta iniciativa se ha logrado movilizar a las comunidades de 12 aldeas del eje Bangui-Mbata siguiendo dos l\u00edneas de intervenci\u00f3n: por un lado, la instalaci\u00f3n de ciclos educativos de preescolar y primaria y cursos de alfabetizaci\u00f3n; por otro, la realizaci\u00f3n de campa\u00f1as formativas o de sensibilizaci\u00f3n sobre cuestiones transversales, como el valor de la educaci\u00f3n, la planificaci\u00f3n familiar, la prevenci\u00f3n de VIH\/SIDA o la gesti\u00f3n de la higiene menstrual.<\/p>\n<p><span style=\"font-size: 16px;\"><span style=\"color: #ff0000;\"><strong>Proyecto &#8211; Bambari<\/strong><\/span><\/span><\/p>\n<p>Desde el a\u00f1o 2016 el nuevo gobierno de la Rep\u00fablica Centroafricana viene impulsando la estabilizaci\u00f3n del pa\u00eds a trav\u00e9s de la reconciliaci\u00f3n de las fuerzas armadas, que se han comprometido a desmovilizar a ni\u00f1os y ni\u00f1as de sus filas. Desde entonces, en la ciudad de Bambari 350 ni\u00f1os y ni\u00f1as han sido liberados de los grupos rebeldes. De todos ellos, un n\u00famero importante de ni\u00f1as ha participado activamente con las mismas funciones que los ni\u00f1os (combatientes, cocineros, esp\u00edas, cargando municiones\u2026), y tambi\u00e9n han sido utilizadas sexualmente por los combatientes. El proyecto ofrece una atenci\u00f3n integral a las ni\u00f1as de Bambari, a partir de un acompa\u00f1amiento psicosocial y formativo. Entre las iniciativas del proyecto se encuentran el apoyo psicol\u00f3gico a las ni\u00f1as en edad de reinsertarse en el sistema escolar y el desarrollo de cursos de formaci\u00f3n profesional para j\u00f3venes que no est\u00e1n en edad de retornar a la escuela.<\/p>\n<p><strong>Desde Entreculturas, aconsejamos al Gobierno espa\u00f1ol a utilizar su vicepresidencia en el Consejo de Derechos Humanos de Naciones Unidas para instar a los Estados que se encuentran en conflictos armados a:<\/strong><\/p>\n<ul>\n<li>proteger a escolares y escuelas del uso militar durante conflictos armados;<\/li>\n<li>realizar todos los esfuerzos posibles a nivel nacional para recabar datos fiables sobre reclutamiento de menores, a trav\u00e9s de mecanismos existentes de supervisi\u00f3n y&nbsp; a&nbsp; informar de manera transparente a las Naciones Unidas;<\/li>\n<li>y brindar oportunidades de reinserci\u00f3n en la sociedad a los menores que reclutados.<\/li>\n<\/ul>\n<\/div>\n\n\n\n<figure class=\"wp-block-image\"><a href=\"https:\/\/colabora.entreculturas.org\/es\/dona-menores-soldado?utm_medium=noticia&amp;utm_campaign=12feb2019\" target=\"_blank\" rel=\"noopener\"><img decoding=\"async\" src=\"https:\/\/www.entreculturas.org\/wp-content\/uploads\/2019\/02\/colabora_1.jpg\" alt=\"\"\/><\/a><\/figure>\n","protected":false},"excerpt":{"rendered":"<p>Sophie* (nombre ficticio) ten\u00eda 13 a\u00f1os cuando la guerra comenz\u00f3 en su pueblo, Bria, Rep\u00fablica Centroafricana. Fue reclutada por un grupo armado donde pas\u00f3 un a\u00f1o y tres meses como combatiente. Ahora es una de las menores que atendemos junto a JRS en Bangui y Bambari para que, a trav\u00e9s de la educaci\u00f3n puedan recuperar sus vidas y vuelvan al lugar donde deber\u00edan estar: el colegio. <\/p>\n","protected":false},"featured_media":2705,"template":"single-noticia","meta":{"_acf_changed":false},"categories":[7],"tags":[293],"country":[],"cause":[130],"class_list":["post-2707","noticia","type-noticia","status-publish","has-post-thumbnail","hentry","category-noticia","tag-genero","cause-genero"],"acf":[],"yoast_head":"<!-- This site is optimized with the Yoast SEO Premium plugin v21.6 (Yoast SEO v27.5) - https:\/\/yoast.com\/product\/yoast-seo-premium-wordpress\/ -->\n<title>D\u00eda contra la Utilizaci\u00f3n de Menores Soldado: Modista en lugar de combatiente - Entreculturas<\/title>\n<meta name=\"robots\" content=\"index, follow, max-snippet:-1, max-image-preview:large, max-video-preview:-1\" \/>\n<link rel=\"canonical\" href=\"https:\/\/www.entreculturas.org\/en\/noticia\/dia-contra-la-utilizacion-de-menores-soldado-modista-en-lugar-de-combatiente\/\" \/>\n<meta property=\"og:locale\" content=\"en_US\" \/>\n<meta property=\"og:type\" content=\"article\" \/>\n<meta property=\"og:title\" content=\"D\u00eda contra la Utilizaci\u00f3n de Menores Soldado: Modista en lugar de combatiente\" \/>\n<meta property=\"og:description\" content=\"Sophie* (nombre ficticio) ten\u00eda 13 a\u00f1os cuando la guerra comenz\u00f3 en su pueblo, Bria, Rep\u00fablica Centroafricana. Fue reclutada por un grupo armado donde pas\u00f3 un a\u00f1o y tres meses como combatiente. Ahora es una de las menores que atendemos junto a JRS en Bangui y Bambari para que, a trav\u00e9s de la educaci\u00f3n puedan recuperar sus vidas y vuelvan al lugar donde deber\u00edan estar: el colegio.\" \/>\n<meta property=\"og:url\" content=\"https:\/\/www.entreculturas.org\/en\/noticia\/dia-contra-la-utilizacion-de-menores-soldado-modista-en-lugar-de-combatiente\/\" \/>\n<meta property=\"og:site_name\" content=\"Entreculturas\" \/>\n<meta property=\"article:publisher\" content=\"https:\/\/www.facebook.com\/entreculturas\" \/>\n<meta property=\"article:modified_time\" content=\"2024-07-10T10:22:09+00:00\" \/>\n<meta property=\"og:image\" content=\"https:\/\/www.entreculturas.org\/wp-content\/uploads\/2019\/02\/sophie_rca.jpg\" \/>\n\t<meta property=\"og:image:width\" content=\"1134\" \/>\n\t<meta property=\"og:image:height\" content=\"756\" \/>\n\t<meta property=\"og:image:type\" content=\"image\/jpeg\" \/>\n<meta name=\"twitter:card\" content=\"summary_large_image\" \/>\n<meta name=\"twitter:site\" content=\"@Entreculturas\" \/>\n<script type=\"application\/ld+json\" class=\"yoast-schema-graph\">{\"@context\":\"https:\\\/\\\/schema.org\",\"@graph\":[{\"@type\":\"WebPage\",\"@id\":\"https:\\\/\\\/www.entreculturas.org\\\/en\\\/noticia\\\/dia-contra-la-utilizacion-de-menores-soldado-modista-en-lugar-de-combatiente\\\/\",\"url\":\"https:\\\/\\\/www.entreculturas.org\\\/en\\\/noticia\\\/dia-contra-la-utilizacion-de-menores-soldado-modista-en-lugar-de-combatiente\\\/\",\"name\":\"D\u00eda contra la Utilizaci\u00f3n de Menores Soldado: Modista en lugar de combatiente - Entreculturas\",\"isPartOf\":{\"@id\":\"https:\\\/\\\/www.entreculturas.org\\\/en\\\/#website\"},\"primaryImageOfPage\":{\"@id\":\"https:\\\/\\\/www.entreculturas.org\\\/en\\\/noticia\\\/dia-contra-la-utilizacion-de-menores-soldado-modista-en-lugar-de-combatiente\\\/#primaryimage\"},\"image\":{\"@id\":\"https:\\\/\\\/www.entreculturas.org\\\/en\\\/noticia\\\/dia-contra-la-utilizacion-de-menores-soldado-modista-en-lugar-de-combatiente\\\/#primaryimage\"},\"thumbnailUrl\":\"https:\\\/\\\/www.entreculturas.org\\\/wp-content\\\/uploads\\\/2019\\\/02\\\/sophie_rca.jpg\",\"datePublished\":\"2019-02-11T12:35:26+00:00\",\"dateModified\":\"2024-07-10T10:22:09+00:00\",\"breadcrumb\":{\"@id\":\"https:\\\/\\\/www.entreculturas.org\\\/en\\\/noticia\\\/dia-contra-la-utilizacion-de-menores-soldado-modista-en-lugar-de-combatiente\\\/#breadcrumb\"},\"inLanguage\":\"en-US\",\"potentialAction\":[{\"@type\":\"ReadAction\",\"target\":[\"https:\\\/\\\/www.entreculturas.org\\\/en\\\/noticia\\\/dia-contra-la-utilizacion-de-menores-soldado-modista-en-lugar-de-combatiente\\\/\"]}]},{\"@type\":\"ImageObject\",\"inLanguage\":\"en-US\",\"@id\":\"https:\\\/\\\/www.entreculturas.org\\\/en\\\/noticia\\\/dia-contra-la-utilizacion-de-menores-soldado-modista-en-lugar-de-combatiente\\\/#primaryimage\",\"url\":\"https:\\\/\\\/www.entreculturas.org\\\/wp-content\\\/uploads\\\/2019\\\/02\\\/sophie_rca.jpg\",\"contentUrl\":\"https:\\\/\\\/www.entreculturas.org\\\/wp-content\\\/uploads\\\/2019\\\/02\\\/sophie_rca.jpg\",\"width\":1134,\"height\":756},{\"@type\":\"BreadcrumbList\",\"@id\":\"https:\\\/\\\/www.entreculturas.org\\\/en\\\/noticia\\\/dia-contra-la-utilizacion-de-menores-soldado-modista-en-lugar-de-combatiente\\\/#breadcrumb\",\"itemListElement\":[{\"@type\":\"ListItem\",\"position\":1,\"name\":\"Home\",\"item\":\"https:\\\/\\\/www.entreculturas.org\\\/en\\\/\"},{\"@type\":\"ListItem\",\"position\":2,\"name\":\"Noticias\",\"item\":\"https:\\\/\\\/www.entreculturas.org\\\/en\\\/noticias\\\/\"},{\"@type\":\"ListItem\",\"position\":3,\"name\":\"D\u00eda contra la Utilizaci\u00f3n de Menores Soldado: Modista en lugar de combatiente\"}]},{\"@type\":\"WebSite\",\"@id\":\"https:\\\/\\\/www.entreculturas.org\\\/en\\\/#website\",\"url\":\"https:\\\/\\\/www.entreculturas.org\\\/en\\\/\",\"name\":\"Entreculturas\",\"description\":\"\",\"publisher\":{\"@id\":\"https:\\\/\\\/www.entreculturas.org\\\/en\\\/#organization\"},\"alternateName\":\"Entreculturas\",\"potentialAction\":[{\"@type\":\"SearchAction\",\"target\":{\"@type\":\"EntryPoint\",\"urlTemplate\":\"https:\\\/\\\/www.entreculturas.org\\\/en\\\/?s={search_term_string}\"},\"query-input\":{\"@type\":\"PropertyValueSpecification\",\"valueRequired\":true,\"valueName\":\"search_term_string\"}}],\"inLanguage\":\"en-US\"},{\"@type\":\"Organization\",\"@id\":\"https:\\\/\\\/www.entreculturas.org\\\/en\\\/#organization\",\"name\":\"Entreculturas\",\"url\":\"https:\\\/\\\/www.entreculturas.org\\\/en\\\/\",\"logo\":{\"@type\":\"ImageObject\",\"inLanguage\":\"en-US\",\"@id\":\"https:\\\/\\\/www.entreculturas.org\\\/en\\\/#\\\/schema\\\/logo\\\/image\\\/\",\"url\":\"https:\\\/\\\/www.entreculturas.org\\\/wp-content\\\/uploads\\\/2025\\\/10\\\/ESP.svg\",\"contentUrl\":\"https:\\\/\\\/www.entreculturas.org\\\/wp-content\\\/uploads\\\/2025\\\/10\\\/ESP.svg\",\"caption\":\"Entreculturas\"},\"image\":{\"@id\":\"https:\\\/\\\/www.entreculturas.org\\\/en\\\/#\\\/schema\\\/logo\\\/image\\\/\"},\"sameAs\":[\"https:\\\/\\\/www.facebook.com\\\/entreculturas\",\"https:\\\/\\\/x.com\\\/Entreculturas\",\"https:\\\/\\\/www.instagram.com\\\/entreculturas\\\/\",\"https:\\\/\\\/www.youtube.com\\\/user\\\/entreculturasvideo\",\"https:\\\/\\\/www.linkedin.com\\\/company\\\/fundacion-entreculturas-ngdo\\\/\",\"https:\\\/\\\/www.flickr.com\\\/photos\\\/98455522@N04\\\/albums\\\/\"]}]}<\/script>\n<!-- \/ Yoast SEO Premium plugin. -->","yoast_head_json":{"title":"D\u00eda contra la Utilizaci\u00f3n de Menores Soldado: Modista en lugar de combatiente - Entreculturas","robots":{"index":"index","follow":"follow","max-snippet":"max-snippet:-1","max-image-preview":"max-image-preview:large","max-video-preview":"max-video-preview:-1"},"canonical":"https:\/\/www.entreculturas.org\/en\/noticia\/dia-contra-la-utilizacion-de-menores-soldado-modista-en-lugar-de-combatiente\/","og_locale":"en_US","og_type":"article","og_title":"D\u00eda contra la Utilizaci\u00f3n de Menores Soldado: Modista en lugar de combatiente","og_description":"Sophie* (nombre ficticio) ten\u00eda 13 a\u00f1os cuando la guerra comenz\u00f3 en su pueblo, Bria, Rep\u00fablica Centroafricana. Fue reclutada por un grupo armado donde pas\u00f3 un a\u00f1o y tres meses como combatiente. Ahora es una de las menores que atendemos junto a JRS en Bangui y Bambari para que, a trav\u00e9s de la educaci\u00f3n puedan recuperar sus vidas y vuelvan al lugar donde deber\u00edan estar: el colegio.","og_url":"https:\/\/www.entreculturas.org\/en\/noticia\/dia-contra-la-utilizacion-de-menores-soldado-modista-en-lugar-de-combatiente\/","og_site_name":"Entreculturas","article_publisher":"https:\/\/www.facebook.com\/entreculturas","article_modified_time":"2024-07-10T10:22:09+00:00","og_image":[{"width":1134,"height":756,"url":"https:\/\/www.entreculturas.org\/wp-content\/uploads\/2019\/02\/sophie_rca.jpg","type":"image\/jpeg"}],"twitter_card":"summary_large_image","twitter_site":"@Entreculturas","schema":{"@context":"https:\/\/schema.org","@graph":[{"@type":"WebPage","@id":"https:\/\/www.entreculturas.org\/en\/noticia\/dia-contra-la-utilizacion-de-menores-soldado-modista-en-lugar-de-combatiente\/","url":"https:\/\/www.entreculturas.org\/en\/noticia\/dia-contra-la-utilizacion-de-menores-soldado-modista-en-lugar-de-combatiente\/","name":"D\u00eda contra la Utilizaci\u00f3n de Menores Soldado: Modista en lugar de combatiente - Entreculturas","isPartOf":{"@id":"https:\/\/www.entreculturas.org\/en\/#website"},"primaryImageOfPage":{"@id":"https:\/\/www.entreculturas.org\/en\/noticia\/dia-contra-la-utilizacion-de-menores-soldado-modista-en-lugar-de-combatiente\/#primaryimage"},"image":{"@id":"https:\/\/www.entreculturas.org\/en\/noticia\/dia-contra-la-utilizacion-de-menores-soldado-modista-en-lugar-de-combatiente\/#primaryimage"},"thumbnailUrl":"https:\/\/www.entreculturas.org\/wp-content\/uploads\/2019\/02\/sophie_rca.jpg","datePublished":"2019-02-11T12:35:26+00:00","dateModified":"2024-07-10T10:22:09+00:00","breadcrumb":{"@id":"https:\/\/www.entreculturas.org\/en\/noticia\/dia-contra-la-utilizacion-de-menores-soldado-modista-en-lugar-de-combatiente\/#breadcrumb"},"inLanguage":"en-US","potentialAction":[{"@type":"ReadAction","target":["https:\/\/www.entreculturas.org\/en\/noticia\/dia-contra-la-utilizacion-de-menores-soldado-modista-en-lugar-de-combatiente\/"]}]},{"@type":"ImageObject","inLanguage":"en-US","@id":"https:\/\/www.entreculturas.org\/en\/noticia\/dia-contra-la-utilizacion-de-menores-soldado-modista-en-lugar-de-combatiente\/#primaryimage","url":"https:\/\/www.entreculturas.org\/wp-content\/uploads\/2019\/02\/sophie_rca.jpg","contentUrl":"https:\/\/www.entreculturas.org\/wp-content\/uploads\/2019\/02\/sophie_rca.jpg","width":1134,"height":756},{"@type":"BreadcrumbList","@id":"https:\/\/www.entreculturas.org\/en\/noticia\/dia-contra-la-utilizacion-de-menores-soldado-modista-en-lugar-de-combatiente\/#breadcrumb","itemListElement":[{"@type":"ListItem","position":1,"name":"Home","item":"https:\/\/www.entreculturas.org\/en\/"},{"@type":"ListItem","position":2,"name":"Noticias","item":"https:\/\/www.entreculturas.org\/en\/noticias\/"},{"@type":"ListItem","position":3,"name":"D\u00eda contra la Utilizaci\u00f3n de Menores Soldado: Modista en lugar de combatiente"}]},{"@type":"WebSite","@id":"https:\/\/www.entreculturas.org\/en\/#website","url":"https:\/\/www.entreculturas.org\/en\/","name":"Entreculturas","description":"","publisher":{"@id":"https:\/\/www.entreculturas.org\/en\/#organization"},"alternateName":"Entreculturas","potentialAction":[{"@type":"SearchAction","target":{"@type":"EntryPoint","urlTemplate":"https:\/\/www.entreculturas.org\/en\/?s={search_term_string}"},"query-input":{"@type":"PropertyValueSpecification","valueRequired":true,"valueName":"search_term_string"}}],"inLanguage":"en-US"},{"@type":"Organization","@id":"https:\/\/www.entreculturas.org\/en\/#organization","name":"Entreculturas","url":"https:\/\/www.entreculturas.org\/en\/","logo":{"@type":"ImageObject","inLanguage":"en-US","@id":"https:\/\/www.entreculturas.org\/en\/#\/schema\/logo\/image\/","url":"https:\/\/www.entreculturas.org\/wp-content\/uploads\/2025\/10\/ESP.svg","contentUrl":"https:\/\/www.entreculturas.org\/wp-content\/uploads\/2025\/10\/ESP.svg","caption":"Entreculturas"},"image":{"@id":"https:\/\/www.entreculturas.org\/en\/#\/schema\/logo\/image\/"},"sameAs":["https:\/\/www.facebook.com\/entreculturas","https:\/\/x.com\/Entreculturas","https:\/\/www.instagram.com\/entreculturas\/","https:\/\/www.youtube.com\/user\/entreculturasvideo","https:\/\/www.linkedin.com\/company\/fundacion-entreculturas-ngdo\/","https:\/\/www.flickr.com\/photos\/98455522@N04\/albums\/"]}]}},"_links":{"self":[{"href":"https:\/\/www.entreculturas.org\/en\/wp-json\/wp\/v2\/noticia\/2707","targetHints":{"allow":["GET"]}}],"collection":[{"href":"https:\/\/www.entreculturas.org\/en\/wp-json\/wp\/v2\/noticia"}],"about":[{"href":"https:\/\/www.entreculturas.org\/en\/wp-json\/wp\/v2\/types\/noticia"}],"wp:featuredmedia":[{"embeddable":true,"href":"https:\/\/www.entreculturas.org\/en\/wp-json\/wp\/v2\/media\/2705"}],"wp:attachment":[{"href":"https:\/\/www.entreculturas.org\/en\/wp-json\/wp\/v2\/media?parent=2707"}],"wp:term":[{"taxonomy":"category","embeddable":true,"href":"https:\/\/www.entreculturas.org\/en\/wp-json\/wp\/v2\/categories?post=2707"},{"taxonomy":"post_tag","embeddable":true,"href":"https:\/\/www.entreculturas.org\/en\/wp-json\/wp\/v2\/tags?post=2707"},{"taxonomy":"country","embeddable":true,"href":"https:\/\/www.entreculturas.org\/en\/wp-json\/wp\/v2\/country?post=2707"},{"taxonomy":"cause","embeddable":true,"href":"https:\/\/www.entreculturas.org\/en\/wp-json\/wp\/v2\/cause?post=2707"}],"curies":[{"name":"wp","href":"https:\/\/api.w.org\/{rel}","templated":true}]}}