{"id":26868,"date":"2024-07-04T10:58:19","date_gmt":"2024-07-04T08:58:19","guid":{"rendered":"https:\/\/www.entreculturas.org\/?post_type=noticia&#038;p=26868"},"modified":"2024-07-09T12:07:06","modified_gmt":"2024-07-09T10:07:06","slug":"entreculturas-presenta-su-informe-anual-2023","status":"publish","type":"noticia","link":"https:\/\/www.entreculturas.org\/en\/noticia\/entreculturas-presenta-su-informe-anual-2023\/","title":{"rendered":"Entreculturas presenta su Informe Anual 2023\u00a0"},"content":{"rendered":"\n<p>Con el fin del curso, es hora de echar la vista atr\u00e1s y hacer balance de lo andado. Desde Entreculturas, este ejercicio lo realizamos con la presentaci\u00f3n de su memoria anual 2023. Un documento que no solamente muestra con total transparencia todo el trabajo que realizamos durante el pasado a\u00f1o, sino que <strong>encarna la dedicaci\u00f3n, compromiso y solidaridad<\/strong> que vertebran nuestra organizaci\u00f3n.&nbsp;<\/p>\n\n\n\n<p><\/p>\n\n\n\n<p>2023 fue un a\u00f1o crucial, lleno de retos y logros significativos que se plasman en las 390.659 personas de 43 pa\u00edses que acompa\u00f1amos a trav\u00e9s de 233 proyectos. En este contexto, <strong>garantizar el derecho a una educaci\u00f3n de calidad<\/strong> sigui\u00f3 siendo la piedra angular de nuestro trabajo. Con m\u00e1s de 244 millones de ni\u00f1os, ni\u00f1as y adolescentes fuera de la escuela, el a\u00f1o pasado a trav\u00e9s de \u201cLa Silla Roja\u201d desde Entreculturas pusimos el foco en las consecuencias educativas que tienen las distintas crisis que golpean el planeta y en el papel fundamental que tiene la educaci\u00f3n en la construcci\u00f3n de la paz.&nbsp;<\/p>\n\n\n\n<p><\/p>\n\n\n\n<p>En 2023 se alcanzaron los 110 millones de personas refugiadas y desplazadas en el mundo, la m\u00e1s alta de la historia hasta ese momento, y que actualmente se ha alzado hasta los 120 millones. En este contexto, volvimos a apostar por una<strong> pol\u00edtica migratoria europea<\/strong> m\u00e1s solidaria y acogedora, a la vez que pusimos el foco en la realidad migratoria de lugares como la selva del Dari\u00e9n, donde documentamos las dificultades que atraviesan miles de personas migrantes en la ruta centroamericana.&nbsp;<\/p>\n\n\n\n<p><\/p>\n\n\n\n<div class=\"wp-block-cb-carousel cb-single-slide\" data-slick=\"{&quot;slidesToShow&quot;:1,&quot;slidesToScroll&quot;:1,&quot;speed&quot;:300,&quot;arrows&quot;:true,&quot;dots&quot;:true,&quot;autoplay&quot;:false,&quot;autoplaySpeed&quot;:3000,&quot;infinite&quot;:false,&quot;responsive&quot;:[{&quot;breakpoint&quot;:769,&quot;settings&quot;:{&quot;slidesToShow&quot;:1,&quot;slidesToScroll&quot;:1}}]}\">\n<div class=\"wp-block-cb-slide\">\n<figure class=\"wp-block-image size-full is-resized\"><img decoding=\"async\" width=\"1600\" height=\"1067\" src=\"https:\/\/www.entreculturas.org\/wp-content\/uploads\/2024\/07\/Copia-de-IMG_7825_Ucrania_SergiCamara.jpg\" alt=\"Entreculturas\" class=\"wp-image-26894\" style=\"object-fit:contain;width:1200px;height:600px\" srcset=\"https:\/\/www.entreculturas.org\/wp-content\/uploads\/2024\/07\/Copia-de-IMG_7825_Ucrania_SergiCamara.jpg 1600w, https:\/\/www.entreculturas.org\/wp-content\/uploads\/2024\/07\/Copia-de-IMG_7825_Ucrania_SergiCamara-300x200.jpg 300w, https:\/\/www.entreculturas.org\/wp-content\/uploads\/2024\/07\/Copia-de-IMG_7825_Ucrania_SergiCamara-1024x683.jpg 1024w, https:\/\/www.entreculturas.org\/wp-content\/uploads\/2024\/07\/Copia-de-IMG_7825_Ucrania_SergiCamara-768x512.jpg 768w, https:\/\/www.entreculturas.org\/wp-content\/uploads\/2024\/07\/Copia-de-IMG_7825_Ucrania_SergiCamara-1536x1024.jpg 1536w\" sizes=\"(max-width: 1600px) 100vw, 1600px\" \/><figcaption class=\"wp-element-caption\">Foto: Sergi C\u00e1mara<\/figcaption><\/figure>\n<\/div>\n\n\n\n<div class=\"wp-block-cb-slide\">\n<figure class=\"wp-block-image aligncenter size-full is-resized\"><img decoding=\"async\" width=\"1300\" height=\"867\" src=\"https:\/\/www.entreculturas.org\/wp-content\/uploads\/2024\/07\/Copia-de-779A2499_Venezuela_Rodolfo-Churion.jpg\" alt=\"Entreculturas\" class=\"wp-image-26882\" style=\"aspect-ratio:2;object-fit:contain;width:1200px;height:auto\" srcset=\"https:\/\/www.entreculturas.org\/wp-content\/uploads\/2024\/07\/Copia-de-779A2499_Venezuela_Rodolfo-Churion.jpg 1300w, https:\/\/www.entreculturas.org\/wp-content\/uploads\/2024\/07\/Copia-de-779A2499_Venezuela_Rodolfo-Churion-300x200.jpg 300w, https:\/\/www.entreculturas.org\/wp-content\/uploads\/2024\/07\/Copia-de-779A2499_Venezuela_Rodolfo-Churion-1024x683.jpg 1024w, https:\/\/www.entreculturas.org\/wp-content\/uploads\/2024\/07\/Copia-de-779A2499_Venezuela_Rodolfo-Churion-768x512.jpg 768w\" sizes=\"(max-width: 1300px) 100vw, 1300px\" \/><figcaption class=\"wp-element-caption\">Foto: Rodolfo Churion<\/figcaption><\/figure>\n<\/div>\n\n\n\n<div class=\"wp-block-cb-slide\">\n<figure class=\"wp-block-image size-full is-resized\"><img decoding=\"async\" width=\"1000\" height=\"750\" src=\"https:\/\/www.entreculturas.org\/wp-content\/uploads\/2024\/07\/Copia-de-Renk-Response_PaulaCasado.jpg\" alt=\"Entreculturas\" class=\"wp-image-26898\" style=\"object-fit:contain;width:1200px;height:600px\" srcset=\"https:\/\/www.entreculturas.org\/wp-content\/uploads\/2024\/07\/Copia-de-Renk-Response_PaulaCasado.jpg 1000w, https:\/\/www.entreculturas.org\/wp-content\/uploads\/2024\/07\/Copia-de-Renk-Response_PaulaCasado-300x225.jpg 300w, https:\/\/www.entreculturas.org\/wp-content\/uploads\/2024\/07\/Copia-de-Renk-Response_PaulaCasado-768x576.jpg 768w\" sizes=\"(max-width: 1000px) 100vw, 1000px\" \/><figcaption class=\"wp-element-caption\">Foto: Paula Casado<\/figcaption><\/figure>\n<\/div>\n\n\n\n<div class=\"wp-block-cb-slide\">\n<figure class=\"wp-block-image size-full is-resized\"><img decoding=\"async\" width=\"1800\" height=\"1200\" src=\"https:\/\/www.entreculturas.org\/wp-content\/uploads\/2024\/07\/Copia-de-conectadas_RUB6656_SaraSaenz.jpg\" alt=\"Entreculturas\" class=\"wp-image-26886\" style=\"aspect-ratio:2;object-fit:contain;width:1200px;height:auto\" srcset=\"https:\/\/www.entreculturas.org\/wp-content\/uploads\/2024\/07\/Copia-de-conectadas_RUB6656_SaraSaenz.jpg 1800w, https:\/\/www.entreculturas.org\/wp-content\/uploads\/2024\/07\/Copia-de-conectadas_RUB6656_SaraSaenz-300x200.jpg 300w, https:\/\/www.entreculturas.org\/wp-content\/uploads\/2024\/07\/Copia-de-conectadas_RUB6656_SaraSaenz-1024x683.jpg 1024w, https:\/\/www.entreculturas.org\/wp-content\/uploads\/2024\/07\/Copia-de-conectadas_RUB6656_SaraSaenz-768x512.jpg 768w, https:\/\/www.entreculturas.org\/wp-content\/uploads\/2024\/07\/Copia-de-conectadas_RUB6656_SaraSaenz-1536x1024.jpg 1536w\" sizes=\"(max-width: 1800px) 100vw, 1800px\" \/><figcaption class=\"wp-element-caption\">Foto: Sara Saenz<\/figcaption><\/figure>\n<\/div>\n<\/div>\n\n\n\n<p><\/p>\n\n\n\n<p>La campa\u00f1a \u201cSomos Amazon\u00eda\u201d y la exposici\u00f3n \u201cDefensoras de la Naturaleza\u201d&nbsp; fueron nuestras acciones m\u00e1s significativas con las que volvimos a enfatizar la importancia de la Amazon\u00eda. Una apuesta por la <strong>Justicia Socioambiental<\/strong> que tambi\u00e9n incluy\u00f3 el apoyo a la Directiva europea de debida diligencia empresarial y la atenci\u00f3n a m\u00e1s de 44.000 personas damnificadas por los terremotos en Siria, Turqu\u00eda y Marruecos.<\/p>\n\n\n\n<p><\/p>\n\n\n\n<p>Nuestro trabajo en la<strong> promoci\u00f3n de la equidad de g\u00e9nero<\/strong> a trav\u00e9s de la campa\u00f1a La LUZ de las NI\u00d1AS trascendi\u00f3 fronteras para llegar a la Relatora Especial de Naciones Unidas sobre Violencia hacia Mujeres y Ni\u00f1as. Un hito en el que ni\u00f1as de ocho pa\u00edses pudieron alzar su voz para denunciar las barreras educativas y violencias a las que se enfrentan. Adem\u00e1s, junto a Alboan, lanzamos el informe \u201cInvisibilizadas\u201d, poniendo el foco en las dificultades que enfrentan las mujeres durante el trayecto migratorio.&nbsp;<\/p>\n\n\n\n<p><\/p>\n\n\n\n<p>En materia de <strong>participaci\u00f3n<\/strong>, la 12\u00aa edici\u00f3n de nuestra carrera solidaria \u201cCorre por una Causa\u201d reuni\u00f3 a 16,000 personas en 25 ciudades, demostrando la fuerza y el compromiso que puede llegar a tener la ciudadan\u00eda. Adem\u00e1s, sobre participaci\u00f3n y uni\u00f3n de fuerzas para contribuir al cambio tambi\u00e9n habl\u00f3 nuestra campa\u00f1a CONECTADAS que llevamos a cabo con entidades del Sector Social de la Compa\u00f1\u00eda de Jes\u00fas en Espa\u00f1a.<\/p>\n\n\n\n<p><\/p>\n\n\n\n<p>Un papel fundamental en nuestro trabajo son las <strong>alianzas <\/strong>que disponemos con redes globales de la Compa\u00f1\u00eda de Jes\u00fas, como Fe y Alegr\u00eda y el Servicio Jesuita a Refugiados. Estas colaboraciones nos permiten implementar acciones educativas y abordar otras prioridades estrat\u00e9gicas en Am\u00e9rica Latina, \u00c1frica, Europa y Asia, potenciando el alcance y el impacto de nuestras iniciativas.<\/p>\n\n\n\n<p><\/p>\n\n\n\n<p>Todo esto tampoco habr\u00eda sido posible sin el trabajo en equipo que hacemos desde Entreculturas a trav\u00e9s de la colaboraci\u00f3n de<strong> m\u00e1s de 700 personas contratadas y voluntarias <\/strong>repartidas por las 27 sedes territoriales. Un trabajo que cuenta con el apoyo de una base social de m\u00e1s de 33.600 personas y m\u00e1s de 230 empresas e instituciones p\u00fablicas y privadas que apoyan nuestra labor.&nbsp;<\/p>\n\n\n\n<p><\/p>\n\n\n\n<p>En la web <a href=\"https:\/\/www.entreculturas.org\/memoria\">entreculturas.org\/memoria<\/a> se pueden consultar de forma m\u00e1s amplia los principales hitos del trabajo de Entreculturas durante el 2023, as\u00ed como descargar el PDF completo del Informe Anual, el PDF de la versi\u00f3n resumida y visualizar el v\u00eddeo resumen.<\/p>\n\n\n\n<p><\/p>\n\n\n\n<ul class=\"wp-block-list\">\n<li><a href=\"https:\/\/www.entreculturas.org\/memoria\">Informe Anual Entreculturas 2023<\/a><\/li>\n<\/ul>\n\n\n\n<p><\/p>\n\n\n\n<div class=\"wp-block-columns is-layout-flex wp-container-core-columns-is-layout-c6a03c77 wp-block-columns-is-layout-flex\" style=\"padding-right:var(--wp--preset--spacing--80);padding-left:var(--wp--preset--spacing--80)\">\n<div class=\"wp-block-column is-layout-flow wp-block-column-is-layout-flow\" style=\"flex-basis:100%\">\n<figure class=\"wp-block-embed is-type-video is-provider-youtube wp-block-embed-youtube wp-embed-aspect-16-9 wp-has-aspect-ratio\" style=\"margin-top:0;margin-right:0px;margin-bottom:0;margin-left:0px\"><div class=\"wp-block-embed__wrapper\">\n<iframe loading=\"lazy\" title=\"Informe Anual Entreculturas 2023 - LA ESCUELA ES PAZ\" width=\"500\" height=\"281\" src=\"https:\/\/www.youtube.com\/embed\/qEz5pydi24c?feature=oembed\" frameborder=\"0\" allow=\"accelerometer; autoplay; clipboard-write; encrypted-media; gyroscope; picture-in-picture; web-share\" referrerpolicy=\"strict-origin-when-cross-origin\" allowfullscreen><\/iframe>\n<\/div><\/figure>\n<\/div>\n<\/div>\n","protected":false},"excerpt":{"rendered":"<p>Con el fin del curso, es hora de echar la vista atr\u00e1s y hacer balance de lo andado. Desde Entreculturas, este ejercicio lo realizamos con la presentaci\u00f3n de su memoria anual 2023. Un documento que no solamente muestra con total transparencia todo el trabajo que realizamos durante el pasado a\u00f1o, sino que encarna la dedicaci\u00f3n, compromiso y solidaridad que vertebran nuestra organizaci\u00f3n.&nbsp; 2023 fue un a\u00f1o crucial, lleno de retos y logros significativos que se plasman en las 390.659 personas de 43 pa\u00edses que acompa\u00f1amos a trav\u00e9s de 233 proyectos. En este contexto, garantizar el derecho a una educaci\u00f3n de calidad sigui\u00f3 siendo la piedra angular de nuestro trabajo. Con m\u00e1s de 244 millones de ni\u00f1os, ni\u00f1as y adolescentes fuera de la escuela, el a\u00f1o pasado a trav\u00e9s de \u201cLa Silla Roja\u201d desde Entreculturas pusimos el foco en las consecuencias educativas que tienen las distintas crisis que golpean el planeta [&hellip;]<\/p>\n","protected":false},"featured_media":26915,"template":"","meta":{"_acf_changed":false},"categories":[7],"tags":[185],"country":[],"cause":[],"class_list":["post-26868","noticia","type-noticia","status-publish","has-post-thumbnail","hentry","category-noticia","tag-entreculturas"],"acf":[],"yoast_head":"<!-- This site is optimized with the Yoast SEO Premium plugin v21.6 (Yoast SEO v27.5) - https:\/\/yoast.com\/product\/yoast-seo-premium-wordpress\/ -->\n<title>Entreculturas presenta su Informe Anual 2023\u00a0 - Entreculturas<\/title>\n<meta name=\"description\" content=\"En Entreculturas presentamos nuestro informe anual 2023. Un documento que muestra todo el trabajo que realizamos con dedicaci\u00f3n y compromiso.\" \/>\n<meta name=\"robots\" content=\"index, follow, max-snippet:-1, max-image-preview:large, max-video-preview:-1\" \/>\n<link rel=\"canonical\" href=\"https:\/\/www.entreculturas.org\/en\/noticia\/entreculturas-presenta-su-informe-anual-2023\/\" \/>\n<meta property=\"og:locale\" content=\"en_US\" \/>\n<meta property=\"og:type\" content=\"article\" \/>\n<meta property=\"og:title\" content=\"Entreculturas presenta su Informe Anual 2023\u00a0\" \/>\n<meta property=\"og:description\" content=\"En Entreculturas presentamos nuestro informe anual 2023. Un documento que muestra todo el trabajo que realizamos con dedicaci\u00f3n y compromiso.\" \/>\n<meta property=\"og:url\" content=\"https:\/\/www.entreculturas.org\/en\/noticia\/entreculturas-presenta-su-informe-anual-2023\/\" \/>\n<meta property=\"og:site_name\" content=\"Entreculturas\" \/>\n<meta property=\"article:publisher\" content=\"https:\/\/www.facebook.com\/entreculturas\" \/>\n<meta property=\"article:modified_time\" content=\"2024-07-09T10:07:06+00:00\" \/>\n<meta property=\"og:image\" content=\"https:\/\/www.entreculturas.org\/wp-content\/uploads\/2024\/07\/Copia-de-LDN-HNC-155_Guatemalas_Christian-Zuniga.jpg\" \/>\n\t<meta property=\"og:image:width\" content=\"1700\" \/>\n\t<meta property=\"og:image:height\" content=\"956\" \/>\n\t<meta property=\"og:image:type\" content=\"image\/jpeg\" \/>\n<meta name=\"twitter:card\" content=\"summary_large_image\" \/>\n<meta name=\"twitter:site\" content=\"@Entreculturas\" \/>\n<script type=\"application\/ld+json\" class=\"yoast-schema-graph\">{\"@context\":\"https:\\\/\\\/schema.org\",\"@graph\":[{\"@type\":\"WebPage\",\"@id\":\"https:\\\/\\\/www.entreculturas.org\\\/en\\\/noticia\\\/entreculturas-presenta-su-informe-anual-2023\\\/\",\"url\":\"https:\\\/\\\/www.entreculturas.org\\\/en\\\/noticia\\\/entreculturas-presenta-su-informe-anual-2023\\\/\",\"name\":\"Entreculturas presenta su Informe Anual 2023\u00a0 - Entreculturas\",\"isPartOf\":{\"@id\":\"https:\\\/\\\/www.entreculturas.org\\\/en\\\/#website\"},\"primaryImageOfPage\":{\"@id\":\"https:\\\/\\\/www.entreculturas.org\\\/en\\\/noticia\\\/entreculturas-presenta-su-informe-anual-2023\\\/#primaryimage\"},\"image\":{\"@id\":\"https:\\\/\\\/www.entreculturas.org\\\/en\\\/noticia\\\/entreculturas-presenta-su-informe-anual-2023\\\/#primaryimage\"},\"thumbnailUrl\":\"https:\\\/\\\/www.entreculturas.org\\\/wp-content\\\/uploads\\\/2024\\\/07\\\/Copia-de-LDN-HNC-155_Guatemalas_Christian-Zuniga.jpg\",\"datePublished\":\"2024-07-04T08:58:19+00:00\",\"dateModified\":\"2024-07-09T10:07:06+00:00\",\"description\":\"En Entreculturas presentamos nuestro informe anual 2023. Un documento que muestra todo el trabajo que realizamos con dedicaci\u00f3n y compromiso.\",\"breadcrumb\":{\"@id\":\"https:\\\/\\\/www.entreculturas.org\\\/en\\\/noticia\\\/entreculturas-presenta-su-informe-anual-2023\\\/#breadcrumb\"},\"inLanguage\":\"en-US\",\"potentialAction\":[{\"@type\":\"ReadAction\",\"target\":[\"https:\\\/\\\/www.entreculturas.org\\\/en\\\/noticia\\\/entreculturas-presenta-su-informe-anual-2023\\\/\"]}]},{\"@type\":\"ImageObject\",\"inLanguage\":\"en-US\",\"@id\":\"https:\\\/\\\/www.entreculturas.org\\\/en\\\/noticia\\\/entreculturas-presenta-su-informe-anual-2023\\\/#primaryimage\",\"url\":\"https:\\\/\\\/www.entreculturas.org\\\/wp-content\\\/uploads\\\/2024\\\/07\\\/Copia-de-LDN-HNC-155_Guatemalas_Christian-Zuniga.jpg\",\"contentUrl\":\"https:\\\/\\\/www.entreculturas.org\\\/wp-content\\\/uploads\\\/2024\\\/07\\\/Copia-de-LDN-HNC-155_Guatemalas_Christian-Zuniga.jpg\",\"width\":1700,\"height\":956,\"caption\":\"Entreculturas\"},{\"@type\":\"BreadcrumbList\",\"@id\":\"https:\\\/\\\/www.entreculturas.org\\\/en\\\/noticia\\\/entreculturas-presenta-su-informe-anual-2023\\\/#breadcrumb\",\"itemListElement\":[{\"@type\":\"ListItem\",\"position\":1,\"name\":\"Home\",\"item\":\"https:\\\/\\\/www.entreculturas.org\\\/en\\\/\"},{\"@type\":\"ListItem\",\"position\":2,\"name\":\"Noticias\",\"item\":\"https:\\\/\\\/www.entreculturas.org\\\/en\\\/noticias\\\/\"},{\"@type\":\"ListItem\",\"position\":3,\"name\":\"Entreculturas presenta su Informe Anual 2023\u00a0\"}]},{\"@type\":\"WebSite\",\"@id\":\"https:\\\/\\\/www.entreculturas.org\\\/en\\\/#website\",\"url\":\"https:\\\/\\\/www.entreculturas.org\\\/en\\\/\",\"name\":\"Entreculturas\",\"description\":\"\",\"publisher\":{\"@id\":\"https:\\\/\\\/www.entreculturas.org\\\/en\\\/#organization\"},\"alternateName\":\"Entreculturas\",\"potentialAction\":[{\"@type\":\"SearchAction\",\"target\":{\"@type\":\"EntryPoint\",\"urlTemplate\":\"https:\\\/\\\/www.entreculturas.org\\\/en\\\/?s={search_term_string}\"},\"query-input\":{\"@type\":\"PropertyValueSpecification\",\"valueRequired\":true,\"valueName\":\"search_term_string\"}}],\"inLanguage\":\"en-US\"},{\"@type\":\"Organization\",\"@id\":\"https:\\\/\\\/www.entreculturas.org\\\/en\\\/#organization\",\"name\":\"Entreculturas\",\"url\":\"https:\\\/\\\/www.entreculturas.org\\\/en\\\/\",\"logo\":{\"@type\":\"ImageObject\",\"inLanguage\":\"en-US\",\"@id\":\"https:\\\/\\\/www.entreculturas.org\\\/en\\\/#\\\/schema\\\/logo\\\/image\\\/\",\"url\":\"https:\\\/\\\/www.entreculturas.org\\\/wp-content\\\/uploads\\\/2025\\\/10\\\/ESP.svg\",\"contentUrl\":\"https:\\\/\\\/www.entreculturas.org\\\/wp-content\\\/uploads\\\/2025\\\/10\\\/ESP.svg\",\"caption\":\"Entreculturas\"},\"image\":{\"@id\":\"https:\\\/\\\/www.entreculturas.org\\\/en\\\/#\\\/schema\\\/logo\\\/image\\\/\"},\"sameAs\":[\"https:\\\/\\\/www.facebook.com\\\/entreculturas\",\"https:\\\/\\\/x.com\\\/Entreculturas\",\"https:\\\/\\\/www.instagram.com\\\/entreculturas\\\/\",\"https:\\\/\\\/www.youtube.com\\\/user\\\/entreculturasvideo\",\"https:\\\/\\\/www.linkedin.com\\\/company\\\/fundacion-entreculturas-ngdo\\\/\",\"https:\\\/\\\/www.flickr.com\\\/photos\\\/98455522@N04\\\/albums\\\/\"]}]}<\/script>\n<!-- \/ Yoast SEO Premium plugin. -->","yoast_head_json":{"title":"Entreculturas presenta su Informe Anual 2023\u00a0 - Entreculturas","description":"En Entreculturas presentamos nuestro informe anual 2023. Un documento que muestra todo el trabajo que realizamos con dedicaci\u00f3n y compromiso.","robots":{"index":"index","follow":"follow","max-snippet":"max-snippet:-1","max-image-preview":"max-image-preview:large","max-video-preview":"max-video-preview:-1"},"canonical":"https:\/\/www.entreculturas.org\/en\/noticia\/entreculturas-presenta-su-informe-anual-2023\/","og_locale":"en_US","og_type":"article","og_title":"Entreculturas presenta su Informe Anual 2023\u00a0","og_description":"En Entreculturas presentamos nuestro informe anual 2023. Un documento que muestra todo el trabajo que realizamos con dedicaci\u00f3n y compromiso.","og_url":"https:\/\/www.entreculturas.org\/en\/noticia\/entreculturas-presenta-su-informe-anual-2023\/","og_site_name":"Entreculturas","article_publisher":"https:\/\/www.facebook.com\/entreculturas","article_modified_time":"2024-07-09T10:07:06+00:00","og_image":[{"width":1700,"height":956,"url":"https:\/\/www.entreculturas.org\/wp-content\/uploads\/2024\/07\/Copia-de-LDN-HNC-155_Guatemalas_Christian-Zuniga.jpg","type":"image\/jpeg"}],"twitter_card":"summary_large_image","twitter_site":"@Entreculturas","schema":{"@context":"https:\/\/schema.org","@graph":[{"@type":"WebPage","@id":"https:\/\/www.entreculturas.org\/en\/noticia\/entreculturas-presenta-su-informe-anual-2023\/","url":"https:\/\/www.entreculturas.org\/en\/noticia\/entreculturas-presenta-su-informe-anual-2023\/","name":"Entreculturas presenta su Informe Anual 2023\u00a0 - Entreculturas","isPartOf":{"@id":"https:\/\/www.entreculturas.org\/en\/#website"},"primaryImageOfPage":{"@id":"https:\/\/www.entreculturas.org\/en\/noticia\/entreculturas-presenta-su-informe-anual-2023\/#primaryimage"},"image":{"@id":"https:\/\/www.entreculturas.org\/en\/noticia\/entreculturas-presenta-su-informe-anual-2023\/#primaryimage"},"thumbnailUrl":"https:\/\/www.entreculturas.org\/wp-content\/uploads\/2024\/07\/Copia-de-LDN-HNC-155_Guatemalas_Christian-Zuniga.jpg","datePublished":"2024-07-04T08:58:19+00:00","dateModified":"2024-07-09T10:07:06+00:00","description":"En Entreculturas presentamos nuestro informe anual 2023. Un documento que muestra todo el trabajo que realizamos con dedicaci\u00f3n y compromiso.","breadcrumb":{"@id":"https:\/\/www.entreculturas.org\/en\/noticia\/entreculturas-presenta-su-informe-anual-2023\/#breadcrumb"},"inLanguage":"en-US","potentialAction":[{"@type":"ReadAction","target":["https:\/\/www.entreculturas.org\/en\/noticia\/entreculturas-presenta-su-informe-anual-2023\/"]}]},{"@type":"ImageObject","inLanguage":"en-US","@id":"https:\/\/www.entreculturas.org\/en\/noticia\/entreculturas-presenta-su-informe-anual-2023\/#primaryimage","url":"https:\/\/www.entreculturas.org\/wp-content\/uploads\/2024\/07\/Copia-de-LDN-HNC-155_Guatemalas_Christian-Zuniga.jpg","contentUrl":"https:\/\/www.entreculturas.org\/wp-content\/uploads\/2024\/07\/Copia-de-LDN-HNC-155_Guatemalas_Christian-Zuniga.jpg","width":1700,"height":956,"caption":"Entreculturas"},{"@type":"BreadcrumbList","@id":"https:\/\/www.entreculturas.org\/en\/noticia\/entreculturas-presenta-su-informe-anual-2023\/#breadcrumb","itemListElement":[{"@type":"ListItem","position":1,"name":"Home","item":"https:\/\/www.entreculturas.org\/en\/"},{"@type":"ListItem","position":2,"name":"Noticias","item":"https:\/\/www.entreculturas.org\/en\/noticias\/"},{"@type":"ListItem","position":3,"name":"Entreculturas presenta su Informe Anual 2023\u00a0"}]},{"@type":"WebSite","@id":"https:\/\/www.entreculturas.org\/en\/#website","url":"https:\/\/www.entreculturas.org\/en\/","name":"Entreculturas","description":"","publisher":{"@id":"https:\/\/www.entreculturas.org\/en\/#organization"},"alternateName":"Entreculturas","potentialAction":[{"@type":"SearchAction","target":{"@type":"EntryPoint","urlTemplate":"https:\/\/www.entreculturas.org\/en\/?s={search_term_string}"},"query-input":{"@type":"PropertyValueSpecification","valueRequired":true,"valueName":"search_term_string"}}],"inLanguage":"en-US"},{"@type":"Organization","@id":"https:\/\/www.entreculturas.org\/en\/#organization","name":"Entreculturas","url":"https:\/\/www.entreculturas.org\/en\/","logo":{"@type":"ImageObject","inLanguage":"en-US","@id":"https:\/\/www.entreculturas.org\/en\/#\/schema\/logo\/image\/","url":"https:\/\/www.entreculturas.org\/wp-content\/uploads\/2025\/10\/ESP.svg","contentUrl":"https:\/\/www.entreculturas.org\/wp-content\/uploads\/2025\/10\/ESP.svg","caption":"Entreculturas"},"image":{"@id":"https:\/\/www.entreculturas.org\/en\/#\/schema\/logo\/image\/"},"sameAs":["https:\/\/www.facebook.com\/entreculturas","https:\/\/x.com\/Entreculturas","https:\/\/www.instagram.com\/entreculturas\/","https:\/\/www.youtube.com\/user\/entreculturasvideo","https:\/\/www.linkedin.com\/company\/fundacion-entreculturas-ngdo\/","https:\/\/www.flickr.com\/photos\/98455522@N04\/albums\/"]}]}},"_links":{"self":[{"href":"https:\/\/www.entreculturas.org\/en\/wp-json\/wp\/v2\/noticia\/26868","targetHints":{"allow":["GET"]}}],"collection":[{"href":"https:\/\/www.entreculturas.org\/en\/wp-json\/wp\/v2\/noticia"}],"about":[{"href":"https:\/\/www.entreculturas.org\/en\/wp-json\/wp\/v2\/types\/noticia"}],"wp:featuredmedia":[{"embeddable":true,"href":"https:\/\/www.entreculturas.org\/en\/wp-json\/wp\/v2\/media\/26915"}],"wp:attachment":[{"href":"https:\/\/www.entreculturas.org\/en\/wp-json\/wp\/v2\/media?parent=26868"}],"wp:term":[{"taxonomy":"category","embeddable":true,"href":"https:\/\/www.entreculturas.org\/en\/wp-json\/wp\/v2\/categories?post=26868"},{"taxonomy":"post_tag","embeddable":true,"href":"https:\/\/www.entreculturas.org\/en\/wp-json\/wp\/v2\/tags?post=26868"},{"taxonomy":"country","embeddable":true,"href":"https:\/\/www.entreculturas.org\/en\/wp-json\/wp\/v2\/country?post=26868"},{"taxonomy":"cause","embeddable":true,"href":"https:\/\/www.entreculturas.org\/en\/wp-json\/wp\/v2\/cause?post=26868"}],"curies":[{"name":"wp","href":"https:\/\/api.w.org\/{rel}","templated":true}]}}