{"id":2655,"date":"2019-01-24T08:47:27","date_gmt":"2019-01-24T08:47:27","guid":{"rendered":"https:\/\/entreculturasi.wpenginepowered.com\/?noticias=luces-y-sombras-en-nuestro-espacio-de-casa-decor-para-visibilizar-la-violencia-hacia-las"},"modified":"2023-12-18T10:33:56","modified_gmt":"2023-12-18T09:33:56","slug":"luces-y-sombras-en-nuestro-espacio-de-casa-decor-para-visibilizar-la-violencia-hacia-las","status":"publish","type":"noticia","link":"https:\/\/www.entreculturas.org\/en\/noticia\/luces-y-sombras-en-nuestro-espacio-de-casa-decor-para-visibilizar-la-violencia-hacia-las\/","title":{"rendered":"Luces y sombras en nuestro espacio de Casa Decor para visibilizar la violencia hacia las ni\u00f1as"},"content":{"rendered":"<p>Entreculturas participa por segundo a\u00f1o consecutivo en la <a href=\"https:\/\/casadecor.es\/\" target=\"_blank\" rel=\"noopener\">54\u00aa edici\u00f3n de Casa Decor<\/a>, una de las exposiciones m\u00e1s importantes de decoraci\u00f3n, que del 24 de enero al 10 de marzo aterriza en el barrio de Salamanca de Madrid (c\/ N\u00fa\u00f1ez de Balboa, 86). Este a\u00f1o, nos hemos centrado en la creaci\u00f3n de un espacio que <strong>dar\u00e1 voz a las m\u00e1s de 240 millones de ni\u00f1as que se ven amenazadas por la sombra de la violencia en todo el mundo<\/strong>. Como entidad solidaria, hemos tenido la oportunidad de contar con <strong>un proyecto dise\u00f1ado que por la arquitecta de interiores Olga Palmero y realizado por Grupo Impar<\/strong>, materializado en un espacio que transmite la esencia de lo que somos.&nbsp;<br \/>&nbsp;<br \/>Mientras el a\u00f1o pasado mostramos nuestra defensa del derecho a la educaci\u00f3n- se trataba de un lugar de paso que representaba el camino de la educaci\u00f3n y su capacidad de cambiar la historia de todas las que lo atraviesa-&nbsp; este a\u00f1o hemos querido inspirarnos en <a href=\"https:\/\/laluzdelasninas.org\" target=\"_blank\" rel=\"noopener\">La luz de las Ni\u00f1as<\/a>, nuestra intervenci\u00f3n en 15 pa\u00edses mediante la cual han participado ya m\u00e1s de 32.000 ni\u00f1as.<\/p>\n<p>El espacio llama la atenci\u00f3n acerca de una realidad que nos duele y nos interpela a todos y a todas: la violencia que sufren las m\u00e1s de 240 millones de ni\u00f1as que sufren violencia, abuso sexual, explotaci\u00f3n laboral, matrimonio forzoso o mutilaci\u00f3n genital femenina. En esta edici\u00f3n queremos transmitir la idea de que <strong>hasta en los espacios llenos de sombras y&nbsp;oscuridad la luz tienen presencia<\/strong>. En este caso la luz significa para ellas acceder a una educaci\u00f3n que puede defenderlas, proteger sus derechos y transformar sus vidas.&nbsp;<\/p>\n<p>En este sentido, el espacio \u201cLa Luz de las Ni\u00f1as\u201d se expone de un modo conceptual: cada momento e imagen de sombra se encuentran con un momento y una imagen de luz, de cambio, sobre un fondo oscuro y una iluminaci\u00f3n que no desvirt\u00faan la fuerza de las im\u00e1genes y de las ni\u00f1as que protagonizan el espacio. Desde la oscuridad que representa para ellas la violencia que sufren, la educaci\u00f3n es un lugar de luz.<\/p>\n<p><img decoding=\"async\" alt=\"\" src=\"https:\/\/www.entreculturas.org\/wp-content\/uploads\/2019\/01\/almansa.jpg\" style=\"width: 648px;height: 432px\"><\/p>\n<p>Durante la presentaci\u00f3n de Casa Decor a los medios de comunicaci\u00f3n, nuestro Director Ejecutivo, Ram\u00f3n Almansa, ha explicado que \u201c<strong>hoy en d\u00eda la violencia niega el derecho a la educaci\u00f3n a millones de ni\u00f1as de todo el mundo<\/strong>: contin\u00faa siendo una de las violaciones m\u00e1s persistentes, sistem\u00e1ticas y generalizadas de los derechos humanos. No hablamos de an\u00e9cdotas: 240 millones de ni\u00f1as ven amenazada su vida por la violencia, m\u00e1s de 200 millones de ni\u00f1as en el mundo han sufrido mutilaci\u00f3n genital. Cada a\u00f1o 12 millones de ni\u00f1as son casadas antes de cumplir los 18. M\u00e1s de 150 millones sufren violencia sexual. Y 34,2 millones de ni\u00f1as y mujeres son refugiadas o desplazadas\u201d. La mayor\u00eda de ni\u00f1as en el mundo se ven obligadas a realizar tareas del hogar como cocinar, ir a buscar le\u00f1a, agua o quedarse al cargo de sus hermanos peque\u00f1os. Estas formas de violencia hacia las ni\u00f1as provocan en ellas graves secuelas psicol\u00f3gicas, f\u00edsicas y sociales que las marcan para siempre, y las aleja de la escuela, de su infancia y de sus oportunidades.<br \/>&nbsp;<\/p>\n","protected":false},"excerpt":{"rendered":"<p>Por segundo a\u00f1o consecutivo participamos en la 54\u00aa edici\u00f3n de Casa Decor dando voz a  las m\u00e1s de 240 millones de ni\u00f1as que se ven amenazadas por la sombra de la violencia en todo el mundo.<\/p>\n","protected":false},"featured_media":2656,"template":"single-noticia","meta":{"_acf_changed":false},"categories":[7],"tags":[293],"country":[120],"cause":[130],"class_list":["post-2655","noticia","type-noticia","status-publish","has-post-thumbnail","hentry","category-noticia","tag-genero","country-espana","cause-genero"],"acf":[],"yoast_head":"<!-- This site is optimized with the Yoast SEO Premium plugin v21.6 (Yoast SEO v27.5) - https:\/\/yoast.com\/product\/yoast-seo-premium-wordpress\/ -->\n<title>Luces y sombras en nuestro espacio de Casa Decor para visibilizar la violencia hacia las ni\u00f1as - Entreculturas<\/title>\n<meta name=\"robots\" content=\"index, follow, max-snippet:-1, max-image-preview:large, max-video-preview:-1\" \/>\n<link rel=\"canonical\" href=\"https:\/\/www.entreculturas.org\/en\/noticia\/luces-y-sombras-en-nuestro-espacio-de-casa-decor-para-visibilizar-la-violencia-hacia-las\/\" \/>\n<meta property=\"og:locale\" content=\"en_US\" \/>\n<meta property=\"og:type\" content=\"article\" \/>\n<meta property=\"og:title\" content=\"Luces y sombras en nuestro espacio de Casa Decor para visibilizar la violencia hacia las ni\u00f1as\" \/>\n<meta property=\"og:description\" content=\"Por segundo a\u00f1o consecutivo participamos en la 54\u00aa edici\u00f3n de Casa Decor dando voz a las m\u00e1s de 240 millones de ni\u00f1as que se ven amenazadas por la sombra de la violencia en todo el mundo.\" \/>\n<meta property=\"og:url\" content=\"https:\/\/www.entreculturas.org\/en\/noticia\/luces-y-sombras-en-nuestro-espacio-de-casa-decor-para-visibilizar-la-violencia-hacia-las\/\" \/>\n<meta property=\"og:site_name\" content=\"Entreculturas\" \/>\n<meta property=\"article:publisher\" content=\"https:\/\/www.facebook.com\/entreculturas\" \/>\n<meta property=\"article:modified_time\" content=\"2023-12-18T09:33:56+00:00\" \/>\n<meta property=\"og:image\" content=\"https:\/\/www.entreculturas.org\/wp-content\/uploads\/2019\/01\/06-pasillo-entreculturas-olga-palmero-casa-decor-19-01.jpg\" \/>\n\t<meta property=\"og:image:width\" content=\"836\" \/>\n\t<meta property=\"og:image:height\" content=\"1185\" \/>\n\t<meta property=\"og:image:type\" content=\"image\/jpeg\" \/>\n<meta name=\"twitter:card\" content=\"summary_large_image\" \/>\n<meta name=\"twitter:site\" content=\"@Entreculturas\" \/>\n<script type=\"application\/ld+json\" class=\"yoast-schema-graph\">{\"@context\":\"https:\\\/\\\/schema.org\",\"@graph\":[{\"@type\":\"WebPage\",\"@id\":\"https:\\\/\\\/www.entreculturas.org\\\/en\\\/noticia\\\/luces-y-sombras-en-nuestro-espacio-de-casa-decor-para-visibilizar-la-violencia-hacia-las\\\/\",\"url\":\"https:\\\/\\\/www.entreculturas.org\\\/en\\\/noticia\\\/luces-y-sombras-en-nuestro-espacio-de-casa-decor-para-visibilizar-la-violencia-hacia-las\\\/\",\"name\":\"Luces y sombras en nuestro espacio de Casa Decor para visibilizar la violencia hacia las ni\u00f1as - Entreculturas\",\"isPartOf\":{\"@id\":\"https:\\\/\\\/www.entreculturas.org\\\/en\\\/#website\"},\"primaryImageOfPage\":{\"@id\":\"https:\\\/\\\/www.entreculturas.org\\\/en\\\/noticia\\\/luces-y-sombras-en-nuestro-espacio-de-casa-decor-para-visibilizar-la-violencia-hacia-las\\\/#primaryimage\"},\"image\":{\"@id\":\"https:\\\/\\\/www.entreculturas.org\\\/en\\\/noticia\\\/luces-y-sombras-en-nuestro-espacio-de-casa-decor-para-visibilizar-la-violencia-hacia-las\\\/#primaryimage\"},\"thumbnailUrl\":\"https:\\\/\\\/www.entreculturas.org\\\/wp-content\\\/uploads\\\/2019\\\/01\\\/06-pasillo-entreculturas-olga-palmero-casa-decor-19-01.jpg\",\"datePublished\":\"2019-01-24T08:47:27+00:00\",\"dateModified\":\"2023-12-18T09:33:56+00:00\",\"breadcrumb\":{\"@id\":\"https:\\\/\\\/www.entreculturas.org\\\/en\\\/noticia\\\/luces-y-sombras-en-nuestro-espacio-de-casa-decor-para-visibilizar-la-violencia-hacia-las\\\/#breadcrumb\"},\"inLanguage\":\"en-US\",\"potentialAction\":[{\"@type\":\"ReadAction\",\"target\":[\"https:\\\/\\\/www.entreculturas.org\\\/en\\\/noticia\\\/luces-y-sombras-en-nuestro-espacio-de-casa-decor-para-visibilizar-la-violencia-hacia-las\\\/\"]}]},{\"@type\":\"ImageObject\",\"inLanguage\":\"en-US\",\"@id\":\"https:\\\/\\\/www.entreculturas.org\\\/en\\\/noticia\\\/luces-y-sombras-en-nuestro-espacio-de-casa-decor-para-visibilizar-la-violencia-hacia-las\\\/#primaryimage\",\"url\":\"https:\\\/\\\/www.entreculturas.org\\\/wp-content\\\/uploads\\\/2019\\\/01\\\/06-pasillo-entreculturas-olga-palmero-casa-decor-19-01.jpg\",\"contentUrl\":\"https:\\\/\\\/www.entreculturas.org\\\/wp-content\\\/uploads\\\/2019\\\/01\\\/06-pasillo-entreculturas-olga-palmero-casa-decor-19-01.jpg\",\"width\":836,\"height\":1185,\"caption\":\"06-pasillo-entreculturas-olga-palmero-casa-decor-19-01\"},{\"@type\":\"BreadcrumbList\",\"@id\":\"https:\\\/\\\/www.entreculturas.org\\\/en\\\/noticia\\\/luces-y-sombras-en-nuestro-espacio-de-casa-decor-para-visibilizar-la-violencia-hacia-las\\\/#breadcrumb\",\"itemListElement\":[{\"@type\":\"ListItem\",\"position\":1,\"name\":\"Home\",\"item\":\"https:\\\/\\\/www.entreculturas.org\\\/en\\\/\"},{\"@type\":\"ListItem\",\"position\":2,\"name\":\"Noticias\",\"item\":\"https:\\\/\\\/www.entreculturas.org\\\/en\\\/noticias\\\/\"},{\"@type\":\"ListItem\",\"position\":3,\"name\":\"Luces y sombras en nuestro espacio de Casa Decor para visibilizar la violencia hacia las ni\u00f1as\"}]},{\"@type\":\"WebSite\",\"@id\":\"https:\\\/\\\/www.entreculturas.org\\\/en\\\/#website\",\"url\":\"https:\\\/\\\/www.entreculturas.org\\\/en\\\/\",\"name\":\"Entreculturas\",\"description\":\"\",\"publisher\":{\"@id\":\"https:\\\/\\\/www.entreculturas.org\\\/en\\\/#organization\"},\"alternateName\":\"Entreculturas\",\"potentialAction\":[{\"@type\":\"SearchAction\",\"target\":{\"@type\":\"EntryPoint\",\"urlTemplate\":\"https:\\\/\\\/www.entreculturas.org\\\/en\\\/?s={search_term_string}\"},\"query-input\":{\"@type\":\"PropertyValueSpecification\",\"valueRequired\":true,\"valueName\":\"search_term_string\"}}],\"inLanguage\":\"en-US\"},{\"@type\":\"Organization\",\"@id\":\"https:\\\/\\\/www.entreculturas.org\\\/en\\\/#organization\",\"name\":\"Entreculturas\",\"url\":\"https:\\\/\\\/www.entreculturas.org\\\/en\\\/\",\"logo\":{\"@type\":\"ImageObject\",\"inLanguage\":\"en-US\",\"@id\":\"https:\\\/\\\/www.entreculturas.org\\\/en\\\/#\\\/schema\\\/logo\\\/image\\\/\",\"url\":\"https:\\\/\\\/www.entreculturas.org\\\/wp-content\\\/uploads\\\/2025\\\/10\\\/ESP.svg\",\"contentUrl\":\"https:\\\/\\\/www.entreculturas.org\\\/wp-content\\\/uploads\\\/2025\\\/10\\\/ESP.svg\",\"caption\":\"Entreculturas\"},\"image\":{\"@id\":\"https:\\\/\\\/www.entreculturas.org\\\/en\\\/#\\\/schema\\\/logo\\\/image\\\/\"},\"sameAs\":[\"https:\\\/\\\/www.facebook.com\\\/entreculturas\",\"https:\\\/\\\/x.com\\\/Entreculturas\",\"https:\\\/\\\/www.instagram.com\\\/entreculturas\\\/\",\"https:\\\/\\\/www.youtube.com\\\/user\\\/entreculturasvideo\",\"https:\\\/\\\/www.linkedin.com\\\/company\\\/fundacion-entreculturas-ngdo\\\/\",\"https:\\\/\\\/www.flickr.com\\\/photos\\\/98455522@N04\\\/albums\\\/\"]}]}<\/script>\n<!-- \/ Yoast SEO Premium plugin. -->","yoast_head_json":{"title":"Luces y sombras en nuestro espacio de Casa Decor para visibilizar la violencia hacia las ni\u00f1as - Entreculturas","robots":{"index":"index","follow":"follow","max-snippet":"max-snippet:-1","max-image-preview":"max-image-preview:large","max-video-preview":"max-video-preview:-1"},"canonical":"https:\/\/www.entreculturas.org\/en\/noticia\/luces-y-sombras-en-nuestro-espacio-de-casa-decor-para-visibilizar-la-violencia-hacia-las\/","og_locale":"en_US","og_type":"article","og_title":"Luces y sombras en nuestro espacio de Casa Decor para visibilizar la violencia hacia las ni\u00f1as","og_description":"Por segundo a\u00f1o consecutivo participamos en la 54\u00aa edici\u00f3n de Casa Decor dando voz a las m\u00e1s de 240 millones de ni\u00f1as que se ven amenazadas por la sombra de la violencia en todo el mundo.","og_url":"https:\/\/www.entreculturas.org\/en\/noticia\/luces-y-sombras-en-nuestro-espacio-de-casa-decor-para-visibilizar-la-violencia-hacia-las\/","og_site_name":"Entreculturas","article_publisher":"https:\/\/www.facebook.com\/entreculturas","article_modified_time":"2023-12-18T09:33:56+00:00","og_image":[{"width":836,"height":1185,"url":"https:\/\/www.entreculturas.org\/wp-content\/uploads\/2019\/01\/06-pasillo-entreculturas-olga-palmero-casa-decor-19-01.jpg","type":"image\/jpeg"}],"twitter_card":"summary_large_image","twitter_site":"@Entreculturas","schema":{"@context":"https:\/\/schema.org","@graph":[{"@type":"WebPage","@id":"https:\/\/www.entreculturas.org\/en\/noticia\/luces-y-sombras-en-nuestro-espacio-de-casa-decor-para-visibilizar-la-violencia-hacia-las\/","url":"https:\/\/www.entreculturas.org\/en\/noticia\/luces-y-sombras-en-nuestro-espacio-de-casa-decor-para-visibilizar-la-violencia-hacia-las\/","name":"Luces y sombras en nuestro espacio de Casa Decor para visibilizar la violencia hacia las ni\u00f1as - Entreculturas","isPartOf":{"@id":"https:\/\/www.entreculturas.org\/en\/#website"},"primaryImageOfPage":{"@id":"https:\/\/www.entreculturas.org\/en\/noticia\/luces-y-sombras-en-nuestro-espacio-de-casa-decor-para-visibilizar-la-violencia-hacia-las\/#primaryimage"},"image":{"@id":"https:\/\/www.entreculturas.org\/en\/noticia\/luces-y-sombras-en-nuestro-espacio-de-casa-decor-para-visibilizar-la-violencia-hacia-las\/#primaryimage"},"thumbnailUrl":"https:\/\/www.entreculturas.org\/wp-content\/uploads\/2019\/01\/06-pasillo-entreculturas-olga-palmero-casa-decor-19-01.jpg","datePublished":"2019-01-24T08:47:27+00:00","dateModified":"2023-12-18T09:33:56+00:00","breadcrumb":{"@id":"https:\/\/www.entreculturas.org\/en\/noticia\/luces-y-sombras-en-nuestro-espacio-de-casa-decor-para-visibilizar-la-violencia-hacia-las\/#breadcrumb"},"inLanguage":"en-US","potentialAction":[{"@type":"ReadAction","target":["https:\/\/www.entreculturas.org\/en\/noticia\/luces-y-sombras-en-nuestro-espacio-de-casa-decor-para-visibilizar-la-violencia-hacia-las\/"]}]},{"@type":"ImageObject","inLanguage":"en-US","@id":"https:\/\/www.entreculturas.org\/en\/noticia\/luces-y-sombras-en-nuestro-espacio-de-casa-decor-para-visibilizar-la-violencia-hacia-las\/#primaryimage","url":"https:\/\/www.entreculturas.org\/wp-content\/uploads\/2019\/01\/06-pasillo-entreculturas-olga-palmero-casa-decor-19-01.jpg","contentUrl":"https:\/\/www.entreculturas.org\/wp-content\/uploads\/2019\/01\/06-pasillo-entreculturas-olga-palmero-casa-decor-19-01.jpg","width":836,"height":1185,"caption":"06-pasillo-entreculturas-olga-palmero-casa-decor-19-01"},{"@type":"BreadcrumbList","@id":"https:\/\/www.entreculturas.org\/en\/noticia\/luces-y-sombras-en-nuestro-espacio-de-casa-decor-para-visibilizar-la-violencia-hacia-las\/#breadcrumb","itemListElement":[{"@type":"ListItem","position":1,"name":"Home","item":"https:\/\/www.entreculturas.org\/en\/"},{"@type":"ListItem","position":2,"name":"Noticias","item":"https:\/\/www.entreculturas.org\/en\/noticias\/"},{"@type":"ListItem","position":3,"name":"Luces y sombras en nuestro espacio de Casa Decor para visibilizar la violencia hacia las ni\u00f1as"}]},{"@type":"WebSite","@id":"https:\/\/www.entreculturas.org\/en\/#website","url":"https:\/\/www.entreculturas.org\/en\/","name":"Entreculturas","description":"","publisher":{"@id":"https:\/\/www.entreculturas.org\/en\/#organization"},"alternateName":"Entreculturas","potentialAction":[{"@type":"SearchAction","target":{"@type":"EntryPoint","urlTemplate":"https:\/\/www.entreculturas.org\/en\/?s={search_term_string}"},"query-input":{"@type":"PropertyValueSpecification","valueRequired":true,"valueName":"search_term_string"}}],"inLanguage":"en-US"},{"@type":"Organization","@id":"https:\/\/www.entreculturas.org\/en\/#organization","name":"Entreculturas","url":"https:\/\/www.entreculturas.org\/en\/","logo":{"@type":"ImageObject","inLanguage":"en-US","@id":"https:\/\/www.entreculturas.org\/en\/#\/schema\/logo\/image\/","url":"https:\/\/www.entreculturas.org\/wp-content\/uploads\/2025\/10\/ESP.svg","contentUrl":"https:\/\/www.entreculturas.org\/wp-content\/uploads\/2025\/10\/ESP.svg","caption":"Entreculturas"},"image":{"@id":"https:\/\/www.entreculturas.org\/en\/#\/schema\/logo\/image\/"},"sameAs":["https:\/\/www.facebook.com\/entreculturas","https:\/\/x.com\/Entreculturas","https:\/\/www.instagram.com\/entreculturas\/","https:\/\/www.youtube.com\/user\/entreculturasvideo","https:\/\/www.linkedin.com\/company\/fundacion-entreculturas-ngdo\/","https:\/\/www.flickr.com\/photos\/98455522@N04\/albums\/"]}]}},"_links":{"self":[{"href":"https:\/\/www.entreculturas.org\/en\/wp-json\/wp\/v2\/noticia\/2655","targetHints":{"allow":["GET"]}}],"collection":[{"href":"https:\/\/www.entreculturas.org\/en\/wp-json\/wp\/v2\/noticia"}],"about":[{"href":"https:\/\/www.entreculturas.org\/en\/wp-json\/wp\/v2\/types\/noticia"}],"wp:featuredmedia":[{"embeddable":true,"href":"https:\/\/www.entreculturas.org\/en\/wp-json\/wp\/v2\/media\/2656"}],"wp:attachment":[{"href":"https:\/\/www.entreculturas.org\/en\/wp-json\/wp\/v2\/media?parent=2655"}],"wp:term":[{"taxonomy":"category","embeddable":true,"href":"https:\/\/www.entreculturas.org\/en\/wp-json\/wp\/v2\/categories?post=2655"},{"taxonomy":"post_tag","embeddable":true,"href":"https:\/\/www.entreculturas.org\/en\/wp-json\/wp\/v2\/tags?post=2655"},{"taxonomy":"country","embeddable":true,"href":"https:\/\/www.entreculturas.org\/en\/wp-json\/wp\/v2\/country?post=2655"},{"taxonomy":"cause","embeddable":true,"href":"https:\/\/www.entreculturas.org\/en\/wp-json\/wp\/v2\/cause?post=2655"}],"curies":[{"name":"wp","href":"https:\/\/api.w.org\/{rel}","templated":true}]}}