{"id":2590,"date":"2018-12-26T12:02:50","date_gmt":"2018-12-26T12:02:50","guid":{"rendered":"https:\/\/entreculturasi.wpenginepowered.com\/?noticias=como-mujeres-tambien-nos-tienen-que-tener-en-cuenta-ya-es-hora-de-que-cambien-las-cosas"},"modified":"2024-02-06T09:18:59","modified_gmt":"2024-02-06T08:18:59","slug":"como-mujeres-tambien-nos-tienen-que-tener-en-cuenta-ya-es-hora-de-que-cambien-las-cosas","status":"publish","type":"noticia","link":"https:\/\/www.entreculturas.org\/en\/noticia\/como-mujeres-tambien-nos-tienen-que-tener-en-cuenta-ya-es-hora-de-que-cambien-las-cosas\/","title":{"rendered":"&#8220;Como mujeres tambi\u00e9n nos tienen que tener en cuenta, ya es hora de que cambien las cosas&#8221;"},"content":{"rendered":"<p>Kim vive en Santa Luc\u00eda La Reforma, Departamento de Totonicap\u00e1n, Guatemala, y es estudiante del Instituto Guatemalteco de Educaci\u00f3n Radiof\u00f3nica (IGER). Es la segunda de siete hermanas y, cuando ten\u00eda 12 a\u00f1os, tuvo que dejar los estudios porque su padre la oblig\u00f3 a trabajar para ayudar en casa. Tras 5 a\u00f1os sin ir a la escuela, el deseo de Kim de poder formarse y tener un futuro digno la llev\u00f3 a retomar la educaci\u00f3n a\u00fan en contra de la voluntad de su padre. Actualmente Kim compagina el trabajo y sus estudios y defiende el derecho de las ni\u00f1as a luchar por sus sue\u00f1os.<\/p>\n<p><strong>\u00bfPor qu\u00e9 decidi\u00f3 tu pap\u00e1 que dejaras de estudiar?<\/strong><\/p>\n<p>Dej\u00e9 de estudiar a los 12 a\u00f1os. Iba a la escuela n\u00ba15 de Fe y Alegr\u00eda, pero mi pap\u00e1 dijo que ten\u00eda que ir a trabajar para ayudar en casa. Al igual que mi hermana mayor, la idea era que nosotras trabaj\u00e1ramos para poder darle comida y estudios a mis hermanitas peque\u00f1as. Con lo que ganaba mi pap\u00e1 no le daba para las 7 que somos, por eso nos dijo lo de dejar de estudiar. Despu\u00e9s de mi hermana mayor, mis pap\u00e1s tuvieron un var\u00f3n, pero desgraciadamente falleci\u00f3. Pas\u00f3 lo mismo despu\u00e9s de nacer yo, naci\u00f3 otro hermanito que muri\u00f3 tambi\u00e9n. Y, a veces, cuando mi pap\u00e1 toma demasiado, nos dice a nosotras que por qu\u00e9 somos mujeres y nos discrimina mucho, a mi mam\u00e1 tambi\u00e9n, le dice que ella es la culpable de que mis hermanitos murieran, nos discrimina mucho por eso&#8230; No s\u00e9 por qu\u00e9 mi pap\u00e1 es as\u00ed con nosotras, es muy dif\u00edcil para m\u00ed que mi propio padre diga eso.<\/p>\n<p><strong>\u00bfEs habitual en otras familias que prefieran tener varones y no ni\u00f1as? \u00bfPor qu\u00e9 crees que pasa eso?<\/strong><\/p>\n<p>Pasa eso porque los hombres ac\u00e1 discriminan mucho a las mujeres, las hacen de menos, no les tienen valor, tambi\u00e9n aqu\u00ed en Santa Luc\u00eda yo he visto que en otras familias pasa lo mismo, no solo en mi familia, los pap\u00e1s toman, llegan a casa y humillan a sus hijas, hacen de m\u00e1s a los varones que a las mujeres. Aqu\u00ed tenemos la costumbre de que el hombre da el gasto y la mujer se queda en casa.&nbsp;<\/p>\n<p><strong>Y en los casos, como el tuyo, en que las ni\u00f1as tienen que trabajar para ayudar en casa&nbsp; \u00bfc\u00f3mo es ese trabajo?<\/strong><\/p>\n<p>Es un trabajo duro\u2026 La mayor\u00eda de las ni\u00f1as o j\u00f3venes son comerciantes y tienen negocios en otros lugares, algo as\u00ed como una tienda o una tortiller\u00eda, tienen que levantarse bien temprano, como a las 5 de la ma\u00f1ana se levantan, se van a moler, luego regresan, componen la masa, y empiezan a tortear pr\u00e1cticamente como cuatro horas seguidas&#8230; yo no he trabajado de eso pero lo he visto con mis t\u00edas, con mis primas, con mis vecinas que, cuando regresan de trabajar despu\u00e9s de unos tres meses, regresan con las manos bien rajadas, ya no pueden arar bien, se cansan de estar torteando, se cansan de estar en el calor y est\u00e1n muy agotadas; es el trabajo m\u00e1s dif\u00edcil que he visto. Tambi\u00e9n otro trabajo que hacemos hoy en d\u00eda las mujeres es trabajar en el campo, limpiar la milpa, sembrarla y tapiscar; es un trabajo que yo he vivido tambi\u00e9n y he ido a trabajar y es muy cansado porque est\u00e1s todo el d\u00eda con el azad\u00f3n, bajo el sol durante 12 horas y, a veces, como trabajamos para casas ajenas, son muy crueles porque ni de beber le dan a uno, ni nada, apenas s\u00ed le dan el almuerzo. De hecho, mi mam\u00e1 tambi\u00e9n trabaja en esto y yo voy con ella. Ella no querr\u00eda pero a veces me dice \u201cc\u00f3mo vamos hacer para dar de comer a tus hermanas\u201d, adem\u00e1s mi pap\u00e1 tiene una enfermedad que le gusta tomar mucho, y no manda gasto, entonces a veces me toca ir con mi mam\u00e1 y el trabajo es muy dif\u00edcil para las mujeres pues, como digo, aqu\u00ed en Santa Luc\u00eda hay eso, mucha indiferencia, los hombres hacen mucho de menos a las mujeres, las maltratan, no las valoran, eso es muy cruel y es muy dif\u00edcil de aceptar\u2026&nbsp;<\/p>\n<p><strong>Despu\u00e9s de 5 a\u00f1os de dejar la escuela, como dijo tu padre, decidiste por ti misma volver a estudiar. \u00bfC\u00f3mo ha sido ese proceso?<\/strong><\/p>\n<p>Cuando dej\u00e9 de estudiar -me acuerdo perfectamente que fue en el a\u00f1o 2015-, yo le dije a mi pap\u00e1: \u201cPap\u00e1, mira, yo quiero estudiar\u201d, y \u00e9l me dice: \u201cpara qu\u00e9 quieres estudiar si sois mujer, si te vas a casar e igual te van a alimentar&#8230; y adem\u00e1s estudiar es un gran gasto\u201d, me dijo, y como yo ten\u00eda 15 a\u00f1os entonces le dije, \u201cest\u00e1 bien pap\u00e1\u201d. Despu\u00e9s en el a\u00f1o 2016, as\u00ed pas\u00f3 el tiempo, pero dentro de m\u00ed nac\u00eda que quer\u00eda estudiar, y yo me visualizaba como una se\u00f1orita con un t\u00edtulo, trabajando en el banco. Mi sue\u00f1o es ser perito contador, tambi\u00e9n ser chef o locutora, esas son mis aspiraciones hoy en d\u00eda y es lo que me mantiene fuerte porque es verdad que a veces pasan cosas en la familia que lo desesperan a uno, pero yo me pongo a pensar que me visualizo como una se\u00f1orita con un t\u00edtulo y digo voy a luchar por lo que quiero.<\/p>\n<p>Entonces en el a\u00f1o 2017 llegu\u00e9 a una tienda y le dije a la se\u00f1ora que atend\u00eda, como ella estaba estudiando el 2\u00ba B\u00e1sico, le pregunt\u00e9 \u201c\u00bfc\u00f3mo vas en tus estudios?\u201d, y me dijo \u201ctodo bien, y \u00bfpor qu\u00e9 no estudias t\u00fa?\u201d \u201cEs que mi pap\u00e1 no quiere\u201d y ella me dijo \u201cah, pues all\u00e1 donde estoy estudiando pr\u00e1cticamente no se gasta mucho, yo estoy estudiando en IGER, Instituto Guatemalteco de Educaci\u00f3n Radiof\u00f3nica\u201d, me dijo, entonces yo le dije \u201c\u00bfy cu\u00e1nto se paga?\u201d \u201cNo se cobra nada, pr\u00e1cticamente solo das tus datos, te dan tus libros y empiezas a estudiar\u201d, me dijo&#8230; Entonces le coment\u00e9 a mi pap\u00e1 y no me dio ninguna respuesta&#8230; y como mi pap\u00e1 casi no se mantiene en la casa, viaja a la capital para trabajar y pr\u00e1cticamente vuelve cada dos meses, me atrev\u00ed a acercarme al IGER a ver si me aceptaban\u2026<\/p>\n<p>Me acuerdo perfectamente, fui, me atendi\u00f3 la se\u00f1ora Adelaida, y entonces yo le coment\u00e9 \u201cSe\u00f1o, quiero estudiar pero mira que mi pap\u00e1 no quiere y no s\u00e9 qu\u00e9 hacer, mi mam\u00e1 s\u00ed que me apoya en esto\u201d, \u201cNo se preocupe\u201d, me dijo, aqu\u00ed no se cobra, solo la inscripci\u00f3n, simplemente deje los datos&#8230; pero s\u00ed queremos que tenga ese \u00e1nimo, ese deseo de estudiar, porque es importante que usted sea activa en clases, realice sus tareas, motive a sus compa\u00f1eros\u2026\u201d, \u201cS\u00ed, est\u00e1 bien se\u00f1o, no se preocupe&#8230; \u00bfy ser\u00e1 que se necesitan los datos de mi pap\u00e1? Es que yo no tengo el permiso de \u00e9l\u2026\u201d, y ella me dice, \u201csolo de su mam\u00e1, ella se va a hacer cargo\u201d. Entonces ah\u00ed yo me inscrib\u00ed y me dieron los libros.<\/p>\n<p>Al principio para m\u00ed era todo extra\u00f1o, todo raro porque volv\u00eda a estudiar despu\u00e9s de 5 a\u00f1os que hab\u00eda dejado la escuela, y me sent\u00eda rara en medio de todos los compa\u00f1eros, me sent\u00eda diferente, pero dentro de m\u00ed estaba muy feliz porque estaba logrando mi sue\u00f1o de poder estudiar. Y recuerdo que pasaron 4 meses y llam\u00f3 mi pap\u00e1 y no le hab\u00eda dicho a \u00e9l nada que estaba estudiando y mi mam\u00e1 estaba muy preocupada&#8230; \u201cNo se preocupe, mam\u00e1, si llama usted me lo pasa\u201d. Y mi pap\u00e1 llam\u00f3, \u201chola pap\u00e1 buenas noches, \u00bfc\u00f3mo est\u00e1?\u201d, le dije, \u201cpues bien, \u00bfy usted c\u00f3mo est\u00e1?\u201d, \u201cPues bien, le dije, aqu\u00ed estoy en la casa\u2026 \u00bfse acuerda que quer\u00eda estudiar?, pues estoy estudiando en el IGER, all\u00e1 en el centro\u201d \u201c\u00bfQu\u00e9? \u00bfTe mandaste sola a estudiar? \u00bfQui\u00e9n te dio ese ejemplo de mandarte sola y no valorar a tus padres? Yo no te he dado permiso de estudiar, \u00a1deber\u00eda darte verg\u00fcenza, no me respet\u00e1s como tu padre que soy!\u201d, \u201cPap\u00e1, disculpe, pero yo quer\u00eda estudiar, yo quer\u00eda la oportunidad de estudiar, no se hace ning\u00fan gasto pap\u00e1, s\u00f3lo es el tiempo de ir a estudiar\u2026\u201d Pero \u00e9l me dijo \u201cno s\u00e9 qu\u00e9 vas hacer pero no quiero tener problemas contigo y con tu madre\u201d. Yo me asust\u00e9 bastante, porque pod\u00eda hacer da\u00f1o a mi mam\u00e1&#8230; y lleg\u00f3 el d\u00eda que mi pap\u00e1 regres\u00f3 a casa, no asist\u00ed a clases ese d\u00eda, mi pap\u00e1 estaba muy enojado, esper\u00e9 un momento a que se calmara y platiqu\u00e9 con \u00e9l, pero \u00e9l insist\u00eda \u201c\u00bfqui\u00e9n te mand\u00f3, qui\u00e9n te oblig\u00f3 a estudiar? Fue tu mam\u00e1 que te meti\u00f3 en la cabeza que estudiaras y que no me respetaras, \u00a1c\u00f3mo son mujeres!\u201d. Yo me puse a llorar bastante.<\/p>\n<p>Pero, gracias a Dios, mi pap\u00e1 se tranquiliz\u00f3 y, al d\u00eda siguiente, mi pap\u00e1 me dijo \u201cVenid, quiero hablar contigo. Est\u00e1 bien, vas a estudiar, pero si pierdes el grado ya no vas a volver, y si escucho que tienes novio cr\u00e9eme tampoco vas a estudiar porque yo voy a darte esta oportunidad, aprov\u00e9chala&#8230; esta vez te voy a apoyar\u201d.<\/p>\n<p>Me propuse a m\u00ed misma no defraudar a mis padres y demostrarles que las mujeres tenemos ese derecho de estudiar, tenemos derecho a que escuchen nuestras opiniones, nuestros deseos como mujeres que somos. Entonces pude cursar el 1\u00ba de b\u00e1sico, aunque no fue nada f\u00e1cil para m\u00ed porque ten\u00eda que trabajar y estudiar al mismo tiempo. Y ahora mi pap\u00e1 me ha dicho \u201cel otro a\u00f1o no vas a estudiar\u201d, \u201c\u00bfPor qu\u00e9 pap\u00e1?\u201d \u201cPorque no hay dinero, y sabes que es es mucho gasto\u201d, \u201c\u00a1pero donde yo estudio no se gasta!\u201d, \u201cya, pero no vas a estudiar\u201d, me ha dicho.<\/p>\n<p>Pasa mucho en las familias que, por falta de recursos econ\u00f3micos, no se les da a los j\u00f3venes la oportunidad de estudiar. No solo me pasa a m\u00ed, no s\u00f3lo hablo por m\u00ed, la mayor\u00eda no pueden estudiar. Pero yo pienso que no importan las circunstancias, s\u00e9 que trabajar y estudiar no es nada f\u00e1cil, eso lo tengo presente\u2026 pero cuando vaya a empezar el curso yo voy a seguir estudiando 2\u00ba de b\u00e1sico.&nbsp;<\/p>\n<p><strong>\u00bfPor qu\u00e9 est\u00e1s tan segura de querer volver a estudiar? \u00bfPor qu\u00e9 te parece tan importante?<\/strong><br \/>&nbsp;<br \/>A m\u00ed me parece tan importante estudiar porque hoy en d\u00eda no se encuentra para trabajar f\u00e1cilmente y estudiar es una de las claves, son las llaves para que tengas un buen futuro.&nbsp;<\/p>\n<p><strong>\u00bfY tu mam\u00e1 qu\u00e9 piensa de todo esto?<\/strong><\/p>\n<p>Yo creo que mi mam\u00e1 est\u00e1 a favor de que nosotras estudiemos, pero sufre mucho. Ella para m\u00ed es un ejemplo a seguir porque mi pap\u00e1&#8230; a \u00e9l le gusta tomar demasiado e incluso hace como 8 a\u00f1os ahorita, mi pap\u00e1 tuvo otra mujer, entonces lastim\u00f3 mucho a mi mam\u00e1, llegaba a casa enojado, que por qu\u00e9 mi mam\u00e1 no lavaba su ropa, la pegaba mucho\u2026 la dejaba toda destruida a mi mam\u00e1, incluso tengo otras t\u00edas que le dicen a mi mam\u00e1 \u201c\u00bfpor qu\u00e9 no dejas a tu esposo, por qu\u00e9 no lo dejaste?\u201d, y mi mam\u00e1 dice que no, \u201cpor mis hijas no lo puedo dejar, por m\u00e1s que yo quiera dejarlo no puedo, porque mis hijas van a preguntar \u201c\u00bfy mi pap\u00e1?\u00bfqu\u00e9 les voy a decir yo?\u201d, dice mi mam\u00e1.<\/p>\n<p>Se ha esforzado mucho mi mam\u00e1 con nosotras. Yo la aprecio mucho porque ha sufrido cosas terribles, porque mi pap\u00e1 le pegaba cuando estaba ebrio, incluso mi pap\u00e1 cuando estaba sano tambi\u00e9n le pegaba, le pegaba mucho y es muy traum\u00e1tico para m\u00ed..&nbsp; y nosotras con querer defender a mi mam\u00e1 pues mi pap\u00e1 nos pegaba a nosotras porque no tenemos la fuerza necesaria, porque a veces saca su cincho y empieza a pegar a mi mam\u00e1 y entonces, \u201cpap\u00e1 no lo hagas\u201d, y dice \u201cno te metas\u201d, y nos jala y nos tira&#8230; es algo muy dif\u00edcil. Yo admiro mucho a mi mam\u00e1, se ha esforzado mucho por darnos de comer todos los d\u00edas y mi mam\u00e1 es un ejemplo a seguir.<\/p>\n<p><img decoding=\"async\" alt=\"\" height=\"594\" src=\"https:\/\/www.entreculturas.org\/wp-content\/uploads\/2018\/12\/kim-luz.jpg\" width=\"800\"><\/p>\n<p><strong>Respecto a lo que has comentado de tu madre, lo que ella ha pasado con su trabajo y los problemas que ha tenido con tu padre, \u00bfc\u00f3mo querr\u00edas que cambie tu vida con respecto a lo que ha vivido ella?<\/strong><\/p>\n<p>Tengo muy presente que la vida no es de color de rosa, pero tengo claro que no quiero casarme a\u00fan ni tener hijos, porque casarse y vivir en otra familia es muy diferente, dejas al lado tu juventud, dejas a un lado lo que eres t\u00fa misma; he visto muchas ni\u00f1as que se casan a temprana edad, sufren demasiado, se arrepienten pero ya es demasiado tarde porque tienen beb\u00e9s.<\/p>\n<p>Yo quisiera poder esperar a los 27 a\u00f1os, tener esa edad y luego casarme, pero mientras tanto seguir luchando por mis estudios, trabajar y poder disfrutar de mi juventud. Quisiera que toda mi vida fuera muy diferente a la de mi madre: tanta violencia, tantos llantos, tanto dolor, tanta desesperaci\u00f3n, tantas ganas de ya no comer&#8230;&nbsp; quisiera que eso cambiara, quisiera encontrar a alguien que me quiera, que me respete, que me valore&#8230; como yo a \u00e9l. Quisiera que todo fuera diferente.<\/p>\n<p><strong>Las cosas van a cambiar porque cada vez hay m\u00e1s chicas que estudi\u00e1is y que sois conscientes de que no os gusta esa situaci\u00f3n. Los chicos tambi\u00e9n est\u00e1n cambiando un poquito\u2026 \u00bft\u00fa notas que algo est\u00e1 cambiando?<\/strong><\/p>\n<p>S\u00ed. He notado que han cambiado un poco las cosas porque aqu\u00ed en Santa Luc\u00eda vienen algunos proyectos que protegen a las mujeres, y otros proyectos que nos dan charlas a los j\u00f3venes, ellos dicen que como j\u00f3venes somos la generaci\u00f3n del cambio, que nosotros podemos cambiar ese machismo. He visto que han cambiado un poco algunas cosas aqu\u00ed en Santa Luc\u00eda, porque se toma en cuenta a las mujeres, porque las mujeres ya podemos hablar, ya podemos expresarnos y decir que no nos gusta tal cosa, que la carretera no est\u00e1 bien y que lo arreglen, escuchan nuestra opini\u00f3n, es muy alegre para m\u00ed porque las mujeres tanto como los hombres tenemos nuestros derechos, tenemos sentimientos, no somos un objeto, somos humanos; como mujeres tambi\u00e9n nos tienen que tener en cuenta, no solo a los hombres, ya es momento de que las cosas cambien.<\/p>\n<p><strong>\u00bfY qu\u00e9 le desear\u00edas a las ni\u00f1as chiquititas, las que son ahora peque\u00f1as, qu\u00e9 consejo les dar\u00edas?<\/strong><\/p>\n<p>Les dir\u00eda lo mismo que a mis hermanitas, que luchen por sus sue\u00f1os, porque s\u00e9 que dentro de toda ni\u00f1a hay alg\u00fan anhelo. Tal vez que se visualicen como una persona exitosa, tener un t\u00edtulo, no s\u00e9, ser maestra, perito contador\u2026 Y a los ni\u00f1os igual. Que luchen por sus sue\u00f1os, que nada es f\u00e1cil pero con esfuerzo todo se puede.<\/p>\n<p><strong>\u00bfY qu\u00e9 nos dir\u00edas a los adultos, a los pol\u00edticos? \u00bfQu\u00e9 tendr\u00edamos que hacer para proteger a las ni\u00f1as?<\/strong><\/p>\n<p>Los pol\u00edticos deber\u00edan decir \u201cbasta ya\u201d a tanta violencia sobre las ni\u00f1as, y sobre los ni\u00f1os tambi\u00e9n, porque que hay familias que tambi\u00e9n se olvidan de sus hijos y no les dan la oportunidad de estudiar. Les dir\u00eda que ya basta de tanto machismo aqu\u00ed en Guatemala, porque eso es lo que destruye a las familias, tanto enojo, tanto alcohol&#8230; ya es hora de cambiar el mundo, ya es momento de que a todos se nos tome en cuenta, tanto a hombres como a mujeres.<\/p>\n<p><!--break--><\/p>\n<div style=\"background:#eee;border:1px solid #ccc;padding:5px 10px\">\n<p><span style=\"font-size:16px\"><strong>Kim se ha convertido en una bonita ilustraci\u00f3n para nuestra campa\u00f1a de Navidad #Ni\u00f1asColibr\u00ed. Entra y desc\u00fabrela: <a href=\"https:\/\/navidad.entreculturas.org\" target=\"_blank\" rel=\"noopener\">navidad.entreculturas.org<\/a><\/strong><\/span><\/p>\n<\/div>\n","protected":false},"excerpt":{"rendered":"<p>Entrevistamos a Kim, guatemalteca de 12 a\u00f1os que tuvo que dejar los estudios porque su padre la oblig\u00f3 a trabajar para ayudar en casa. Tras 5 a\u00f1os sin ir a la escuela, el deseo de Kim de poder formarse y tener un futuro digno la llev\u00f3 a retomar la educaci\u00f3n a\u00fan en contra de la voluntad de su padre. Actualmente Kim compagina el trabajo y sus estudios y defiende el derecho de las ni\u00f1as a luchar por sus sue\u00f1os.<\/p>\n","protected":false},"featured_media":2593,"template":"single-noticia","meta":{"_acf_changed":false},"categories":[7],"tags":[293],"country":[150],"cause":[130],"class_list":["post-2590","noticia","type-noticia","status-publish","has-post-thumbnail","hentry","category-noticia","tag-genero","country-guatemala","cause-genero"],"acf":[],"yoast_head":"<!-- This site is optimized with the Yoast SEO Premium plugin v21.6 (Yoast SEO v27.5) - https:\/\/yoast.com\/product\/yoast-seo-premium-wordpress\/ -->\n<title>&quot;Como mujeres tambi\u00e9n nos tienen que tener en cuenta, ya es hora de que cambien las cosas&quot; - Entreculturas<\/title>\n<meta name=\"robots\" content=\"index, follow, max-snippet:-1, max-image-preview:large, max-video-preview:-1\" \/>\n<link rel=\"canonical\" href=\"https:\/\/www.entreculturas.org\/en\/noticia\/como-mujeres-tambien-nos-tienen-que-tener-en-cuenta-ya-es-hora-de-que-cambien-las-cosas\/\" \/>\n<meta property=\"og:locale\" content=\"en_US\" \/>\n<meta property=\"og:type\" content=\"article\" \/>\n<meta property=\"og:title\" content=\"&quot;Como mujeres tambi\u00e9n nos tienen que tener en cuenta, ya es hora de que cambien las cosas&quot;\" \/>\n<meta property=\"og:description\" content=\"Entrevistamos a Kim, guatemalteca de 12 a\u00f1os que tuvo que dejar los estudios porque su padre la oblig\u00f3 a trabajar para ayudar en casa. Tras 5 a\u00f1os sin ir a la escuela, el deseo de Kim de poder formarse y tener un futuro digno la llev\u00f3 a retomar la educaci\u00f3n a\u00fan en contra de la voluntad de su padre. Actualmente Kim compagina el trabajo y sus estudios y defiende el derecho de las ni\u00f1as a luchar por sus sue\u00f1os.\" \/>\n<meta property=\"og:url\" content=\"https:\/\/www.entreculturas.org\/en\/noticia\/como-mujeres-tambien-nos-tienen-que-tener-en-cuenta-ya-es-hora-de-que-cambien-las-cosas\/\" \/>\n<meta property=\"og:site_name\" content=\"Entreculturas\" \/>\n<meta property=\"article:publisher\" content=\"https:\/\/www.facebook.com\/entreculturas\" \/>\n<meta property=\"article:modified_time\" content=\"2024-02-06T08:18:59+00:00\" \/>\n<meta property=\"og:image\" content=\"https:\/\/www.entreculturas.org\/wp-content\/uploads\/2018\/12\/kim-fya.jpg\" \/>\n\t<meta property=\"og:image:width\" content=\"800\" \/>\n\t<meta property=\"og:image:height\" content=\"739\" \/>\n\t<meta property=\"og:image:type\" content=\"image\/jpeg\" \/>\n<meta name=\"twitter:card\" content=\"summary_large_image\" \/>\n<meta name=\"twitter:site\" content=\"@Entreculturas\" \/>\n<script type=\"application\/ld+json\" class=\"yoast-schema-graph\">{\"@context\":\"https:\\\/\\\/schema.org\",\"@graph\":[{\"@type\":\"WebPage\",\"@id\":\"https:\\\/\\\/www.entreculturas.org\\\/en\\\/noticia\\\/como-mujeres-tambien-nos-tienen-que-tener-en-cuenta-ya-es-hora-de-que-cambien-las-cosas\\\/\",\"url\":\"https:\\\/\\\/www.entreculturas.org\\\/en\\\/noticia\\\/como-mujeres-tambien-nos-tienen-que-tener-en-cuenta-ya-es-hora-de-que-cambien-las-cosas\\\/\",\"name\":\"\\\"Como mujeres tambi\u00e9n nos tienen que tener en cuenta, ya es hora de que cambien las cosas\\\" - Entreculturas\",\"isPartOf\":{\"@id\":\"https:\\\/\\\/www.entreculturas.org\\\/en\\\/#website\"},\"primaryImageOfPage\":{\"@id\":\"https:\\\/\\\/www.entreculturas.org\\\/en\\\/noticia\\\/como-mujeres-tambien-nos-tienen-que-tener-en-cuenta-ya-es-hora-de-que-cambien-las-cosas\\\/#primaryimage\"},\"image\":{\"@id\":\"https:\\\/\\\/www.entreculturas.org\\\/en\\\/noticia\\\/como-mujeres-tambien-nos-tienen-que-tener-en-cuenta-ya-es-hora-de-que-cambien-las-cosas\\\/#primaryimage\"},\"thumbnailUrl\":\"https:\\\/\\\/www.entreculturas.org\\\/wp-content\\\/uploads\\\/2018\\\/12\\\/kim-fya.jpg\",\"datePublished\":\"2018-12-26T12:02:50+00:00\",\"dateModified\":\"2024-02-06T08:18:59+00:00\",\"breadcrumb\":{\"@id\":\"https:\\\/\\\/www.entreculturas.org\\\/en\\\/noticia\\\/como-mujeres-tambien-nos-tienen-que-tener-en-cuenta-ya-es-hora-de-que-cambien-las-cosas\\\/#breadcrumb\"},\"inLanguage\":\"en-US\",\"potentialAction\":[{\"@type\":\"ReadAction\",\"target\":[\"https:\\\/\\\/www.entreculturas.org\\\/en\\\/noticia\\\/como-mujeres-tambien-nos-tienen-que-tener-en-cuenta-ya-es-hora-de-que-cambien-las-cosas\\\/\"]}]},{\"@type\":\"ImageObject\",\"inLanguage\":\"en-US\",\"@id\":\"https:\\\/\\\/www.entreculturas.org\\\/en\\\/noticia\\\/como-mujeres-tambien-nos-tienen-que-tener-en-cuenta-ya-es-hora-de-que-cambien-las-cosas\\\/#primaryimage\",\"url\":\"https:\\\/\\\/www.entreculturas.org\\\/wp-content\\\/uploads\\\/2018\\\/12\\\/kim-fya.jpg\",\"contentUrl\":\"https:\\\/\\\/www.entreculturas.org\\\/wp-content\\\/uploads\\\/2018\\\/12\\\/kim-fya.jpg\",\"width\":800,\"height\":739,\"caption\":\"kim-fya\"},{\"@type\":\"BreadcrumbList\",\"@id\":\"https:\\\/\\\/www.entreculturas.org\\\/en\\\/noticia\\\/como-mujeres-tambien-nos-tienen-que-tener-en-cuenta-ya-es-hora-de-que-cambien-las-cosas\\\/#breadcrumb\",\"itemListElement\":[{\"@type\":\"ListItem\",\"position\":1,\"name\":\"Home\",\"item\":\"https:\\\/\\\/www.entreculturas.org\\\/en\\\/\"},{\"@type\":\"ListItem\",\"position\":2,\"name\":\"Noticias\",\"item\":\"https:\\\/\\\/www.entreculturas.org\\\/en\\\/noticias\\\/\"},{\"@type\":\"ListItem\",\"position\":3,\"name\":\"&#8220;Como mujeres tambi\u00e9n nos tienen que tener en cuenta, ya es hora de que cambien las cosas&#8221;\"}]},{\"@type\":\"WebSite\",\"@id\":\"https:\\\/\\\/www.entreculturas.org\\\/en\\\/#website\",\"url\":\"https:\\\/\\\/www.entreculturas.org\\\/en\\\/\",\"name\":\"Entreculturas\",\"description\":\"\",\"publisher\":{\"@id\":\"https:\\\/\\\/www.entreculturas.org\\\/en\\\/#organization\"},\"alternateName\":\"Entreculturas\",\"potentialAction\":[{\"@type\":\"SearchAction\",\"target\":{\"@type\":\"EntryPoint\",\"urlTemplate\":\"https:\\\/\\\/www.entreculturas.org\\\/en\\\/?s={search_term_string}\"},\"query-input\":{\"@type\":\"PropertyValueSpecification\",\"valueRequired\":true,\"valueName\":\"search_term_string\"}}],\"inLanguage\":\"en-US\"},{\"@type\":\"Organization\",\"@id\":\"https:\\\/\\\/www.entreculturas.org\\\/en\\\/#organization\",\"name\":\"Entreculturas\",\"url\":\"https:\\\/\\\/www.entreculturas.org\\\/en\\\/\",\"logo\":{\"@type\":\"ImageObject\",\"inLanguage\":\"en-US\",\"@id\":\"https:\\\/\\\/www.entreculturas.org\\\/en\\\/#\\\/schema\\\/logo\\\/image\\\/\",\"url\":\"https:\\\/\\\/www.entreculturas.org\\\/wp-content\\\/uploads\\\/2025\\\/10\\\/ESP.svg\",\"contentUrl\":\"https:\\\/\\\/www.entreculturas.org\\\/wp-content\\\/uploads\\\/2025\\\/10\\\/ESP.svg\",\"caption\":\"Entreculturas\"},\"image\":{\"@id\":\"https:\\\/\\\/www.entreculturas.org\\\/en\\\/#\\\/schema\\\/logo\\\/image\\\/\"},\"sameAs\":[\"https:\\\/\\\/www.facebook.com\\\/entreculturas\",\"https:\\\/\\\/x.com\\\/Entreculturas\",\"https:\\\/\\\/www.instagram.com\\\/entreculturas\\\/\",\"https:\\\/\\\/www.youtube.com\\\/user\\\/entreculturasvideo\",\"https:\\\/\\\/www.linkedin.com\\\/company\\\/fundacion-entreculturas-ngdo\\\/\",\"https:\\\/\\\/www.flickr.com\\\/photos\\\/98455522@N04\\\/albums\\\/\"]}]}<\/script>\n<!-- \/ Yoast SEO Premium plugin. -->","yoast_head_json":{"title":"\"Como mujeres tambi\u00e9n nos tienen que tener en cuenta, ya es hora de que cambien las cosas\" - Entreculturas","robots":{"index":"index","follow":"follow","max-snippet":"max-snippet:-1","max-image-preview":"max-image-preview:large","max-video-preview":"max-video-preview:-1"},"canonical":"https:\/\/www.entreculturas.org\/en\/noticia\/como-mujeres-tambien-nos-tienen-que-tener-en-cuenta-ya-es-hora-de-que-cambien-las-cosas\/","og_locale":"en_US","og_type":"article","og_title":"\"Como mujeres tambi\u00e9n nos tienen que tener en cuenta, ya es hora de que cambien las cosas\"","og_description":"Entrevistamos a Kim, guatemalteca de 12 a\u00f1os que tuvo que dejar los estudios porque su padre la oblig\u00f3 a trabajar para ayudar en casa. Tras 5 a\u00f1os sin ir a la escuela, el deseo de Kim de poder formarse y tener un futuro digno la llev\u00f3 a retomar la educaci\u00f3n a\u00fan en contra de la voluntad de su padre. Actualmente Kim compagina el trabajo y sus estudios y defiende el derecho de las ni\u00f1as a luchar por sus sue\u00f1os.","og_url":"https:\/\/www.entreculturas.org\/en\/noticia\/como-mujeres-tambien-nos-tienen-que-tener-en-cuenta-ya-es-hora-de-que-cambien-las-cosas\/","og_site_name":"Entreculturas","article_publisher":"https:\/\/www.facebook.com\/entreculturas","article_modified_time":"2024-02-06T08:18:59+00:00","og_image":[{"width":800,"height":739,"url":"https:\/\/www.entreculturas.org\/wp-content\/uploads\/2018\/12\/kim-fya.jpg","type":"image\/jpeg"}],"twitter_card":"summary_large_image","twitter_site":"@Entreculturas","schema":{"@context":"https:\/\/schema.org","@graph":[{"@type":"WebPage","@id":"https:\/\/www.entreculturas.org\/en\/noticia\/como-mujeres-tambien-nos-tienen-que-tener-en-cuenta-ya-es-hora-de-que-cambien-las-cosas\/","url":"https:\/\/www.entreculturas.org\/en\/noticia\/como-mujeres-tambien-nos-tienen-que-tener-en-cuenta-ya-es-hora-de-que-cambien-las-cosas\/","name":"\"Como mujeres tambi\u00e9n nos tienen que tener en cuenta, ya es hora de que cambien las cosas\" - Entreculturas","isPartOf":{"@id":"https:\/\/www.entreculturas.org\/en\/#website"},"primaryImageOfPage":{"@id":"https:\/\/www.entreculturas.org\/en\/noticia\/como-mujeres-tambien-nos-tienen-que-tener-en-cuenta-ya-es-hora-de-que-cambien-las-cosas\/#primaryimage"},"image":{"@id":"https:\/\/www.entreculturas.org\/en\/noticia\/como-mujeres-tambien-nos-tienen-que-tener-en-cuenta-ya-es-hora-de-que-cambien-las-cosas\/#primaryimage"},"thumbnailUrl":"https:\/\/www.entreculturas.org\/wp-content\/uploads\/2018\/12\/kim-fya.jpg","datePublished":"2018-12-26T12:02:50+00:00","dateModified":"2024-02-06T08:18:59+00:00","breadcrumb":{"@id":"https:\/\/www.entreculturas.org\/en\/noticia\/como-mujeres-tambien-nos-tienen-que-tener-en-cuenta-ya-es-hora-de-que-cambien-las-cosas\/#breadcrumb"},"inLanguage":"en-US","potentialAction":[{"@type":"ReadAction","target":["https:\/\/www.entreculturas.org\/en\/noticia\/como-mujeres-tambien-nos-tienen-que-tener-en-cuenta-ya-es-hora-de-que-cambien-las-cosas\/"]}]},{"@type":"ImageObject","inLanguage":"en-US","@id":"https:\/\/www.entreculturas.org\/en\/noticia\/como-mujeres-tambien-nos-tienen-que-tener-en-cuenta-ya-es-hora-de-que-cambien-las-cosas\/#primaryimage","url":"https:\/\/www.entreculturas.org\/wp-content\/uploads\/2018\/12\/kim-fya.jpg","contentUrl":"https:\/\/www.entreculturas.org\/wp-content\/uploads\/2018\/12\/kim-fya.jpg","width":800,"height":739,"caption":"kim-fya"},{"@type":"BreadcrumbList","@id":"https:\/\/www.entreculturas.org\/en\/noticia\/como-mujeres-tambien-nos-tienen-que-tener-en-cuenta-ya-es-hora-de-que-cambien-las-cosas\/#breadcrumb","itemListElement":[{"@type":"ListItem","position":1,"name":"Home","item":"https:\/\/www.entreculturas.org\/en\/"},{"@type":"ListItem","position":2,"name":"Noticias","item":"https:\/\/www.entreculturas.org\/en\/noticias\/"},{"@type":"ListItem","position":3,"name":"&#8220;Como mujeres tambi\u00e9n nos tienen que tener en cuenta, ya es hora de que cambien las cosas&#8221;"}]},{"@type":"WebSite","@id":"https:\/\/www.entreculturas.org\/en\/#website","url":"https:\/\/www.entreculturas.org\/en\/","name":"Entreculturas","description":"","publisher":{"@id":"https:\/\/www.entreculturas.org\/en\/#organization"},"alternateName":"Entreculturas","potentialAction":[{"@type":"SearchAction","target":{"@type":"EntryPoint","urlTemplate":"https:\/\/www.entreculturas.org\/en\/?s={search_term_string}"},"query-input":{"@type":"PropertyValueSpecification","valueRequired":true,"valueName":"search_term_string"}}],"inLanguage":"en-US"},{"@type":"Organization","@id":"https:\/\/www.entreculturas.org\/en\/#organization","name":"Entreculturas","url":"https:\/\/www.entreculturas.org\/en\/","logo":{"@type":"ImageObject","inLanguage":"en-US","@id":"https:\/\/www.entreculturas.org\/en\/#\/schema\/logo\/image\/","url":"https:\/\/www.entreculturas.org\/wp-content\/uploads\/2025\/10\/ESP.svg","contentUrl":"https:\/\/www.entreculturas.org\/wp-content\/uploads\/2025\/10\/ESP.svg","caption":"Entreculturas"},"image":{"@id":"https:\/\/www.entreculturas.org\/en\/#\/schema\/logo\/image\/"},"sameAs":["https:\/\/www.facebook.com\/entreculturas","https:\/\/x.com\/Entreculturas","https:\/\/www.instagram.com\/entreculturas\/","https:\/\/www.youtube.com\/user\/entreculturasvideo","https:\/\/www.linkedin.com\/company\/fundacion-entreculturas-ngdo\/","https:\/\/www.flickr.com\/photos\/98455522@N04\/albums\/"]}]}},"_links":{"self":[{"href":"https:\/\/www.entreculturas.org\/en\/wp-json\/wp\/v2\/noticia\/2590","targetHints":{"allow":["GET"]}}],"collection":[{"href":"https:\/\/www.entreculturas.org\/en\/wp-json\/wp\/v2\/noticia"}],"about":[{"href":"https:\/\/www.entreculturas.org\/en\/wp-json\/wp\/v2\/types\/noticia"}],"wp:featuredmedia":[{"embeddable":true,"href":"https:\/\/www.entreculturas.org\/en\/wp-json\/wp\/v2\/media\/2593"}],"wp:attachment":[{"href":"https:\/\/www.entreculturas.org\/en\/wp-json\/wp\/v2\/media?parent=2590"}],"wp:term":[{"taxonomy":"category","embeddable":true,"href":"https:\/\/www.entreculturas.org\/en\/wp-json\/wp\/v2\/categories?post=2590"},{"taxonomy":"post_tag","embeddable":true,"href":"https:\/\/www.entreculturas.org\/en\/wp-json\/wp\/v2\/tags?post=2590"},{"taxonomy":"country","embeddable":true,"href":"https:\/\/www.entreculturas.org\/en\/wp-json\/wp\/v2\/country?post=2590"},{"taxonomy":"cause","embeddable":true,"href":"https:\/\/www.entreculturas.org\/en\/wp-json\/wp\/v2\/cause?post=2590"}],"curies":[{"name":"wp","href":"https:\/\/api.w.org\/{rel}","templated":true}]}}