{"id":25792,"date":"2024-06-12T11:45:44","date_gmt":"2024-06-12T09:45:44","guid":{"rendered":"https:\/\/www.entreculturas.org\/?post_type=noticia&#038;p=25792"},"modified":"2024-06-12T12:52:35","modified_gmt":"2024-06-12T10:52:35","slug":"dia-mundial-de-las-personas-refugiadas-presentamos-la-campana-escuela-refugio","status":"publish","type":"noticia","link":"https:\/\/www.entreculturas.org\/en\/noticia\/dia-mundial-de-las-personas-refugiadas-presentamos-la-campana-escuela-refugio\/","title":{"rendered":"D\u00eda Mundial de las Personas Refugiadas: presentamos la campa\u00f1a \u2018Escuela Refugio\u2019"},"content":{"rendered":"\n<p>Con motivo del D\u00eda Mundial de las Personas Refugiadas, <strong>desde Entreculturas y Alboan presentamos la campa\u00f1a \u2018<\/strong><a href=\"https:\/\/www.escuelarefugio.org\/\"><strong>Escuela Refugio<\/strong><\/a><strong>\u2019 <\/strong>bajo el lema \u2018Aprender en peligro\u2019. Con ella, reivindicamos la importancia de la escuela como un espacio necesario de refugio y de acogida de la infancia refugiada en cualquier parte del mundo.\u00a0<\/p>\n\n\n\n<div style=\"height:15px\" aria-hidden=\"true\" class=\"wp-block-spacer\"><\/div>\n\n\n\n<p>En esta ocasi\u00f3n, mantendremos una mesa redonda en la que la conversaremos sobre la importancia de garantizar la educaci\u00f3n en contextos de crisis as\u00ed como de las <strong>consecuencias y retos que las crisis prolongadas y los nuevos conflictos<\/strong> suponen en t\u00e9rminos de desplazamiento forzado. Para ello, se profundizar\u00e1 en el contexto centroamericano y ucraniano de la mano de expertas sobre el terreno. Tambi\u00e9n se abordar\u00e1n las respuestas que las organizaciones de la sociedad civil llevan a cabo especialmente en el \u00e1mbito educativo.<\/p>\n\n\n\n<p><br><\/p>\n\n\n\n<div class=\"wp-block-columns are-vertically-aligned-bottom is-layout-flex wp-container-core-columns-is-layout-28f84493 wp-block-columns-is-layout-flex\">\n<div class=\"wp-block-column is-vertically-aligned-bottom is-layout-flow wp-block-column-is-layout-flow\" style=\"flex-basis:100%\">\n<div class=\"wp-block-columns is-layout-flex wp-container-core-columns-is-layout-28f84493 wp-block-columns-is-layout-flex\">\n<div class=\"wp-block-column is-layout-flow wp-block-column-is-layout-flow\" style=\"flex-basis:100%\">\n<figure class=\"wp-block-image aligncenter size-large\"><img decoding=\"async\" width=\"1024\" height=\"376\" src=\"https:\/\/www.entreculturas.org\/wp-content\/uploads\/2024\/06\/4234-1024x376.png\" alt=\"\" class=\"wp-image-25797\" srcset=\"https:\/\/www.entreculturas.org\/wp-content\/uploads\/2024\/06\/4234-1024x376.png 1024w, https:\/\/www.entreculturas.org\/wp-content\/uploads\/2024\/06\/4234-300x110.png 300w, https:\/\/www.entreculturas.org\/wp-content\/uploads\/2024\/06\/4234-768x282.png 768w, https:\/\/www.entreculturas.org\/wp-content\/uploads\/2024\/06\/4234-1536x565.png 1536w, https:\/\/www.entreculturas.org\/wp-content\/uploads\/2024\/06\/4234-2048x753.png 2048w\" sizes=\"(max-width: 1024px) 100vw, 1024px\" \/><\/figure>\n<\/div>\n<\/div>\n<\/div>\n<\/div>\n\n\n\n<div class=\"wp-block-group has-global-padding is-layout-constrained wp-block-group-is-layout-constrained\">\n<div style=\"height:15px\" aria-hidden=\"true\" class=\"wp-block-spacer\"><\/div>\n\n\n\n<h3 class=\"wp-block-heading\" id=\"h-quienes-participaran-en-la-mesa-redonda\">Qui\u00e9nes participar\u00e1n en la mesa redonda <\/h3>\n\n\n\n<div style=\"height:15px\" aria-hidden=\"true\" class=\"wp-block-spacer\"><\/div>\n\n\n\n<ul class=\"wp-block-list\">\n<li>Bianca Albu, coordinadora de proyectos del Servicio Jesuita a Refugiados (JRS) Ruman\u00eda.<\/li>\n\n\n\n<li>Karen P\u00e9rez, Directora Nacional del JRS M\u00e9xico.<\/li>\n\n\n\n<li>Asunci\u00f3n Taboada, responsable de Acci\u00f3n Humanitaria en Entreculturas.&nbsp;<\/li>\n\n\n\n<li>Luc\u00eda Rodr\u00edguez, responsable de Incidencia Pol\u00edtica de Entreculturas.<\/li>\n<\/ul>\n\n\n\n<div style=\"height:15px\" aria-hidden=\"true\" class=\"wp-block-spacer\"><\/div>\n\n\n\n<div style=\"height:15px\" aria-hidden=\"true\" class=\"wp-block-spacer\"><\/div>\n<\/div>\n\n\n\n<p class=\"has-text-align-center has-lightgray-background-color has-background\" style=\"font-size:1.3rem\">Sigue la mesa redonda de forma online a trav\u00e9s de nuestro canal de Youtube: <a href=\"https:\/\/www.youtube.com\/@fundacionentreculturas\">entreculturas.tv<\/a><\/p>\n\n\n\n<div class=\"wp-block-group has-global-padding is-layout-constrained wp-block-group-is-layout-constrained\"><\/div>\n","protected":false},"excerpt":{"rendered":"<p>Con motivo del D\u00eda Mundial de las Personas Refugiadas, desde Entreculturas y Alboan presentamos la campa\u00f1a \u2018Escuela Refugio\u2019 bajo el lema \u2018Aprender en peligro\u2019. Con ella, reivindicamos la importancia de la escuela como un espacio necesario de refugio y de acogida de la infancia refugiada en cualquier parte del mundo.\u00a0 En esta ocasi\u00f3n, mantendremos una mesa redonda en la que la conversaremos sobre la importancia de garantizar la educaci\u00f3n en contextos de crisis as\u00ed como de las consecuencias y retos que las crisis prolongadas y los nuevos conflictos suponen en t\u00e9rminos de desplazamiento forzado. Para ello, se profundizar\u00e1 en el contexto centroamericano y ucraniano de la mano de expertas sobre el terreno. Tambi\u00e9n se abordar\u00e1n las respuestas que las organizaciones de la sociedad civil llevan a cabo especialmente en el \u00e1mbito educativo. Qui\u00e9nes participar\u00e1n en la mesa redonda Sigue la mesa redonda de forma online a trav\u00e9s de nuestro canal [&hellip;]<\/p>\n","protected":false},"featured_media":25793,"template":"single-noticia","meta":{"_acf_changed":false},"categories":[7],"tags":[10],"country":[],"cause":[129],"class_list":["post-25792","noticia","type-noticia","status-publish","has-post-thumbnail","hentry","category-noticia","tag-migracion-y-refugio","cause-migracion-y-refugio"],"acf":[],"yoast_head":"<!-- This site is optimized with the Yoast SEO Premium plugin v21.6 (Yoast SEO v27.5) - https:\/\/yoast.com\/product\/yoast-seo-premium-wordpress\/ -->\n<title>D\u00eda Mundial de las Personas Refugiadas: presentamos la campa\u00f1a \u2018Escuela Refugio\u2019 - Entreculturas<\/title>\n<meta name=\"description\" content=\"Con motivo del D\u00eda Mundial de las Personas Refugiadas, presentamos la campa\u00f1a \u2018Escuela Refugio\u2019 bajo el lema \u2018Aprender en peligro\u2019.\" \/>\n<meta name=\"robots\" content=\"index, follow, max-snippet:-1, max-image-preview:large, max-video-preview:-1\" \/>\n<link rel=\"canonical\" href=\"https:\/\/www.entreculturas.org\/en\/noticia\/dia-mundial-de-las-personas-refugiadas-presentamos-la-campana-escuela-refugio\/\" \/>\n<meta property=\"og:locale\" content=\"en_US\" \/>\n<meta property=\"og:type\" content=\"article\" \/>\n<meta property=\"og:title\" content=\"D\u00eda Mundial de las Personas Refugiadas: presentamos la campa\u00f1a \u2018Escuela Refugio\u2019\" \/>\n<meta property=\"og:description\" content=\"Con motivo del D\u00eda Mundial de las Personas Refugiadas, presentamos la campa\u00f1a \u2018Escuela Refugio\u2019 bajo el lema \u2018Aprender en peligro\u2019.\" \/>\n<meta property=\"og:url\" content=\"https:\/\/www.entreculturas.org\/en\/noticia\/dia-mundial-de-las-personas-refugiadas-presentamos-la-campana-escuela-refugio\/\" \/>\n<meta property=\"og:site_name\" content=\"Entreculturas\" \/>\n<meta property=\"article:publisher\" content=\"https:\/\/www.facebook.com\/entreculturas\" \/>\n<meta property=\"article:modified_time\" content=\"2024-06-12T10:52:35+00:00\" \/>\n<meta property=\"og:image\" content=\"https:\/\/www.entreculturas.org\/wp-content\/uploads\/2024\/06\/CAF12_2022_0218_Credits-to-Irene-Galera-26-1024x576.jpg\" \/>\n\t<meta property=\"og:image:width\" content=\"1024\" \/>\n\t<meta property=\"og:image:height\" content=\"576\" \/>\n\t<meta property=\"og:image:type\" content=\"image\/jpeg\" \/>\n<meta name=\"twitter:card\" content=\"summary_large_image\" \/>\n<meta name=\"twitter:site\" content=\"@Entreculturas\" \/>\n<script type=\"application\/ld+json\" class=\"yoast-schema-graph\">{\"@context\":\"https:\\\/\\\/schema.org\",\"@graph\":[{\"@type\":\"WebPage\",\"@id\":\"https:\\\/\\\/www.entreculturas.org\\\/en\\\/noticia\\\/dia-mundial-de-las-personas-refugiadas-presentamos-la-campana-escuela-refugio\\\/\",\"url\":\"https:\\\/\\\/www.entreculturas.org\\\/en\\\/noticia\\\/dia-mundial-de-las-personas-refugiadas-presentamos-la-campana-escuela-refugio\\\/\",\"name\":\"D\u00eda Mundial de las Personas Refugiadas: presentamos la campa\u00f1a \u2018Escuela Refugio\u2019 - Entreculturas\",\"isPartOf\":{\"@id\":\"https:\\\/\\\/www.entreculturas.org\\\/en\\\/#website\"},\"primaryImageOfPage\":{\"@id\":\"https:\\\/\\\/www.entreculturas.org\\\/en\\\/noticia\\\/dia-mundial-de-las-personas-refugiadas-presentamos-la-campana-escuela-refugio\\\/#primaryimage\"},\"image\":{\"@id\":\"https:\\\/\\\/www.entreculturas.org\\\/en\\\/noticia\\\/dia-mundial-de-las-personas-refugiadas-presentamos-la-campana-escuela-refugio\\\/#primaryimage\"},\"thumbnailUrl\":\"https:\\\/\\\/www.entreculturas.org\\\/wp-content\\\/uploads\\\/2024\\\/06\\\/CAF12_2022_0218_Credits-to-Irene-Galera-26.jpg\",\"datePublished\":\"2024-06-12T09:45:44+00:00\",\"dateModified\":\"2024-06-12T10:52:35+00:00\",\"description\":\"Con motivo del D\u00eda Mundial de las Personas Refugiadas, presentamos la campa\u00f1a \u2018Escuela Refugio\u2019 bajo el lema \u2018Aprender en peligro\u2019.\",\"breadcrumb\":{\"@id\":\"https:\\\/\\\/www.entreculturas.org\\\/en\\\/noticia\\\/dia-mundial-de-las-personas-refugiadas-presentamos-la-campana-escuela-refugio\\\/#breadcrumb\"},\"inLanguage\":\"en-US\",\"potentialAction\":[{\"@type\":\"ReadAction\",\"target\":[\"https:\\\/\\\/www.entreculturas.org\\\/en\\\/noticia\\\/dia-mundial-de-las-personas-refugiadas-presentamos-la-campana-escuela-refugio\\\/\"]}]},{\"@type\":\"ImageObject\",\"inLanguage\":\"en-US\",\"@id\":\"https:\\\/\\\/www.entreculturas.org\\\/en\\\/noticia\\\/dia-mundial-de-las-personas-refugiadas-presentamos-la-campana-escuela-refugio\\\/#primaryimage\",\"url\":\"https:\\\/\\\/www.entreculturas.org\\\/wp-content\\\/uploads\\\/2024\\\/06\\\/CAF12_2022_0218_Credits-to-Irene-Galera-26.jpg\",\"contentUrl\":\"https:\\\/\\\/www.entreculturas.org\\\/wp-content\\\/uploads\\\/2024\\\/06\\\/CAF12_2022_0218_Credits-to-Irene-Galera-26.jpg\",\"width\":2048,\"height\":1152,\"caption\":\"Complexe scolaire Boeing, Bangui, RCA. Credits image \u00e0 Irene Galera\"},{\"@type\":\"BreadcrumbList\",\"@id\":\"https:\\\/\\\/www.entreculturas.org\\\/en\\\/noticia\\\/dia-mundial-de-las-personas-refugiadas-presentamos-la-campana-escuela-refugio\\\/#breadcrumb\",\"itemListElement\":[{\"@type\":\"ListItem\",\"position\":1,\"name\":\"Home\",\"item\":\"https:\\\/\\\/www.entreculturas.org\\\/en\\\/\"},{\"@type\":\"ListItem\",\"position\":2,\"name\":\"Noticias\",\"item\":\"https:\\\/\\\/www.entreculturas.org\\\/en\\\/noticias\\\/\"},{\"@type\":\"ListItem\",\"position\":3,\"name\":\"D\u00eda Mundial de las Personas Refugiadas: presentamos la campa\u00f1a \u2018Escuela Refugio\u2019\"}]},{\"@type\":\"WebSite\",\"@id\":\"https:\\\/\\\/www.entreculturas.org\\\/en\\\/#website\",\"url\":\"https:\\\/\\\/www.entreculturas.org\\\/en\\\/\",\"name\":\"Entreculturas\",\"description\":\"\",\"publisher\":{\"@id\":\"https:\\\/\\\/www.entreculturas.org\\\/en\\\/#organization\"},\"alternateName\":\"Entreculturas\",\"potentialAction\":[{\"@type\":\"SearchAction\",\"target\":{\"@type\":\"EntryPoint\",\"urlTemplate\":\"https:\\\/\\\/www.entreculturas.org\\\/en\\\/?s={search_term_string}\"},\"query-input\":{\"@type\":\"PropertyValueSpecification\",\"valueRequired\":true,\"valueName\":\"search_term_string\"}}],\"inLanguage\":\"en-US\"},{\"@type\":\"Organization\",\"@id\":\"https:\\\/\\\/www.entreculturas.org\\\/en\\\/#organization\",\"name\":\"Entreculturas\",\"url\":\"https:\\\/\\\/www.entreculturas.org\\\/en\\\/\",\"logo\":{\"@type\":\"ImageObject\",\"inLanguage\":\"en-US\",\"@id\":\"https:\\\/\\\/www.entreculturas.org\\\/en\\\/#\\\/schema\\\/logo\\\/image\\\/\",\"url\":\"https:\\\/\\\/www.entreculturas.org\\\/wp-content\\\/uploads\\\/2025\\\/10\\\/ESP.svg\",\"contentUrl\":\"https:\\\/\\\/www.entreculturas.org\\\/wp-content\\\/uploads\\\/2025\\\/10\\\/ESP.svg\",\"caption\":\"Entreculturas\"},\"image\":{\"@id\":\"https:\\\/\\\/www.entreculturas.org\\\/en\\\/#\\\/schema\\\/logo\\\/image\\\/\"},\"sameAs\":[\"https:\\\/\\\/www.facebook.com\\\/entreculturas\",\"https:\\\/\\\/x.com\\\/Entreculturas\",\"https:\\\/\\\/www.instagram.com\\\/entreculturas\\\/\",\"https:\\\/\\\/www.youtube.com\\\/user\\\/entreculturasvideo\",\"https:\\\/\\\/www.linkedin.com\\\/company\\\/fundacion-entreculturas-ngdo\\\/\",\"https:\\\/\\\/www.flickr.com\\\/photos\\\/98455522@N04\\\/albums\\\/\"]}]}<\/script>\n<!-- \/ Yoast SEO Premium plugin. -->","yoast_head_json":{"title":"D\u00eda Mundial de las Personas Refugiadas: presentamos la campa\u00f1a \u2018Escuela Refugio\u2019 - Entreculturas","description":"Con motivo del D\u00eda Mundial de las Personas Refugiadas, presentamos la campa\u00f1a \u2018Escuela Refugio\u2019 bajo el lema \u2018Aprender en peligro\u2019.","robots":{"index":"index","follow":"follow","max-snippet":"max-snippet:-1","max-image-preview":"max-image-preview:large","max-video-preview":"max-video-preview:-1"},"canonical":"https:\/\/www.entreculturas.org\/en\/noticia\/dia-mundial-de-las-personas-refugiadas-presentamos-la-campana-escuela-refugio\/","og_locale":"en_US","og_type":"article","og_title":"D\u00eda Mundial de las Personas Refugiadas: presentamos la campa\u00f1a \u2018Escuela Refugio\u2019","og_description":"Con motivo del D\u00eda Mundial de las Personas Refugiadas, presentamos la campa\u00f1a \u2018Escuela Refugio\u2019 bajo el lema \u2018Aprender en peligro\u2019.","og_url":"https:\/\/www.entreculturas.org\/en\/noticia\/dia-mundial-de-las-personas-refugiadas-presentamos-la-campana-escuela-refugio\/","og_site_name":"Entreculturas","article_publisher":"https:\/\/www.facebook.com\/entreculturas","article_modified_time":"2024-06-12T10:52:35+00:00","og_image":[{"width":1024,"height":576,"url":"https:\/\/www.entreculturas.org\/wp-content\/uploads\/2024\/06\/CAF12_2022_0218_Credits-to-Irene-Galera-26-1024x576.jpg","type":"image\/jpeg"}],"twitter_card":"summary_large_image","twitter_site":"@Entreculturas","schema":{"@context":"https:\/\/schema.org","@graph":[{"@type":"WebPage","@id":"https:\/\/www.entreculturas.org\/en\/noticia\/dia-mundial-de-las-personas-refugiadas-presentamos-la-campana-escuela-refugio\/","url":"https:\/\/www.entreculturas.org\/en\/noticia\/dia-mundial-de-las-personas-refugiadas-presentamos-la-campana-escuela-refugio\/","name":"D\u00eda Mundial de las Personas Refugiadas: presentamos la campa\u00f1a \u2018Escuela Refugio\u2019 - Entreculturas","isPartOf":{"@id":"https:\/\/www.entreculturas.org\/en\/#website"},"primaryImageOfPage":{"@id":"https:\/\/www.entreculturas.org\/en\/noticia\/dia-mundial-de-las-personas-refugiadas-presentamos-la-campana-escuela-refugio\/#primaryimage"},"image":{"@id":"https:\/\/www.entreculturas.org\/en\/noticia\/dia-mundial-de-las-personas-refugiadas-presentamos-la-campana-escuela-refugio\/#primaryimage"},"thumbnailUrl":"https:\/\/www.entreculturas.org\/wp-content\/uploads\/2024\/06\/CAF12_2022_0218_Credits-to-Irene-Galera-26.jpg","datePublished":"2024-06-12T09:45:44+00:00","dateModified":"2024-06-12T10:52:35+00:00","description":"Con motivo del D\u00eda Mundial de las Personas Refugiadas, presentamos la campa\u00f1a \u2018Escuela Refugio\u2019 bajo el lema \u2018Aprender en peligro\u2019.","breadcrumb":{"@id":"https:\/\/www.entreculturas.org\/en\/noticia\/dia-mundial-de-las-personas-refugiadas-presentamos-la-campana-escuela-refugio\/#breadcrumb"},"inLanguage":"en-US","potentialAction":[{"@type":"ReadAction","target":["https:\/\/www.entreculturas.org\/en\/noticia\/dia-mundial-de-las-personas-refugiadas-presentamos-la-campana-escuela-refugio\/"]}]},{"@type":"ImageObject","inLanguage":"en-US","@id":"https:\/\/www.entreculturas.org\/en\/noticia\/dia-mundial-de-las-personas-refugiadas-presentamos-la-campana-escuela-refugio\/#primaryimage","url":"https:\/\/www.entreculturas.org\/wp-content\/uploads\/2024\/06\/CAF12_2022_0218_Credits-to-Irene-Galera-26.jpg","contentUrl":"https:\/\/www.entreculturas.org\/wp-content\/uploads\/2024\/06\/CAF12_2022_0218_Credits-to-Irene-Galera-26.jpg","width":2048,"height":1152,"caption":"Complexe scolaire Boeing, Bangui, RCA. Credits image \u00e0 Irene Galera"},{"@type":"BreadcrumbList","@id":"https:\/\/www.entreculturas.org\/en\/noticia\/dia-mundial-de-las-personas-refugiadas-presentamos-la-campana-escuela-refugio\/#breadcrumb","itemListElement":[{"@type":"ListItem","position":1,"name":"Home","item":"https:\/\/www.entreculturas.org\/en\/"},{"@type":"ListItem","position":2,"name":"Noticias","item":"https:\/\/www.entreculturas.org\/en\/noticias\/"},{"@type":"ListItem","position":3,"name":"D\u00eda Mundial de las Personas Refugiadas: presentamos la campa\u00f1a \u2018Escuela Refugio\u2019"}]},{"@type":"WebSite","@id":"https:\/\/www.entreculturas.org\/en\/#website","url":"https:\/\/www.entreculturas.org\/en\/","name":"Entreculturas","description":"","publisher":{"@id":"https:\/\/www.entreculturas.org\/en\/#organization"},"alternateName":"Entreculturas","potentialAction":[{"@type":"SearchAction","target":{"@type":"EntryPoint","urlTemplate":"https:\/\/www.entreculturas.org\/en\/?s={search_term_string}"},"query-input":{"@type":"PropertyValueSpecification","valueRequired":true,"valueName":"search_term_string"}}],"inLanguage":"en-US"},{"@type":"Organization","@id":"https:\/\/www.entreculturas.org\/en\/#organization","name":"Entreculturas","url":"https:\/\/www.entreculturas.org\/en\/","logo":{"@type":"ImageObject","inLanguage":"en-US","@id":"https:\/\/www.entreculturas.org\/en\/#\/schema\/logo\/image\/","url":"https:\/\/www.entreculturas.org\/wp-content\/uploads\/2025\/10\/ESP.svg","contentUrl":"https:\/\/www.entreculturas.org\/wp-content\/uploads\/2025\/10\/ESP.svg","caption":"Entreculturas"},"image":{"@id":"https:\/\/www.entreculturas.org\/en\/#\/schema\/logo\/image\/"},"sameAs":["https:\/\/www.facebook.com\/entreculturas","https:\/\/x.com\/Entreculturas","https:\/\/www.instagram.com\/entreculturas\/","https:\/\/www.youtube.com\/user\/entreculturasvideo","https:\/\/www.linkedin.com\/company\/fundacion-entreculturas-ngdo\/","https:\/\/www.flickr.com\/photos\/98455522@N04\/albums\/"]}]}},"_links":{"self":[{"href":"https:\/\/www.entreculturas.org\/en\/wp-json\/wp\/v2\/noticia\/25792","targetHints":{"allow":["GET"]}}],"collection":[{"href":"https:\/\/www.entreculturas.org\/en\/wp-json\/wp\/v2\/noticia"}],"about":[{"href":"https:\/\/www.entreculturas.org\/en\/wp-json\/wp\/v2\/types\/noticia"}],"wp:featuredmedia":[{"embeddable":true,"href":"https:\/\/www.entreculturas.org\/en\/wp-json\/wp\/v2\/media\/25793"}],"wp:attachment":[{"href":"https:\/\/www.entreculturas.org\/en\/wp-json\/wp\/v2\/media?parent=25792"}],"wp:term":[{"taxonomy":"category","embeddable":true,"href":"https:\/\/www.entreculturas.org\/en\/wp-json\/wp\/v2\/categories?post=25792"},{"taxonomy":"post_tag","embeddable":true,"href":"https:\/\/www.entreculturas.org\/en\/wp-json\/wp\/v2\/tags?post=25792"},{"taxonomy":"country","embeddable":true,"href":"https:\/\/www.entreculturas.org\/en\/wp-json\/wp\/v2\/country?post=25792"},{"taxonomy":"cause","embeddable":true,"href":"https:\/\/www.entreculturas.org\/en\/wp-json\/wp\/v2\/cause?post=25792"}],"curies":[{"name":"wp","href":"https:\/\/api.w.org\/{rel}","templated":true}]}}