{"id":25747,"date":"2024-06-28T13:43:41","date_gmt":"2024-06-28T11:43:41","guid":{"rendered":"https:\/\/www.entreculturas.org\/?post_type=noticia&#038;p=25747"},"modified":"2026-01-27T11:03:55","modified_gmt":"2026-01-27T10:03:55","slug":"derechos-de-las-mujeres","status":"publish","type":"noticia","link":"https:\/\/www.entreculturas.org\/en\/noticia\/derechos-de-las-mujeres\/","title":{"rendered":"Derechos de las Mujeres: Un Camino Hacia la Equidad de G\u00e9nero"},"content":{"rendered":"\n<p class=\"has-text-align-left\">La <strong>lucha por los derechos de las mujeres<\/strong> es una causa fundamental que ha avanzado significativamente en las \u00faltimas d\u00e9cadas, pero a\u00fan enfrenta numerosos desaf\u00edos. Desde la <strong>discriminaci\u00f3n laboral hasta la violencia de g\u00e9nero, <\/strong>las mujeres de todo el mundo contin\u00faan enfrentando amenazas y barreras que limitan su pleno desarrollo y participaci\u00f3n en la sociedad.<\/p>\n\n\n\n<p class=\"has-text-align-left\">En este art\u00edculo, exploraremos la importancia de los derechos de las mujeres, los desaf\u00edos actuales, y el trabajo que realizamos desde <a href=\"https:\/\/www.entreculturas.org\/\">Entreculturas<\/a> para promover la equidad de g\u00e9nero.<\/p>\n\n\n\n<div style=\"height:0px\" aria-hidden=\"true\" class=\"wp-block-spacer\"><\/div>\n\n\n\n<h2 class=\"wp-block-heading has-large-font-size\" id=\"h-la-importancia-de-los-derechos-de-las-mujeres\" style=\"margin-top:0;margin-bottom:var(--wp--preset--spacing--30)\"><strong>La Importancia de los Derechos de las Mujeres<\/strong><\/h2>\n\n\n\n<p style=\"margin-bottom:0\">Los <strong>derechos de las mujeres son derechos humanos fundamentales <\/strong>que abarcan todas las esferas de la vida, incluyendo la pol\u00edtica, econ\u00f3mica, social y cultural. La igualdad de g\u00e9nero no solo es un derecho humano b\u00e1sico, sino que tambi\u00e9n es esencial para el desarrollo y la paz en todas las naciones. Las mujeres y ni\u00f1as que tienen acceso a la educaci\u00f3n, la atenci\u00f3n m\u00e9dica, un trabajo digno y la participaci\u00f3n en la vida pol\u00edtica y econ\u00f3mica son m\u00e1s capaces de contribuir al desarrollo de sus comunidades y pa\u00edses.<\/p>\n\n\n\n<p style=\"margin-bottom:0\">El <strong>empoderamiento de las mujeres es crucial <\/strong>para el avance de cualquier sociedad. Cuando <strong>las mujeres pueden participar plenamente<\/strong> en la vida econ\u00f3mica, pol\u00edtica y social, las comunidades prosperan.<\/p>\n\n\n\n<p>Las mujeres empoderadas tienden a invertir en la salud, la educaci\u00f3n y el bienestar de sus familias, lo que genera un efecto multiplicador beneficioso para toda la sociedad.<\/p>\n\n\n\n<div style=\"height:15px\" aria-hidden=\"true\" class=\"wp-block-spacer\"><\/div>\n\n\n\n<h2 class=\"wp-block-heading has-large-font-size\" id=\"h-desafios-actuales-en-la-lucha-por-la-equidad-de-genero\" style=\"margin-top:0\"><strong>Desaf\u00edos Actuales en la Lucha por la Equidad de G\u00e9nero<\/strong><\/h2>\n\n\n\n<p style=\"margin-top:var(--wp--preset--spacing--30);margin-bottom:var(--wp--preset--spacing--30)\">A pesar de los avances, <strong>muchas mujeres y ni\u00f1as en todo el mundo siguen enfrentando desigualdades significativas. <\/strong>Algunos de los desaf\u00edos m\u00e1s cr\u00edticos incluyen:<\/p>\n\n\n\n<ul class=\"wp-block-list\">\n<li><strong>Violencia de G\u00e9nero:<\/strong> La violencia contra las mujeres y ni\u00f1as sigue siendo una de las violaciones de derechos humanos m\u00e1s generalizadas. Incluye violencia dom\u00e9stica, tr\u00e1fico de personas, violencia sexual y mutilaci\u00f3n genital femenina. Seg\u00fan la ONU, una de cada tres mujeres en el mundo ha sufrido violencia f\u00edsica o sexual, en su mayor\u00eda por parte de su pareja \u00edntima.<\/li>\n<\/ul>\n\n\n\n<ul class=\"wp-block-list\">\n<li><strong>Brecha Salarial:<\/strong> Las mujeres contin\u00faan ganando menos que los hombres por el mismo trabajo, lo que perpet\u00faa la pobreza y limita el acceso a recursos y oportunidades. A nivel mundial, las mujeres ganan en promedio solo el 77% de lo que ganan los hombres.<\/li>\n<\/ul>\n\n\n\n<ul class=\"wp-block-list\">\n<li><strong><strong>Acceso a la Educaci\u00f3n<\/strong>:<\/strong> En muchos lugares del mundo, las ni\u00f1as tienen menos probabilidades que los ni\u00f1os de completar su educaci\u00f3n primaria y secundaria, lo que limita sus oportunidades de empleo y desarrollo personal. La UNESCO estima que 132 millones de ni\u00f1as en edad escolar no asisten a la escuela.<\/li>\n<\/ul>\n\n\n\n<ul class=\"wp-block-list\">\n<li><strong><strong>Participaci\u00f3n Pol\u00edtica:<\/strong><\/strong> Aunque ha habido un aumento en la participaci\u00f3n de las mujeres en la pol\u00edtica, todav\u00eda est\u00e1n sub-representadas en los cargos de toma de decisiones a todos los niveles. Las mujeres ocupan solo el 24% de los esca\u00f1os parlamentarios a nivel mundial.<\/li>\n<\/ul>\n\n\n\n<ul class=\"wp-block-list\">\n<li><strong>Carga de Trabajo No Remunerado:<\/strong> Las mujeres realizan la mayor parte del trabajo no remunerado, como el cuidado de los ni\u00f1os y las tareas del hogar. Este trabajo no remunerado limita el tiempo que las mujeres pueden dedicar a actividades remuneradas y educativas.<\/li>\n<\/ul>\n\n\n\n<div class=\"wp-block-columns is-layout-flex wp-container-core-columns-is-layout-28f84493 wp-block-columns-is-layout-flex\">\n<div class=\"wp-block-column is-layout-flow wp-block-column-is-layout-flow\" style=\"padding-right:var(--wp--preset--spacing--50)\">\n<figure class=\"wp-block-image aligncenter size-full is-resized\"><img decoding=\"async\" width=\"567\" height=\"319\" src=\"https:\/\/www.entreculturas.org\/wp-content\/uploads\/2025\/01\/KR-03-03-52-edited.png\" alt=\"Programa Kanwa'r\" class=\"wp-image-37283\" style=\"width:825px;height:auto\" srcset=\"https:\/\/www.entreculturas.org\/wp-content\/uploads\/2025\/01\/KR-03-03-52-edited.png 567w, https:\/\/www.entreculturas.org\/wp-content\/uploads\/2025\/01\/KR-03-03-52-edited-300x169.png 300w\" sizes=\"(max-width: 567px) 100vw, 567px\" \/><\/figure>\n<\/div>\n<\/div>\n\n\n\n<div style=\"height:23px\" aria-hidden=\"true\" class=\"wp-block-spacer\"><\/div>\n\n\n\n<h2 class=\"wp-block-heading has-large-font-size\" id=\"h-cuales-son-los-principales-derechos-de-las-mujeres-y-las-ninas\">Cu\u00e1les Son los Principales Derechos de las Mujeres y las Ni\u00f1as<\/h2>\n\n\n\n<p><br>Las mujeres y ni\u00f1as tienen derechos fundamentales que garantizan su dignidad, bienestar y participaci\u00f3n equitativa en la sociedad. Algunos de los derechos m\u00e1s importantes incluyen:<\/p>\n\n\n\n<ul class=\"wp-block-list\">\n<li><strong>Derecho a la Educaci\u00f3n<\/strong>: Garantiza el acceso a una educaci\u00f3n de calidad en igualdad de condiciones con los ni\u00f1os.<\/li>\n\n\n\n<li><strong>Derecho a la Salud<\/strong>: Incluye el acceso a servicios m\u00e9dicos adecuados, salud sexual y reproductiva.<\/li>\n\n\n\n<li><strong>Derecho a una Vida Libre de Violencia<\/strong>: Protecci\u00f3n contra el abuso, la trata de personas, la violencia dom\u00e9stica y otras formas de violencia de g\u00e9nero.<\/li>\n\n\n\n<li><strong>Derecho a la Igualdad Salarial y Laboral<\/strong>: Exige la eliminaci\u00f3n de la brecha salarial y el acceso a las mismas oportunidades laborales que los hombres.<\/li>\n\n\n\n<li><strong>Derecho a la Participaci\u00f3n Pol\u00edtica<\/strong>: Incluye la posibilidad de votar, postularse a cargos p\u00fablicos y participar en la toma de decisiones.<\/li>\n\n\n\n<li><strong>Derecho a la Propiedad y Herencia<\/strong>: En muchos pa\u00edses, las mujeres a\u00fan enfrentan barreras legales para poseer tierras y bienes.<br><\/li>\n<\/ul>\n\n\n\n<h2 class=\"wp-block-heading has-large-font-size\" id=\"h-organismos-internacionales-que-protegen-los-derechos-de-las-mujeres-y-ninas\">Organismos Internacionales que Protegen los Derechos de las Mujeres y Ni\u00f1as<\/h2>\n\n\n\n<p>A lo largo de las d\u00e9cadas, distintos organismos internacionales han trabajado en la promoci\u00f3n y protecci\u00f3n de los derechos de las mujeres y ni\u00f1as. Entre las principales entidades que lideran estos esfuerzos se encuentran:<\/p>\n\n\n\n<ul class=\"wp-block-list\">\n<li><strong>Naciones Unidas (ONU)<\/strong>: Ha desarrollado importantes tratados y declaraciones, como la <strong>Convenci\u00f3n sobre la Eliminaci\u00f3n de Todas las Formas de Discriminaci\u00f3n contra la Mujer (CEDAW)<\/strong> (1979) y la <strong>Declaraci\u00f3n y Plataforma de Acci\u00f3n de Beijing<\/strong> (1995), que han sido clave en la lucha por la equidad de g\u00e9nero.<br><\/li>\n\n\n\n<li><strong>ONU Mujeres<\/strong>: Creada en 2010, impulsa iniciativas globales para erradicar la violencia de g\u00e9nero, fomentar la participaci\u00f3n pol\u00edtica de las mujeres y promover su empoderamiento econ\u00f3mico.<br><\/li>\n\n\n\n<li><strong>UNESCO<\/strong>: Ha promovido programas educativos para reducir la brecha de g\u00e9nero en el acceso a la educaci\u00f3n, logrando avances significativos en la escolarizaci\u00f3n de ni\u00f1as en diversos pa\u00edses.<br><\/li>\n\n\n\n<li><strong>UNICEF<\/strong>: Ha trabajado para erradicar pr\u00e1cticas como el matrimonio infantil y la mutilaci\u00f3n genital femenina, promoviendo leyes y programas de protecci\u00f3n en diversas regiones.<br><\/li>\n\n\n\n<li><strong>Organizaci\u00f3n Internacional del Trabajo (OIT)<\/strong>: Ha desarrollado convenios para garantizar la igualdad salarial y erradicar la discriminaci\u00f3n en el \u00e1mbito laboral, como el <strong>Convenio sobre la Igualdad de Remuneraci\u00f3n (1951)<\/strong> y el <strong>Convenio sobre la Eliminaci\u00f3n de la Violencia y el Acoso en el Mundo del Trabajo (2019)<\/strong>.<br><\/li>\n\n\n\n<li><strong>Comisi\u00f3n Interamericana de Derechos Humanos (CIDH)<\/strong>: A trav\u00e9s de su Relator\u00eda sobre los Derechos de las Mujeres, ha documentado y denunciado casos de violencia de g\u00e9nero en Am\u00e9rica Latina, promoviendo marcos legales para la protecci\u00f3n de las v\u00edctimas.<\/li>\n<\/ul>\n\n\n\n<h3 class=\"wp-block-heading has-large-font-size\" id=\"h-principales-avances-en-los-derechos-de-las-mujeres-y-las-ninas\">Principales avances en los derechos de las mujeres y las ni\u00f1as<\/h3>\n\n\n\n<p>Gracias al trabajo de estos organismos y otras organizaciones como Entreculturas y a la movilizaci\u00f3n de la sociedad civil, se han logrado avances importantes en la garant\u00eda de los derechos de las mujeres y ni\u00f1as:<\/p>\n\n\n\n<ul class=\"wp-block-list\">\n<li><strong>Legislaci\u00f3n y marcos normativos<\/strong>: En las \u00faltimas d\u00e9cadas, muchos pa\u00edses han implementado leyes para combatir la violencia de g\u00e9nero, penalizar el acoso sexual y promover la igualdad en el \u00e1mbito laboral y pol\u00edtico. En algunos pa\u00edses, se han aprobado cuotas de g\u00e9nero para garantizar la representaci\u00f3n femenina en parlamentos y otros espacios de toma de decisiones.<\/li>\n\n\n\n<li><strong>Mayor participaci\u00f3n pol\u00edtica<\/strong>: La presencia de mujeres en la pol\u00edtica ha aumentado en diversas regiones. Actualmente, pa\u00edses como Espa\u00f1a, M\u00e9xico y Sud\u00e1frica cuentan con gabinetes paritarios, y m\u00e1s mujeres ocupan esca\u00f1os en los parlamentos nacionales que hace dos d\u00e9cadas.<\/li>\n\n\n\n<li><strong>Reducci\u00f3n del matrimonio infantil:<\/strong> Gracias a las campa\u00f1as de concienciaci\u00f3n y a la adopci\u00f3n de leyes que elevan la edad m\u00ednima para contraer matrimonio, la tasa de matrimonio infantil ha disminuido en varios pa\u00edses, especialmente en el sur de Asia. Sin embargo, persisten desaf\u00edos en zonas rurales y comunidades con menos acceso a recursos educativos.<\/li>\n\n\n\n<li><strong>Avances en el acceso a la educaci\u00f3n: <\/strong>El n\u00famero de ni\u00f1as matriculadas en la educaci\u00f3n primaria y secundaria ha aumentado significativamente en muchas regiones del mundo. En Am\u00e9rica Latina, por ejemplo, la tasa de escolarizaci\u00f3n de ni\u00f1as ha alcanzado niveles comparables a la de los ni\u00f1os.<\/li>\n\n\n\n<li><strong>Empoderamiento econ\u00f3mico:<\/strong> Cada vez m\u00e1s mujeres tienen acceso a cr\u00e9ditos, formaci\u00f3n t\u00e9cnica y oportunidades laborales en sectores tradicionalmente masculinizados. Organizaciones internacionales han impulsado programas de emprendimiento y microfinanzas que han permitido a miles de mujeres alcanzar la autonom\u00eda econ\u00f3mica.<br><\/li>\n<\/ul>\n\n\n\n<h2 class=\"wp-block-heading has-large-font-size\" id=\"h-el-trabajo-de-entreculturas-para-promover-los-derechos-de-las-mujeres\"><strong>El Trabajo de Entreculturas para Promover los derechos de las mujeres<\/strong><\/h2>\n\n\n\n<p style=\"margin-bottom:var(--wp--preset--spacing--40)\">En Entreculturas, trabajamos para fomentar la equidad de g\u00e9nero a trav\u00e9s de diversas iniciativas y programas. Nuestra misi\u00f3n es promover el cambio de patrones culturales y la defensa de la igualdad de g\u00e9nero como derecho humano fundamental y estrategia privilegiada para la construcci\u00f3n de paz y desarrollo.<\/p>\n\n\n\n<p style=\"margin-bottom:var(--wp--preset--spacing--40)\">A trav\u00e9s de nuestros programas, prestamos una atenci\u00f3n especial a mujeres y ni\u00f1as, que se enfrentan a una mayor desigualdad y vulnerabilidad por el hecho de ser mujeres, y trabajamos mediante proyectos espec\u00edficos para protegerlas de la violencia, fomentando su participaci\u00f3n y promoviendo su desarrollo, utilizando la educaci\u00f3n como herramienta fundamental.<\/p>\n\n\n\n<h3 class=\"wp-block-heading has-large-font-size\" id=\"h-como-trabajamos-para-promover-la-equidad-de-genero\" style=\"margin-bottom:var(--wp--preset--spacing--30)\"><strong>C\u00f3mo Trabajamos para Promover la equidad de g\u00e9nero<\/strong><\/h3>\n\n\n\n<p style=\"margin-bottom:var(--wp--preset--spacing--40)\">En Entreculturas, promovemos la equidad de g\u00e9nero la equidad de g\u00e9nero a trav\u00e9s de diversas iniciativas y programas:<\/p>\n\n\n\n<ul class=\"wp-block-list\">\n<li><strong>Formaci\u00f3n a Maestras: <\/strong>La formaci\u00f3n continua de maestras es esencial para mejorar la calidad de la educaci\u00f3n y crear entornos escolares inclusivos. Ofrecemos programas de capacitaci\u00f3n que proporcionan herramientas y metodolog\u00edas necesarias para fomentar una ense\u00f1anza equitativa y sensible al g\u00e9nero, abordando tambi\u00e9n la gesti\u00f3n de aulas diversas y el apoyo emocional a los estudiantes.<\/li>\n<\/ul>\n\n\n\n<ul class=\"wp-block-list\">\n<li><strong>Acompa\u00f1amiento a Mujeres Migrantes y Refugiadas: <\/strong>Apoyamos a mujeres migrantes y refugiadas en todas las etapas de su viaje, ofreciendo asistencia legal, apoyo psicol\u00f3gico y programas de integraci\u00f3n socioecon\u00f3mica. En colaboraci\u00f3n con organizaciones como el Servicio Jesuita a Refugiados (JRS), garantizamos acceso a educaci\u00f3n, empleo y servicios de salud para que estas mujeres puedan reconstruir sus vidas en un entorno seguro y digno.<\/li>\n<\/ul>\n\n\n\n<ul class=\"wp-block-list\">\n<li><strong>Coeducaci\u00f3n: <\/strong>La coeducaci\u00f3n es clave para promover la igualdad de g\u00e9nero desde la infancia. Desarrollamos programas educativos que fomentan la participaci\u00f3n igualitaria de ni\u00f1os y ni\u00f1as en todas las actividades escolares. Estos programas desmantelan estereotipos de g\u00e9nero y promueven valores de respeto y cooperaci\u00f3n.<\/li>\n<\/ul>\n\n\n\n<ul class=\"wp-block-list\">\n<li><strong>Coalici\u00f3n \u201cNo Quiero\u201d: <\/strong>La coalici\u00f3n &#8220;No Quiero&#8221; lucha contra el matrimonio infantil, precoz y forzoso, protegiendo los derechos de las ni\u00f1as. Trabajamos en alianza con otras organizaciones para erradicar estas pr\u00e1cticas mediante campa\u00f1as de sensibilizaci\u00f3n, incidencia pol\u00edtica y programas educativos, ofreciendo alternativas educativas y oportunidades de desarrollo personal y profesional.<\/li>\n<\/ul>\n\n\n\n<h3 class=\"wp-block-heading has-large-font-size\" id=\"h-campana-la-luz-de-las-ninas\" style=\"margin-top:0\"><strong>Campa\u00f1a La Luz de las Ni\u00f1as<\/strong><\/h3>\n\n\n\n<p class=\"has-text-align-left has-small-font-size\" style=\"margin-top:var(--wp--preset--spacing--30);margin-right:0;margin-bottom:var(--wp--preset--spacing--30);margin-left:0;padding-right:0;padding-bottom:0;padding-left:0\">Una de nuestras campa\u00f1as m\u00e1s destacadas es <a href=\"https:\/\/www.entreculturas.org\/la-luz-de-las-ninas\/\">&#8220;La Luz de las Ni\u00f1as&#8221;<\/a>, que se centra en la sensibilizaci\u00f3n e incidencia sobre los derechos de las ni\u00f1as. Esta campa\u00f1a tiene como objetivo visibilizar y combatir las violencias espec\u00edficas que sufren las ni\u00f1as en todo el mundo. A trav\u00e9s de esta iniciativa, buscamos empoderar a las ni\u00f1as y adolescentes para que puedan ejercer sus derechos y vivir libres de violencia y discriminaci\u00f3n.<\/p>\n\n\n\n<p class=\"has-medium-font-size\"><strong>\u00bfC\u00f3mo lo hacemos?<\/strong><\/p>\n\n\n\n<ul class=\"wp-block-list\">\n<li><strong>Sensibilizaci\u00f3n y Educaci\u00f3n<\/strong>: Aumentar la conciencia sobre las violencias que enfrentan las ni\u00f1as y promover una cultura de igualdad y respeto.<\/li>\n<\/ul>\n\n\n\n<ul class=\"wp-block-list\">\n<li><strong>Empoderamiento:<\/strong> Proporcionar a las ni\u00f1as las herramientas y recursos necesarios para que puedan defender sus derechos y tomar el control de sus vidas.<\/li>\n<\/ul>\n\n\n\n<ul class=\"wp-block-list\">\n<li style=\"margin-bottom:var(--wp--preset--spacing--40)\"><strong>Incidencia Pol\u00edtica:<\/strong> Influir en pol\u00edticas p\u00fablicas y legislaciones para proteger los derechos de las ni\u00f1as y garantizar su seguridad y bienestar.<br><\/li>\n<\/ul>\n\n\n\n<figure class=\"wp-block-image aligncenter size-full is-resized\"><img decoding=\"async\" width=\"2560\" height=\"1707\" src=\"https:\/\/www.entreculturas.org\/wp-content\/uploads\/2024\/06\/2023-02_VoyaSer_JulioPerez_Guatemala_INV-VAS-58-scaled.jpg\" alt=\"\" class=\"wp-image-26654\" style=\"object-fit:cover;width:900px;height:600px\" srcset=\"https:\/\/www.entreculturas.org\/wp-content\/uploads\/2024\/06\/2023-02_VoyaSer_JulioPerez_Guatemala_INV-VAS-58-scaled.jpg 2560w, https:\/\/www.entreculturas.org\/wp-content\/uploads\/2024\/06\/2023-02_VoyaSer_JulioPerez_Guatemala_INV-VAS-58-300x200.jpg 300w, https:\/\/www.entreculturas.org\/wp-content\/uploads\/2024\/06\/2023-02_VoyaSer_JulioPerez_Guatemala_INV-VAS-58-1024x683.jpg 1024w, https:\/\/www.entreculturas.org\/wp-content\/uploads\/2024\/06\/2023-02_VoyaSer_JulioPerez_Guatemala_INV-VAS-58-768x512.jpg 768w, https:\/\/www.entreculturas.org\/wp-content\/uploads\/2024\/06\/2023-02_VoyaSer_JulioPerez_Guatemala_INV-VAS-58-1536x1024.jpg 1536w, https:\/\/www.entreculturas.org\/wp-content\/uploads\/2024\/06\/2023-02_VoyaSer_JulioPerez_Guatemala_INV-VAS-58-2048x1365.jpg 2048w\" sizes=\"(max-width: 2560px) 100vw, 2560px\" \/><\/figure>\n\n\n\n<p class=\"has-small-font-size\" style=\"margin-top:var(--wp--preset--spacing--30);margin-right:0;margin-bottom:var(--wp--preset--spacing--30);margin-left:0;padding-right:0;padding-left:0\">La promoci\u00f3n de los derechos de las mujeres y la equidad de g\u00e9nero es fundamental para construir sociedades justas y equitativas.<\/p>\n\n\n\n<p class=\"has-small-font-size\" style=\"margin-top:var(--wp--preset--spacing--30);margin-right:0;margin-bottom:var(--wp--preset--spacing--30);margin-left:0;padding-right:0;padding-left:0\">En Entreculturas, nuestro compromiso es seguir trabajando incansablemente para garantizar que todas las ni\u00f1as y mujeres puedan vivir libres de violencia y discriminaci\u00f3n y tengan acceso a oportunidades para que sean protagonistas de su propio desarrollo.<\/p>\n\n\n\n<p class=\"has-small-font-size\" style=\"margin-top:var(--wp--preset--spacing--30);margin-right:0;margin-bottom:var(--wp--preset--spacing--30);margin-left:0;padding-right:0;padding-left:0\">Para m\u00e1s informaci\u00f3n sobre nuestro trabajo y c\u00f3mo puedes involucrarte, visita Entreculturas y <a href=\"https:\/\/www.laluzdelasninas.org\/\">La Luz de las Ni\u00f1as<\/a>.<\/p>\n","protected":false},"excerpt":{"rendered":"<p>Seg\u00fan las estad\u00edsticas del Servicio Nacional de Migraci\u00f3n (SNM), hasta mediados de junio de 2023 m\u00e1s de 175.000 personas migrantes han ingresado a Panam\u00e1 a trav\u00e9s del Tap\u00f3n del Dari\u00e9n, una cifra hist\u00f3rica. Lo m\u00e1s preocupante es el creciente n\u00famero de ni\u00f1os y ni\u00f1as que se encuentran expuestos a los peligros de esta implacable ruta migratoria.Hemos recorrido parte de la ruta junto a nuestra organizaci\u00f3n hermana en terreno, Fe y Alegr\u00eda Panam\u00e1, retratando la realidad y dando voz a las personas que se ponen en camino a trav\u00e9s de la lente del fotoperiodista Sergi C\u00e1mara.<\/p>\n","protected":false},"featured_media":26646,"template":"single-noticia","meta":{"_acf_changed":false},"categories":[7],"tags":[10],"country":[147],"cause":[129],"class_list":["post-25747","noticia","type-noticia","status-publish","has-post-thumbnail","hentry","category-noticia","tag-migracion-y-refugio","country-panama","cause-migracion-y-refugio"],"acf":[],"yoast_head":"<!-- This site is optimized with the Yoast SEO Premium plugin v21.6 (Yoast SEO v27.5) - https:\/\/yoast.com\/product\/yoast-seo-premium-wordpress\/ -->\n<title>Derechos de las mujeres<\/title>\n<meta name=\"description\" content=\"Descubre la importancia de los derechos de las mujeres y los desaf\u00edos actuales en su lucha por la equidad de g\u00e9nero.\" \/>\n<meta name=\"robots\" content=\"index, follow, max-snippet:-1, max-image-preview:large, max-video-preview:-1\" \/>\n<link rel=\"canonical\" href=\"https:\/\/www.entreculturas.org\/en\/noticia\/derechos-de-las-mujeres\/\" \/>\n<meta property=\"og:locale\" content=\"en_US\" \/>\n<meta property=\"og:type\" content=\"article\" \/>\n<meta property=\"og:title\" content=\"Derechos de las Mujeres: Un Camino Hacia la Equidad de G\u00e9nero\" \/>\n<meta property=\"og:description\" content=\"Descubre la importancia de los derechos de las mujeres y los desaf\u00edos actuales en su lucha por la equidad de g\u00e9nero.\" \/>\n<meta property=\"og:url\" content=\"https:\/\/www.entreculturas.org\/en\/noticia\/derechos-de-las-mujeres\/\" \/>\n<meta property=\"og:site_name\" content=\"Entreculturas\" \/>\n<meta property=\"article:publisher\" content=\"https:\/\/www.facebook.com\/entreculturas\" \/>\n<meta property=\"article:modified_time\" content=\"2026-01-27T10:03:55+00:00\" \/>\n<meta property=\"og:image\" content=\"https:\/\/www.entreculturas.org\/wp-content\/uploads\/2024\/06\/2023-02_VoyaSer_JulioPerez_Guatemala_galicia-11-de-13-scaled.jpg\" \/>\n\t<meta property=\"og:image:width\" content=\"2560\" \/>\n\t<meta property=\"og:image:height\" content=\"1707\" \/>\n\t<meta property=\"og:image:type\" content=\"image\/jpeg\" \/>\n<meta name=\"twitter:card\" content=\"summary_large_image\" \/>\n<meta name=\"twitter:site\" content=\"@Entreculturas\" \/>\n<script type=\"application\/ld+json\" class=\"yoast-schema-graph\">{\"@context\":\"https:\\\/\\\/schema.org\",\"@graph\":[{\"@type\":\"WebPage\",\"@id\":\"https:\\\/\\\/www.entreculturas.org\\\/en\\\/noticia\\\/derechos-de-las-mujeres\\\/\",\"url\":\"https:\\\/\\\/www.entreculturas.org\\\/en\\\/noticia\\\/derechos-de-las-mujeres\\\/\",\"name\":\"Derechos de las mujeres\",\"isPartOf\":{\"@id\":\"https:\\\/\\\/www.entreculturas.org\\\/en\\\/#website\"},\"primaryImageOfPage\":{\"@id\":\"https:\\\/\\\/www.entreculturas.org\\\/en\\\/noticia\\\/derechos-de-las-mujeres\\\/#primaryimage\"},\"image\":{\"@id\":\"https:\\\/\\\/www.entreculturas.org\\\/en\\\/noticia\\\/derechos-de-las-mujeres\\\/#primaryimage\"},\"thumbnailUrl\":\"https:\\\/\\\/www.entreculturas.org\\\/wp-content\\\/uploads\\\/2024\\\/06\\\/2023-02_VoyaSer_JulioPerez_Guatemala_galicia-11-de-13-scaled.jpg\",\"datePublished\":\"2024-06-28T11:43:41+00:00\",\"dateModified\":\"2026-01-27T10:03:55+00:00\",\"description\":\"Descubre la importancia de los derechos de las mujeres y los desaf\u00edos actuales en su lucha por la equidad de g\u00e9nero.\",\"breadcrumb\":{\"@id\":\"https:\\\/\\\/www.entreculturas.org\\\/en\\\/noticia\\\/derechos-de-las-mujeres\\\/#breadcrumb\"},\"inLanguage\":\"en-US\",\"potentialAction\":[{\"@type\":\"ReadAction\",\"target\":[\"https:\\\/\\\/www.entreculturas.org\\\/en\\\/noticia\\\/derechos-de-las-mujeres\\\/\"]}]},{\"@type\":\"ImageObject\",\"inLanguage\":\"en-US\",\"@id\":\"https:\\\/\\\/www.entreculturas.org\\\/en\\\/noticia\\\/derechos-de-las-mujeres\\\/#primaryimage\",\"url\":\"https:\\\/\\\/www.entreculturas.org\\\/wp-content\\\/uploads\\\/2024\\\/06\\\/2023-02_VoyaSer_JulioPerez_Guatemala_galicia-11-de-13-scaled.jpg\",\"contentUrl\":\"https:\\\/\\\/www.entreculturas.org\\\/wp-content\\\/uploads\\\/2024\\\/06\\\/2023-02_VoyaSer_JulioPerez_Guatemala_galicia-11-de-13-scaled.jpg\",\"width\":2560,\"height\":1707},{\"@type\":\"BreadcrumbList\",\"@id\":\"https:\\\/\\\/www.entreculturas.org\\\/en\\\/noticia\\\/derechos-de-las-mujeres\\\/#breadcrumb\",\"itemListElement\":[{\"@type\":\"ListItem\",\"position\":1,\"name\":\"Home\",\"item\":\"https:\\\/\\\/www.entreculturas.org\\\/en\\\/\"},{\"@type\":\"ListItem\",\"position\":2,\"name\":\"Noticias\",\"item\":\"https:\\\/\\\/www.entreculturas.org\\\/en\\\/noticias\\\/\"},{\"@type\":\"ListItem\",\"position\":3,\"name\":\"Derechos de las Mujeres: Un Camino Hacia la Equidad de G\u00e9nero\"}]},{\"@type\":\"WebSite\",\"@id\":\"https:\\\/\\\/www.entreculturas.org\\\/en\\\/#website\",\"url\":\"https:\\\/\\\/www.entreculturas.org\\\/en\\\/\",\"name\":\"Entreculturas\",\"description\":\"\",\"publisher\":{\"@id\":\"https:\\\/\\\/www.entreculturas.org\\\/en\\\/#organization\"},\"alternateName\":\"Entreculturas\",\"potentialAction\":[{\"@type\":\"SearchAction\",\"target\":{\"@type\":\"EntryPoint\",\"urlTemplate\":\"https:\\\/\\\/www.entreculturas.org\\\/en\\\/?s={search_term_string}\"},\"query-input\":{\"@type\":\"PropertyValueSpecification\",\"valueRequired\":true,\"valueName\":\"search_term_string\"}}],\"inLanguage\":\"en-US\"},{\"@type\":\"Organization\",\"@id\":\"https:\\\/\\\/www.entreculturas.org\\\/en\\\/#organization\",\"name\":\"Entreculturas\",\"url\":\"https:\\\/\\\/www.entreculturas.org\\\/en\\\/\",\"logo\":{\"@type\":\"ImageObject\",\"inLanguage\":\"en-US\",\"@id\":\"https:\\\/\\\/www.entreculturas.org\\\/en\\\/#\\\/schema\\\/logo\\\/image\\\/\",\"url\":\"https:\\\/\\\/www.entreculturas.org\\\/wp-content\\\/uploads\\\/2025\\\/10\\\/ESP.svg\",\"contentUrl\":\"https:\\\/\\\/www.entreculturas.org\\\/wp-content\\\/uploads\\\/2025\\\/10\\\/ESP.svg\",\"caption\":\"Entreculturas\"},\"image\":{\"@id\":\"https:\\\/\\\/www.entreculturas.org\\\/en\\\/#\\\/schema\\\/logo\\\/image\\\/\"},\"sameAs\":[\"https:\\\/\\\/www.facebook.com\\\/entreculturas\",\"https:\\\/\\\/x.com\\\/Entreculturas\",\"https:\\\/\\\/www.instagram.com\\\/entreculturas\\\/\",\"https:\\\/\\\/www.youtube.com\\\/user\\\/entreculturasvideo\",\"https:\\\/\\\/www.linkedin.com\\\/company\\\/fundacion-entreculturas-ngdo\\\/\",\"https:\\\/\\\/www.flickr.com\\\/photos\\\/98455522@N04\\\/albums\\\/\"]}]}<\/script>\n<!-- \/ Yoast SEO Premium plugin. -->","yoast_head_json":{"title":"Derechos de las mujeres","description":"Descubre la importancia de los derechos de las mujeres y los desaf\u00edos actuales en su lucha por la equidad de g\u00e9nero.","robots":{"index":"index","follow":"follow","max-snippet":"max-snippet:-1","max-image-preview":"max-image-preview:large","max-video-preview":"max-video-preview:-1"},"canonical":"https:\/\/www.entreculturas.org\/en\/noticia\/derechos-de-las-mujeres\/","og_locale":"en_US","og_type":"article","og_title":"Derechos de las Mujeres: Un Camino Hacia la Equidad de G\u00e9nero","og_description":"Descubre la importancia de los derechos de las mujeres y los desaf\u00edos actuales en su lucha por la equidad de g\u00e9nero.","og_url":"https:\/\/www.entreculturas.org\/en\/noticia\/derechos-de-las-mujeres\/","og_site_name":"Entreculturas","article_publisher":"https:\/\/www.facebook.com\/entreculturas","article_modified_time":"2026-01-27T10:03:55+00:00","og_image":[{"width":2560,"height":1707,"url":"https:\/\/www.entreculturas.org\/wp-content\/uploads\/2024\/06\/2023-02_VoyaSer_JulioPerez_Guatemala_galicia-11-de-13-scaled.jpg","type":"image\/jpeg"}],"twitter_card":"summary_large_image","twitter_site":"@Entreculturas","schema":{"@context":"https:\/\/schema.org","@graph":[{"@type":"WebPage","@id":"https:\/\/www.entreculturas.org\/en\/noticia\/derechos-de-las-mujeres\/","url":"https:\/\/www.entreculturas.org\/en\/noticia\/derechos-de-las-mujeres\/","name":"Derechos de las mujeres","isPartOf":{"@id":"https:\/\/www.entreculturas.org\/en\/#website"},"primaryImageOfPage":{"@id":"https:\/\/www.entreculturas.org\/en\/noticia\/derechos-de-las-mujeres\/#primaryimage"},"image":{"@id":"https:\/\/www.entreculturas.org\/en\/noticia\/derechos-de-las-mujeres\/#primaryimage"},"thumbnailUrl":"https:\/\/www.entreculturas.org\/wp-content\/uploads\/2024\/06\/2023-02_VoyaSer_JulioPerez_Guatemala_galicia-11-de-13-scaled.jpg","datePublished":"2024-06-28T11:43:41+00:00","dateModified":"2026-01-27T10:03:55+00:00","description":"Descubre la importancia de los derechos de las mujeres y los desaf\u00edos actuales en su lucha por la equidad de g\u00e9nero.","breadcrumb":{"@id":"https:\/\/www.entreculturas.org\/en\/noticia\/derechos-de-las-mujeres\/#breadcrumb"},"inLanguage":"en-US","potentialAction":[{"@type":"ReadAction","target":["https:\/\/www.entreculturas.org\/en\/noticia\/derechos-de-las-mujeres\/"]}]},{"@type":"ImageObject","inLanguage":"en-US","@id":"https:\/\/www.entreculturas.org\/en\/noticia\/derechos-de-las-mujeres\/#primaryimage","url":"https:\/\/www.entreculturas.org\/wp-content\/uploads\/2024\/06\/2023-02_VoyaSer_JulioPerez_Guatemala_galicia-11-de-13-scaled.jpg","contentUrl":"https:\/\/www.entreculturas.org\/wp-content\/uploads\/2024\/06\/2023-02_VoyaSer_JulioPerez_Guatemala_galicia-11-de-13-scaled.jpg","width":2560,"height":1707},{"@type":"BreadcrumbList","@id":"https:\/\/www.entreculturas.org\/en\/noticia\/derechos-de-las-mujeres\/#breadcrumb","itemListElement":[{"@type":"ListItem","position":1,"name":"Home","item":"https:\/\/www.entreculturas.org\/en\/"},{"@type":"ListItem","position":2,"name":"Noticias","item":"https:\/\/www.entreculturas.org\/en\/noticias\/"},{"@type":"ListItem","position":3,"name":"Derechos de las Mujeres: Un Camino Hacia la Equidad de G\u00e9nero"}]},{"@type":"WebSite","@id":"https:\/\/www.entreculturas.org\/en\/#website","url":"https:\/\/www.entreculturas.org\/en\/","name":"Entreculturas","description":"","publisher":{"@id":"https:\/\/www.entreculturas.org\/en\/#organization"},"alternateName":"Entreculturas","potentialAction":[{"@type":"SearchAction","target":{"@type":"EntryPoint","urlTemplate":"https:\/\/www.entreculturas.org\/en\/?s={search_term_string}"},"query-input":{"@type":"PropertyValueSpecification","valueRequired":true,"valueName":"search_term_string"}}],"inLanguage":"en-US"},{"@type":"Organization","@id":"https:\/\/www.entreculturas.org\/en\/#organization","name":"Entreculturas","url":"https:\/\/www.entreculturas.org\/en\/","logo":{"@type":"ImageObject","inLanguage":"en-US","@id":"https:\/\/www.entreculturas.org\/en\/#\/schema\/logo\/image\/","url":"https:\/\/www.entreculturas.org\/wp-content\/uploads\/2025\/10\/ESP.svg","contentUrl":"https:\/\/www.entreculturas.org\/wp-content\/uploads\/2025\/10\/ESP.svg","caption":"Entreculturas"},"image":{"@id":"https:\/\/www.entreculturas.org\/en\/#\/schema\/logo\/image\/"},"sameAs":["https:\/\/www.facebook.com\/entreculturas","https:\/\/x.com\/Entreculturas","https:\/\/www.instagram.com\/entreculturas\/","https:\/\/www.youtube.com\/user\/entreculturasvideo","https:\/\/www.linkedin.com\/company\/fundacion-entreculturas-ngdo\/","https:\/\/www.flickr.com\/photos\/98455522@N04\/albums\/"]}]}},"_links":{"self":[{"href":"https:\/\/www.entreculturas.org\/en\/wp-json\/wp\/v2\/noticia\/25747","targetHints":{"allow":["GET"]}}],"collection":[{"href":"https:\/\/www.entreculturas.org\/en\/wp-json\/wp\/v2\/noticia"}],"about":[{"href":"https:\/\/www.entreculturas.org\/en\/wp-json\/wp\/v2\/types\/noticia"}],"wp:featuredmedia":[{"embeddable":true,"href":"https:\/\/www.entreculturas.org\/en\/wp-json\/wp\/v2\/media\/26646"}],"wp:attachment":[{"href":"https:\/\/www.entreculturas.org\/en\/wp-json\/wp\/v2\/media?parent=25747"}],"wp:term":[{"taxonomy":"category","embeddable":true,"href":"https:\/\/www.entreculturas.org\/en\/wp-json\/wp\/v2\/categories?post=25747"},{"taxonomy":"post_tag","embeddable":true,"href":"https:\/\/www.entreculturas.org\/en\/wp-json\/wp\/v2\/tags?post=25747"},{"taxonomy":"country","embeddable":true,"href":"https:\/\/www.entreculturas.org\/en\/wp-json\/wp\/v2\/country?post=25747"},{"taxonomy":"cause","embeddable":true,"href":"https:\/\/www.entreculturas.org\/en\/wp-json\/wp\/v2\/cause?post=25747"}],"curies":[{"name":"wp","href":"https:\/\/api.w.org\/{rel}","templated":true}]}}