{"id":24725,"date":"2024-05-29T09:53:08","date_gmt":"2024-05-29T07:53:08","guid":{"rendered":"https:\/\/www.entreculturas.org\/?post_type=noticia&#038;p=24725"},"modified":"2024-06-14T09:25:15","modified_gmt":"2024-06-14T07:25:15","slug":"la-alianza-entre-inditex-y-entreculturas-demuestra-el-poder-de-la-respuesta-empresarial-ante-las-emergencias","status":"publish","type":"noticia","link":"https:\/\/www.entreculturas.org\/en\/noticia\/la-alianza-entre-inditex-y-entreculturas-demuestra-el-poder-de-la-respuesta-empresarial-ante-las-emergencias\/","title":{"rendered":"Inundaciones en Brasil:Entreculturas e INDITEX junto a las poblaciones afectadas"},"content":{"rendered":"\n<p>Desde la Fundaci\u00f3n Entreculturas subrayamos la importancia crucial de la <strong>acci\u00f3n social de las empresas, especialmente en momentos de emergencias. <\/strong>Las alianzas entre las empresas que colaboran con Entreculturas se presentan como un pilar fundamental para enfrentar y mitigar los impactos de las diferentes crisis y emergencias, como es el <strong>caso de Rio Grande do Sul, estado del sur de Brasil,<\/strong> con 11 millones de habitantes, que ha sido azotado por las fuertes lluvias torrenciales que triplican la media estacional en esta \u00e9poca del a\u00f1o. <\/p>\n\n\n\n<p><\/p>\n\n\n\n<p>Este fen\u00f3meno meteorol\u00f3gico ha causado el desbordamiento de varios r\u00edos, generando m\u00e1s de 136 personas fallecidas, 141 desaparecidos y m\u00e1s de <strong>1.456.820 personas afectadas<\/strong> por el fen\u00f3meno natural en las \u00faltimas horas. Ante esta cat\u00e1strofe, se ha puesto en marcha un <strong>proyecto de 18 meses en colaboraci\u00f3n con el Servicio Jesuita para Migrantes y Refugiados (SJMR) y Fe y Alegr\u00eda <\/strong>para brindar apoyo material y psicosocial a las personas afectadas <strong>en alianza con Inditex<\/strong>.<\/p>\n\n\n\n<p><\/p>\n\n\n\n<p>El proyecto tiene como objetivo la <strong>distribuci\u00f3n de bienes de primera necesidad para aproximadamente 8.000 personas, <\/strong>la rehabilitaci\u00f3n y equipamiento de centros educativos y sociales beneficiando a 400 personas mensualmente y la protecci\u00f3n y apoyo psicol\u00f3gico para la poblaci\u00f3n afectada. Este proyecto se suma a un <strong>apoyo estable de Inditex en Brasil en el marco de\u00a0 la alianza con la Fundaci\u00f3n Entreculturas,<\/strong> donde durante las \u00faltimas dos d\u00e9cadas se han beneficiado m\u00e1s de 60.000 personas, con una <strong>inversi\u00f3n total de 6,8 millones de euros.<\/strong><\/p>\n\n\n\n<p><\/p>\n\n\n\n<p>Este proyecto se enmarca en los <strong>esfuerzos continuos de colaboraci\u00f3n entre empresas y Entreculturas<\/strong>. Las alianzas entre Entreculturas y las diferentes empresas, nos permiten aprovechar las fortalezas de cada una de las partes implicadas. Las empresas pueden aportar recursos financieros, log\u00edsticos y tecnol\u00f3gicos, mientras que Entreculturas contribuye con su experiencia en terreno, conocimiento de las comunidades y enfoque humanitario. Esto crea una sinergia que potencia la <strong>eficacia de las intervenciones en situaci\u00f3n de emergencia.<\/strong><\/p>\n\n\n\n<p><\/p>\n\n\n\n<p>Las emergencias requieren de respuestas r\u00e1pidas y coordinadas. Las empresas, con su capacidad operativa y sus recursos, pueden movilizarse r\u00e1pidamente y canalizar la ayuda a trav\u00e9s de las organizaciones como Entreculturas. Entreculturas, por su parte, tiene la estructura y la experiencia para implementar sus programas de ayuda y atenci\u00f3n de manera efectiva. La colaboraci\u00f3n entre ambos sectores facilita una respuesta m\u00e1s \u00e1gil y coordinada.<\/p>\n\n\n\n<p><\/p>\n\n\n\n<p>Por otra parte, para las empresas, involucrarse en acciones sociales durante emergencias fortalece su <strong>responsabilidad social corporativa<\/strong> y mejora su reputaci\u00f3n. Esto no solo beneficia a las comunidades afectadas, sino que tambi\u00e9n refuerza el compromiso de la empresa con valores \u00e9ticos y solidarios, lo cual puede traducirse en una mayor fidelidad y confianza por parte de los consumidores y otras partes interesadas<strong>.<\/strong><\/p>\n","protected":false},"excerpt":{"rendered":"<p>Desde la Fundaci\u00f3n Entreculturas subrayamos la importancia crucial de la acci\u00f3n social de las empresas, especialmente en momentos de emergencias. Las alianzas entre las empresas que colaboran con Entreculturas se presentan como un pilar fundamental para enfrentar y mitigar los impactos de las diferentes crisis y emergencias, como es el caso de Rio Grande do Sul, estado del sur de Brasil, con 11 millones de habitantes, que ha sido azotado por las fuertes lluvias torrenciales que triplican la media estacional en esta \u00e9poca del a\u00f1o. Este fen\u00f3meno meteorol\u00f3gico ha causado el desbordamiento de varios r\u00edos, generando m\u00e1s de 136 personas fallecidas, 141 desaparecidos y m\u00e1s de 1.456.820 personas afectadas por el fen\u00f3meno natural en las \u00faltimas horas. Ante esta cat\u00e1strofe, se ha puesto en marcha un proyecto de 18 meses en colaboraci\u00f3n con el Servicio Jesuita para Migrantes y Refugiados (SJMR) y Fe y Alegr\u00eda para brindar apoyo material y [&hellip;]<\/p>\n","protected":false},"featured_media":24727,"template":"","meta":{"_acf_changed":false},"categories":[7],"tags":[196],"country":[117],"cause":[],"class_list":["post-24725","noticia","type-noticia","status-publish","has-post-thumbnail","hentry","category-noticia","tag-rsc","country-brasil"],"acf":[],"yoast_head":"<!-- This site is optimized with the Yoast SEO Premium plugin v21.6 (Yoast SEO v27.5) - https:\/\/yoast.com\/product\/yoast-seo-premium-wordpress\/ -->\n<title>Inundaciones en Brasil:Entreculturas e INDITEX junto a las poblaciones afectadas - Entreculturas<\/title>\n<meta name=\"description\" content=\"Las alianzas entre las empresas que colaboran con Entreculturas como pilar para enfrentar y mitigar los impactos de las crisis y emergencias\" \/>\n<meta name=\"robots\" content=\"index, follow, max-snippet:-1, max-image-preview:large, max-video-preview:-1\" \/>\n<link rel=\"canonical\" href=\"https:\/\/www.entreculturas.org\/en\/noticia\/la-alianza-entre-inditex-y-entreculturas-demuestra-el-poder-de-la-respuesta-empresarial-ante-las-emergencias\/\" \/>\n<meta property=\"og:locale\" content=\"en_US\" \/>\n<meta property=\"og:type\" content=\"article\" \/>\n<meta property=\"og:title\" content=\"Inundaciones en Brasil:Entreculturas e INDITEX junto a las poblaciones afectadas\" \/>\n<meta property=\"og:description\" content=\"Las alianzas entre las empresas que colaboran con Entreculturas como pilar para enfrentar y mitigar los impactos de las crisis y emergencias\" \/>\n<meta property=\"og:url\" content=\"https:\/\/www.entreculturas.org\/en\/noticia\/la-alianza-entre-inditex-y-entreculturas-demuestra-el-poder-de-la-respuesta-empresarial-ante-las-emergencias\/\" \/>\n<meta property=\"og:site_name\" content=\"Entreculturas\" \/>\n<meta property=\"article:publisher\" content=\"https:\/\/www.facebook.com\/entreculturas\" \/>\n<meta property=\"article:modified_time\" content=\"2024-06-14T07:25:15+00:00\" \/>\n<meta property=\"og:image\" content=\"https:\/\/www.entreculturas.org\/wp-content\/uploads\/2024\/05\/Gustavo-Mansur-Palacio-Piratini.jpg\" \/>\n\t<meta property=\"og:image:width\" content=\"1300\" \/>\n\t<meta property=\"og:image:height\" content=\"867\" \/>\n\t<meta property=\"og:image:type\" content=\"image\/jpeg\" \/>\n<meta name=\"twitter:card\" content=\"summary_large_image\" \/>\n<meta name=\"twitter:site\" content=\"@Entreculturas\" \/>\n<script type=\"application\/ld+json\" class=\"yoast-schema-graph\">{\"@context\":\"https:\\\/\\\/schema.org\",\"@graph\":[{\"@type\":\"WebPage\",\"@id\":\"https:\\\/\\\/www.entreculturas.org\\\/en\\\/noticia\\\/la-alianza-entre-inditex-y-entreculturas-demuestra-el-poder-de-la-respuesta-empresarial-ante-las-emergencias\\\/\",\"url\":\"https:\\\/\\\/www.entreculturas.org\\\/en\\\/noticia\\\/la-alianza-entre-inditex-y-entreculturas-demuestra-el-poder-de-la-respuesta-empresarial-ante-las-emergencias\\\/\",\"name\":\"Inundaciones en Brasil:Entreculturas e INDITEX junto a las poblaciones afectadas - Entreculturas\",\"isPartOf\":{\"@id\":\"https:\\\/\\\/www.entreculturas.org\\\/en\\\/#website\"},\"primaryImageOfPage\":{\"@id\":\"https:\\\/\\\/www.entreculturas.org\\\/en\\\/noticia\\\/la-alianza-entre-inditex-y-entreculturas-demuestra-el-poder-de-la-respuesta-empresarial-ante-las-emergencias\\\/#primaryimage\"},\"image\":{\"@id\":\"https:\\\/\\\/www.entreculturas.org\\\/en\\\/noticia\\\/la-alianza-entre-inditex-y-entreculturas-demuestra-el-poder-de-la-respuesta-empresarial-ante-las-emergencias\\\/#primaryimage\"},\"thumbnailUrl\":\"https:\\\/\\\/www.entreculturas.org\\\/wp-content\\\/uploads\\\/2024\\\/05\\\/Gustavo-Mansur-Palacio-Piratini.jpg\",\"datePublished\":\"2024-05-29T07:53:08+00:00\",\"dateModified\":\"2024-06-14T07:25:15+00:00\",\"description\":\"Las alianzas entre las empresas que colaboran con Entreculturas como pilar para enfrentar y mitigar los impactos de las crisis y emergencias\",\"breadcrumb\":{\"@id\":\"https:\\\/\\\/www.entreculturas.org\\\/en\\\/noticia\\\/la-alianza-entre-inditex-y-entreculturas-demuestra-el-poder-de-la-respuesta-empresarial-ante-las-emergencias\\\/#breadcrumb\"},\"inLanguage\":\"en-US\",\"potentialAction\":[{\"@type\":\"ReadAction\",\"target\":[\"https:\\\/\\\/www.entreculturas.org\\\/en\\\/noticia\\\/la-alianza-entre-inditex-y-entreculturas-demuestra-el-poder-de-la-respuesta-empresarial-ante-las-emergencias\\\/\"]}]},{\"@type\":\"ImageObject\",\"inLanguage\":\"en-US\",\"@id\":\"https:\\\/\\\/www.entreculturas.org\\\/en\\\/noticia\\\/la-alianza-entre-inditex-y-entreculturas-demuestra-el-poder-de-la-respuesta-empresarial-ante-las-emergencias\\\/#primaryimage\",\"url\":\"https:\\\/\\\/www.entreculturas.org\\\/wp-content\\\/uploads\\\/2024\\\/05\\\/Gustavo-Mansur-Palacio-Piratini.jpg\",\"contentUrl\":\"https:\\\/\\\/www.entreculturas.org\\\/wp-content\\\/uploads\\\/2024\\\/05\\\/Gustavo-Mansur-Palacio-Piratini.jpg\",\"width\":1300,\"height\":867,\"caption\":\"inundaciones en Brasil\"},{\"@type\":\"BreadcrumbList\",\"@id\":\"https:\\\/\\\/www.entreculturas.org\\\/en\\\/noticia\\\/la-alianza-entre-inditex-y-entreculturas-demuestra-el-poder-de-la-respuesta-empresarial-ante-las-emergencias\\\/#breadcrumb\",\"itemListElement\":[{\"@type\":\"ListItem\",\"position\":1,\"name\":\"Home\",\"item\":\"https:\\\/\\\/www.entreculturas.org\\\/en\\\/\"},{\"@type\":\"ListItem\",\"position\":2,\"name\":\"Noticias\",\"item\":\"https:\\\/\\\/www.entreculturas.org\\\/en\\\/noticias\\\/\"},{\"@type\":\"ListItem\",\"position\":3,\"name\":\"Inundaciones en Brasil:Entreculturas e INDITEX junto a las poblaciones afectadas\"}]},{\"@type\":\"WebSite\",\"@id\":\"https:\\\/\\\/www.entreculturas.org\\\/en\\\/#website\",\"url\":\"https:\\\/\\\/www.entreculturas.org\\\/en\\\/\",\"name\":\"Entreculturas\",\"description\":\"\",\"publisher\":{\"@id\":\"https:\\\/\\\/www.entreculturas.org\\\/en\\\/#organization\"},\"alternateName\":\"Entreculturas\",\"potentialAction\":[{\"@type\":\"SearchAction\",\"target\":{\"@type\":\"EntryPoint\",\"urlTemplate\":\"https:\\\/\\\/www.entreculturas.org\\\/en\\\/?s={search_term_string}\"},\"query-input\":{\"@type\":\"PropertyValueSpecification\",\"valueRequired\":true,\"valueName\":\"search_term_string\"}}],\"inLanguage\":\"en-US\"},{\"@type\":\"Organization\",\"@id\":\"https:\\\/\\\/www.entreculturas.org\\\/en\\\/#organization\",\"name\":\"Entreculturas\",\"url\":\"https:\\\/\\\/www.entreculturas.org\\\/en\\\/\",\"logo\":{\"@type\":\"ImageObject\",\"inLanguage\":\"en-US\",\"@id\":\"https:\\\/\\\/www.entreculturas.org\\\/en\\\/#\\\/schema\\\/logo\\\/image\\\/\",\"url\":\"https:\\\/\\\/www.entreculturas.org\\\/wp-content\\\/uploads\\\/2025\\\/10\\\/ESP.svg\",\"contentUrl\":\"https:\\\/\\\/www.entreculturas.org\\\/wp-content\\\/uploads\\\/2025\\\/10\\\/ESP.svg\",\"caption\":\"Entreculturas\"},\"image\":{\"@id\":\"https:\\\/\\\/www.entreculturas.org\\\/en\\\/#\\\/schema\\\/logo\\\/image\\\/\"},\"sameAs\":[\"https:\\\/\\\/www.facebook.com\\\/entreculturas\",\"https:\\\/\\\/x.com\\\/Entreculturas\",\"https:\\\/\\\/www.instagram.com\\\/entreculturas\\\/\",\"https:\\\/\\\/www.youtube.com\\\/user\\\/entreculturasvideo\",\"https:\\\/\\\/www.linkedin.com\\\/company\\\/fundacion-entreculturas-ngdo\\\/\",\"https:\\\/\\\/www.flickr.com\\\/photos\\\/98455522@N04\\\/albums\\\/\"]}]}<\/script>\n<!-- \/ Yoast SEO Premium plugin. -->","yoast_head_json":{"title":"Inundaciones en Brasil:Entreculturas e INDITEX junto a las poblaciones afectadas - Entreculturas","description":"Las alianzas entre las empresas que colaboran con Entreculturas como pilar para enfrentar y mitigar los impactos de las crisis y emergencias","robots":{"index":"index","follow":"follow","max-snippet":"max-snippet:-1","max-image-preview":"max-image-preview:large","max-video-preview":"max-video-preview:-1"},"canonical":"https:\/\/www.entreculturas.org\/en\/noticia\/la-alianza-entre-inditex-y-entreculturas-demuestra-el-poder-de-la-respuesta-empresarial-ante-las-emergencias\/","og_locale":"en_US","og_type":"article","og_title":"Inundaciones en Brasil:Entreculturas e INDITEX junto a las poblaciones afectadas","og_description":"Las alianzas entre las empresas que colaboran con Entreculturas como pilar para enfrentar y mitigar los impactos de las crisis y emergencias","og_url":"https:\/\/www.entreculturas.org\/en\/noticia\/la-alianza-entre-inditex-y-entreculturas-demuestra-el-poder-de-la-respuesta-empresarial-ante-las-emergencias\/","og_site_name":"Entreculturas","article_publisher":"https:\/\/www.facebook.com\/entreculturas","article_modified_time":"2024-06-14T07:25:15+00:00","og_image":[{"width":1300,"height":867,"url":"https:\/\/www.entreculturas.org\/wp-content\/uploads\/2024\/05\/Gustavo-Mansur-Palacio-Piratini.jpg","type":"image\/jpeg"}],"twitter_card":"summary_large_image","twitter_site":"@Entreculturas","schema":{"@context":"https:\/\/schema.org","@graph":[{"@type":"WebPage","@id":"https:\/\/www.entreculturas.org\/en\/noticia\/la-alianza-entre-inditex-y-entreculturas-demuestra-el-poder-de-la-respuesta-empresarial-ante-las-emergencias\/","url":"https:\/\/www.entreculturas.org\/en\/noticia\/la-alianza-entre-inditex-y-entreculturas-demuestra-el-poder-de-la-respuesta-empresarial-ante-las-emergencias\/","name":"Inundaciones en Brasil:Entreculturas e INDITEX junto a las poblaciones afectadas - Entreculturas","isPartOf":{"@id":"https:\/\/www.entreculturas.org\/en\/#website"},"primaryImageOfPage":{"@id":"https:\/\/www.entreculturas.org\/en\/noticia\/la-alianza-entre-inditex-y-entreculturas-demuestra-el-poder-de-la-respuesta-empresarial-ante-las-emergencias\/#primaryimage"},"image":{"@id":"https:\/\/www.entreculturas.org\/en\/noticia\/la-alianza-entre-inditex-y-entreculturas-demuestra-el-poder-de-la-respuesta-empresarial-ante-las-emergencias\/#primaryimage"},"thumbnailUrl":"https:\/\/www.entreculturas.org\/wp-content\/uploads\/2024\/05\/Gustavo-Mansur-Palacio-Piratini.jpg","datePublished":"2024-05-29T07:53:08+00:00","dateModified":"2024-06-14T07:25:15+00:00","description":"Las alianzas entre las empresas que colaboran con Entreculturas como pilar para enfrentar y mitigar los impactos de las crisis y emergencias","breadcrumb":{"@id":"https:\/\/www.entreculturas.org\/en\/noticia\/la-alianza-entre-inditex-y-entreculturas-demuestra-el-poder-de-la-respuesta-empresarial-ante-las-emergencias\/#breadcrumb"},"inLanguage":"en-US","potentialAction":[{"@type":"ReadAction","target":["https:\/\/www.entreculturas.org\/en\/noticia\/la-alianza-entre-inditex-y-entreculturas-demuestra-el-poder-de-la-respuesta-empresarial-ante-las-emergencias\/"]}]},{"@type":"ImageObject","inLanguage":"en-US","@id":"https:\/\/www.entreculturas.org\/en\/noticia\/la-alianza-entre-inditex-y-entreculturas-demuestra-el-poder-de-la-respuesta-empresarial-ante-las-emergencias\/#primaryimage","url":"https:\/\/www.entreculturas.org\/wp-content\/uploads\/2024\/05\/Gustavo-Mansur-Palacio-Piratini.jpg","contentUrl":"https:\/\/www.entreculturas.org\/wp-content\/uploads\/2024\/05\/Gustavo-Mansur-Palacio-Piratini.jpg","width":1300,"height":867,"caption":"inundaciones en Brasil"},{"@type":"BreadcrumbList","@id":"https:\/\/www.entreculturas.org\/en\/noticia\/la-alianza-entre-inditex-y-entreculturas-demuestra-el-poder-de-la-respuesta-empresarial-ante-las-emergencias\/#breadcrumb","itemListElement":[{"@type":"ListItem","position":1,"name":"Home","item":"https:\/\/www.entreculturas.org\/en\/"},{"@type":"ListItem","position":2,"name":"Noticias","item":"https:\/\/www.entreculturas.org\/en\/noticias\/"},{"@type":"ListItem","position":3,"name":"Inundaciones en Brasil:Entreculturas e INDITEX junto a las poblaciones afectadas"}]},{"@type":"WebSite","@id":"https:\/\/www.entreculturas.org\/en\/#website","url":"https:\/\/www.entreculturas.org\/en\/","name":"Entreculturas","description":"","publisher":{"@id":"https:\/\/www.entreculturas.org\/en\/#organization"},"alternateName":"Entreculturas","potentialAction":[{"@type":"SearchAction","target":{"@type":"EntryPoint","urlTemplate":"https:\/\/www.entreculturas.org\/en\/?s={search_term_string}"},"query-input":{"@type":"PropertyValueSpecification","valueRequired":true,"valueName":"search_term_string"}}],"inLanguage":"en-US"},{"@type":"Organization","@id":"https:\/\/www.entreculturas.org\/en\/#organization","name":"Entreculturas","url":"https:\/\/www.entreculturas.org\/en\/","logo":{"@type":"ImageObject","inLanguage":"en-US","@id":"https:\/\/www.entreculturas.org\/en\/#\/schema\/logo\/image\/","url":"https:\/\/www.entreculturas.org\/wp-content\/uploads\/2025\/10\/ESP.svg","contentUrl":"https:\/\/www.entreculturas.org\/wp-content\/uploads\/2025\/10\/ESP.svg","caption":"Entreculturas"},"image":{"@id":"https:\/\/www.entreculturas.org\/en\/#\/schema\/logo\/image\/"},"sameAs":["https:\/\/www.facebook.com\/entreculturas","https:\/\/x.com\/Entreculturas","https:\/\/www.instagram.com\/entreculturas\/","https:\/\/www.youtube.com\/user\/entreculturasvideo","https:\/\/www.linkedin.com\/company\/fundacion-entreculturas-ngdo\/","https:\/\/www.flickr.com\/photos\/98455522@N04\/albums\/"]}]}},"_links":{"self":[{"href":"https:\/\/www.entreculturas.org\/en\/wp-json\/wp\/v2\/noticia\/24725","targetHints":{"allow":["GET"]}}],"collection":[{"href":"https:\/\/www.entreculturas.org\/en\/wp-json\/wp\/v2\/noticia"}],"about":[{"href":"https:\/\/www.entreculturas.org\/en\/wp-json\/wp\/v2\/types\/noticia"}],"wp:featuredmedia":[{"embeddable":true,"href":"https:\/\/www.entreculturas.org\/en\/wp-json\/wp\/v2\/media\/24727"}],"wp:attachment":[{"href":"https:\/\/www.entreculturas.org\/en\/wp-json\/wp\/v2\/media?parent=24725"}],"wp:term":[{"taxonomy":"category","embeddable":true,"href":"https:\/\/www.entreculturas.org\/en\/wp-json\/wp\/v2\/categories?post=24725"},{"taxonomy":"post_tag","embeddable":true,"href":"https:\/\/www.entreculturas.org\/en\/wp-json\/wp\/v2\/tags?post=24725"},{"taxonomy":"country","embeddable":true,"href":"https:\/\/www.entreculturas.org\/en\/wp-json\/wp\/v2\/country?post=24725"},{"taxonomy":"cause","embeddable":true,"href":"https:\/\/www.entreculturas.org\/en\/wp-json\/wp\/v2\/cause?post=24725"}],"curies":[{"name":"wp","href":"https:\/\/api.w.org\/{rel}","templated":true}]}}