{"id":24630,"date":"2024-05-27T13:29:38","date_gmt":"2024-05-27T11:29:38","guid":{"rendered":"https:\/\/www.entreculturas.org\/?post_type=noticia&#038;p=24630"},"modified":"2024-05-27T13:44:55","modified_gmt":"2024-05-27T11:44:55","slug":"las-cholitas-escaladoras-llevan-su-historia-de-empoderamiento-a-11-ciudades-espanolas","status":"publish","type":"noticia","link":"https:\/\/www.entreculturas.org\/en\/noticia\/las-cholitas-escaladoras-llevan-su-historia-de-empoderamiento-a-11-ciudades-espanolas\/","title":{"rendered":"Las Cholitas Escaladoras llevan su historia de empoderamiento a 11 ciudades espa\u00f1olas"},"content":{"rendered":"\n<p>El pasado 8 de mayo arranc\u00f3 la visita a Espa\u00f1a de <strong>Elena Quispe y Cecilia Llusco, dos de las Cholitas Escaladoras de Bolivia,<\/strong> protagonistas del documental \u201cCHOLITAS\u201d. <strong>Las Cholitas regresaron a Espa\u00f1a para participar en una gira por 11 ciudades<\/strong>, promovida por Entreculturas, Alboan y Oxfam Interm\u00f3n, que finaliz\u00f3 el 22 de mayo.<\/p>\n\n\n\n<p><\/p>\n\n\n\n<h2 class=\"wp-block-heading\" id=\"h-una-visita-llena-de-inspiracion-y-esperanza\"><strong>Una visita llena de inspiraci\u00f3n y esperanza<\/strong><\/h2>\n\n\n\n<p><\/p>\n\n\n\n<p>La visita de Elena y Cecilia a Espa\u00f1a <strong>culmin\u00f3 con un sentimiento de profunda inspiraci\u00f3n<\/strong> entre el p\u00fablico. En cada ciudad, las proyecciones, encuentros y coloquios reunieron a personas de diversas edades y contextos, que se sintieron movidas por la historia de las Cholitas Escaladoras. Desde estudiantes o personas voluntarias de <strong>Entreculturas<\/strong>, hasta activistas y gente del mundo de la escalada, todos y todas encontraron en <strong>Cecilia y Elena un ejemplo de empoderamiento y valent\u00eda<\/strong>.<\/p>\n\n\n\n<p><\/p>\n\n\n\n<p>Su historia de superaci\u00f3n, a trav\u00e9s de <strong>su subida al Aconcagua,<\/strong> resuena como un poderoso llamado a la <strong>igualdad y la lucha por los derechos de las mujeres ind\u00edgenas<\/strong>. A trav\u00e9s de sus palabras y sus logros, Cecilia y Elena han demostrado que los sue\u00f1os, por imposibles que parezcan, a veces pueden alcanzarse con determinaci\u00f3n y esfuerzo.&nbsp;<\/p>\n\n\n\n<p><\/p>\n\n\n\n<p>La visita de las Cholitas escaladoras ha dejado una gran huella en cada una de las <strong>11 ciudades que han visitado<\/strong>. Prueba de ello son la multitud de asistentes que no se han querido perder la proyecci\u00f3n del documental y el coloquio posterior con ellas. Unas charlas, a las que en ocasiones tambi\u00e9n se ha sumado su co-director, <strong>Jaime Murciego,<\/strong> que han congregado a un total de <strong>1500 personas<\/strong>.&nbsp;&nbsp;<\/p>\n\n\n\n<p><\/p>\n\n\n\n<h2 class=\"wp-block-heading\" id=\"h-su-gira-por-las-ciudades\"><strong>Su gira por las ciudades<\/strong><\/h2>\n\n\n\n<p><\/p>\n\n\n\n<p>La<strong> inauguraci\u00f3n de su visita tuvo lugar en la librer\u00eda Desnivel <\/strong>el 8 de mayo, con un cinef\u00f3rum moderado por nuestra Directora de Comunicaci\u00f3n y Relaciones Institucionales, <strong>Raquel Mart\u00edn, <\/strong>en el que tambi\u00e9n estuvo presente Jaime Murciego. En el coloquio, Cecilia Llusco explic\u00f3 los or\u00edgenes de este grupo de mujeres escaladoras aymaras, mencionando c\u00f3mo \u201c<strong>se form\u00f3 en 2015 motivado por la gran descriminaci\u00f3n que hab\u00eda hacia las mujeres ind\u00edgenas<\/strong>\u201d.<\/p>\n\n\n\n<p><\/p>\n\n\n\n<p>Por su parte, Elena Quispe quiso detenerse en <strong>la sororidad entre las escaladoras<\/strong> que surgi\u00f3 durante su expedici\u00f3n al Aconcagua: \u201cNos apoyamos, nos motivamos y nos impulsamos unas a otras para seguir adelante\u201d, mientras Raquel Mart\u00edn se\u00f1al\u00f3 c\u00f3mo \u201csu poderoso testimonio nos invita a reflexionar sobre las desigualdades que enfrentan las mujeres\u201d.<\/p>\n\n\n\n<p><\/p>\n\n\n\n<div class=\"wp-block-columns is-layout-flex wp-container-core-columns-is-layout-87527e6a wp-block-columns-is-layout-flex\" style=\"padding-right:var(--wp--preset--spacing--70);padding-left:var(--wp--preset--spacing--70)\">\n<div class=\"wp-block-column is-layout-flow wp-block-column-is-layout-flow\" style=\"flex-basis:100%\">\n<figure class=\"wp-block-embed is-type-video is-provider-youtube wp-block-embed-youtube wp-embed-aspect-16-9 wp-has-aspect-ratio\"><div class=\"wp-block-embed__wrapper\">\n<iframe loading=\"lazy\" title=\"Cinef\u00f3rum Cholitas Escaladoras\" width=\"500\" height=\"281\" src=\"https:\/\/www.youtube.com\/embed\/AaYVTABkoX0?feature=oembed\" frameborder=\"0\" allow=\"accelerometer; autoplay; clipboard-write; encrypted-media; gyroscope; picture-in-picture; web-share\" referrerpolicy=\"strict-origin-when-cross-origin\" allowfullscreen><\/iframe>\n<\/div><\/figure>\n<\/div>\n<\/div>\n\n\n\n<p><\/p>\n\n\n\n<p>Tras su paso por Madrid, el 9 de mayo las Cholitas pusieron rumbo a<strong> Badajoz<\/strong> donde se dieron cita para ver el documental y conversar con estudiantes, voluntariado y p\u00fablico aficionado en la Facultad de Comunicaci\u00f3n de la Universidad de Extremadura. Adem\u00e1s, tuvieron tiempo para visitar el Colegio Nuestra Se\u00f1ora de la Asunci\u00f3n, donde contaron su historia de superaci\u00f3n al alumnado de la Red Solidaria de J\u00f3venes.<\/p>\n\n\n\n<p><\/p>\n\n\n\n<p>El 10 de mayo, Cecilia y Elena presentaron el documental en <strong>Valladolid<\/strong> que estuvo seguido de un enriquecedor coloquio que cont\u00f3 con la presencia del director del documental y que estuvo moderado por Carlos Entrambasaguas, coordinador del equipo de Ciudadan\u00eda Global de los colegios jesuitas de Espa\u00f1a. Al d\u00eda siguiente, coincidiendo con el <strong>D\u00eda Mundial del Comercio Justo<\/strong>,&nbsp; se reunieron a desayunar productos de Comercio Justo junto a la Red Solidaria de J\u00f3venes.<\/p>\n\n\n\n<p><\/p>\n\n\n\n<p>En<strong> C\u00f3rdoba, <\/strong>el lunes 13 de mayo, las Cholitas visitaron la Universidad Loyola Andaluc\u00eda, en un evento organizado junto a la Fundaci\u00f3n ETEA y el Servicio de Evangelizaci\u00f3n y Di\u00e1logo de la Universidad. Tras el documental y el coloquio posterior, tambi\u00e9n hubo un cineforum abierto al p\u00fablico en el sal\u00f3n de actos del Centro Cultural San Hip\u00f3lito, moderado por el periodista Jose Antonio Luque.<\/p>\n\n\n\n<p><\/p>\n\n\n\n<p>El martes 14 de mayo fue turno para visitar <strong>Burgos<\/strong>, donde se proyect\u00f3 el documental en los cines Golem ante una sala abarrotada de personas. En el coloquio posterior, Cecilia y Elena profundizaron sobre cine, g\u00e9nero, derechos humanos, pero tambi\u00e9n sobre medioambiente y la relaci\u00f3n de respeto que las Cholitas Escaladoras tienen con la naturaleza.<\/p>\n\n\n\n<p><\/p>\n\n\n\n<div class=\"wp-block-cb-carousel cb-single-slide\" data-slick=\"{&quot;slidesToShow&quot;:1,&quot;slidesToScroll&quot;:1,&quot;speed&quot;:300,&quot;arrows&quot;:true,&quot;dots&quot;:true,&quot;autoplay&quot;:false,&quot;autoplaySpeed&quot;:3000,&quot;infinite&quot;:false,&quot;responsive&quot;:[{&quot;breakpoint&quot;:769,&quot;settings&quot;:{&quot;slidesToShow&quot;:1,&quot;slidesToScroll&quot;:1}}]}\">\n<div class=\"wp-block-cb-slide\">\n<figure class=\"wp-block-image size-large is-resized\"><img decoding=\"async\" width=\"1024\" height=\"576\" src=\"https:\/\/www.entreculturas.org\/wp-content\/uploads\/2024\/05\/Valladolid-4-1024x576.jpg\" alt=\"gira cholitas 1\n\" class=\"wp-image-24645\" style=\"object-fit:contain;width:1200px;height:400px\" srcset=\"https:\/\/www.entreculturas.org\/wp-content\/uploads\/2024\/05\/Valladolid-4-1024x576.jpg 1024w, https:\/\/www.entreculturas.org\/wp-content\/uploads\/2024\/05\/Valladolid-4-300x169.jpg 300w, https:\/\/www.entreculturas.org\/wp-content\/uploads\/2024\/05\/Valladolid-4-768x432.jpg 768w, https:\/\/www.entreculturas.org\/wp-content\/uploads\/2024\/05\/Valladolid-4-1536x864.jpg 1536w, https:\/\/www.entreculturas.org\/wp-content\/uploads\/2024\/05\/Valladolid-4.jpg 2048w\" sizes=\"(max-width: 1024px) 100vw, 1024px\" \/><\/figure>\n<\/div>\n\n\n\n<div class=\"wp-block-cb-slide\">\n<figure class=\"wp-block-image aligncenter size-large is-resized\"><img decoding=\"async\" width=\"1024\" height=\"768\" src=\"https:\/\/www.entreculturas.org\/wp-content\/uploads\/2024\/05\/IMG-20240516-WA0005-1024x768.jpg\" alt=\"gira cholitas 2\" class=\"wp-image-24649\" style=\"object-fit:contain;width:1200px;height:400px\" srcset=\"https:\/\/www.entreculturas.org\/wp-content\/uploads\/2024\/05\/IMG-20240516-WA0005-1024x768.jpg 1024w, https:\/\/www.entreculturas.org\/wp-content\/uploads\/2024\/05\/IMG-20240516-WA0005-300x225.jpg 300w, https:\/\/www.entreculturas.org\/wp-content\/uploads\/2024\/05\/IMG-20240516-WA0005-768x576.jpg 768w, https:\/\/www.entreculturas.org\/wp-content\/uploads\/2024\/05\/IMG-20240516-WA0005-1536x1152.jpg 1536w, https:\/\/www.entreculturas.org\/wp-content\/uploads\/2024\/05\/IMG-20240516-WA0005.jpg 1600w\" sizes=\"(max-width: 1024px) 100vw, 1024px\" \/><\/figure>\n<\/div>\n\n\n\n<div class=\"wp-block-cb-slide\">\n<figure class=\"wp-block-image size-large is-resized\"><img decoding=\"async\" width=\"1024\" height=\"768\" src=\"https:\/\/www.entreculturas.org\/wp-content\/uploads\/2024\/05\/Burgos-1024x768.jpg\" alt=\"gira cholitas 3\" class=\"wp-image-24653\" style=\"object-fit:contain;width:1200px;height:400px\" srcset=\"https:\/\/www.entreculturas.org\/wp-content\/uploads\/2024\/05\/Burgos-1024x768.jpg 1024w, https:\/\/www.entreculturas.org\/wp-content\/uploads\/2024\/05\/Burgos-300x225.jpg 300w, https:\/\/www.entreculturas.org\/wp-content\/uploads\/2024\/05\/Burgos-768x576.jpg 768w, https:\/\/www.entreculturas.org\/wp-content\/uploads\/2024\/05\/Burgos-1536x1152.jpg 1536w, https:\/\/www.entreculturas.org\/wp-content\/uploads\/2024\/05\/Burgos-2048x1536.jpg 2048w\" sizes=\"(max-width: 1024px) 100vw, 1024px\" \/><\/figure>\n<\/div>\n\n\n\n<div class=\"wp-block-cb-slide\">\n<figure class=\"wp-block-image size-large is-resized\"><img decoding=\"async\" width=\"1024\" height=\"576\" src=\"https:\/\/www.entreculturas.org\/wp-content\/uploads\/2024\/05\/IMG_2010-1024x576.jpg\" alt=\"gira cholitas 5\" class=\"wp-image-24657\" style=\"object-fit:contain;width:1200px;height:400px\" srcset=\"https:\/\/www.entreculturas.org\/wp-content\/uploads\/2024\/05\/IMG_2010-1024x576.jpg 1024w, https:\/\/www.entreculturas.org\/wp-content\/uploads\/2024\/05\/IMG_2010-300x169.jpg 300w, https:\/\/www.entreculturas.org\/wp-content\/uploads\/2024\/05\/IMG_2010-768x432.jpg 768w, https:\/\/www.entreculturas.org\/wp-content\/uploads\/2024\/05\/IMG_2010-1536x864.jpg 1536w, https:\/\/www.entreculturas.org\/wp-content\/uploads\/2024\/05\/IMG_2010-2048x1152.jpg 2048w\" sizes=\"(max-width: 1024px) 100vw, 1024px\" \/><\/figure>\n<\/div>\n\n\n\n<div class=\"wp-block-cb-slide\">\n<figure class=\"wp-block-image size-large is-resized\"><img decoding=\"async\" width=\"1024\" height=\"768\" src=\"https:\/\/www.entreculturas.org\/wp-content\/uploads\/2024\/05\/Imagen-de-WhatsApp-2024-05-14-a-las-14.43.17_64407dce-1024x768.jpg\" alt=\"gira cholitas 5\" class=\"wp-image-24665\" style=\"object-fit:contain;width:1200px;height:400px\" srcset=\"https:\/\/www.entreculturas.org\/wp-content\/uploads\/2024\/05\/Imagen-de-WhatsApp-2024-05-14-a-las-14.43.17_64407dce-1024x768.jpg 1024w, https:\/\/www.entreculturas.org\/wp-content\/uploads\/2024\/05\/Imagen-de-WhatsApp-2024-05-14-a-las-14.43.17_64407dce-300x225.jpg 300w, https:\/\/www.entreculturas.org\/wp-content\/uploads\/2024\/05\/Imagen-de-WhatsApp-2024-05-14-a-las-14.43.17_64407dce-768x576.jpg 768w, https:\/\/www.entreculturas.org\/wp-content\/uploads\/2024\/05\/Imagen-de-WhatsApp-2024-05-14-a-las-14.43.17_64407dce-1536x1152.jpg 1536w, https:\/\/www.entreculturas.org\/wp-content\/uploads\/2024\/05\/Imagen-de-WhatsApp-2024-05-14-a-las-14.43.17_64407dce.jpg 1600w\" sizes=\"(max-width: 1024px) 100vw, 1024px\" \/><\/figure>\n<\/div>\n\n\n\n<div class=\"wp-block-cb-slide\">\n<figure class=\"wp-block-image size-large is-resized\"><img decoding=\"async\" width=\"1024\" height=\"461\" src=\"https:\/\/www.entreculturas.org\/wp-content\/uploads\/2024\/05\/2-1-1024x461.jpg\" alt=\"gira cholitas 6\" class=\"wp-image-24669\" style=\"object-fit:cover;width:1200px;height:400px\" srcset=\"https:\/\/www.entreculturas.org\/wp-content\/uploads\/2024\/05\/2-1-1024x461.jpg 1024w, https:\/\/www.entreculturas.org\/wp-content\/uploads\/2024\/05\/2-1-300x135.jpg 300w, https:\/\/www.entreculturas.org\/wp-content\/uploads\/2024\/05\/2-1-768x346.jpg 768w, https:\/\/www.entreculturas.org\/wp-content\/uploads\/2024\/05\/2-1-1536x691.jpg 1536w, https:\/\/www.entreculturas.org\/wp-content\/uploads\/2024\/05\/2-1.jpg 2000w\" sizes=\"(max-width: 1024px) 100vw, 1024px\" \/><\/figure>\n<\/div>\n<\/div>\n\n\n\n<p>El 15 de mayo fue el turno de <strong>Vitoria-Gasteiz<\/strong> que recibi\u00f3 a las Cholitas en un Artium abarrotado, del mismo modo que ocurri\u00f3 al d\u00eda siguiente en los cines Golem Bayona de <strong>Pamplona<\/strong>, donde se habilit\u00f3 una segunda sala para poder acoger a todo el p\u00fablico. El coloquio posterior a las proyecciones del documental, en ambos eventos, estuvo moderado por Enrique Abad de OXFAM Interm\u00f3n. En las cercan\u00edas de la capital navarra pudieron adem\u00e1s calzarse las botas y disfrutar de una subida al monte.<\/p>\n\n\n\n<p><\/p>\n\n\n\n<p>Cecilia y Elena tambi\u00e9n visitaron <strong>Zaragoza <\/strong>donde se realiz\u00f3 una proyecci\u00f3n y un coloquio posterior en el Centro Pignatelli al que tambi\u00e9n acudi\u00f3 Martin Iriberri, Director General de Entreculturas y de Alboan. Posteriormente, asistieron a la final de la Copa de la Reina de f\u00fatbol femenino que tuvo lugar en el estadio de La Romareda entre la Real Sociedad y el Barcelona.&nbsp;<\/p>\n\n\n\n<p><\/p>\n\n\n\n<p>Las Cholitas regresaron a Euskadi el 20 de mayo donde fueron acogidas en la sala Arrupe de <strong>Donosti<\/strong>, que no pudo dar cabida a todo el p\u00fablico que se person\u00f3. M\u00e1s de 70 personas no pudieron acceder. El d\u00eda 21 las Cholitas llenaron la sala de los Golem Alh\u00f3ndiga de <strong>Bilbao,<\/strong> y compartieron velada con el director Jaime Murciego y con Leire Morquecho, responsable del \u00c1rea de Cooperaci\u00f3n Internacional de Alboan.<\/p>\n\n\n\n<p><\/p>\n\n\n\n<p><strong>Santander <\/strong>fue otra de las paradas de su gira, donde congregaron a una multitud de personas para la proyecci\u00f3n y el coloquio posterior junto al director Jaime Murciego en el Centro Cultural Doctor Madrazo. Durante el espacio, las cholitas explicaron c\u00f3mo <strong>la monta\u00f1a se convirti\u00f3 en un espacio de liberaci\u00f3n para ellas.<\/strong> \u201cNos cansamos de bajar la cabeza y quer\u00edamos demostrar que las mujeres ind\u00edgenas tambi\u00e9n podemos hacer cima\u201d, afirm\u00f3 Cecilia.<\/p>\n\n\n\n<p><\/p>\n\n\n\n<p>Adem\u00e1s de las m\u00e1s de 1.500 personas que se han acercado a proyecciones y coloquios,<strong> la gira de las cholitas escaladoras ha contado con una gran cobertura medi\u00e1tica<\/strong> por parte tanto de medios de comunicaci\u00f3n nacionales como medios locales. Han sido muchos los periodistas que se han acercado a Cecilia y Elena para conocerlas, escuchar de primera mano su testimonio de empoderamiento y preguntarles sobre sus inquietudes y nuevas metas. Estas noticias, reportajes y entrevistas han permitido que la historia de las cholitas escaladoras haya generado a\u00fan mayor inter\u00e9s al llegar a un mayor n\u00famero de personas.<\/p>\n\n\n\n<p><\/p>\n\n\n\n<h2 class=\"wp-block-heading\" id=\"h-un-inolvidable-partido-de-futbol-en-lavapies\"><strong>Un inolvidable partido de f\u00fatbol en Lavapi\u00e9s<\/strong><\/h2>\n\n\n\n<p><\/p>\n\n\n\n<p>Adem\u00e1s de las charlas y eventos por las diferentes ciudades, <strong>Elena y Cecilia tuvieron tiempo para disputar un partido amistoso de f\u00fatbol<\/strong> muy especial <strong>junto a las \u2018Dragonas de Lavapi\u00e9s\u2019<\/strong>. Bajo el lema, \u201calianza de amistad y luchas&#8221;, el partido abierto al p\u00fablico fue un acto de reivindicaci\u00f3n y empoderamiento que, en palabras de Elena, \u201cnos uni\u00f3 a todas para seguir adelante como mujeres luchadoras y emprendedoras que somos\u201d.\u00a0<\/p>\n\n\n\n<p><\/p>\n\n\n\n<figure class=\"wp-block-image aligncenter size-large is-resized\"><img decoding=\"async\" width=\"1024\" height=\"768\" src=\"https:\/\/www.entreculturas.org\/wp-content\/uploads\/2024\/05\/P1010815-1024x768.jpg\" alt=\"\" class=\"wp-image-24677\" style=\"width:739px;height:auto\" srcset=\"https:\/\/www.entreculturas.org\/wp-content\/uploads\/2024\/05\/P1010815-1024x768.jpg 1024w, https:\/\/www.entreculturas.org\/wp-content\/uploads\/2024\/05\/P1010815-300x225.jpg 300w, https:\/\/www.entreculturas.org\/wp-content\/uploads\/2024\/05\/P1010815-768x576.jpg 768w, https:\/\/www.entreculturas.org\/wp-content\/uploads\/2024\/05\/P1010815.jpg 1106w\" sizes=\"(max-width: 1024px) 100vw, 1024px\" \/><\/figure>\n\n\n\n<p><\/p>\n\n\n\n<p>A ra\u00edz de este partido tambi\u00e9n <strong>tuvieron un encuentro con Paloma Pujol<\/strong>, pentacampeona del mundo de Footbag y dos veces campeona de Espa\u00f1a de Football Freestyle donde pudieron conocer e incluso practicar esta modalidad.<\/p>\n\n\n\n<p><\/p>\n\n\n\n<p>Las Cholitas escaladoras han conquistado, no solo monta\u00f1as; sino el coraz\u00f3n de las miles de personas que han tenido la oportunidad de conocer su historia durante esta gira. <strong>Su pr\u00f3ximo reto es alcanzar la cima del Everest, <\/strong>afirman, y desde Entreculturas, las seguiremos muy de cerca.&nbsp;<\/p>\n","protected":false},"excerpt":{"rendered":"<p>El pasado 8 de mayo arranc\u00f3 la visita a Espa\u00f1a de Elena Quispe y Cecilia Llusco, dos de las Cholitas Escaladoras de Bolivia, protagonistas del documental \u201cCHOLITAS\u201d. Las Cholitas regresaron a Espa\u00f1a para participar en una gira por 11 ciudades, promovida por Entreculturas, Alboan y Oxfam Interm\u00f3n, que finaliz\u00f3 el 22 de mayo. Una visita llena de inspiraci\u00f3n y esperanza La visita de Elena y Cecilia a Espa\u00f1a culmin\u00f3 con un sentimiento de profunda inspiraci\u00f3n entre el p\u00fablico. En cada ciudad, las proyecciones, encuentros y coloquios reunieron a personas de diversas edades y contextos, que se sintieron movidas por la historia de las Cholitas Escaladoras. Desde estudiantes o personas voluntarias de Entreculturas, hasta activistas y gente del mundo de la escalada, todos y todas encontraron en Cecilia y Elena un ejemplo de empoderamiento y valent\u00eda. Su historia de superaci\u00f3n, a trav\u00e9s de su subida al Aconcagua, resuena como un poderoso [&hellip;]<\/p>\n","protected":false},"featured_media":24673,"template":"","meta":{"_acf_changed":false},"categories":[7],"tags":[293],"country":[120],"cause":[130],"class_list":["post-24630","noticia","type-noticia","status-publish","has-post-thumbnail","hentry","category-noticia","tag-genero","country-espana","cause-genero"],"acf":[],"yoast_head":"<!-- This site is optimized with the Yoast SEO Premium plugin v21.6 (Yoast SEO v27.5) - https:\/\/yoast.com\/product\/yoast-seo-premium-wordpress\/ -->\n<title>Las Cholitas Escaladoras llevan su historia de empoderamiento a 11 ciudades espa\u00f1olas - Entreculturas<\/title>\n<meta name=\"description\" content=\"Las Cholitas Escaladoras participaron en una gira por 11 ciudades de Espa\u00f1a, promovida por Entreculturas, Alboan y Oxfam Interm\u00f3n.\" \/>\n<meta name=\"robots\" content=\"index, follow, max-snippet:-1, max-image-preview:large, max-video-preview:-1\" \/>\n<link rel=\"canonical\" href=\"https:\/\/www.entreculturas.org\/en\/noticia\/las-cholitas-escaladoras-llevan-su-historia-de-empoderamiento-a-11-ciudades-espanolas\/\" \/>\n<meta property=\"og:locale\" content=\"en_US\" \/>\n<meta property=\"og:type\" content=\"article\" \/>\n<meta property=\"og:title\" content=\"Las Cholitas Escaladoras llevan su historia de empoderamiento a 11 ciudades espa\u00f1olas\" \/>\n<meta property=\"og:description\" content=\"Las Cholitas Escaladoras participaron en una gira por 11 ciudades de Espa\u00f1a, promovida por Entreculturas, Alboan y Oxfam Interm\u00f3n.\" \/>\n<meta property=\"og:url\" content=\"https:\/\/www.entreculturas.org\/en\/noticia\/las-cholitas-escaladoras-llevan-su-historia-de-empoderamiento-a-11-ciudades-espanolas\/\" \/>\n<meta property=\"og:site_name\" content=\"Entreculturas\" \/>\n<meta property=\"article:publisher\" content=\"https:\/\/www.facebook.com\/entreculturas\" \/>\n<meta property=\"article:modified_time\" content=\"2024-05-27T11:44:55+00:00\" \/>\n<meta property=\"og:image\" content=\"https:\/\/www.entreculturas.org\/wp-content\/uploads\/2024\/05\/2-2-e1716809777487.jpg\" \/>\n\t<meta property=\"og:image:width\" content=\"1980\" \/>\n\t<meta property=\"og:image:height\" content=\"877\" \/>\n\t<meta property=\"og:image:type\" content=\"image\/jpeg\" \/>\n<meta name=\"twitter:card\" content=\"summary_large_image\" \/>\n<meta name=\"twitter:site\" content=\"@Entreculturas\" \/>\n<script type=\"application\/ld+json\" class=\"yoast-schema-graph\">{\"@context\":\"https:\\\/\\\/schema.org\",\"@graph\":[{\"@type\":\"WebPage\",\"@id\":\"https:\\\/\\\/www.entreculturas.org\\\/en\\\/noticia\\\/las-cholitas-escaladoras-llevan-su-historia-de-empoderamiento-a-11-ciudades-espanolas\\\/\",\"url\":\"https:\\\/\\\/www.entreculturas.org\\\/en\\\/noticia\\\/las-cholitas-escaladoras-llevan-su-historia-de-empoderamiento-a-11-ciudades-espanolas\\\/\",\"name\":\"Las Cholitas Escaladoras llevan su historia de empoderamiento a 11 ciudades espa\u00f1olas - Entreculturas\",\"isPartOf\":{\"@id\":\"https:\\\/\\\/www.entreculturas.org\\\/en\\\/#website\"},\"primaryImageOfPage\":{\"@id\":\"https:\\\/\\\/www.entreculturas.org\\\/en\\\/noticia\\\/las-cholitas-escaladoras-llevan-su-historia-de-empoderamiento-a-11-ciudades-espanolas\\\/#primaryimage\"},\"image\":{\"@id\":\"https:\\\/\\\/www.entreculturas.org\\\/en\\\/noticia\\\/las-cholitas-escaladoras-llevan-su-historia-de-empoderamiento-a-11-ciudades-espanolas\\\/#primaryimage\"},\"thumbnailUrl\":\"https:\\\/\\\/www.entreculturas.org\\\/wp-content\\\/uploads\\\/2024\\\/05\\\/2-2-e1716809777487.jpg\",\"datePublished\":\"2024-05-27T11:29:38+00:00\",\"dateModified\":\"2024-05-27T11:44:55+00:00\",\"description\":\"Las Cholitas Escaladoras participaron en una gira por 11 ciudades de Espa\u00f1a, promovida por Entreculturas, Alboan y Oxfam Interm\u00f3n.\",\"breadcrumb\":{\"@id\":\"https:\\\/\\\/www.entreculturas.org\\\/en\\\/noticia\\\/las-cholitas-escaladoras-llevan-su-historia-de-empoderamiento-a-11-ciudades-espanolas\\\/#breadcrumb\"},\"inLanguage\":\"en-US\",\"potentialAction\":[{\"@type\":\"ReadAction\",\"target\":[\"https:\\\/\\\/www.entreculturas.org\\\/en\\\/noticia\\\/las-cholitas-escaladoras-llevan-su-historia-de-empoderamiento-a-11-ciudades-espanolas\\\/\"]}]},{\"@type\":\"ImageObject\",\"inLanguage\":\"en-US\",\"@id\":\"https:\\\/\\\/www.entreculturas.org\\\/en\\\/noticia\\\/las-cholitas-escaladoras-llevan-su-historia-de-empoderamiento-a-11-ciudades-espanolas\\\/#primaryimage\",\"url\":\"https:\\\/\\\/www.entreculturas.org\\\/wp-content\\\/uploads\\\/2024\\\/05\\\/2-2-e1716809777487.jpg\",\"contentUrl\":\"https:\\\/\\\/www.entreculturas.org\\\/wp-content\\\/uploads\\\/2024\\\/05\\\/2-2-e1716809777487.jpg\",\"width\":1980,\"height\":877,\"caption\":\"las cholitas mujeres bolivianas\"},{\"@type\":\"BreadcrumbList\",\"@id\":\"https:\\\/\\\/www.entreculturas.org\\\/en\\\/noticia\\\/las-cholitas-escaladoras-llevan-su-historia-de-empoderamiento-a-11-ciudades-espanolas\\\/#breadcrumb\",\"itemListElement\":[{\"@type\":\"ListItem\",\"position\":1,\"name\":\"Home\",\"item\":\"https:\\\/\\\/www.entreculturas.org\\\/en\\\/\"},{\"@type\":\"ListItem\",\"position\":2,\"name\":\"Noticias\",\"item\":\"https:\\\/\\\/www.entreculturas.org\\\/en\\\/noticias\\\/\"},{\"@type\":\"ListItem\",\"position\":3,\"name\":\"Las Cholitas Escaladoras llevan su historia de empoderamiento a 11 ciudades espa\u00f1olas\"}]},{\"@type\":\"WebSite\",\"@id\":\"https:\\\/\\\/www.entreculturas.org\\\/en\\\/#website\",\"url\":\"https:\\\/\\\/www.entreculturas.org\\\/en\\\/\",\"name\":\"Entreculturas\",\"description\":\"\",\"publisher\":{\"@id\":\"https:\\\/\\\/www.entreculturas.org\\\/en\\\/#organization\"},\"alternateName\":\"Entreculturas\",\"potentialAction\":[{\"@type\":\"SearchAction\",\"target\":{\"@type\":\"EntryPoint\",\"urlTemplate\":\"https:\\\/\\\/www.entreculturas.org\\\/en\\\/?s={search_term_string}\"},\"query-input\":{\"@type\":\"PropertyValueSpecification\",\"valueRequired\":true,\"valueName\":\"search_term_string\"}}],\"inLanguage\":\"en-US\"},{\"@type\":\"Organization\",\"@id\":\"https:\\\/\\\/www.entreculturas.org\\\/en\\\/#organization\",\"name\":\"Entreculturas\",\"url\":\"https:\\\/\\\/www.entreculturas.org\\\/en\\\/\",\"logo\":{\"@type\":\"ImageObject\",\"inLanguage\":\"en-US\",\"@id\":\"https:\\\/\\\/www.entreculturas.org\\\/en\\\/#\\\/schema\\\/logo\\\/image\\\/\",\"url\":\"https:\\\/\\\/www.entreculturas.org\\\/wp-content\\\/uploads\\\/2025\\\/10\\\/ESP.svg\",\"contentUrl\":\"https:\\\/\\\/www.entreculturas.org\\\/wp-content\\\/uploads\\\/2025\\\/10\\\/ESP.svg\",\"caption\":\"Entreculturas\"},\"image\":{\"@id\":\"https:\\\/\\\/www.entreculturas.org\\\/en\\\/#\\\/schema\\\/logo\\\/image\\\/\"},\"sameAs\":[\"https:\\\/\\\/www.facebook.com\\\/entreculturas\",\"https:\\\/\\\/x.com\\\/Entreculturas\",\"https:\\\/\\\/www.instagram.com\\\/entreculturas\\\/\",\"https:\\\/\\\/www.youtube.com\\\/user\\\/entreculturasvideo\",\"https:\\\/\\\/www.linkedin.com\\\/company\\\/fundacion-entreculturas-ngdo\\\/\",\"https:\\\/\\\/www.flickr.com\\\/photos\\\/98455522@N04\\\/albums\\\/\"]}]}<\/script>\n<!-- \/ Yoast SEO Premium plugin. -->","yoast_head_json":{"title":"Las Cholitas Escaladoras llevan su historia de empoderamiento a 11 ciudades espa\u00f1olas - Entreculturas","description":"Las Cholitas Escaladoras participaron en una gira por 11 ciudades de Espa\u00f1a, promovida por Entreculturas, Alboan y Oxfam Interm\u00f3n.","robots":{"index":"index","follow":"follow","max-snippet":"max-snippet:-1","max-image-preview":"max-image-preview:large","max-video-preview":"max-video-preview:-1"},"canonical":"https:\/\/www.entreculturas.org\/en\/noticia\/las-cholitas-escaladoras-llevan-su-historia-de-empoderamiento-a-11-ciudades-espanolas\/","og_locale":"en_US","og_type":"article","og_title":"Las Cholitas Escaladoras llevan su historia de empoderamiento a 11 ciudades espa\u00f1olas","og_description":"Las Cholitas Escaladoras participaron en una gira por 11 ciudades de Espa\u00f1a, promovida por Entreculturas, Alboan y Oxfam Interm\u00f3n.","og_url":"https:\/\/www.entreculturas.org\/en\/noticia\/las-cholitas-escaladoras-llevan-su-historia-de-empoderamiento-a-11-ciudades-espanolas\/","og_site_name":"Entreculturas","article_publisher":"https:\/\/www.facebook.com\/entreculturas","article_modified_time":"2024-05-27T11:44:55+00:00","og_image":[{"width":1980,"height":877,"url":"https:\/\/www.entreculturas.org\/wp-content\/uploads\/2024\/05\/2-2-e1716809777487.jpg","type":"image\/jpeg"}],"twitter_card":"summary_large_image","twitter_site":"@Entreculturas","schema":{"@context":"https:\/\/schema.org","@graph":[{"@type":"WebPage","@id":"https:\/\/www.entreculturas.org\/en\/noticia\/las-cholitas-escaladoras-llevan-su-historia-de-empoderamiento-a-11-ciudades-espanolas\/","url":"https:\/\/www.entreculturas.org\/en\/noticia\/las-cholitas-escaladoras-llevan-su-historia-de-empoderamiento-a-11-ciudades-espanolas\/","name":"Las Cholitas Escaladoras llevan su historia de empoderamiento a 11 ciudades espa\u00f1olas - Entreculturas","isPartOf":{"@id":"https:\/\/www.entreculturas.org\/en\/#website"},"primaryImageOfPage":{"@id":"https:\/\/www.entreculturas.org\/en\/noticia\/las-cholitas-escaladoras-llevan-su-historia-de-empoderamiento-a-11-ciudades-espanolas\/#primaryimage"},"image":{"@id":"https:\/\/www.entreculturas.org\/en\/noticia\/las-cholitas-escaladoras-llevan-su-historia-de-empoderamiento-a-11-ciudades-espanolas\/#primaryimage"},"thumbnailUrl":"https:\/\/www.entreculturas.org\/wp-content\/uploads\/2024\/05\/2-2-e1716809777487.jpg","datePublished":"2024-05-27T11:29:38+00:00","dateModified":"2024-05-27T11:44:55+00:00","description":"Las Cholitas Escaladoras participaron en una gira por 11 ciudades de Espa\u00f1a, promovida por Entreculturas, Alboan y Oxfam Interm\u00f3n.","breadcrumb":{"@id":"https:\/\/www.entreculturas.org\/en\/noticia\/las-cholitas-escaladoras-llevan-su-historia-de-empoderamiento-a-11-ciudades-espanolas\/#breadcrumb"},"inLanguage":"en-US","potentialAction":[{"@type":"ReadAction","target":["https:\/\/www.entreculturas.org\/en\/noticia\/las-cholitas-escaladoras-llevan-su-historia-de-empoderamiento-a-11-ciudades-espanolas\/"]}]},{"@type":"ImageObject","inLanguage":"en-US","@id":"https:\/\/www.entreculturas.org\/en\/noticia\/las-cholitas-escaladoras-llevan-su-historia-de-empoderamiento-a-11-ciudades-espanolas\/#primaryimage","url":"https:\/\/www.entreculturas.org\/wp-content\/uploads\/2024\/05\/2-2-e1716809777487.jpg","contentUrl":"https:\/\/www.entreculturas.org\/wp-content\/uploads\/2024\/05\/2-2-e1716809777487.jpg","width":1980,"height":877,"caption":"las cholitas mujeres bolivianas"},{"@type":"BreadcrumbList","@id":"https:\/\/www.entreculturas.org\/en\/noticia\/las-cholitas-escaladoras-llevan-su-historia-de-empoderamiento-a-11-ciudades-espanolas\/#breadcrumb","itemListElement":[{"@type":"ListItem","position":1,"name":"Home","item":"https:\/\/www.entreculturas.org\/en\/"},{"@type":"ListItem","position":2,"name":"Noticias","item":"https:\/\/www.entreculturas.org\/en\/noticias\/"},{"@type":"ListItem","position":3,"name":"Las Cholitas Escaladoras llevan su historia de empoderamiento a 11 ciudades espa\u00f1olas"}]},{"@type":"WebSite","@id":"https:\/\/www.entreculturas.org\/en\/#website","url":"https:\/\/www.entreculturas.org\/en\/","name":"Entreculturas","description":"","publisher":{"@id":"https:\/\/www.entreculturas.org\/en\/#organization"},"alternateName":"Entreculturas","potentialAction":[{"@type":"SearchAction","target":{"@type":"EntryPoint","urlTemplate":"https:\/\/www.entreculturas.org\/en\/?s={search_term_string}"},"query-input":{"@type":"PropertyValueSpecification","valueRequired":true,"valueName":"search_term_string"}}],"inLanguage":"en-US"},{"@type":"Organization","@id":"https:\/\/www.entreculturas.org\/en\/#organization","name":"Entreculturas","url":"https:\/\/www.entreculturas.org\/en\/","logo":{"@type":"ImageObject","inLanguage":"en-US","@id":"https:\/\/www.entreculturas.org\/en\/#\/schema\/logo\/image\/","url":"https:\/\/www.entreculturas.org\/wp-content\/uploads\/2025\/10\/ESP.svg","contentUrl":"https:\/\/www.entreculturas.org\/wp-content\/uploads\/2025\/10\/ESP.svg","caption":"Entreculturas"},"image":{"@id":"https:\/\/www.entreculturas.org\/en\/#\/schema\/logo\/image\/"},"sameAs":["https:\/\/www.facebook.com\/entreculturas","https:\/\/x.com\/Entreculturas","https:\/\/www.instagram.com\/entreculturas\/","https:\/\/www.youtube.com\/user\/entreculturasvideo","https:\/\/www.linkedin.com\/company\/fundacion-entreculturas-ngdo\/","https:\/\/www.flickr.com\/photos\/98455522@N04\/albums\/"]}]}},"_links":{"self":[{"href":"https:\/\/www.entreculturas.org\/en\/wp-json\/wp\/v2\/noticia\/24630","targetHints":{"allow":["GET"]}}],"collection":[{"href":"https:\/\/www.entreculturas.org\/en\/wp-json\/wp\/v2\/noticia"}],"about":[{"href":"https:\/\/www.entreculturas.org\/en\/wp-json\/wp\/v2\/types\/noticia"}],"wp:featuredmedia":[{"embeddable":true,"href":"https:\/\/www.entreculturas.org\/en\/wp-json\/wp\/v2\/media\/24673"}],"wp:attachment":[{"href":"https:\/\/www.entreculturas.org\/en\/wp-json\/wp\/v2\/media?parent=24630"}],"wp:term":[{"taxonomy":"category","embeddable":true,"href":"https:\/\/www.entreculturas.org\/en\/wp-json\/wp\/v2\/categories?post=24630"},{"taxonomy":"post_tag","embeddable":true,"href":"https:\/\/www.entreculturas.org\/en\/wp-json\/wp\/v2\/tags?post=24630"},{"taxonomy":"country","embeddable":true,"href":"https:\/\/www.entreculturas.org\/en\/wp-json\/wp\/v2\/country?post=24630"},{"taxonomy":"cause","embeddable":true,"href":"https:\/\/www.entreculturas.org\/en\/wp-json\/wp\/v2\/cause?post=24630"}],"curies":[{"name":"wp","href":"https:\/\/api.w.org\/{rel}","templated":true}]}}