{"id":24564,"date":"2024-05-22T10:35:12","date_gmt":"2024-05-22T08:35:12","guid":{"rendered":"https:\/\/www.entreculturas.org\/?post_type=noticia&#038;p=24564"},"modified":"2024-05-22T10:39:28","modified_gmt":"2024-05-22T08:39:28","slug":"caminos-de-hospitalidad-la-esperanza-es-el-camino","status":"publish","type":"noticia","link":"https:\/\/www.entreculturas.org\/en\/noticia\/caminos-de-hospitalidad-la-esperanza-es-el-camino\/","title":{"rendered":"Caminos de Hospitalidad: la esperanza es el camino"},"content":{"rendered":"\n<p>Un a\u00f1o m\u00e1s se presenta la iniciativa <strong>Caminos de Hospitalidad<\/strong>. Las situaciones de violencia y conflicto armado; el empobrecimiento y la desigualdad; la falta de acceso a recursos de vida; y el cambio clim\u00e1tico provocan que m\u00e1s de <strong>108 millones de personas<\/strong> <strong>se vean forzadas<\/strong> a iniciar caminos en distintos lugares del mundo. A trav\u00e9s de #<strong>CaminosdeHospitalidad<\/strong> queremos generar un futuro con esperanza para las personas que buscan un futuro digno y en paz. Porque <strong>la Esperanza es el Camino.\u00a0<\/strong><\/p>\n\n\n\n<p><\/p>\n\n\n\n<p>En este caso, la acci\u00f3n adem\u00e1s de estar impulsada por el <strong>Sector Social de la Compa\u00f1\u00eda de Jes\u00fas en Espa\u00f1a<\/strong> a trav\u00e9s de la campa\u00f1a Hospitalidad, recoge el llamado del grupo <strong>GIAN Migraciones<\/strong> (de la Red Global de Incidencia Ignaciana) para convertirse en una iniciativa <a href=\"https:\/\/www.hospitalidad.es\/caminosdehospitalidad\/caminos-en-el-mundo\/\">global <\/a>que se pueda replicar en varios continentes. As\u00ed pues, <a href=\"https:\/\/www.hospitalidad.es\/caminosdehospitalidad\/\">Caminos de Hospitalidad<\/a> este a\u00f1o est\u00e1 tambi\u00e9n promovida por el <strong>Servicio Jesuita a Refugiados Europa (JRS Europe), la Red Jesuita con Migrantes de Latinoam\u00e9rica y Caribe (RJM LAC) y su Campa\u00f1a por la Hospitalidad; y la Federaci\u00f3n Internacional de Fe y Alegr\u00eda.\u00a0<\/strong><\/p>\n\n\n\n<p><\/p>\n\n\n\n<figure class=\"wp-block-embed is-type-video is-provider-youtube wp-block-embed-youtube wp-embed-aspect-16-9 wp-has-aspect-ratio\"><div class=\"wp-block-embed__wrapper\">\n<iframe loading=\"lazy\" title=\"Caminos de Hospitalidad: La esperanza es el camino | ES\" width=\"500\" height=\"281\" src=\"https:\/\/www.youtube.com\/embed\/3yKVsaDsH9E?feature=oembed\" frameborder=\"0\" allow=\"accelerometer; autoplay; clipboard-write; encrypted-media; gyroscope; picture-in-picture; web-share\" referrerpolicy=\"strict-origin-when-cross-origin\" allowfullscreen><\/iframe>\n<\/div><\/figure>\n\n\n\n<p>La iniciativa presenta tambi\u00e9n un conjunto de <a href=\"https:\/\/www.hospitalidad.es\/caminosdehospitalidad\/CdeHospitalidad_2024\/_esp_manifiesto_2024_c.pdf\">10 demandas<\/a> dirigidas a los y las representantes de diferentes gobiernos del mundo. Porque es m\u00e1s necesario que nunca detener los discursos que criminalizan a las personas migrantes e impulsar medidas pol\u00edticas que puedan garantizar su protecci\u00f3n y acogida.\u00a0<\/p>\n\n\n\n<p><\/p>\n\n\n\n<p>En este 2024 adem\u00e1s <strong>la propuesta de acci\u00f3n mundial se prolonga en el tiempo<\/strong> <strong>hasta final de a\u00f1o<\/strong>: se inicia en el marco del D\u00eda Internacional de las Personas Refugiados (20 de junio), y se alargar\u00e1 hasta la fecha de conmemoraci\u00f3n del D\u00eda Mundial de las Personas Migrantes (18 de diciembre), con una serie de hitos intermedios destacados. En esta p\u00e1gina se pueden encontrar <a href=\"https:\/\/www.hospitalidad.es\/caminosdehospitalidad\/diez-maneras-de-caminar\/\">10 formas de caminar<\/a>, a modo de ejemplos, que pueden servir de inspiraci\u00f3n para construir el camino.\u00a0<\/p>\n\n\n\n<p><\/p>\n\n\n\n<p><strong>Caminamos en todo el mundo por un futuro de hospitalidad y esperanza. Porque la esperanza es el camino.\u00a0\u00a0<\/strong><\/p>\n\n\n\n<p><\/p>\n\n\n\n<p><a href=\"https:\/\/www.hospitalidad.es\/caminosdehospitalidad\/\" target=\"_blank\" rel=\"noreferrer noopener\">VISITA AQU\u00cd LA WEB DE CAMINOS DE HOSPITALIDAD<\/a><\/p>\n","protected":false},"excerpt":{"rendered":"<p>Un a\u00f1o m\u00e1s se presenta la iniciativa Caminos de Hospitalidad. Las situaciones de violencia y conflicto armado; el empobrecimiento y la desigualdad; la falta de acceso a recursos de vida; y el cambio clim\u00e1tico provocan que m\u00e1s de 108 millones de personas se vean forzadas a iniciar caminos en distintos lugares del mundo. A trav\u00e9s de #CaminosdeHospitalidad queremos generar un futuro con esperanza para las personas que buscan un futuro digno y en paz. Porque la Esperanza es el Camino.\u00a0 En este caso, la acci\u00f3n adem\u00e1s de estar impulsada por el Sector Social de la Compa\u00f1\u00eda de Jes\u00fas en Espa\u00f1a a trav\u00e9s de la campa\u00f1a Hospitalidad, recoge el llamado del grupo GIAN Migraciones (de la Red Global de Incidencia Ignaciana) para convertirse en una iniciativa global que se pueda replicar en varios continentes. As\u00ed pues, Caminos de Hospitalidad este a\u00f1o est\u00e1 tambi\u00e9n promovida por el Servicio Jesuita a Refugiados Europa [&hellip;]<\/p>\n","protected":false},"featured_media":24577,"template":"","meta":{"_acf_changed":false},"categories":[7],"tags":[10],"country":[],"cause":[129],"class_list":["post-24564","noticia","type-noticia","status-publish","has-post-thumbnail","hentry","category-noticia","tag-migracion-y-refugio","cause-migracion-y-refugio"],"acf":[],"yoast_head":"<!-- This site is optimized with the Yoast SEO Premium plugin v21.6 (Yoast SEO v27.5) - https:\/\/yoast.com\/product\/yoast-seo-premium-wordpress\/ -->\n<title>Caminos de Hospitalidad: la esperanza es el camino - Entreculturas<\/title>\n<meta name=\"description\" content=\"A trav\u00e9s de #CaminosdeHospitalidad queremos generar un futuro con esperanza para las personas que buscan un futuro digno y en paz.\" \/>\n<meta name=\"robots\" content=\"index, follow, max-snippet:-1, max-image-preview:large, max-video-preview:-1\" \/>\n<link rel=\"canonical\" href=\"https:\/\/www.entreculturas.org\/en\/noticia\/caminos-de-hospitalidad-la-esperanza-es-el-camino\/\" \/>\n<meta property=\"og:locale\" content=\"en_US\" \/>\n<meta property=\"og:type\" content=\"article\" \/>\n<meta property=\"og:title\" content=\"Caminos de Hospitalidad: la esperanza es el camino\" \/>\n<meta property=\"og:description\" content=\"A trav\u00e9s de #CaminosdeHospitalidad queremos generar un futuro con esperanza para las personas que buscan un futuro digno y en paz.\" \/>\n<meta property=\"og:url\" content=\"https:\/\/www.entreculturas.org\/en\/noticia\/caminos-de-hospitalidad-la-esperanza-es-el-camino\/\" \/>\n<meta property=\"og:site_name\" content=\"Entreculturas\" \/>\n<meta property=\"article:publisher\" content=\"https:\/\/www.facebook.com\/entreculturas\" \/>\n<meta property=\"article:modified_time\" content=\"2024-05-22T08:39:28+00:00\" \/>\n<meta property=\"og:image\" content=\"https:\/\/www.entreculturas.org\/wp-content\/uploads\/2024\/05\/1-scaled.jpg\" \/>\n\t<meta property=\"og:image:width\" content=\"2560\" \/>\n\t<meta property=\"og:image:height\" content=\"711\" \/>\n\t<meta property=\"og:image:type\" content=\"image\/jpeg\" \/>\n<meta name=\"twitter:card\" content=\"summary_large_image\" \/>\n<meta name=\"twitter:site\" content=\"@Entreculturas\" \/>\n<script type=\"application\/ld+json\" class=\"yoast-schema-graph\">{\"@context\":\"https:\\\/\\\/schema.org\",\"@graph\":[{\"@type\":\"WebPage\",\"@id\":\"https:\\\/\\\/www.entreculturas.org\\\/en\\\/noticia\\\/caminos-de-hospitalidad-la-esperanza-es-el-camino\\\/\",\"url\":\"https:\\\/\\\/www.entreculturas.org\\\/en\\\/noticia\\\/caminos-de-hospitalidad-la-esperanza-es-el-camino\\\/\",\"name\":\"Caminos de Hospitalidad: la esperanza es el camino - Entreculturas\",\"isPartOf\":{\"@id\":\"https:\\\/\\\/www.entreculturas.org\\\/en\\\/#website\"},\"primaryImageOfPage\":{\"@id\":\"https:\\\/\\\/www.entreculturas.org\\\/en\\\/noticia\\\/caminos-de-hospitalidad-la-esperanza-es-el-camino\\\/#primaryimage\"},\"image\":{\"@id\":\"https:\\\/\\\/www.entreculturas.org\\\/en\\\/noticia\\\/caminos-de-hospitalidad-la-esperanza-es-el-camino\\\/#primaryimage\"},\"thumbnailUrl\":\"https:\\\/\\\/www.entreculturas.org\\\/wp-content\\\/uploads\\\/2024\\\/05\\\/1-scaled.jpg\",\"datePublished\":\"2024-05-22T08:35:12+00:00\",\"dateModified\":\"2024-05-22T08:39:28+00:00\",\"description\":\"A trav\u00e9s de #CaminosdeHospitalidad queremos generar un futuro con esperanza para las personas que buscan un futuro digno y en paz.\",\"breadcrumb\":{\"@id\":\"https:\\\/\\\/www.entreculturas.org\\\/en\\\/noticia\\\/caminos-de-hospitalidad-la-esperanza-es-el-camino\\\/#breadcrumb\"},\"inLanguage\":\"en-US\",\"potentialAction\":[{\"@type\":\"ReadAction\",\"target\":[\"https:\\\/\\\/www.entreculturas.org\\\/en\\\/noticia\\\/caminos-de-hospitalidad-la-esperanza-es-el-camino\\\/\"]}]},{\"@type\":\"ImageObject\",\"inLanguage\":\"en-US\",\"@id\":\"https:\\\/\\\/www.entreculturas.org\\\/en\\\/noticia\\\/caminos-de-hospitalidad-la-esperanza-es-el-camino\\\/#primaryimage\",\"url\":\"https:\\\/\\\/www.entreculturas.org\\\/wp-content\\\/uploads\\\/2024\\\/05\\\/1-scaled.jpg\",\"contentUrl\":\"https:\\\/\\\/www.entreculturas.org\\\/wp-content\\\/uploads\\\/2024\\\/05\\\/1-scaled.jpg\",\"width\":2560,\"height\":711,\"caption\":\"Caminos de hospitalidad\"},{\"@type\":\"BreadcrumbList\",\"@id\":\"https:\\\/\\\/www.entreculturas.org\\\/en\\\/noticia\\\/caminos-de-hospitalidad-la-esperanza-es-el-camino\\\/#breadcrumb\",\"itemListElement\":[{\"@type\":\"ListItem\",\"position\":1,\"name\":\"Home\",\"item\":\"https:\\\/\\\/www.entreculturas.org\\\/en\\\/\"},{\"@type\":\"ListItem\",\"position\":2,\"name\":\"Noticias\",\"item\":\"https:\\\/\\\/www.entreculturas.org\\\/en\\\/noticias\\\/\"},{\"@type\":\"ListItem\",\"position\":3,\"name\":\"Caminos de Hospitalidad: la esperanza es el camino\"}]},{\"@type\":\"WebSite\",\"@id\":\"https:\\\/\\\/www.entreculturas.org\\\/en\\\/#website\",\"url\":\"https:\\\/\\\/www.entreculturas.org\\\/en\\\/\",\"name\":\"Entreculturas\",\"description\":\"\",\"publisher\":{\"@id\":\"https:\\\/\\\/www.entreculturas.org\\\/en\\\/#organization\"},\"alternateName\":\"Entreculturas\",\"potentialAction\":[{\"@type\":\"SearchAction\",\"target\":{\"@type\":\"EntryPoint\",\"urlTemplate\":\"https:\\\/\\\/www.entreculturas.org\\\/en\\\/?s={search_term_string}\"},\"query-input\":{\"@type\":\"PropertyValueSpecification\",\"valueRequired\":true,\"valueName\":\"search_term_string\"}}],\"inLanguage\":\"en-US\"},{\"@type\":\"Organization\",\"@id\":\"https:\\\/\\\/www.entreculturas.org\\\/en\\\/#organization\",\"name\":\"Entreculturas\",\"url\":\"https:\\\/\\\/www.entreculturas.org\\\/en\\\/\",\"logo\":{\"@type\":\"ImageObject\",\"inLanguage\":\"en-US\",\"@id\":\"https:\\\/\\\/www.entreculturas.org\\\/en\\\/#\\\/schema\\\/logo\\\/image\\\/\",\"url\":\"https:\\\/\\\/www.entreculturas.org\\\/wp-content\\\/uploads\\\/2025\\\/10\\\/ESP.svg\",\"contentUrl\":\"https:\\\/\\\/www.entreculturas.org\\\/wp-content\\\/uploads\\\/2025\\\/10\\\/ESP.svg\",\"caption\":\"Entreculturas\"},\"image\":{\"@id\":\"https:\\\/\\\/www.entreculturas.org\\\/en\\\/#\\\/schema\\\/logo\\\/image\\\/\"},\"sameAs\":[\"https:\\\/\\\/www.facebook.com\\\/entreculturas\",\"https:\\\/\\\/x.com\\\/Entreculturas\",\"https:\\\/\\\/www.instagram.com\\\/entreculturas\\\/\",\"https:\\\/\\\/www.youtube.com\\\/user\\\/entreculturasvideo\",\"https:\\\/\\\/www.linkedin.com\\\/company\\\/fundacion-entreculturas-ngdo\\\/\",\"https:\\\/\\\/www.flickr.com\\\/photos\\\/98455522@N04\\\/albums\\\/\"]}]}<\/script>\n<!-- \/ Yoast SEO Premium plugin. -->","yoast_head_json":{"title":"Caminos de Hospitalidad: la esperanza es el camino - Entreculturas","description":"A trav\u00e9s de #CaminosdeHospitalidad queremos generar un futuro con esperanza para las personas que buscan un futuro digno y en paz.","robots":{"index":"index","follow":"follow","max-snippet":"max-snippet:-1","max-image-preview":"max-image-preview:large","max-video-preview":"max-video-preview:-1"},"canonical":"https:\/\/www.entreculturas.org\/en\/noticia\/caminos-de-hospitalidad-la-esperanza-es-el-camino\/","og_locale":"en_US","og_type":"article","og_title":"Caminos de Hospitalidad: la esperanza es el camino","og_description":"A trav\u00e9s de #CaminosdeHospitalidad queremos generar un futuro con esperanza para las personas que buscan un futuro digno y en paz.","og_url":"https:\/\/www.entreculturas.org\/en\/noticia\/caminos-de-hospitalidad-la-esperanza-es-el-camino\/","og_site_name":"Entreculturas","article_publisher":"https:\/\/www.facebook.com\/entreculturas","article_modified_time":"2024-05-22T08:39:28+00:00","og_image":[{"width":2560,"height":711,"url":"https:\/\/www.entreculturas.org\/wp-content\/uploads\/2024\/05\/1-scaled.jpg","type":"image\/jpeg"}],"twitter_card":"summary_large_image","twitter_site":"@Entreculturas","schema":{"@context":"https:\/\/schema.org","@graph":[{"@type":"WebPage","@id":"https:\/\/www.entreculturas.org\/en\/noticia\/caminos-de-hospitalidad-la-esperanza-es-el-camino\/","url":"https:\/\/www.entreculturas.org\/en\/noticia\/caminos-de-hospitalidad-la-esperanza-es-el-camino\/","name":"Caminos de Hospitalidad: la esperanza es el camino - Entreculturas","isPartOf":{"@id":"https:\/\/www.entreculturas.org\/en\/#website"},"primaryImageOfPage":{"@id":"https:\/\/www.entreculturas.org\/en\/noticia\/caminos-de-hospitalidad-la-esperanza-es-el-camino\/#primaryimage"},"image":{"@id":"https:\/\/www.entreculturas.org\/en\/noticia\/caminos-de-hospitalidad-la-esperanza-es-el-camino\/#primaryimage"},"thumbnailUrl":"https:\/\/www.entreculturas.org\/wp-content\/uploads\/2024\/05\/1-scaled.jpg","datePublished":"2024-05-22T08:35:12+00:00","dateModified":"2024-05-22T08:39:28+00:00","description":"A trav\u00e9s de #CaminosdeHospitalidad queremos generar un futuro con esperanza para las personas que buscan un futuro digno y en paz.","breadcrumb":{"@id":"https:\/\/www.entreculturas.org\/en\/noticia\/caminos-de-hospitalidad-la-esperanza-es-el-camino\/#breadcrumb"},"inLanguage":"en-US","potentialAction":[{"@type":"ReadAction","target":["https:\/\/www.entreculturas.org\/en\/noticia\/caminos-de-hospitalidad-la-esperanza-es-el-camino\/"]}]},{"@type":"ImageObject","inLanguage":"en-US","@id":"https:\/\/www.entreculturas.org\/en\/noticia\/caminos-de-hospitalidad-la-esperanza-es-el-camino\/#primaryimage","url":"https:\/\/www.entreculturas.org\/wp-content\/uploads\/2024\/05\/1-scaled.jpg","contentUrl":"https:\/\/www.entreculturas.org\/wp-content\/uploads\/2024\/05\/1-scaled.jpg","width":2560,"height":711,"caption":"Caminos de hospitalidad"},{"@type":"BreadcrumbList","@id":"https:\/\/www.entreculturas.org\/en\/noticia\/caminos-de-hospitalidad-la-esperanza-es-el-camino\/#breadcrumb","itemListElement":[{"@type":"ListItem","position":1,"name":"Home","item":"https:\/\/www.entreculturas.org\/en\/"},{"@type":"ListItem","position":2,"name":"Noticias","item":"https:\/\/www.entreculturas.org\/en\/noticias\/"},{"@type":"ListItem","position":3,"name":"Caminos de Hospitalidad: la esperanza es el camino"}]},{"@type":"WebSite","@id":"https:\/\/www.entreculturas.org\/en\/#website","url":"https:\/\/www.entreculturas.org\/en\/","name":"Entreculturas","description":"","publisher":{"@id":"https:\/\/www.entreculturas.org\/en\/#organization"},"alternateName":"Entreculturas","potentialAction":[{"@type":"SearchAction","target":{"@type":"EntryPoint","urlTemplate":"https:\/\/www.entreculturas.org\/en\/?s={search_term_string}"},"query-input":{"@type":"PropertyValueSpecification","valueRequired":true,"valueName":"search_term_string"}}],"inLanguage":"en-US"},{"@type":"Organization","@id":"https:\/\/www.entreculturas.org\/en\/#organization","name":"Entreculturas","url":"https:\/\/www.entreculturas.org\/en\/","logo":{"@type":"ImageObject","inLanguage":"en-US","@id":"https:\/\/www.entreculturas.org\/en\/#\/schema\/logo\/image\/","url":"https:\/\/www.entreculturas.org\/wp-content\/uploads\/2025\/10\/ESP.svg","contentUrl":"https:\/\/www.entreculturas.org\/wp-content\/uploads\/2025\/10\/ESP.svg","caption":"Entreculturas"},"image":{"@id":"https:\/\/www.entreculturas.org\/en\/#\/schema\/logo\/image\/"},"sameAs":["https:\/\/www.facebook.com\/entreculturas","https:\/\/x.com\/Entreculturas","https:\/\/www.instagram.com\/entreculturas\/","https:\/\/www.youtube.com\/user\/entreculturasvideo","https:\/\/www.linkedin.com\/company\/fundacion-entreculturas-ngdo\/","https:\/\/www.flickr.com\/photos\/98455522@N04\/albums\/"]}]}},"_links":{"self":[{"href":"https:\/\/www.entreculturas.org\/en\/wp-json\/wp\/v2\/noticia\/24564","targetHints":{"allow":["GET"]}}],"collection":[{"href":"https:\/\/www.entreculturas.org\/en\/wp-json\/wp\/v2\/noticia"}],"about":[{"href":"https:\/\/www.entreculturas.org\/en\/wp-json\/wp\/v2\/types\/noticia"}],"wp:featuredmedia":[{"embeddable":true,"href":"https:\/\/www.entreculturas.org\/en\/wp-json\/wp\/v2\/media\/24577"}],"wp:attachment":[{"href":"https:\/\/www.entreculturas.org\/en\/wp-json\/wp\/v2\/media?parent=24564"}],"wp:term":[{"taxonomy":"category","embeddable":true,"href":"https:\/\/www.entreculturas.org\/en\/wp-json\/wp\/v2\/categories?post=24564"},{"taxonomy":"post_tag","embeddable":true,"href":"https:\/\/www.entreculturas.org\/en\/wp-json\/wp\/v2\/tags?post=24564"},{"taxonomy":"country","embeddable":true,"href":"https:\/\/www.entreculturas.org\/en\/wp-json\/wp\/v2\/country?post=24564"},{"taxonomy":"cause","embeddable":true,"href":"https:\/\/www.entreculturas.org\/en\/wp-json\/wp\/v2\/cause?post=24564"}],"curies":[{"name":"wp","href":"https:\/\/api.w.org\/{rel}","templated":true}]}}