{"id":2438,"date":"2018-11-27T16:11:48","date_gmt":"2018-11-27T16:11:48","guid":{"rendered":"https:\/\/entreculturasi.wpenginepowered.com\/?noticias=entreculturas-salamanca-recauda-4100eu-con-su-rastrillo-solidario"},"modified":"2023-12-18T10:34:00","modified_gmt":"2023-12-18T09:34:00","slug":"entreculturas-salamanca-recauda-4100eu-con-su-rastrillo-solidario","status":"publish","type":"noticia","link":"https:\/\/www.entreculturas.org\/en\/noticia\/entreculturas-salamanca-recauda-4100eu-con-su-rastrillo-solidario\/","title":{"rendered":"Entreculturas Salamanca recauda 4.100\u20ac con su rastrillo solidario"},"content":{"rendered":"<p>Una a\u00f1o m\u00e1s se ha celebrado el tradicional &#8220;Rastrillo del Milagro&#8221; en Salamanca. Como siempre, esta iniciativa de Entreculturas ha contado con la solidaridad del barrio. Son unos d\u00edas en los que se unen parroquianos del Milagro de San Jos\u00e9, j\u00f3venes de la Red del colegio San Estanislao de Kostka y voluntarios del Equipo de Voluntariado Joven y de la propia delegaci\u00f3n.<!--break-->&nbsp;<\/p>\n<p>Entre todos se da voz a los ni\u00f1os y ni\u00f1as de <strong>Sud\u00e1n del Sur<\/strong>. Se busca dar a conocer la situaci\u00f3n que se vive en las zonas m\u00e1s vulnerables de este pa\u00eds y se trata de apoyar la escolarizaci\u00f3n de los menores a los que no se les est\u00e1 dando esta oportunidad, a los que se le est\u00e1 negando el Derecho a la Educaci\u00f3n.<\/p>\n<p>Este a\u00f1o, la delegaci\u00f3n ha recaudado un total de <strong>4.100 euros<\/strong>.&nbsp;<\/p>\n<p><img decoding=\"async\" alt=\"\" height=\"638\" src=\"https:\/\/www.entreculturas.org\/wp-content\/uploads\/2018\/11\/rastrillo-salamanca-noticia.png\" width=\"800\"><\/p>\n","protected":false},"excerpt":{"rendered":"<p>Una a\u00f1o m\u00e1s se ha celebrado el tradicional &#8220;Rastrillo del Milagro&#8221; en Salamanca. Como siempre, esta iniciativa de Entreculturas ha contado con la solidaridad del barrio. Son unos d\u00edas en los que se unen parroquianos del Milagro de San Jos\u00e9, j\u00f3venes de la Red del colegio San Estanislao de Kostka y voluntarios del Equipo de Voluntariado Joven y de la propia delegaci\u00f3n.&nbsp; Entre todos se da voz a los ni\u00f1os y ni\u00f1as de Sud\u00e1n del Sur. Se busca dar a conocer la situaci\u00f3n que se vive en las zonas m\u00e1s vulnerables de este pa\u00eds y se trata de apoyar la escolarizaci\u00f3n de los menores a los que no se les est\u00e1 dando esta oportunidad, a los que se le est\u00e1 negando el Derecho a la Educaci\u00f3n. Este a\u00f1o, la delegaci\u00f3n ha recaudado un total de 4.100 euros.&nbsp;<\/p>\n","protected":false},"featured_media":2435,"template":"single-noticia","meta":{"_acf_changed":false},"categories":[7],"tags":[303],"country":[120],"cause":[],"class_list":["post-2438","noticia","type-noticia","status-publish","has-post-thumbnail","hentry","category-noticia","tag-recaudacion","country-espana"],"acf":[],"yoast_head":"<!-- This site is optimized with the Yoast SEO Premium plugin v21.6 (Yoast SEO v27.5) - https:\/\/yoast.com\/product\/yoast-seo-premium-wordpress\/ -->\n<title>Entreculturas Salamanca recauda 4.100\u20ac con su rastrillo solidario - Entreculturas<\/title>\n<meta name=\"robots\" content=\"index, follow, max-snippet:-1, max-image-preview:large, max-video-preview:-1\" \/>\n<link rel=\"canonical\" href=\"https:\/\/www.entreculturas.org\/en\/noticia\/entreculturas-salamanca-recauda-4100eu-con-su-rastrillo-solidario\/\" \/>\n<meta property=\"og:locale\" content=\"en_US\" \/>\n<meta property=\"og:type\" content=\"article\" \/>\n<meta property=\"og:title\" content=\"Entreculturas Salamanca recauda 4.100\u20ac con su rastrillo solidario\" \/>\n<meta property=\"og:description\" content=\"Una a\u00f1o m\u00e1s se ha celebrado el tradicional &#8220;Rastrillo del Milagro&#8221; en Salamanca. Como siempre, esta iniciativa de Entreculturas ha contado con la solidaridad del barrio. Son unos d\u00edas en los que se unen parroquianos del Milagro de San Jos\u00e9, j\u00f3venes de la Red del colegio San Estanislao de Kostka y voluntarios del Equipo de Voluntariado Joven y de la propia delegaci\u00f3n.&nbsp; Entre todos se da voz a los ni\u00f1os y ni\u00f1as de Sud\u00e1n del Sur. Se busca dar a conocer la situaci\u00f3n que se vive en las zonas m\u00e1s vulnerables de este pa\u00eds y se trata de apoyar la escolarizaci\u00f3n de los menores a los que no se les est\u00e1 dando esta oportunidad, a los que se le est\u00e1 negando el Derecho a la Educaci\u00f3n. Este a\u00f1o, la delegaci\u00f3n ha recaudado un total de 4.100 euros.&nbsp;\" \/>\n<meta property=\"og:url\" content=\"https:\/\/www.entreculturas.org\/en\/noticia\/entreculturas-salamanca-recauda-4100eu-con-su-rastrillo-solidario\/\" \/>\n<meta property=\"og:site_name\" content=\"Entreculturas\" \/>\n<meta property=\"article:publisher\" content=\"https:\/\/www.facebook.com\/entreculturas\" \/>\n<meta property=\"article:modified_time\" content=\"2023-12-18T09:34:00+00:00\" \/>\n<meta property=\"og:image\" content=\"https:\/\/www.entreculturas.org\/wp-content\/uploads\/2018\/11\/rastrillosalamanca-1.jpg\" \/>\n\t<meta property=\"og:image:width\" content=\"800\" \/>\n\t<meta property=\"og:image:height\" content=\"434\" \/>\n\t<meta property=\"og:image:type\" content=\"image\/jpeg\" \/>\n<meta name=\"twitter:card\" content=\"summary_large_image\" \/>\n<meta name=\"twitter:site\" content=\"@Entreculturas\" \/>\n<script type=\"application\/ld+json\" class=\"yoast-schema-graph\">{\"@context\":\"https:\\\/\\\/schema.org\",\"@graph\":[{\"@type\":\"WebPage\",\"@id\":\"https:\\\/\\\/www.entreculturas.org\\\/en\\\/noticia\\\/entreculturas-salamanca-recauda-4100eu-con-su-rastrillo-solidario\\\/\",\"url\":\"https:\\\/\\\/www.entreculturas.org\\\/en\\\/noticia\\\/entreculturas-salamanca-recauda-4100eu-con-su-rastrillo-solidario\\\/\",\"name\":\"Entreculturas Salamanca recauda 4.100\u20ac con su rastrillo solidario - Entreculturas\",\"isPartOf\":{\"@id\":\"https:\\\/\\\/www.entreculturas.org\\\/en\\\/#website\"},\"primaryImageOfPage\":{\"@id\":\"https:\\\/\\\/www.entreculturas.org\\\/en\\\/noticia\\\/entreculturas-salamanca-recauda-4100eu-con-su-rastrillo-solidario\\\/#primaryimage\"},\"image\":{\"@id\":\"https:\\\/\\\/www.entreculturas.org\\\/en\\\/noticia\\\/entreculturas-salamanca-recauda-4100eu-con-su-rastrillo-solidario\\\/#primaryimage\"},\"thumbnailUrl\":\"https:\\\/\\\/www.entreculturas.org\\\/wp-content\\\/uploads\\\/2018\\\/11\\\/rastrillosalamanca-1.jpg\",\"datePublished\":\"2018-11-27T16:11:48+00:00\",\"dateModified\":\"2023-12-18T09:34:00+00:00\",\"breadcrumb\":{\"@id\":\"https:\\\/\\\/www.entreculturas.org\\\/en\\\/noticia\\\/entreculturas-salamanca-recauda-4100eu-con-su-rastrillo-solidario\\\/#breadcrumb\"},\"inLanguage\":\"en-US\",\"potentialAction\":[{\"@type\":\"ReadAction\",\"target\":[\"https:\\\/\\\/www.entreculturas.org\\\/en\\\/noticia\\\/entreculturas-salamanca-recauda-4100eu-con-su-rastrillo-solidario\\\/\"]}]},{\"@type\":\"ImageObject\",\"inLanguage\":\"en-US\",\"@id\":\"https:\\\/\\\/www.entreculturas.org\\\/en\\\/noticia\\\/entreculturas-salamanca-recauda-4100eu-con-su-rastrillo-solidario\\\/#primaryimage\",\"url\":\"https:\\\/\\\/www.entreculturas.org\\\/wp-content\\\/uploads\\\/2018\\\/11\\\/rastrillosalamanca-1.jpg\",\"contentUrl\":\"https:\\\/\\\/www.entreculturas.org\\\/wp-content\\\/uploads\\\/2018\\\/11\\\/rastrillosalamanca-1.jpg\",\"width\":800,\"height\":434},{\"@type\":\"BreadcrumbList\",\"@id\":\"https:\\\/\\\/www.entreculturas.org\\\/en\\\/noticia\\\/entreculturas-salamanca-recauda-4100eu-con-su-rastrillo-solidario\\\/#breadcrumb\",\"itemListElement\":[{\"@type\":\"ListItem\",\"position\":1,\"name\":\"Home\",\"item\":\"https:\\\/\\\/www.entreculturas.org\\\/en\\\/\"},{\"@type\":\"ListItem\",\"position\":2,\"name\":\"Noticias\",\"item\":\"https:\\\/\\\/www.entreculturas.org\\\/en\\\/noticias\\\/\"},{\"@type\":\"ListItem\",\"position\":3,\"name\":\"Entreculturas Salamanca recauda 4.100\u20ac con su rastrillo solidario\"}]},{\"@type\":\"WebSite\",\"@id\":\"https:\\\/\\\/www.entreculturas.org\\\/en\\\/#website\",\"url\":\"https:\\\/\\\/www.entreculturas.org\\\/en\\\/\",\"name\":\"Entreculturas\",\"description\":\"\",\"publisher\":{\"@id\":\"https:\\\/\\\/www.entreculturas.org\\\/en\\\/#organization\"},\"alternateName\":\"Entreculturas\",\"potentialAction\":[{\"@type\":\"SearchAction\",\"target\":{\"@type\":\"EntryPoint\",\"urlTemplate\":\"https:\\\/\\\/www.entreculturas.org\\\/en\\\/?s={search_term_string}\"},\"query-input\":{\"@type\":\"PropertyValueSpecification\",\"valueRequired\":true,\"valueName\":\"search_term_string\"}}],\"inLanguage\":\"en-US\"},{\"@type\":\"Organization\",\"@id\":\"https:\\\/\\\/www.entreculturas.org\\\/en\\\/#organization\",\"name\":\"Entreculturas\",\"url\":\"https:\\\/\\\/www.entreculturas.org\\\/en\\\/\",\"logo\":{\"@type\":\"ImageObject\",\"inLanguage\":\"en-US\",\"@id\":\"https:\\\/\\\/www.entreculturas.org\\\/en\\\/#\\\/schema\\\/logo\\\/image\\\/\",\"url\":\"https:\\\/\\\/www.entreculturas.org\\\/wp-content\\\/uploads\\\/2025\\\/10\\\/ESP.svg\",\"contentUrl\":\"https:\\\/\\\/www.entreculturas.org\\\/wp-content\\\/uploads\\\/2025\\\/10\\\/ESP.svg\",\"caption\":\"Entreculturas\"},\"image\":{\"@id\":\"https:\\\/\\\/www.entreculturas.org\\\/en\\\/#\\\/schema\\\/logo\\\/image\\\/\"},\"sameAs\":[\"https:\\\/\\\/www.facebook.com\\\/entreculturas\",\"https:\\\/\\\/x.com\\\/Entreculturas\",\"https:\\\/\\\/www.instagram.com\\\/entreculturas\\\/\",\"https:\\\/\\\/www.youtube.com\\\/user\\\/entreculturasvideo\",\"https:\\\/\\\/www.linkedin.com\\\/company\\\/fundacion-entreculturas-ngdo\\\/\",\"https:\\\/\\\/www.flickr.com\\\/photos\\\/98455522@N04\\\/albums\\\/\"]}]}<\/script>\n<!-- \/ Yoast SEO Premium plugin. -->","yoast_head_json":{"title":"Entreculturas Salamanca recauda 4.100\u20ac con su rastrillo solidario - Entreculturas","robots":{"index":"index","follow":"follow","max-snippet":"max-snippet:-1","max-image-preview":"max-image-preview:large","max-video-preview":"max-video-preview:-1"},"canonical":"https:\/\/www.entreculturas.org\/en\/noticia\/entreculturas-salamanca-recauda-4100eu-con-su-rastrillo-solidario\/","og_locale":"en_US","og_type":"article","og_title":"Entreculturas Salamanca recauda 4.100\u20ac con su rastrillo solidario","og_description":"Una a\u00f1o m\u00e1s se ha celebrado el tradicional &#8220;Rastrillo del Milagro&#8221; en Salamanca. Como siempre, esta iniciativa de Entreculturas ha contado con la solidaridad del barrio. Son unos d\u00edas en los que se unen parroquianos del Milagro de San Jos\u00e9, j\u00f3venes de la Red del colegio San Estanislao de Kostka y voluntarios del Equipo de Voluntariado Joven y de la propia delegaci\u00f3n.&nbsp; Entre todos se da voz a los ni\u00f1os y ni\u00f1as de Sud\u00e1n del Sur. Se busca dar a conocer la situaci\u00f3n que se vive en las zonas m\u00e1s vulnerables de este pa\u00eds y se trata de apoyar la escolarizaci\u00f3n de los menores a los que no se les est\u00e1 dando esta oportunidad, a los que se le est\u00e1 negando el Derecho a la Educaci\u00f3n. Este a\u00f1o, la delegaci\u00f3n ha recaudado un total de 4.100 euros.&nbsp;","og_url":"https:\/\/www.entreculturas.org\/en\/noticia\/entreculturas-salamanca-recauda-4100eu-con-su-rastrillo-solidario\/","og_site_name":"Entreculturas","article_publisher":"https:\/\/www.facebook.com\/entreculturas","article_modified_time":"2023-12-18T09:34:00+00:00","og_image":[{"width":800,"height":434,"url":"https:\/\/www.entreculturas.org\/wp-content\/uploads\/2018\/11\/rastrillosalamanca-1.jpg","type":"image\/jpeg"}],"twitter_card":"summary_large_image","twitter_site":"@Entreculturas","schema":{"@context":"https:\/\/schema.org","@graph":[{"@type":"WebPage","@id":"https:\/\/www.entreculturas.org\/en\/noticia\/entreculturas-salamanca-recauda-4100eu-con-su-rastrillo-solidario\/","url":"https:\/\/www.entreculturas.org\/en\/noticia\/entreculturas-salamanca-recauda-4100eu-con-su-rastrillo-solidario\/","name":"Entreculturas Salamanca recauda 4.100\u20ac con su rastrillo solidario - Entreculturas","isPartOf":{"@id":"https:\/\/www.entreculturas.org\/en\/#website"},"primaryImageOfPage":{"@id":"https:\/\/www.entreculturas.org\/en\/noticia\/entreculturas-salamanca-recauda-4100eu-con-su-rastrillo-solidario\/#primaryimage"},"image":{"@id":"https:\/\/www.entreculturas.org\/en\/noticia\/entreculturas-salamanca-recauda-4100eu-con-su-rastrillo-solidario\/#primaryimage"},"thumbnailUrl":"https:\/\/www.entreculturas.org\/wp-content\/uploads\/2018\/11\/rastrillosalamanca-1.jpg","datePublished":"2018-11-27T16:11:48+00:00","dateModified":"2023-12-18T09:34:00+00:00","breadcrumb":{"@id":"https:\/\/www.entreculturas.org\/en\/noticia\/entreculturas-salamanca-recauda-4100eu-con-su-rastrillo-solidario\/#breadcrumb"},"inLanguage":"en-US","potentialAction":[{"@type":"ReadAction","target":["https:\/\/www.entreculturas.org\/en\/noticia\/entreculturas-salamanca-recauda-4100eu-con-su-rastrillo-solidario\/"]}]},{"@type":"ImageObject","inLanguage":"en-US","@id":"https:\/\/www.entreculturas.org\/en\/noticia\/entreculturas-salamanca-recauda-4100eu-con-su-rastrillo-solidario\/#primaryimage","url":"https:\/\/www.entreculturas.org\/wp-content\/uploads\/2018\/11\/rastrillosalamanca-1.jpg","contentUrl":"https:\/\/www.entreculturas.org\/wp-content\/uploads\/2018\/11\/rastrillosalamanca-1.jpg","width":800,"height":434},{"@type":"BreadcrumbList","@id":"https:\/\/www.entreculturas.org\/en\/noticia\/entreculturas-salamanca-recauda-4100eu-con-su-rastrillo-solidario\/#breadcrumb","itemListElement":[{"@type":"ListItem","position":1,"name":"Home","item":"https:\/\/www.entreculturas.org\/en\/"},{"@type":"ListItem","position":2,"name":"Noticias","item":"https:\/\/www.entreculturas.org\/en\/noticias\/"},{"@type":"ListItem","position":3,"name":"Entreculturas Salamanca recauda 4.100\u20ac con su rastrillo solidario"}]},{"@type":"WebSite","@id":"https:\/\/www.entreculturas.org\/en\/#website","url":"https:\/\/www.entreculturas.org\/en\/","name":"Entreculturas","description":"","publisher":{"@id":"https:\/\/www.entreculturas.org\/en\/#organization"},"alternateName":"Entreculturas","potentialAction":[{"@type":"SearchAction","target":{"@type":"EntryPoint","urlTemplate":"https:\/\/www.entreculturas.org\/en\/?s={search_term_string}"},"query-input":{"@type":"PropertyValueSpecification","valueRequired":true,"valueName":"search_term_string"}}],"inLanguage":"en-US"},{"@type":"Organization","@id":"https:\/\/www.entreculturas.org\/en\/#organization","name":"Entreculturas","url":"https:\/\/www.entreculturas.org\/en\/","logo":{"@type":"ImageObject","inLanguage":"en-US","@id":"https:\/\/www.entreculturas.org\/en\/#\/schema\/logo\/image\/","url":"https:\/\/www.entreculturas.org\/wp-content\/uploads\/2025\/10\/ESP.svg","contentUrl":"https:\/\/www.entreculturas.org\/wp-content\/uploads\/2025\/10\/ESP.svg","caption":"Entreculturas"},"image":{"@id":"https:\/\/www.entreculturas.org\/en\/#\/schema\/logo\/image\/"},"sameAs":["https:\/\/www.facebook.com\/entreculturas","https:\/\/x.com\/Entreculturas","https:\/\/www.instagram.com\/entreculturas\/","https:\/\/www.youtube.com\/user\/entreculturasvideo","https:\/\/www.linkedin.com\/company\/fundacion-entreculturas-ngdo\/","https:\/\/www.flickr.com\/photos\/98455522@N04\/albums\/"]}]}},"_links":{"self":[{"href":"https:\/\/www.entreculturas.org\/en\/wp-json\/wp\/v2\/noticia\/2438","targetHints":{"allow":["GET"]}}],"collection":[{"href":"https:\/\/www.entreculturas.org\/en\/wp-json\/wp\/v2\/noticia"}],"about":[{"href":"https:\/\/www.entreculturas.org\/en\/wp-json\/wp\/v2\/types\/noticia"}],"wp:featuredmedia":[{"embeddable":true,"href":"https:\/\/www.entreculturas.org\/en\/wp-json\/wp\/v2\/media\/2435"}],"wp:attachment":[{"href":"https:\/\/www.entreculturas.org\/en\/wp-json\/wp\/v2\/media?parent=2438"}],"wp:term":[{"taxonomy":"category","embeddable":true,"href":"https:\/\/www.entreculturas.org\/en\/wp-json\/wp\/v2\/categories?post=2438"},{"taxonomy":"post_tag","embeddable":true,"href":"https:\/\/www.entreculturas.org\/en\/wp-json\/wp\/v2\/tags?post=2438"},{"taxonomy":"country","embeddable":true,"href":"https:\/\/www.entreculturas.org\/en\/wp-json\/wp\/v2\/country?post=2438"},{"taxonomy":"cause","embeddable":true,"href":"https:\/\/www.entreculturas.org\/en\/wp-json\/wp\/v2\/cause?post=2438"}],"curies":[{"name":"wp","href":"https:\/\/api.w.org\/{rel}","templated":true}]}}