{"id":24273,"date":"2024-06-20T10:20:24","date_gmt":"2024-06-20T08:20:24","guid":{"rendered":"https:\/\/www.entreculturas.org\/?post_type=noticia&#038;p=24273"},"modified":"2025-03-14T11:31:00","modified_gmt":"2025-03-14T10:31:00","slug":"en-defensa-de-los-pueblos-indigenas","status":"publish","type":"noticia","link":"https:\/\/www.entreculturas.org\/en\/noticia\/en-defensa-de-los-pueblos-indigenas\/","title":{"rendered":"Defensa de los pueblos ind\u00edgenas Amazon\u00eda"},"content":{"rendered":"\n<p class=\"has-text-align-left\">La Amazon\u00eda, el <strong>pulm\u00f3n verde del planeta<\/strong>, abarca aproximadamente <strong>6.7 millones de kil\u00f3metros cuadrados<\/strong> repartidos entre nueve pa\u00edses de Am\u00e9rica del Sur. No solo es vital para la regulaci\u00f3n clim\u00e1tica global debido a su capacidad de almacenar carbono, sino que tambi\u00e9n es hogar de m\u00e1s de <strong>350 grupos ind\u00edgenas<\/strong> cuya supervivencia est\u00e1 intr\u00ednsecamente ligada a la salud de estos bosques.<\/p>\n\n\n\n<div style=\"height:20px\" aria-hidden=\"true\" class=\"wp-block-spacer\"><\/div>\n\n\n\n<p style=\"margin-bottom:var(--wp--preset--spacing--40)\">Sin embargo, la creciente presi\u00f3n de actividades como la deforestaci\u00f3n, la miner\u00eda ilegal y los conflictos armados hacen que este territorio enfrente una situaci\u00f3n alarmante que plantea amenazas severas tanto para el ecosistema como para sus <strong>comunidades ind\u00edgenas<\/strong>.<\/p>\n\n\n\n<h2 class=\"wp-block-heading has-large-font-size\" id=\"h-impacto-de-la-mineria-en-los-pueblos-indigena\">Impacto de la miner\u00eda en los pueblos ind\u00edgena<\/h2>\n\n\n\n<p style=\"margin-bottom:var(--wp--preset--spacing--30)\"><br>Estas pr\u00e1cticas tienen consecuencias y efectos devastadores sobre la Amazon\u00eda. Por ejemplo, solo en 2020, aproximadamente<a href=\"https:\/\/es.mongabay.com\/2020\/10\/mineria-pueblos-indigenas-amazonia\/\"> 1.28 millones de kil\u00f3metros cuadrados de la Amazon\u00eda fueron afectados<\/a> por la miner\u00eda, tanto legal como ilegal, impactando alrededor del 20% de los territorios ind\u00edgenas.<br><\/p>\n\n\n\n<p>Esto se traduce en unos 450 mil kil\u00f3metros cuadrados de deforestaci\u00f3n, contaminaci\u00f3n y p\u00e9rdida de tierras ancestrales. La miner\u00eda ilegal ha contaminado al menos 30 r\u00edos y afecta a m\u00e1s de 370 territorios ind\u00edgenas en pa\u00edses como Per\u00fa, Brasil y Colombia.<br><\/p>\n\n\n\n<p class=\"has-text-align-center has-medium-font-size\" style=\"margin-right:0;margin-left:0;padding-top:var(--wp--preset--spacing--40);padding-right:var(--wp--preset--spacing--80);padding-bottom:var(--wp--preset--spacing--30);padding-left:var(--wp--preset--spacing--80)\"><strong>Estas actividades resultan en la p\u00e9rdida de biodiversidad, degradaci\u00f3n del suelo, desplazamientos forzados y conflictos territoriales. La contaminaci\u00f3n de r\u00edos con mercurio y otros qu\u00edmicos tiene efectos devastadores en la salud de las comunidades ind\u00edgenas, afectando sus fuentes de agua potable y alimentos.<\/strong><br><\/p>\n\n\n\n<h2 class=\"wp-block-heading has-large-font-size\" id=\"h-amenazas-y-desafios-que-enfrentan-las-comunidades-de-la-amazonia\">Amenazas y Desaf\u00edos que Enfrentan las Comunidades de la Amazon\u00eda<\/h2>\n\n\n\n<p style=\"margin-bottom:var(--wp--preset--spacing--30)\"><br>La supervivencia e identidad de los numerosos grupos ind\u00edgenas que viven en la Amazon\u00eda, est\u00e1n profundamente entrelazadas con la salud de este ecosistema vital.<\/p>\n\n\n\n<p style=\"margin-bottom:var(--wp--preset--spacing--30)\">Estos grupos enfrentan una serie de desaf\u00edos cada vez m\u00e1s graves, como la explotaci\u00f3n descontrolada de recursos naturales, el aumento de conflictos territoriales violentos, la deforestaci\u00f3n y la creciente presi\u00f3n sobre sus modos de vida tradicionales debido al cambio clim\u00e1tico. Adem\u00e1s, estas comunidades ind\u00edgenas se enfrentan a amenazas que van desde la deforestaci\u00f3n hasta la contaminaci\u00f3n de sus tierras y r\u00edos, as\u00ed como la p\u00e9rdida de su cultura y patrimonio.<br><\/p>\n\n\n\n<div class=\"wp-block-cover aligncenter has-small-font-size\" style=\"border-radius:25px;margin-top:var(--wp--preset--spacing--50);margin-bottom:var(--wp--preset--spacing--50);padding-top:var(--wp--preset--spacing--30);padding-right:var(--wp--preset--spacing--80);padding-bottom:var(--wp--preset--spacing--30);padding-left:var(--wp--preset--spacing--80);min-height:92px;aspect-ratio:unset;\"><span aria-hidden=\"true\" class=\"wp-block-cover__background has-red-background-color has-background-dim-100 has-background-dim\"><\/span><div class=\"wp-block-cover__inner-container has-global-padding is-layout-constrained wp-container-core-cover-is-layout-ac4465cb wp-block-cover-is-layout-constrained\">\n<p class=\"has-text-align-center has-small-font-size\"><strong><strong><strong><strong><strong><strong>A pesar de estas adversidades, los pueblos ind\u00edgenas han demostrado una notable resiliencia al adaptarse a la situaci\u00f3n, organizarse para la defensa de sus derechos y territorios, y adoptar estrategias innovadoras para preservar su cultura y modo de vida.<\/strong><\/strong><\/strong><\/strong><\/strong><\/strong><\/p>\n<\/div><\/div>\n\n\n\n<p style=\"margin-bottom:var(--wp--preset--spacing--30)\">Sin embargo, la defensa de los pueblos ind\u00edgenas en la Amazon\u00eda es una <strong>responsabilidad compartida<\/strong> que requiere compromisos concretos de actores locales e internacionales. Incentivar y facilitar su lucha no solo es un imperativo \u00e9tico, sino una <strong>necesidad ecol\u00f3gica urgente<\/strong> para la preservaci\u00f3n de uno de los biomas m\u00e1s cruciales del mundo.<br><\/p>\n\n\n\n<h2 class=\"wp-block-heading has-large-font-size\" id=\"h-la-urgencia-de-ayuda\">La urgencia de ayuda<\/h2>\n\n\n\n<div class=\"wp-block-cover is-light\" style=\"margin-top:var(--wp--preset--spacing--40);margin-bottom:0;padding-top:var(--wp--preset--spacing--60);padding-bottom:var(--wp--preset--spacing--60);min-height:118px;aspect-ratio:unset;\"><span aria-hidden=\"true\" class=\"wp-block-cover__background has-lightgray-background-color has-background-dim-100 has-background-dim\"><\/span><div class=\"wp-block-cover__inner-container has-global-padding is-layout-constrained wp-block-cover-is-layout-constrained\">\n<p class=\"has-text-align-center has-small-font-size\">Seg\u00fan el informe de Global Witness, en el a\u00f1o <strong>2023<\/strong> se registraron al menos <strong>227 asesinatos<\/strong> de defensores de la tierra y el medio ambiente a nivel mundial. Este alarmante aumento destaca la continua peligrosidad para aquellos que protegen el planeta, con la mayor\u00eda de los asesinatos ocurriendo en <strong>Am\u00e9rica Latina<\/strong>, especialmente en <strong>Colombia, Brasil y M\u00e9xico<\/strong>.<\/p>\n<\/div><\/div>\n\n\n\n<p><br>Estos datos, posicionan a este territorio como una de las <strong>regiones m\u00e1s afectadas<\/strong>. De la misma manera, estos n\u00fameros resaltan la peligrosidad de las actividades de defensa del medio ambiente y los derechos territoriales en la regi\u00f3n, lo que subraya la importancia de <strong>apoyar y proteger a estas comunidades<\/strong> en su lucha y as\u00ed poder evitar seguir leyendo datos como el siguiente:<\/p>\n\n\n\n<p style=\"margin-top:var(--wp--preset--spacing--30);margin-bottom:var(--wp--preset--spacing--30)\">En Colombia, los conflictos armados han desplazado a comunidades ind\u00edgenas, exacerbando la vulnerabilidad de estas poblaciones en la Amazon\u00eda, con al menos <strong>58,000 personas ind\u00edgenas afectadas<\/strong> por la violencia en 2023.<\/p>\n\n\n\n<figure class=\"wp-block-image aligncenter size-full is-resized\"><img decoding=\"async\" width=\"2560\" height=\"1440\" src=\"https:\/\/www.entreculturas.org\/wp-content\/uploads\/2024\/12\/DSC01311-1-edited-scaled.jpg\" alt=\"\" class=\"wp-image-36734\" style=\"width:711px;height:auto\" srcset=\"https:\/\/www.entreculturas.org\/wp-content\/uploads\/2024\/12\/DSC01311-1-edited-scaled.jpg 2560w, https:\/\/www.entreculturas.org\/wp-content\/uploads\/2024\/12\/DSC01311-1-edited-300x169.jpg 300w, https:\/\/www.entreculturas.org\/wp-content\/uploads\/2024\/12\/DSC01311-1-edited-1024x576.jpg 1024w, https:\/\/www.entreculturas.org\/wp-content\/uploads\/2024\/12\/DSC01311-1-edited-768x432.jpg 768w, https:\/\/www.entreculturas.org\/wp-content\/uploads\/2024\/12\/DSC01311-1-edited-1536x864.jpg 1536w, https:\/\/www.entreculturas.org\/wp-content\/uploads\/2024\/12\/DSC01311-1-edited-2048x1152.jpg 2048w\" sizes=\"(max-width: 2560px) 100vw, 2560px\" \/><\/figure>\n\n\n\n<div style=\"height:20px\" aria-hidden=\"true\" class=\"wp-block-spacer\"><\/div>\n\n\n\n<h2 class=\"wp-block-heading has-large-font-size\" id=\"h-estrategias-para-incentivar-la-defensa-de-los-pueblos-indigenas\">Estrategias para Incentivar la Defensa de los Pueblos Ind\u00edgenas<\/h2>\n\n\n\n<p><\/p>\n\n\n\n<p style=\"margin-top:var(--wp--preset--spacing--30);margin-bottom:var(--wp--preset--spacing--30)\">La defensa de los pueblos ind\u00edgenas en la Amazon\u00eda requiere un enfoque multidimensional que incluya cooperaci\u00f3n legal, econ\u00f3mica y tecnol\u00f3gica, as\u00ed como un fuerte componente de sensibilizaci\u00f3n y educaci\u00f3n cultural. Al unir estas estrategias, se puede fortalecer la posici\u00f3n de los pueblos ind\u00edgenas no solo como guardianes de su propio patrimonio sino tambi\u00e9n como actores cruciales en la conservaci\u00f3n del medio ambiente global.<\/p>\n\n\n\n<div class=\"wp-block-columns are-vertically-aligned-top is-layout-flex wp-container-core-columns-is-layout-cd6a0e38 wp-block-columns-is-layout-flex\" style=\"padding-bottom:0\">\n<div class=\"wp-block-column is-vertically-aligned-top has-medium-font-size is-layout-flow wp-container-core-column-is-layout-92c44e9e wp-block-column-is-layout-flow\" style=\"padding-top:0;padding-bottom:0\">\n<ul class=\"wp-block-list\">\n<li class=\"has-small-font-size\"><strong>Fortalecimiento de Capacidades Legales y Autonom\u00eda:<\/strong> Es <strong>vital<\/strong> fortalecer el conocimiento y la aplicaci\u00f3n de <strong>leyes nacionales e internacionales de derechos humanos<\/strong> entre las comunidades ind\u00edgenas. Facilitar el acceso a <strong>asesor\u00eda legal y a mecanismos de justicia<\/strong> puede mejorar significativamente su capacidad de defender sus tierras y cultura contra invasiones y explotaciones ilegales. La creaci\u00f3n de programas de capacitaci\u00f3n en <strong>derechos humanos, derecho ambiental<\/strong>, y <strong>gesti\u00f3n de recursos naturales<\/strong> es fundamental para empoderar a los l\u00edderes y comunidades ind\u00edgenas en su autodefensa.<\/li>\n\n\n\n<li class=\"has-small-font-size\"><strong>Adopci\u00f3n de Tecnolog\u00edas para Vigilancia y Defensa:<\/strong> El uso de <strong>drones<\/strong>, <strong>c\u00e1maras de vigilancia forestal<\/strong>, y <strong>sistemas de GPS<\/strong> para monitorear y documentar incursiones ilegales y da\u00f1os ambientales ayuda a las comunidades ind\u00edgenas a mantener un control efectivo sobre sus territorios y proporciona evidencia vital para procedimientos legales y campa\u00f1as de sensibilizaci\u00f3n.<\/li>\n<\/ul>\n<\/div>\n<\/div>\n\n\n\n<ul class=\"wp-block-list\">\n<li><strong>Desarrollo de Econom\u00edas Locales Sostenibles<\/strong>: Iniciativas como el <strong>ecoturismo<\/strong>, la <strong>agroforester\u00eda<\/strong>, y la <strong>venta de productos forestales no maderables<\/strong> bajo principios de comercio justo, pueden proporcionar fuentes de ingreso sostenibles sin comprometer sus modos de vida tradicionales ni el medio ambiente.<\/li>\n\n\n\n<li class=\"has-small-font-size\"><strong>Campa\u00f1as Globales de Sensibilizaci\u00f3n:<\/strong> Estas campa\u00f1as pueden movilizar apoyo y <strong>generar presi\u00f3n sobre gobiernos y corporaciones<\/strong> para cambiar pol\u00edticas y pr\u00e1cticas perjudiciales. Las narrativas deben ser cuidadosamente dise\u00f1adas para respetar y dignificar las culturas ind\u00edgenas, evitando la victimizaci\u00f3n y destacando su <strong>resiliencia y liderazgo<\/strong>.<\/li>\n<\/ul>\n\n\n\n<h2 class=\"wp-block-heading has-din-font-family has-large-font-size\" id=\"h-promocion-de-la-conciencia-social-y-ambiental\" style=\"margin-top:var(--wp--preset--spacing--50)\"><strong>Promoci\u00f3n de la Conciencia Social y Ambiental<\/strong><\/h2>\n\n\n\n<p style=\"margin-top:var(--wp--preset--spacing--30)\">En <a href=\"https:\/\/www.entreculturas.org\/\">Entreculturas<\/a> trabajamos en iniciativas educativas y campa\u00f1as como <strong>Somos Amazon\u00eda<\/strong>, en las que utilizamos testimonios, informes, materiales did\u00e1cticos y exposiciones para ense\u00f1ar sobre los <strong>impactos del consumo y la producci\u00f3n en el medio ambiente<\/strong>.<\/p>\n\n\n\n<p style=\"margin-top:var(--wp--preset--spacing--30)\">Somos Amazon\u00eda da a conocer, desde una perspectiva ecofeminista, la vinculaci\u00f3n que existe entre los <strong>conflictos ecosociales y los modos de producci\u00f3n y consumo globales<\/strong> a fin de promover una ciudadan\u00eda cr\u00edtica que se movilice por un mundo m\u00e1s justo, equitativo y sostenible.<\/p>\n\n\n\n<p style=\"margin-top:var(--wp--preset--spacing--30);margin-bottom:var(--wp--preset--spacing--30)\">Este tipo de campa\u00f1as son vitales para asegurar que las generaciones futuras de comunidades ind\u00edgenas puedan <strong>continuar su lucha y participar activamente<\/strong> en la gesti\u00f3n de sus recursos naturales, as\u00ed como para respetar la diversidad cultural y fortalecer las capacidades locales para el liderazgo y la autogesti\u00f3n.<\/p>\n\n\n\n<div class=\"wp-block-cover is-light\" style=\"margin-top:var(--wp--preset--spacing--40);margin-bottom:var(--wp--preset--spacing--40);padding-top:var(--wp--preset--spacing--60);padding-bottom:var(--wp--preset--spacing--60);min-height:118px;aspect-ratio:unset;\"><span aria-hidden=\"true\" class=\"wp-block-cover__background has-lightgray-background-color has-background-dim-100 has-background-dim\"><\/span><div class=\"wp-block-cover__inner-container has-global-padding is-layout-constrained wp-block-cover-is-layout-constrained\">\n<p class=\"has-text-align-center has-small-font-size\"><em><strong>\u201cLos pueblos ind\u00edgenas son bibliotecas vivas. Son los guardianes, cuidadores y jardineros de la Amazonia y del Planeta. Cada vez que un pueblo ind\u00edgena es exterminado y desaparece, un rostro de Tup\u00e3na (Dios) muere, el cosmos, el planeta y toda la humanidad se empobrecen\u201d. (Sabio Bernardo Alves, del pueblo ind\u00edgena Sater\u00e9-Maw\u00e9)<\/strong><\/em><\/p>\n<\/div><\/div>\n\n\n\n<p>Dar visibilidad a estos problemas ayuda a <strong>crear conciencia sobre las consecuencias<\/strong> de pr\u00e1cticas insostenibles y a modificar la percepci\u00f3n social. Esto fomenta un <strong>cambio de comportamiento y h\u00e1bitos de consumo a largo plazo<\/strong>, promoviendo un compromiso m\u00e1s responsable con el medio ambiente.<\/p>\n\n\n\n<p style=\"margin-top:var(--wp--preset--spacing--30);margin-bottom:var(--wp--preset--spacing--30)\">En un mundo donde las acciones locales tienen <strong>impactos globales<\/strong>, todos y todas tenemos un papel que desempe\u00f1ar. Es hora de actuar, no solo por la Amazon\u00eda, sino por el futuro del planeta. Todas somos parte de la Amazon\u00eda; defendamos juntas <strong>nuestra casa com\u00fan<\/strong>.<\/p>\n","protected":false},"excerpt":{"rendered":"<p>Seg\u00fan las estad\u00edsticas del Servicio Nacional de Migraci\u00f3n (SNM), hasta mediados de junio de 2023 m\u00e1s de 175.000 personas migrantes han ingresado a Panam\u00e1 a trav\u00e9s del Tap\u00f3n del Dari\u00e9n, una cifra hist\u00f3rica. Lo m\u00e1s preocupante es el creciente n\u00famero de ni\u00f1os y ni\u00f1as que se encuentran expuestos a los peligros de esta implacable ruta migratoria.Hemos recorrido parte de la ruta junto a nuestra organizaci\u00f3n hermana en terreno, Fe y Alegr\u00eda Panam\u00e1, retratando la realidad y dando voz a las personas que se ponen en camino a trav\u00e9s de la lente del fotoperiodista Sergi C\u00e1mara.<\/p>\n","protected":false},"featured_media":24474,"template":"single-noticia","meta":{"_acf_changed":false},"categories":[7],"tags":[10],"country":[147],"cause":[129],"class_list":["post-24273","noticia","type-noticia","status-publish","has-post-thumbnail","hentry","category-noticia","tag-migracion-y-refugio","country-panama","cause-migracion-y-refugio"],"acf":[],"yoast_head":"<!-- This site is optimized with the Yoast SEO Premium plugin v21.6 (Yoast SEO v27.5) - https:\/\/yoast.com\/product\/yoast-seo-premium-wordpress\/ -->\n<title>Defensa de los pueblos ind\u00edgenas Amazon\u00eda<\/title>\n<meta name=\"description\" content=\"Descubre c\u00f3mo incentivar la defensa de los pueblos ind\u00edgenas en la Amazon\u00eda. Conoce los desaf\u00edos, impactos de la miner\u00eda y estrategias para proteger estos vitales ecosistemas.\" \/>\n<meta name=\"robots\" content=\"index, follow, max-snippet:-1, max-image-preview:large, max-video-preview:-1\" \/>\n<link rel=\"canonical\" href=\"https:\/\/www.entreculturas.org\/en\/noticia\/en-defensa-de-los-pueblos-indigenas\/\" \/>\n<meta property=\"og:locale\" content=\"en_US\" \/>\n<meta property=\"og:type\" content=\"article\" \/>\n<meta property=\"og:title\" content=\"Defensa de los pueblos ind\u00edgenas Amazon\u00eda\" \/>\n<meta property=\"og:description\" content=\"Descubre c\u00f3mo incentivar la defensa de los pueblos ind\u00edgenas en la Amazon\u00eda. Conoce los desaf\u00edos, impactos de la miner\u00eda y estrategias para proteger estos vitales ecosistemas.\" \/>\n<meta property=\"og:url\" content=\"https:\/\/www.entreculturas.org\/en\/noticia\/en-defensa-de-los-pueblos-indigenas\/\" \/>\n<meta property=\"og:site_name\" content=\"Entreculturas\" \/>\n<meta property=\"article:publisher\" content=\"https:\/\/www.facebook.com\/entreculturas\" \/>\n<meta property=\"article:modified_time\" content=\"2025-03-14T10:31:00+00:00\" \/>\n<meta property=\"og:image\" content=\"https:\/\/www.entreculturas.org\/wp-content\/uploads\/2024\/05\/DSC00754-scaled.jpg\" \/>\n\t<meta property=\"og:image:width\" content=\"2560\" \/>\n\t<meta property=\"og:image:height\" content=\"1707\" \/>\n\t<meta property=\"og:image:type\" content=\"image\/jpeg\" \/>\n<meta name=\"twitter:card\" content=\"summary_large_image\" \/>\n<meta name=\"twitter:site\" content=\"@Entreculturas\" \/>\n<script type=\"application\/ld+json\" class=\"yoast-schema-graph\">{\"@context\":\"https:\\\/\\\/schema.org\",\"@graph\":[{\"@type\":\"WebPage\",\"@id\":\"https:\\\/\\\/www.entreculturas.org\\\/en\\\/noticia\\\/en-defensa-de-los-pueblos-indigenas\\\/\",\"url\":\"https:\\\/\\\/www.entreculturas.org\\\/en\\\/noticia\\\/en-defensa-de-los-pueblos-indigenas\\\/\",\"name\":\"Defensa de los pueblos ind\u00edgenas Amazon\u00eda\",\"isPartOf\":{\"@id\":\"https:\\\/\\\/www.entreculturas.org\\\/en\\\/#website\"},\"primaryImageOfPage\":{\"@id\":\"https:\\\/\\\/www.entreculturas.org\\\/en\\\/noticia\\\/en-defensa-de-los-pueblos-indigenas\\\/#primaryimage\"},\"image\":{\"@id\":\"https:\\\/\\\/www.entreculturas.org\\\/en\\\/noticia\\\/en-defensa-de-los-pueblos-indigenas\\\/#primaryimage\"},\"thumbnailUrl\":\"https:\\\/\\\/www.entreculturas.org\\\/wp-content\\\/uploads\\\/2024\\\/05\\\/DSC00754-scaled.jpg\",\"datePublished\":\"2024-06-20T08:20:24+00:00\",\"dateModified\":\"2025-03-14T10:31:00+00:00\",\"description\":\"Descubre c\u00f3mo incentivar la defensa de los pueblos ind\u00edgenas en la Amazon\u00eda. Conoce los desaf\u00edos, impactos de la miner\u00eda y estrategias para proteger estos vitales ecosistemas.\",\"breadcrumb\":{\"@id\":\"https:\\\/\\\/www.entreculturas.org\\\/en\\\/noticia\\\/en-defensa-de-los-pueblos-indigenas\\\/#breadcrumb\"},\"inLanguage\":\"en-US\",\"potentialAction\":[{\"@type\":\"ReadAction\",\"target\":[\"https:\\\/\\\/www.entreculturas.org\\\/en\\\/noticia\\\/en-defensa-de-los-pueblos-indigenas\\\/\"]}]},{\"@type\":\"ImageObject\",\"inLanguage\":\"en-US\",\"@id\":\"https:\\\/\\\/www.entreculturas.org\\\/en\\\/noticia\\\/en-defensa-de-los-pueblos-indigenas\\\/#primaryimage\",\"url\":\"https:\\\/\\\/www.entreculturas.org\\\/wp-content\\\/uploads\\\/2024\\\/05\\\/DSC00754-scaled.jpg\",\"contentUrl\":\"https:\\\/\\\/www.entreculturas.org\\\/wp-content\\\/uploads\\\/2024\\\/05\\\/DSC00754-scaled.jpg\",\"width\":2560,\"height\":1707},{\"@type\":\"BreadcrumbList\",\"@id\":\"https:\\\/\\\/www.entreculturas.org\\\/en\\\/noticia\\\/en-defensa-de-los-pueblos-indigenas\\\/#breadcrumb\",\"itemListElement\":[{\"@type\":\"ListItem\",\"position\":1,\"name\":\"Home\",\"item\":\"https:\\\/\\\/www.entreculturas.org\\\/en\\\/\"},{\"@type\":\"ListItem\",\"position\":2,\"name\":\"Noticias\",\"item\":\"https:\\\/\\\/www.entreculturas.org\\\/en\\\/noticias\\\/\"},{\"@type\":\"ListItem\",\"position\":3,\"name\":\"Defensa de los pueblos ind\u00edgenas Amazon\u00eda\"}]},{\"@type\":\"WebSite\",\"@id\":\"https:\\\/\\\/www.entreculturas.org\\\/en\\\/#website\",\"url\":\"https:\\\/\\\/www.entreculturas.org\\\/en\\\/\",\"name\":\"Entreculturas\",\"description\":\"\",\"publisher\":{\"@id\":\"https:\\\/\\\/www.entreculturas.org\\\/en\\\/#organization\"},\"alternateName\":\"Entreculturas\",\"potentialAction\":[{\"@type\":\"SearchAction\",\"target\":{\"@type\":\"EntryPoint\",\"urlTemplate\":\"https:\\\/\\\/www.entreculturas.org\\\/en\\\/?s={search_term_string}\"},\"query-input\":{\"@type\":\"PropertyValueSpecification\",\"valueRequired\":true,\"valueName\":\"search_term_string\"}}],\"inLanguage\":\"en-US\"},{\"@type\":\"Organization\",\"@id\":\"https:\\\/\\\/www.entreculturas.org\\\/en\\\/#organization\",\"name\":\"Entreculturas\",\"url\":\"https:\\\/\\\/www.entreculturas.org\\\/en\\\/\",\"logo\":{\"@type\":\"ImageObject\",\"inLanguage\":\"en-US\",\"@id\":\"https:\\\/\\\/www.entreculturas.org\\\/en\\\/#\\\/schema\\\/logo\\\/image\\\/\",\"url\":\"https:\\\/\\\/www.entreculturas.org\\\/wp-content\\\/uploads\\\/2025\\\/10\\\/ESP.svg\",\"contentUrl\":\"https:\\\/\\\/www.entreculturas.org\\\/wp-content\\\/uploads\\\/2025\\\/10\\\/ESP.svg\",\"caption\":\"Entreculturas\"},\"image\":{\"@id\":\"https:\\\/\\\/www.entreculturas.org\\\/en\\\/#\\\/schema\\\/logo\\\/image\\\/\"},\"sameAs\":[\"https:\\\/\\\/www.facebook.com\\\/entreculturas\",\"https:\\\/\\\/x.com\\\/Entreculturas\",\"https:\\\/\\\/www.instagram.com\\\/entreculturas\\\/\",\"https:\\\/\\\/www.youtube.com\\\/user\\\/entreculturasvideo\",\"https:\\\/\\\/www.linkedin.com\\\/company\\\/fundacion-entreculturas-ngdo\\\/\",\"https:\\\/\\\/www.flickr.com\\\/photos\\\/98455522@N04\\\/albums\\\/\"]}]}<\/script>\n<!-- \/ Yoast SEO Premium plugin. -->","yoast_head_json":{"title":"Defensa de los pueblos ind\u00edgenas Amazon\u00eda","description":"Descubre c\u00f3mo incentivar la defensa de los pueblos ind\u00edgenas en la Amazon\u00eda. Conoce los desaf\u00edos, impactos de la miner\u00eda y estrategias para proteger estos vitales ecosistemas.","robots":{"index":"index","follow":"follow","max-snippet":"max-snippet:-1","max-image-preview":"max-image-preview:large","max-video-preview":"max-video-preview:-1"},"canonical":"https:\/\/www.entreculturas.org\/en\/noticia\/en-defensa-de-los-pueblos-indigenas\/","og_locale":"en_US","og_type":"article","og_title":"Defensa de los pueblos ind\u00edgenas Amazon\u00eda","og_description":"Descubre c\u00f3mo incentivar la defensa de los pueblos ind\u00edgenas en la Amazon\u00eda. Conoce los desaf\u00edos, impactos de la miner\u00eda y estrategias para proteger estos vitales ecosistemas.","og_url":"https:\/\/www.entreculturas.org\/en\/noticia\/en-defensa-de-los-pueblos-indigenas\/","og_site_name":"Entreculturas","article_publisher":"https:\/\/www.facebook.com\/entreculturas","article_modified_time":"2025-03-14T10:31:00+00:00","og_image":[{"width":2560,"height":1707,"url":"https:\/\/www.entreculturas.org\/wp-content\/uploads\/2024\/05\/DSC00754-scaled.jpg","type":"image\/jpeg"}],"twitter_card":"summary_large_image","twitter_site":"@Entreculturas","schema":{"@context":"https:\/\/schema.org","@graph":[{"@type":"WebPage","@id":"https:\/\/www.entreculturas.org\/en\/noticia\/en-defensa-de-los-pueblos-indigenas\/","url":"https:\/\/www.entreculturas.org\/en\/noticia\/en-defensa-de-los-pueblos-indigenas\/","name":"Defensa de los pueblos ind\u00edgenas Amazon\u00eda","isPartOf":{"@id":"https:\/\/www.entreculturas.org\/en\/#website"},"primaryImageOfPage":{"@id":"https:\/\/www.entreculturas.org\/en\/noticia\/en-defensa-de-los-pueblos-indigenas\/#primaryimage"},"image":{"@id":"https:\/\/www.entreculturas.org\/en\/noticia\/en-defensa-de-los-pueblos-indigenas\/#primaryimage"},"thumbnailUrl":"https:\/\/www.entreculturas.org\/wp-content\/uploads\/2024\/05\/DSC00754-scaled.jpg","datePublished":"2024-06-20T08:20:24+00:00","dateModified":"2025-03-14T10:31:00+00:00","description":"Descubre c\u00f3mo incentivar la defensa de los pueblos ind\u00edgenas en la Amazon\u00eda. Conoce los desaf\u00edos, impactos de la miner\u00eda y estrategias para proteger estos vitales ecosistemas.","breadcrumb":{"@id":"https:\/\/www.entreculturas.org\/en\/noticia\/en-defensa-de-los-pueblos-indigenas\/#breadcrumb"},"inLanguage":"en-US","potentialAction":[{"@type":"ReadAction","target":["https:\/\/www.entreculturas.org\/en\/noticia\/en-defensa-de-los-pueblos-indigenas\/"]}]},{"@type":"ImageObject","inLanguage":"en-US","@id":"https:\/\/www.entreculturas.org\/en\/noticia\/en-defensa-de-los-pueblos-indigenas\/#primaryimage","url":"https:\/\/www.entreculturas.org\/wp-content\/uploads\/2024\/05\/DSC00754-scaled.jpg","contentUrl":"https:\/\/www.entreculturas.org\/wp-content\/uploads\/2024\/05\/DSC00754-scaled.jpg","width":2560,"height":1707},{"@type":"BreadcrumbList","@id":"https:\/\/www.entreculturas.org\/en\/noticia\/en-defensa-de-los-pueblos-indigenas\/#breadcrumb","itemListElement":[{"@type":"ListItem","position":1,"name":"Home","item":"https:\/\/www.entreculturas.org\/en\/"},{"@type":"ListItem","position":2,"name":"Noticias","item":"https:\/\/www.entreculturas.org\/en\/noticias\/"},{"@type":"ListItem","position":3,"name":"Defensa de los pueblos ind\u00edgenas Amazon\u00eda"}]},{"@type":"WebSite","@id":"https:\/\/www.entreculturas.org\/en\/#website","url":"https:\/\/www.entreculturas.org\/en\/","name":"Entreculturas","description":"","publisher":{"@id":"https:\/\/www.entreculturas.org\/en\/#organization"},"alternateName":"Entreculturas","potentialAction":[{"@type":"SearchAction","target":{"@type":"EntryPoint","urlTemplate":"https:\/\/www.entreculturas.org\/en\/?s={search_term_string}"},"query-input":{"@type":"PropertyValueSpecification","valueRequired":true,"valueName":"search_term_string"}}],"inLanguage":"en-US"},{"@type":"Organization","@id":"https:\/\/www.entreculturas.org\/en\/#organization","name":"Entreculturas","url":"https:\/\/www.entreculturas.org\/en\/","logo":{"@type":"ImageObject","inLanguage":"en-US","@id":"https:\/\/www.entreculturas.org\/en\/#\/schema\/logo\/image\/","url":"https:\/\/www.entreculturas.org\/wp-content\/uploads\/2025\/10\/ESP.svg","contentUrl":"https:\/\/www.entreculturas.org\/wp-content\/uploads\/2025\/10\/ESP.svg","caption":"Entreculturas"},"image":{"@id":"https:\/\/www.entreculturas.org\/en\/#\/schema\/logo\/image\/"},"sameAs":["https:\/\/www.facebook.com\/entreculturas","https:\/\/x.com\/Entreculturas","https:\/\/www.instagram.com\/entreculturas\/","https:\/\/www.youtube.com\/user\/entreculturasvideo","https:\/\/www.linkedin.com\/company\/fundacion-entreculturas-ngdo\/","https:\/\/www.flickr.com\/photos\/98455522@N04\/albums\/"]}]}},"_links":{"self":[{"href":"https:\/\/www.entreculturas.org\/en\/wp-json\/wp\/v2\/noticia\/24273","targetHints":{"allow":["GET"]}}],"collection":[{"href":"https:\/\/www.entreculturas.org\/en\/wp-json\/wp\/v2\/noticia"}],"about":[{"href":"https:\/\/www.entreculturas.org\/en\/wp-json\/wp\/v2\/types\/noticia"}],"wp:featuredmedia":[{"embeddable":true,"href":"https:\/\/www.entreculturas.org\/en\/wp-json\/wp\/v2\/media\/24474"}],"wp:attachment":[{"href":"https:\/\/www.entreculturas.org\/en\/wp-json\/wp\/v2\/media?parent=24273"}],"wp:term":[{"taxonomy":"category","embeddable":true,"href":"https:\/\/www.entreculturas.org\/en\/wp-json\/wp\/v2\/categories?post=24273"},{"taxonomy":"post_tag","embeddable":true,"href":"https:\/\/www.entreculturas.org\/en\/wp-json\/wp\/v2\/tags?post=24273"},{"taxonomy":"country","embeddable":true,"href":"https:\/\/www.entreculturas.org\/en\/wp-json\/wp\/v2\/country?post=24273"},{"taxonomy":"cause","embeddable":true,"href":"https:\/\/www.entreculturas.org\/en\/wp-json\/wp\/v2\/cause?post=24273"}],"curies":[{"name":"wp","href":"https:\/\/api.w.org\/{rel}","templated":true}]}}