{"id":2427,"date":"2018-12-04T12:07:31","date_gmt":"2018-12-04T12:07:31","guid":{"rendered":"https:\/\/entreculturasi.wpenginepowered.com\/?noticias=el-voluntariado-internacional-transformador-en-el-centro-del-debate-en-visperas-del-dia"},"modified":"2023-12-18T10:33:59","modified_gmt":"2023-12-18T09:33:59","slug":"el-voluntariado-internacional-transformador-en-el-centro-del-debate-en-visperas-del-dia","status":"publish","type":"noticia","link":"https:\/\/www.entreculturas.org\/en\/noticia\/el-voluntariado-internacional-transformador-en-el-centro-del-debate-en-visperas-del-dia\/","title":{"rendered":"El voluntariado internacional transformador en el centro del debate en v\u00edsperas del D\u00eda Internacional del Voluntariado"},"content":{"rendered":"<p>En la ma\u00f1ana previa al D\u00eda al Internacional del Voluntariado, hemos celebrado un desayuno di\u00e1logo titulado \u201cClaves para un voluntariado internacional transformador\u201d, queriendo as\u00ed poner el foco este a\u00f1o en el <strong>voluntariado internacional para el desarrollo<\/strong>, un \u00e1mbito poco conocido, escasamente reconocido y amenazado en su sostenibilidad en el \u00e1mbito de la cooperaci\u00f3n al desarrollo.<\/p>\n<p>Al acto han acudido voluntarias y voluntarios, miembros de diferentes ONGD como M\u00e9dicos del Mundo o Cruz Roja,&nbsp;representaci\u00f3n de AECID, entre otros agentes involucrados en el \u00e1mbito del voluntariado.&nbsp;El debate generado ha sido muy rico, planteando temas diversos, como la necesidad de acompa\u00f1amiento de la persona voluntaria, su potencial transformador, el marco jur\u00eddico del voluntariado o el volunturismo.&nbsp;<\/p>\n<p>El acto ha comenzado con las palabras de bienvenida de David Alonso, director de Personas y Organizaci\u00f3n de Entreculturas y post-VOLPA en M\u00e9xico. David adem\u00e1s ha enmarcado la jornada y ha marcado el tono del di\u00e1logo.<\/p>\n<p>Posteriormente, ha tomado la palabra Mar\u00eda M\u00e9ndez, quien desde su experiencia en evaluaci\u00f3n ha compartido los \u00e9nfasis principales que se desprenden de la evaluaci\u00f3n de los 25 a\u00f1os de VOLPA que recoge el documento <a href=\"https:\/\/www.entreculturas.org\/sites\/default\/files\/noticias\/cuadernillofinal25volpa.pdf\" target=\"_blank\" rel=\"noopener\">\u201c25 historias de historias de cambios\u201d<\/a>, de nuestro programa de voluntariado internacional de larga duraci\u00f3n.&nbsp;<\/p>\n<p>Mar\u00eda ha destacado que la evaluaci\u00f3n se ha realizado con un doble objetivo <strong>\u201canalizar si los voluntarios y voluntarias cuando vuelven son agentes de transformaci\u00f3n y qu\u00e9 aporte hace el voluntariado en el sur\u201d.<\/strong> De las entrevistas realizadas tanto a personas voluntarias como a las personas que recepcionan el voluntariado se ha conclu\u00eddo que <strong>el programa VOLPA \u201ces un medio para convertir personas en agentes de transformaci\u00f3n social\u201d.<\/strong><\/p>\n<p>Tras los \u00e9nfasis de la evaluaci\u00f3n,<strong> se ha dado paso a dos experiencias de voluntariado desde dos enfoques:<\/strong> el voluntariado como generador de transformaci\u00f3n personal y el voluntariado como posibilitador de generar agentes de transformaci\u00f3n social.&nbsp;<\/p>\n<p>Para esta primera aproximaci\u00f3n ha intervenido a Hilda Fonseca, Coordinadora de Programas Sociales SJS-Encuentros El Agustino (Per\u00fa), quien ha contado su experiencia recibiendo voluntariado y compartiendo algunas claves comunes de las que hab\u00eda sido testigo, apuntando que <strong>\u201cel voluntariado cambia la mirada, pasando de la individualidad a percibir lo colectivo\u201d<\/strong>. Tambi\u00e9n ha asegurado que se genera sinergia entre \u201cel bagaje te\u00f3rico y acad\u00e9mico con el que llega el voluntariado y la experiencia en terreno del equipo local\u201d.&nbsp;<\/p>\n<p>Desde esta misma aproximaci\u00f3n Olga Fern\u00e1ndez, post-VOLPA en Fe y Alegr\u00eda Honduras, ha respondido desde una clave muy personal qu\u00e9 le hab\u00eda cambiado a ella, qu\u00e9 hab\u00eda sido clave en ese proceso de cambio y a qu\u00e9 le han llevado estos cambios hoy. <strong>\u201cDesde que te pones las gafas VOLPA la mirada con la que miras el mundo cambia<\/strong>. Y t\u00fa cambias tus h\u00e1bitos, sobre todo los de consumo\u201d.<\/p>\n<p>En un segundo bloque, han tomado la palabra Samanta Fern\u00e1ndez Cabanillas, coordinadora de Voluntariado y Desarrollo Asociativo de M\u00e9dicos del Mundo y Jos\u00e9 Vicente Soria, post-VOLPA en Delegaci\u00f3n de Misiones de Nador, Marruecos.<\/p>\n<p>Samanta ha hablado de los cambios que desde la organizaci\u00f3n se identifica en el voluntariado en la dimensi\u00f3n de ciudadan\u00eda global, qu\u00e9 implica para una organizaci\u00f3n como M\u00e9dicos del Mundo el voluntariado internacional y cu\u00e1l es el aporte del voluntariado internacional. En este sentido, ha se\u00f1alado que <strong>es importante \u201cno crear una cultura de voluntariado de tarea sino generar activismo, denuncia y esp\u00edritu cr\u00edtico\u201d.<\/strong><\/p>\n<p>Por su parte, Jos\u00e9 Vicente Soria ha identificado qu\u00e9 cambios se producen tras una experiencia de voluntariado. \u201cHemos dejar de pensar en lo global, en el momento en que dejamos de vernos como parte del mundo\u201d, ha se\u00f1alado, para asegurar que <strong>gracias al programa VOLPA ha entendido que \u201csoy porque es, que sin la otra persona yo no soy nadie\u201d.&nbsp;<\/strong><\/p>\n<p><img decoding=\"async\" alt=\"\" height=\"533\" src=\"https:\/\/www.entreculturas.org\/wp-content\/uploads\/2018\/12\/3-baja.jpg\" width=\"800\"><\/p>\n<p>Tras estas intervenciones se ha abierto el debate y las reflexiones tras lo expuesto.<\/p>\n<p>Ya en el cierre Sonia Fern\u00e1ndez, coordinadora de Personas y Equipos de Entreculturas, destac\u00f3 <strong>5 motivos para apoyar un voluntariado internacional transformador:<\/strong><\/p>\n<p><strong>Transforma la vida<\/strong>, permite <strong>entender din\u00e1micas globales<\/strong>, <strong>vincula a personas<\/strong> de otros lugares, realidades y culturas, <strong>ayuda a descubrir realidade<\/strong>s que de otra forma estar\u00edan invisibilizadas y a tender puentes con ellas y realiza un <strong>aporte de valor espec\u00edfico<\/strong> en los lugares y las organizaciones donde se vive la experiencia de voluntariado.&nbsp;<\/p>\n<p>De esta manera desde Entreculturas hemos invitado a la sociedad civil organizada y especialmente a las administraciones p\u00fablicas a visibilizar y fomentar programas de voluntariado internacional realizados con calidad y calidez en el marco de la cooperaci\u00f3n al desarrollo.&nbsp;<\/p>\n<p>Para seguir el acto puedes buscar el hashtag <strong><span style=\"color:#ff0101\">#VoluntariadoEsCooperacion<\/span><\/strong>. El acto ha sido transmitido por streaming y grabado. <\/p>\n<p><img decoding=\"async\" alt=\"\" height=\"533\" src=\"https:\/\/www.entreculturas.org\/wp-content\/uploads\/2018\/12\/4-baja.jpg\" width=\"800\"><\/p>\n","protected":false},"excerpt":{"rendered":"<p>En la ma\u00f1ana previa al D\u00eda al Internacional del Voluntariado, hemos celebrado un desayuno di\u00e1logo titulado \u201cClaves para un voluntariado internacional transformador\u201d, queriendo as\u00ed poner el foco este a\u00f1o en el voluntariado internacional para el desarrollo, un \u00e1mbito poco conocido, escasamente reconocido y amenazado en su sostenibilidad en el \u00e1mbito de la cooperaci\u00f3n al desarrollo.<\/p>\n","protected":false},"featured_media":2429,"template":"single-noticia","meta":{"_acf_changed":false},"categories":[7],"tags":[191],"country":[146,123],"cause":[],"class_list":["post-2427","noticia","type-noticia","status-publish","has-post-thumbnail","hentry","category-noticia","tag-voluntariado","country-honduras","country-peru"],"acf":[],"yoast_head":"<!-- This site is optimized with the Yoast SEO Premium plugin v21.6 (Yoast SEO v27.5) - https:\/\/yoast.com\/product\/yoast-seo-premium-wordpress\/ -->\n<title>El voluntariado internacional transformador en el centro del debate en v\u00edsperas del D\u00eda Internacional del Voluntariado - Entreculturas<\/title>\n<meta name=\"robots\" content=\"index, follow, max-snippet:-1, max-image-preview:large, max-video-preview:-1\" \/>\n<link rel=\"canonical\" href=\"https:\/\/www.entreculturas.org\/en\/noticia\/el-voluntariado-internacional-transformador-en-el-centro-del-debate-en-visperas-del-dia\/\" \/>\n<meta property=\"og:locale\" content=\"en_US\" \/>\n<meta property=\"og:type\" content=\"article\" \/>\n<meta property=\"og:title\" content=\"El voluntariado internacional transformador en el centro del debate en v\u00edsperas del D\u00eda Internacional del Voluntariado\" \/>\n<meta property=\"og:description\" content=\"En la ma\u00f1ana previa al D\u00eda al Internacional del Voluntariado, hemos celebrado un desayuno di\u00e1logo titulado \u201cClaves para un voluntariado internacional transformador\u201d, queriendo as\u00ed poner el foco este a\u00f1o en el voluntariado internacional para el desarrollo, un \u00e1mbito poco conocido, escasamente reconocido y amenazado en su sostenibilidad en el \u00e1mbito de la cooperaci\u00f3n al desarrollo.\" \/>\n<meta property=\"og:url\" content=\"https:\/\/www.entreculturas.org\/en\/noticia\/el-voluntariado-internacional-transformador-en-el-centro-del-debate-en-visperas-del-dia\/\" \/>\n<meta property=\"og:site_name\" content=\"Entreculturas\" \/>\n<meta property=\"article:publisher\" content=\"https:\/\/www.facebook.com\/entreculturas\" \/>\n<meta property=\"article:modified_time\" content=\"2023-12-18T09:33:59+00:00\" \/>\n<meta property=\"og:image\" content=\"https:\/\/www.entreculturas.org\/wp-content\/uploads\/2018\/12\/noticia-portada.jpg\" \/>\n\t<meta property=\"og:image:width\" content=\"1000\" \/>\n\t<meta property=\"og:image:height\" content=\"667\" \/>\n\t<meta property=\"og:image:type\" content=\"image\/jpeg\" \/>\n<meta name=\"twitter:card\" content=\"summary_large_image\" \/>\n<meta name=\"twitter:site\" content=\"@Entreculturas\" \/>\n<script type=\"application\/ld+json\" class=\"yoast-schema-graph\">{\"@context\":\"https:\\\/\\\/schema.org\",\"@graph\":[{\"@type\":\"WebPage\",\"@id\":\"https:\\\/\\\/www.entreculturas.org\\\/en\\\/noticia\\\/el-voluntariado-internacional-transformador-en-el-centro-del-debate-en-visperas-del-dia\\\/\",\"url\":\"https:\\\/\\\/www.entreculturas.org\\\/en\\\/noticia\\\/el-voluntariado-internacional-transformador-en-el-centro-del-debate-en-visperas-del-dia\\\/\",\"name\":\"El voluntariado internacional transformador en el centro del debate en v\u00edsperas del D\u00eda Internacional del Voluntariado - Entreculturas\",\"isPartOf\":{\"@id\":\"https:\\\/\\\/www.entreculturas.org\\\/en\\\/#website\"},\"primaryImageOfPage\":{\"@id\":\"https:\\\/\\\/www.entreculturas.org\\\/en\\\/noticia\\\/el-voluntariado-internacional-transformador-en-el-centro-del-debate-en-visperas-del-dia\\\/#primaryimage\"},\"image\":{\"@id\":\"https:\\\/\\\/www.entreculturas.org\\\/en\\\/noticia\\\/el-voluntariado-internacional-transformador-en-el-centro-del-debate-en-visperas-del-dia\\\/#primaryimage\"},\"thumbnailUrl\":\"https:\\\/\\\/www.entreculturas.org\\\/wp-content\\\/uploads\\\/2018\\\/12\\\/noticia-portada.jpg\",\"datePublished\":\"2018-12-04T12:07:31+00:00\",\"dateModified\":\"2023-12-18T09:33:59+00:00\",\"breadcrumb\":{\"@id\":\"https:\\\/\\\/www.entreculturas.org\\\/en\\\/noticia\\\/el-voluntariado-internacional-transformador-en-el-centro-del-debate-en-visperas-del-dia\\\/#breadcrumb\"},\"inLanguage\":\"en-US\",\"potentialAction\":[{\"@type\":\"ReadAction\",\"target\":[\"https:\\\/\\\/www.entreculturas.org\\\/en\\\/noticia\\\/el-voluntariado-internacional-transformador-en-el-centro-del-debate-en-visperas-del-dia\\\/\"]}]},{\"@type\":\"ImageObject\",\"inLanguage\":\"en-US\",\"@id\":\"https:\\\/\\\/www.entreculturas.org\\\/en\\\/noticia\\\/el-voluntariado-internacional-transformador-en-el-centro-del-debate-en-visperas-del-dia\\\/#primaryimage\",\"url\":\"https:\\\/\\\/www.entreculturas.org\\\/wp-content\\\/uploads\\\/2018\\\/12\\\/noticia-portada.jpg\",\"contentUrl\":\"https:\\\/\\\/www.entreculturas.org\\\/wp-content\\\/uploads\\\/2018\\\/12\\\/noticia-portada.jpg\",\"width\":1000,\"height\":667,\"caption\":\"noticia-portada\"},{\"@type\":\"BreadcrumbList\",\"@id\":\"https:\\\/\\\/www.entreculturas.org\\\/en\\\/noticia\\\/el-voluntariado-internacional-transformador-en-el-centro-del-debate-en-visperas-del-dia\\\/#breadcrumb\",\"itemListElement\":[{\"@type\":\"ListItem\",\"position\":1,\"name\":\"Home\",\"item\":\"https:\\\/\\\/www.entreculturas.org\\\/en\\\/\"},{\"@type\":\"ListItem\",\"position\":2,\"name\":\"Noticias\",\"item\":\"https:\\\/\\\/www.entreculturas.org\\\/en\\\/noticias\\\/\"},{\"@type\":\"ListItem\",\"position\":3,\"name\":\"El voluntariado internacional transformador en el centro del debate en v\u00edsperas del D\u00eda Internacional del Voluntariado\"}]},{\"@type\":\"WebSite\",\"@id\":\"https:\\\/\\\/www.entreculturas.org\\\/en\\\/#website\",\"url\":\"https:\\\/\\\/www.entreculturas.org\\\/en\\\/\",\"name\":\"Entreculturas\",\"description\":\"\",\"publisher\":{\"@id\":\"https:\\\/\\\/www.entreculturas.org\\\/en\\\/#organization\"},\"alternateName\":\"Entreculturas\",\"potentialAction\":[{\"@type\":\"SearchAction\",\"target\":{\"@type\":\"EntryPoint\",\"urlTemplate\":\"https:\\\/\\\/www.entreculturas.org\\\/en\\\/?s={search_term_string}\"},\"query-input\":{\"@type\":\"PropertyValueSpecification\",\"valueRequired\":true,\"valueName\":\"search_term_string\"}}],\"inLanguage\":\"en-US\"},{\"@type\":\"Organization\",\"@id\":\"https:\\\/\\\/www.entreculturas.org\\\/en\\\/#organization\",\"name\":\"Entreculturas\",\"url\":\"https:\\\/\\\/www.entreculturas.org\\\/en\\\/\",\"logo\":{\"@type\":\"ImageObject\",\"inLanguage\":\"en-US\",\"@id\":\"https:\\\/\\\/www.entreculturas.org\\\/en\\\/#\\\/schema\\\/logo\\\/image\\\/\",\"url\":\"https:\\\/\\\/www.entreculturas.org\\\/wp-content\\\/uploads\\\/2025\\\/10\\\/ESP.svg\",\"contentUrl\":\"https:\\\/\\\/www.entreculturas.org\\\/wp-content\\\/uploads\\\/2025\\\/10\\\/ESP.svg\",\"caption\":\"Entreculturas\"},\"image\":{\"@id\":\"https:\\\/\\\/www.entreculturas.org\\\/en\\\/#\\\/schema\\\/logo\\\/image\\\/\"},\"sameAs\":[\"https:\\\/\\\/www.facebook.com\\\/entreculturas\",\"https:\\\/\\\/x.com\\\/Entreculturas\",\"https:\\\/\\\/www.instagram.com\\\/entreculturas\\\/\",\"https:\\\/\\\/www.youtube.com\\\/user\\\/entreculturasvideo\",\"https:\\\/\\\/www.linkedin.com\\\/company\\\/fundacion-entreculturas-ngdo\\\/\",\"https:\\\/\\\/www.flickr.com\\\/photos\\\/98455522@N04\\\/albums\\\/\"]}]}<\/script>\n<!-- \/ Yoast SEO Premium plugin. -->","yoast_head_json":{"title":"El voluntariado internacional transformador en el centro del debate en v\u00edsperas del D\u00eda Internacional del Voluntariado - Entreculturas","robots":{"index":"index","follow":"follow","max-snippet":"max-snippet:-1","max-image-preview":"max-image-preview:large","max-video-preview":"max-video-preview:-1"},"canonical":"https:\/\/www.entreculturas.org\/en\/noticia\/el-voluntariado-internacional-transformador-en-el-centro-del-debate-en-visperas-del-dia\/","og_locale":"en_US","og_type":"article","og_title":"El voluntariado internacional transformador en el centro del debate en v\u00edsperas del D\u00eda Internacional del Voluntariado","og_description":"En la ma\u00f1ana previa al D\u00eda al Internacional del Voluntariado, hemos celebrado un desayuno di\u00e1logo titulado \u201cClaves para un voluntariado internacional transformador\u201d, queriendo as\u00ed poner el foco este a\u00f1o en el voluntariado internacional para el desarrollo, un \u00e1mbito poco conocido, escasamente reconocido y amenazado en su sostenibilidad en el \u00e1mbito de la cooperaci\u00f3n al desarrollo.","og_url":"https:\/\/www.entreculturas.org\/en\/noticia\/el-voluntariado-internacional-transformador-en-el-centro-del-debate-en-visperas-del-dia\/","og_site_name":"Entreculturas","article_publisher":"https:\/\/www.facebook.com\/entreculturas","article_modified_time":"2023-12-18T09:33:59+00:00","og_image":[{"width":1000,"height":667,"url":"https:\/\/www.entreculturas.org\/wp-content\/uploads\/2018\/12\/noticia-portada.jpg","type":"image\/jpeg"}],"twitter_card":"summary_large_image","twitter_site":"@Entreculturas","schema":{"@context":"https:\/\/schema.org","@graph":[{"@type":"WebPage","@id":"https:\/\/www.entreculturas.org\/en\/noticia\/el-voluntariado-internacional-transformador-en-el-centro-del-debate-en-visperas-del-dia\/","url":"https:\/\/www.entreculturas.org\/en\/noticia\/el-voluntariado-internacional-transformador-en-el-centro-del-debate-en-visperas-del-dia\/","name":"El voluntariado internacional transformador en el centro del debate en v\u00edsperas del D\u00eda Internacional del Voluntariado - Entreculturas","isPartOf":{"@id":"https:\/\/www.entreculturas.org\/en\/#website"},"primaryImageOfPage":{"@id":"https:\/\/www.entreculturas.org\/en\/noticia\/el-voluntariado-internacional-transformador-en-el-centro-del-debate-en-visperas-del-dia\/#primaryimage"},"image":{"@id":"https:\/\/www.entreculturas.org\/en\/noticia\/el-voluntariado-internacional-transformador-en-el-centro-del-debate-en-visperas-del-dia\/#primaryimage"},"thumbnailUrl":"https:\/\/www.entreculturas.org\/wp-content\/uploads\/2018\/12\/noticia-portada.jpg","datePublished":"2018-12-04T12:07:31+00:00","dateModified":"2023-12-18T09:33:59+00:00","breadcrumb":{"@id":"https:\/\/www.entreculturas.org\/en\/noticia\/el-voluntariado-internacional-transformador-en-el-centro-del-debate-en-visperas-del-dia\/#breadcrumb"},"inLanguage":"en-US","potentialAction":[{"@type":"ReadAction","target":["https:\/\/www.entreculturas.org\/en\/noticia\/el-voluntariado-internacional-transformador-en-el-centro-del-debate-en-visperas-del-dia\/"]}]},{"@type":"ImageObject","inLanguage":"en-US","@id":"https:\/\/www.entreculturas.org\/en\/noticia\/el-voluntariado-internacional-transformador-en-el-centro-del-debate-en-visperas-del-dia\/#primaryimage","url":"https:\/\/www.entreculturas.org\/wp-content\/uploads\/2018\/12\/noticia-portada.jpg","contentUrl":"https:\/\/www.entreculturas.org\/wp-content\/uploads\/2018\/12\/noticia-portada.jpg","width":1000,"height":667,"caption":"noticia-portada"},{"@type":"BreadcrumbList","@id":"https:\/\/www.entreculturas.org\/en\/noticia\/el-voluntariado-internacional-transformador-en-el-centro-del-debate-en-visperas-del-dia\/#breadcrumb","itemListElement":[{"@type":"ListItem","position":1,"name":"Home","item":"https:\/\/www.entreculturas.org\/en\/"},{"@type":"ListItem","position":2,"name":"Noticias","item":"https:\/\/www.entreculturas.org\/en\/noticias\/"},{"@type":"ListItem","position":3,"name":"El voluntariado internacional transformador en el centro del debate en v\u00edsperas del D\u00eda Internacional del Voluntariado"}]},{"@type":"WebSite","@id":"https:\/\/www.entreculturas.org\/en\/#website","url":"https:\/\/www.entreculturas.org\/en\/","name":"Entreculturas","description":"","publisher":{"@id":"https:\/\/www.entreculturas.org\/en\/#organization"},"alternateName":"Entreculturas","potentialAction":[{"@type":"SearchAction","target":{"@type":"EntryPoint","urlTemplate":"https:\/\/www.entreculturas.org\/en\/?s={search_term_string}"},"query-input":{"@type":"PropertyValueSpecification","valueRequired":true,"valueName":"search_term_string"}}],"inLanguage":"en-US"},{"@type":"Organization","@id":"https:\/\/www.entreculturas.org\/en\/#organization","name":"Entreculturas","url":"https:\/\/www.entreculturas.org\/en\/","logo":{"@type":"ImageObject","inLanguage":"en-US","@id":"https:\/\/www.entreculturas.org\/en\/#\/schema\/logo\/image\/","url":"https:\/\/www.entreculturas.org\/wp-content\/uploads\/2025\/10\/ESP.svg","contentUrl":"https:\/\/www.entreculturas.org\/wp-content\/uploads\/2025\/10\/ESP.svg","caption":"Entreculturas"},"image":{"@id":"https:\/\/www.entreculturas.org\/en\/#\/schema\/logo\/image\/"},"sameAs":["https:\/\/www.facebook.com\/entreculturas","https:\/\/x.com\/Entreculturas","https:\/\/www.instagram.com\/entreculturas\/","https:\/\/www.youtube.com\/user\/entreculturasvideo","https:\/\/www.linkedin.com\/company\/fundacion-entreculturas-ngdo\/","https:\/\/www.flickr.com\/photos\/98455522@N04\/albums\/"]}]}},"_links":{"self":[{"href":"https:\/\/www.entreculturas.org\/en\/wp-json\/wp\/v2\/noticia\/2427","targetHints":{"allow":["GET"]}}],"collection":[{"href":"https:\/\/www.entreculturas.org\/en\/wp-json\/wp\/v2\/noticia"}],"about":[{"href":"https:\/\/www.entreculturas.org\/en\/wp-json\/wp\/v2\/types\/noticia"}],"wp:featuredmedia":[{"embeddable":true,"href":"https:\/\/www.entreculturas.org\/en\/wp-json\/wp\/v2\/media\/2429"}],"wp:attachment":[{"href":"https:\/\/www.entreculturas.org\/en\/wp-json\/wp\/v2\/media?parent=2427"}],"wp:term":[{"taxonomy":"category","embeddable":true,"href":"https:\/\/www.entreculturas.org\/en\/wp-json\/wp\/v2\/categories?post=2427"},{"taxonomy":"post_tag","embeddable":true,"href":"https:\/\/www.entreculturas.org\/en\/wp-json\/wp\/v2\/tags?post=2427"},{"taxonomy":"country","embeddable":true,"href":"https:\/\/www.entreculturas.org\/en\/wp-json\/wp\/v2\/country?post=2427"},{"taxonomy":"cause","embeddable":true,"href":"https:\/\/www.entreculturas.org\/en\/wp-json\/wp\/v2\/cause?post=2427"}],"curies":[{"name":"wp","href":"https:\/\/api.w.org\/{rel}","templated":true}]}}