{"id":24184,"date":"2024-04-29T12:11:01","date_gmt":"2024-04-29T10:11:01","guid":{"rendered":"https:\/\/www.entreculturas.org\/?post_type=noticia&#038;p=24184"},"modified":"2024-04-29T12:11:04","modified_gmt":"2024-04-29T10:11:04","slug":"junto-a-mas-de-900-organizaciones-celebramos-la-aprobacion-en-el-congreso-de-la-tramitacion-de-regularizacion-de-500-mil-personas-migrantes","status":"publish","type":"noticia","link":"https:\/\/www.entreculturas.org\/en\/noticia\/junto-a-mas-de-900-organizaciones-celebramos-la-aprobacion-en-el-congreso-de-la-tramitacion-de-regularizacion-de-500-mil-personas-migrantes\/","title":{"rendered":"Junto a m\u00e1s de 900 organizaciones celebramos la aprobaci\u00f3n en el Congreso de la tramitaci\u00f3n de regularizaci\u00f3n de 500 mil personas migrantes."},"content":{"rendered":"\n<p>El pasado 9 de abril asistimos junto a nuestra organizaci\u00f3n hermana, Pueblos Unidos, a la sociedad civil y al resto de organizaciones que participaron en la Iniciativa Legislativa Popular (ILP) de regularizaci\u00f3n de m\u00e1s de 500 mil personas migrantes, a una concentraci\u00f3n frente al Congreso de los Diputados para celebrar la decisi\u00f3n de aprobaci\u00f3n de esta iniciativa por parte del pleno.<\/p>\n\n\n\n<p><\/p>\n\n\n\n<p>Con un total de 310 votos a favor, fue aprobada para tramitaci\u00f3n la ILP, esperando que acabe con la vulneraci\u00f3n de los derechos fundamentales de las personas migrantes, y las barreras que les impide acceder a un trabajo digno, vivienda, salud o educaci\u00f3n y de construir un futuro digno.\u00a0<\/p>\n\n\n\n<p><\/p>\n\n\n\n<figure class=\"wp-block-image aligncenter size-large is-resized\"><img decoding=\"async\" width=\"1024\" height=\"768\" src=\"https:\/\/www.entreculturas.org\/wp-content\/uploads\/2024\/04\/Imagen-de-WhatsApp-2024-04-09-a-las-19.19.33_fd7cf216-1024x768.jpg\" alt=\"\" class=\"wp-image-24194\" style=\"width:864px;height:auto\" srcset=\"https:\/\/www.entreculturas.org\/wp-content\/uploads\/2024\/04\/Imagen-de-WhatsApp-2024-04-09-a-las-19.19.33_fd7cf216-1024x768.jpg 1024w, https:\/\/www.entreculturas.org\/wp-content\/uploads\/2024\/04\/Imagen-de-WhatsApp-2024-04-09-a-las-19.19.33_fd7cf216-300x225.jpg 300w, https:\/\/www.entreculturas.org\/wp-content\/uploads\/2024\/04\/Imagen-de-WhatsApp-2024-04-09-a-las-19.19.33_fd7cf216-768x576.jpg 768w, https:\/\/www.entreculturas.org\/wp-content\/uploads\/2024\/04\/Imagen-de-WhatsApp-2024-04-09-a-las-19.19.33_fd7cf216-1536x1153.jpg 1536w, https:\/\/www.entreculturas.org\/wp-content\/uploads\/2024\/04\/Imagen-de-WhatsApp-2024-04-09-a-las-19.19.33_fd7cf216.jpg 1599w\" sizes=\"(max-width: 1024px) 100vw, 1024px\" \/><\/figure>\n\n\n\n<p><\/p>\n\n\n\n<p>De acuerdo con la exposici\u00f3n de motivos, la regularizaci\u00f3n extraordinaria que propone esta proposici\u00f3n de ley &#8220;permitir\u00e1 visibilizar la totalidad de la poblaci\u00f3n migrante que reside en el pa\u00eds, compensar las desigualdades que presentan como punto de partida, y a la vez, garantizar los derechos laborales en condici\u00f3n de igualdad, reduciendo las situaciones de abuso y explotaci\u00f3n&#8221; puesto que el sistema de acceso a la residencia contemplado en la ley de extranjer\u00eda resulta, seg\u00fan el texto propuesto, &#8220;insuficiente y limitado y no se ajusta a la realidad actual de las personas migrantes que viven y trabajan en el Estado espa\u00f1ol&#8221;.\u00a0<\/p>\n\n\n\n<p><\/p>\n\n\n\n<figure class=\"wp-block-image aligncenter size-large is-resized\"><img decoding=\"async\" width=\"1024\" height=\"768\" src=\"https:\/\/www.entreculturas.org\/wp-content\/uploads\/2024\/04\/IMG_7426-1024x768.jpeg\" alt=\"\" class=\"wp-image-24190\" style=\"width:856px;height:auto\" srcset=\"https:\/\/www.entreculturas.org\/wp-content\/uploads\/2024\/04\/IMG_7426-1024x768.jpeg 1024w, https:\/\/www.entreculturas.org\/wp-content\/uploads\/2024\/04\/IMG_7426-300x225.jpeg 300w, https:\/\/www.entreculturas.org\/wp-content\/uploads\/2024\/04\/IMG_7426-768x576.jpeg 768w, https:\/\/www.entreculturas.org\/wp-content\/uploads\/2024\/04\/IMG_7426-1536x1152.jpeg 1536w, https:\/\/www.entreculturas.org\/wp-content\/uploads\/2024\/04\/IMG_7426.jpeg 2048w\" sizes=\"(max-width: 1024px) 100vw, 1024px\" \/><\/figure>\n\n\n\n<p><\/p>\n\n\n\n<p>Esta iniciativa empez\u00f3 su andadura en el a\u00f1o 2021 debido a la preocupaci\u00f3n de cientos de organizaciones que ve\u00edan como personas migrantes que permanec\u00edan en territorio espa\u00f1ol sin documentaci\u00f3n, enfrentaban los desaf\u00edos y dificultades como consecuencia del paso de la COVID- 19. A finales de 2022 m\u00e1s de 900 organizaciones, tras varios meses de campa\u00f1a, recogieron m\u00e1s de 600 mil firmas apoyando esta iniciativa legislativa y fueron entregadas al Congreso, siendo la propuesta m\u00e1s apoyada por la sociedad civil y la m\u00e1s votada a favor en la toma en consideraci\u00f3n parlamentaria de la historia de la democracia espa\u00f1ola.<\/p>\n\n\n\n<p><\/p>\n\n\n\n<p><strong><em>Iniciativa Legislativa Popular<\/em><\/strong><\/p>\n\n\n\n<p><\/p>\n\n\n\n<p>Como indica el Reglamento del Congreso en su art\u00edculo 108, la iniciativa legislativa le corresponde tambi\u00e9n &#8220;a los ciudadanos, de acuerdo con el art\u00edculo 87.3 de la Constituci\u00f3n y con la Ley Org\u00e1nica que lo desarrolle&#8221; tal y como est\u00e1 prevista en el art\u00edculo 87.3 de la Constituci\u00f3n regulada por la Ley Org\u00e1nica 3\/1984, de 26 de marzo, modificada por la Ley Org\u00e1nica 4\/2006, de 26 de mayo.\u00a0<\/p>\n\n\n\n<p><\/p>\n\n\n\n<p>Para presentar una iniciativa legislativa popular es necesaria la presentaci\u00f3n de al menos 500.000 firmas acreditadas. En este sentido, la iniciativa propuesta para su toma en consideraci\u00f3n super\u00f3 el m\u00ednimo de firmas exigido, por lo que la iniciativa, calificada y admitida a tr\u00e1mite, pudo ser tomada en consideraci\u00f3n por el Pleno de la C\u00e1mara.<\/p>\n","protected":false},"excerpt":{"rendered":"<p>El pasado 9 de abril asistimos junto a nuestra organizaci\u00f3n hermana, Pueblos Unidos, a la sociedad civil y al resto de organizaciones que participaron en la Iniciativa Legislativa Popular (ILP) de regularizaci\u00f3n de m\u00e1s de 500 mil personas migrantes, a una concentraci\u00f3n frente al Congreso de los Diputados para celebrar la decisi\u00f3n de aprobaci\u00f3n de esta iniciativa por parte del pleno. Con un total de 310 votos a favor, fue aprobada para tramitaci\u00f3n la ILP, esperando que acabe con la vulneraci\u00f3n de los derechos fundamentales de las personas migrantes, y las barreras que les impide acceder a un trabajo digno, vivienda, salud o educaci\u00f3n y de construir un futuro digno.\u00a0 De acuerdo con la exposici\u00f3n de motivos, la regularizaci\u00f3n extraordinaria que propone esta proposici\u00f3n de ley &#8220;permitir\u00e1 visibilizar la totalidad de la poblaci\u00f3n migrante que reside en el pa\u00eds, compensar las desigualdades que presentan como punto de partida, y a [&hellip;]<\/p>\n","protected":false},"featured_media":24186,"template":"","meta":{"_acf_changed":false},"categories":[7],"tags":[10],"country":[120],"cause":[129],"class_list":["post-24184","noticia","type-noticia","status-publish","has-post-thumbnail","hentry","category-noticia","tag-migracion-y-refugio","country-espana","cause-migracion-y-refugio"],"acf":[],"yoast_head":"<!-- This site is optimized with the Yoast SEO Premium plugin v21.6 (Yoast SEO v27.5) - https:\/\/yoast.com\/product\/yoast-seo-premium-wordpress\/ -->\n<title>Junto a m\u00e1s de 900 organizaciones celebramos la aprobaci\u00f3n en el Congreso de la tramitaci\u00f3n de regularizaci\u00f3n de 500 mil personas migrantes. - Entreculturas<\/title>\n<meta name=\"robots\" content=\"index, follow, max-snippet:-1, max-image-preview:large, max-video-preview:-1\" \/>\n<link rel=\"canonical\" href=\"https:\/\/www.entreculturas.org\/en\/noticia\/junto-a-mas-de-900-organizaciones-celebramos-la-aprobacion-en-el-congreso-de-la-tramitacion-de-regularizacion-de-500-mil-personas-migrantes\/\" \/>\n<meta property=\"og:locale\" content=\"en_US\" \/>\n<meta property=\"og:type\" content=\"article\" \/>\n<meta property=\"og:title\" content=\"Junto a m\u00e1s de 900 organizaciones celebramos la aprobaci\u00f3n en el Congreso de la tramitaci\u00f3n de regularizaci\u00f3n de 500 mil personas migrantes.\" \/>\n<meta property=\"og:description\" content=\"El pasado 9 de abril asistimos junto a nuestra organizaci\u00f3n hermana, Pueblos Unidos, a la sociedad civil y al resto de organizaciones que participaron en la Iniciativa Legislativa Popular (ILP) de regularizaci\u00f3n de m\u00e1s de 500 mil personas migrantes, a una concentraci\u00f3n frente al Congreso de los Diputados para celebrar la decisi\u00f3n de aprobaci\u00f3n de esta iniciativa por parte del pleno. Con un total de 310 votos a favor, fue aprobada para tramitaci\u00f3n la ILP, esperando que acabe con la vulneraci\u00f3n de los derechos fundamentales de las personas migrantes, y las barreras que les impide acceder a un trabajo digno, vivienda, salud o educaci\u00f3n y de construir un futuro digno.\u00a0 De acuerdo con la exposici\u00f3n de motivos, la regularizaci\u00f3n extraordinaria que propone esta proposici\u00f3n de ley &#8220;permitir\u00e1 visibilizar la totalidad de la poblaci\u00f3n migrante que reside en el pa\u00eds, compensar las desigualdades que presentan como punto de partida, y a [&hellip;]\" \/>\n<meta property=\"og:url\" content=\"https:\/\/www.entreculturas.org\/en\/noticia\/junto-a-mas-de-900-organizaciones-celebramos-la-aprobacion-en-el-congreso-de-la-tramitacion-de-regularizacion-de-500-mil-personas-migrantes\/\" \/>\n<meta property=\"og:site_name\" content=\"Entreculturas\" \/>\n<meta property=\"article:publisher\" content=\"https:\/\/www.facebook.com\/entreculturas\" \/>\n<meta property=\"article:modified_time\" content=\"2024-04-29T10:11:04+00:00\" \/>\n<meta property=\"og:image\" content=\"https:\/\/www.entreculturas.org\/wp-content\/uploads\/2024\/04\/f7ca24dc-05a7-4feb-94b5-ae751b7e41b4.jpg\" \/>\n\t<meta property=\"og:image:width\" content=\"2048\" \/>\n\t<meta property=\"og:image:height\" content=\"1152\" \/>\n\t<meta property=\"og:image:type\" content=\"image\/jpeg\" \/>\n<meta name=\"twitter:card\" content=\"summary_large_image\" \/>\n<meta name=\"twitter:site\" content=\"@Entreculturas\" \/>\n<script type=\"application\/ld+json\" class=\"yoast-schema-graph\">{\"@context\":\"https:\\\/\\\/schema.org\",\"@graph\":[{\"@type\":\"WebPage\",\"@id\":\"https:\\\/\\\/www.entreculturas.org\\\/en\\\/noticia\\\/junto-a-mas-de-900-organizaciones-celebramos-la-aprobacion-en-el-congreso-de-la-tramitacion-de-regularizacion-de-500-mil-personas-migrantes\\\/\",\"url\":\"https:\\\/\\\/www.entreculturas.org\\\/en\\\/noticia\\\/junto-a-mas-de-900-organizaciones-celebramos-la-aprobacion-en-el-congreso-de-la-tramitacion-de-regularizacion-de-500-mil-personas-migrantes\\\/\",\"name\":\"Junto a m\u00e1s de 900 organizaciones celebramos la aprobaci\u00f3n en el Congreso de la tramitaci\u00f3n de regularizaci\u00f3n de 500 mil personas migrantes. - Entreculturas\",\"isPartOf\":{\"@id\":\"https:\\\/\\\/www.entreculturas.org\\\/en\\\/#website\"},\"primaryImageOfPage\":{\"@id\":\"https:\\\/\\\/www.entreculturas.org\\\/en\\\/noticia\\\/junto-a-mas-de-900-organizaciones-celebramos-la-aprobacion-en-el-congreso-de-la-tramitacion-de-regularizacion-de-500-mil-personas-migrantes\\\/#primaryimage\"},\"image\":{\"@id\":\"https:\\\/\\\/www.entreculturas.org\\\/en\\\/noticia\\\/junto-a-mas-de-900-organizaciones-celebramos-la-aprobacion-en-el-congreso-de-la-tramitacion-de-regularizacion-de-500-mil-personas-migrantes\\\/#primaryimage\"},\"thumbnailUrl\":\"https:\\\/\\\/www.entreculturas.org\\\/wp-content\\\/uploads\\\/2024\\\/04\\\/f7ca24dc-05a7-4feb-94b5-ae751b7e41b4.jpg\",\"datePublished\":\"2024-04-29T10:11:01+00:00\",\"dateModified\":\"2024-04-29T10:11:04+00:00\",\"breadcrumb\":{\"@id\":\"https:\\\/\\\/www.entreculturas.org\\\/en\\\/noticia\\\/junto-a-mas-de-900-organizaciones-celebramos-la-aprobacion-en-el-congreso-de-la-tramitacion-de-regularizacion-de-500-mil-personas-migrantes\\\/#breadcrumb\"},\"inLanguage\":\"en-US\",\"potentialAction\":[{\"@type\":\"ReadAction\",\"target\":[\"https:\\\/\\\/www.entreculturas.org\\\/en\\\/noticia\\\/junto-a-mas-de-900-organizaciones-celebramos-la-aprobacion-en-el-congreso-de-la-tramitacion-de-regularizacion-de-500-mil-personas-migrantes\\\/\"]}]},{\"@type\":\"ImageObject\",\"inLanguage\":\"en-US\",\"@id\":\"https:\\\/\\\/www.entreculturas.org\\\/en\\\/noticia\\\/junto-a-mas-de-900-organizaciones-celebramos-la-aprobacion-en-el-congreso-de-la-tramitacion-de-regularizacion-de-500-mil-personas-migrantes\\\/#primaryimage\",\"url\":\"https:\\\/\\\/www.entreculturas.org\\\/wp-content\\\/uploads\\\/2024\\\/04\\\/f7ca24dc-05a7-4feb-94b5-ae751b7e41b4.jpg\",\"contentUrl\":\"https:\\\/\\\/www.entreculturas.org\\\/wp-content\\\/uploads\\\/2024\\\/04\\\/f7ca24dc-05a7-4feb-94b5-ae751b7e41b4.jpg\",\"width\":2048,\"height\":1152},{\"@type\":\"BreadcrumbList\",\"@id\":\"https:\\\/\\\/www.entreculturas.org\\\/en\\\/noticia\\\/junto-a-mas-de-900-organizaciones-celebramos-la-aprobacion-en-el-congreso-de-la-tramitacion-de-regularizacion-de-500-mil-personas-migrantes\\\/#breadcrumb\",\"itemListElement\":[{\"@type\":\"ListItem\",\"position\":1,\"name\":\"Home\",\"item\":\"https:\\\/\\\/www.entreculturas.org\\\/en\\\/\"},{\"@type\":\"ListItem\",\"position\":2,\"name\":\"Noticias\",\"item\":\"https:\\\/\\\/www.entreculturas.org\\\/en\\\/noticias\\\/\"},{\"@type\":\"ListItem\",\"position\":3,\"name\":\"Junto a m\u00e1s de 900 organizaciones celebramos la aprobaci\u00f3n en el Congreso de la tramitaci\u00f3n de regularizaci\u00f3n de 500 mil personas migrantes.\"}]},{\"@type\":\"WebSite\",\"@id\":\"https:\\\/\\\/www.entreculturas.org\\\/en\\\/#website\",\"url\":\"https:\\\/\\\/www.entreculturas.org\\\/en\\\/\",\"name\":\"Entreculturas\",\"description\":\"\",\"publisher\":{\"@id\":\"https:\\\/\\\/www.entreculturas.org\\\/en\\\/#organization\"},\"alternateName\":\"Entreculturas\",\"potentialAction\":[{\"@type\":\"SearchAction\",\"target\":{\"@type\":\"EntryPoint\",\"urlTemplate\":\"https:\\\/\\\/www.entreculturas.org\\\/en\\\/?s={search_term_string}\"},\"query-input\":{\"@type\":\"PropertyValueSpecification\",\"valueRequired\":true,\"valueName\":\"search_term_string\"}}],\"inLanguage\":\"en-US\"},{\"@type\":\"Organization\",\"@id\":\"https:\\\/\\\/www.entreculturas.org\\\/en\\\/#organization\",\"name\":\"Entreculturas\",\"url\":\"https:\\\/\\\/www.entreculturas.org\\\/en\\\/\",\"logo\":{\"@type\":\"ImageObject\",\"inLanguage\":\"en-US\",\"@id\":\"https:\\\/\\\/www.entreculturas.org\\\/en\\\/#\\\/schema\\\/logo\\\/image\\\/\",\"url\":\"https:\\\/\\\/www.entreculturas.org\\\/wp-content\\\/uploads\\\/2025\\\/10\\\/ESP.svg\",\"contentUrl\":\"https:\\\/\\\/www.entreculturas.org\\\/wp-content\\\/uploads\\\/2025\\\/10\\\/ESP.svg\",\"caption\":\"Entreculturas\"},\"image\":{\"@id\":\"https:\\\/\\\/www.entreculturas.org\\\/en\\\/#\\\/schema\\\/logo\\\/image\\\/\"},\"sameAs\":[\"https:\\\/\\\/www.facebook.com\\\/entreculturas\",\"https:\\\/\\\/x.com\\\/Entreculturas\",\"https:\\\/\\\/www.instagram.com\\\/entreculturas\\\/\",\"https:\\\/\\\/www.youtube.com\\\/user\\\/entreculturasvideo\",\"https:\\\/\\\/www.linkedin.com\\\/company\\\/fundacion-entreculturas-ngdo\\\/\",\"https:\\\/\\\/www.flickr.com\\\/photos\\\/98455522@N04\\\/albums\\\/\"]}]}<\/script>\n<!-- \/ Yoast SEO Premium plugin. -->","yoast_head_json":{"title":"Junto a m\u00e1s de 900 organizaciones celebramos la aprobaci\u00f3n en el Congreso de la tramitaci\u00f3n de regularizaci\u00f3n de 500 mil personas migrantes. - Entreculturas","robots":{"index":"index","follow":"follow","max-snippet":"max-snippet:-1","max-image-preview":"max-image-preview:large","max-video-preview":"max-video-preview:-1"},"canonical":"https:\/\/www.entreculturas.org\/en\/noticia\/junto-a-mas-de-900-organizaciones-celebramos-la-aprobacion-en-el-congreso-de-la-tramitacion-de-regularizacion-de-500-mil-personas-migrantes\/","og_locale":"en_US","og_type":"article","og_title":"Junto a m\u00e1s de 900 organizaciones celebramos la aprobaci\u00f3n en el Congreso de la tramitaci\u00f3n de regularizaci\u00f3n de 500 mil personas migrantes.","og_description":"El pasado 9 de abril asistimos junto a nuestra organizaci\u00f3n hermana, Pueblos Unidos, a la sociedad civil y al resto de organizaciones que participaron en la Iniciativa Legislativa Popular (ILP) de regularizaci\u00f3n de m\u00e1s de 500 mil personas migrantes, a una concentraci\u00f3n frente al Congreso de los Diputados para celebrar la decisi\u00f3n de aprobaci\u00f3n de esta iniciativa por parte del pleno. Con un total de 310 votos a favor, fue aprobada para tramitaci\u00f3n la ILP, esperando que acabe con la vulneraci\u00f3n de los derechos fundamentales de las personas migrantes, y las barreras que les impide acceder a un trabajo digno, vivienda, salud o educaci\u00f3n y de construir un futuro digno.\u00a0 De acuerdo con la exposici\u00f3n de motivos, la regularizaci\u00f3n extraordinaria que propone esta proposici\u00f3n de ley &#8220;permitir\u00e1 visibilizar la totalidad de la poblaci\u00f3n migrante que reside en el pa\u00eds, compensar las desigualdades que presentan como punto de partida, y a [&hellip;]","og_url":"https:\/\/www.entreculturas.org\/en\/noticia\/junto-a-mas-de-900-organizaciones-celebramos-la-aprobacion-en-el-congreso-de-la-tramitacion-de-regularizacion-de-500-mil-personas-migrantes\/","og_site_name":"Entreculturas","article_publisher":"https:\/\/www.facebook.com\/entreculturas","article_modified_time":"2024-04-29T10:11:04+00:00","og_image":[{"width":2048,"height":1152,"url":"https:\/\/www.entreculturas.org\/wp-content\/uploads\/2024\/04\/f7ca24dc-05a7-4feb-94b5-ae751b7e41b4.jpg","type":"image\/jpeg"}],"twitter_card":"summary_large_image","twitter_site":"@Entreculturas","schema":{"@context":"https:\/\/schema.org","@graph":[{"@type":"WebPage","@id":"https:\/\/www.entreculturas.org\/en\/noticia\/junto-a-mas-de-900-organizaciones-celebramos-la-aprobacion-en-el-congreso-de-la-tramitacion-de-regularizacion-de-500-mil-personas-migrantes\/","url":"https:\/\/www.entreculturas.org\/en\/noticia\/junto-a-mas-de-900-organizaciones-celebramos-la-aprobacion-en-el-congreso-de-la-tramitacion-de-regularizacion-de-500-mil-personas-migrantes\/","name":"Junto a m\u00e1s de 900 organizaciones celebramos la aprobaci\u00f3n en el Congreso de la tramitaci\u00f3n de regularizaci\u00f3n de 500 mil personas migrantes. - Entreculturas","isPartOf":{"@id":"https:\/\/www.entreculturas.org\/en\/#website"},"primaryImageOfPage":{"@id":"https:\/\/www.entreculturas.org\/en\/noticia\/junto-a-mas-de-900-organizaciones-celebramos-la-aprobacion-en-el-congreso-de-la-tramitacion-de-regularizacion-de-500-mil-personas-migrantes\/#primaryimage"},"image":{"@id":"https:\/\/www.entreculturas.org\/en\/noticia\/junto-a-mas-de-900-organizaciones-celebramos-la-aprobacion-en-el-congreso-de-la-tramitacion-de-regularizacion-de-500-mil-personas-migrantes\/#primaryimage"},"thumbnailUrl":"https:\/\/www.entreculturas.org\/wp-content\/uploads\/2024\/04\/f7ca24dc-05a7-4feb-94b5-ae751b7e41b4.jpg","datePublished":"2024-04-29T10:11:01+00:00","dateModified":"2024-04-29T10:11:04+00:00","breadcrumb":{"@id":"https:\/\/www.entreculturas.org\/en\/noticia\/junto-a-mas-de-900-organizaciones-celebramos-la-aprobacion-en-el-congreso-de-la-tramitacion-de-regularizacion-de-500-mil-personas-migrantes\/#breadcrumb"},"inLanguage":"en-US","potentialAction":[{"@type":"ReadAction","target":["https:\/\/www.entreculturas.org\/en\/noticia\/junto-a-mas-de-900-organizaciones-celebramos-la-aprobacion-en-el-congreso-de-la-tramitacion-de-regularizacion-de-500-mil-personas-migrantes\/"]}]},{"@type":"ImageObject","inLanguage":"en-US","@id":"https:\/\/www.entreculturas.org\/en\/noticia\/junto-a-mas-de-900-organizaciones-celebramos-la-aprobacion-en-el-congreso-de-la-tramitacion-de-regularizacion-de-500-mil-personas-migrantes\/#primaryimage","url":"https:\/\/www.entreculturas.org\/wp-content\/uploads\/2024\/04\/f7ca24dc-05a7-4feb-94b5-ae751b7e41b4.jpg","contentUrl":"https:\/\/www.entreculturas.org\/wp-content\/uploads\/2024\/04\/f7ca24dc-05a7-4feb-94b5-ae751b7e41b4.jpg","width":2048,"height":1152},{"@type":"BreadcrumbList","@id":"https:\/\/www.entreculturas.org\/en\/noticia\/junto-a-mas-de-900-organizaciones-celebramos-la-aprobacion-en-el-congreso-de-la-tramitacion-de-regularizacion-de-500-mil-personas-migrantes\/#breadcrumb","itemListElement":[{"@type":"ListItem","position":1,"name":"Home","item":"https:\/\/www.entreculturas.org\/en\/"},{"@type":"ListItem","position":2,"name":"Noticias","item":"https:\/\/www.entreculturas.org\/en\/noticias\/"},{"@type":"ListItem","position":3,"name":"Junto a m\u00e1s de 900 organizaciones celebramos la aprobaci\u00f3n en el Congreso de la tramitaci\u00f3n de regularizaci\u00f3n de 500 mil personas migrantes."}]},{"@type":"WebSite","@id":"https:\/\/www.entreculturas.org\/en\/#website","url":"https:\/\/www.entreculturas.org\/en\/","name":"Entreculturas","description":"","publisher":{"@id":"https:\/\/www.entreculturas.org\/en\/#organization"},"alternateName":"Entreculturas","potentialAction":[{"@type":"SearchAction","target":{"@type":"EntryPoint","urlTemplate":"https:\/\/www.entreculturas.org\/en\/?s={search_term_string}"},"query-input":{"@type":"PropertyValueSpecification","valueRequired":true,"valueName":"search_term_string"}}],"inLanguage":"en-US"},{"@type":"Organization","@id":"https:\/\/www.entreculturas.org\/en\/#organization","name":"Entreculturas","url":"https:\/\/www.entreculturas.org\/en\/","logo":{"@type":"ImageObject","inLanguage":"en-US","@id":"https:\/\/www.entreculturas.org\/en\/#\/schema\/logo\/image\/","url":"https:\/\/www.entreculturas.org\/wp-content\/uploads\/2025\/10\/ESP.svg","contentUrl":"https:\/\/www.entreculturas.org\/wp-content\/uploads\/2025\/10\/ESP.svg","caption":"Entreculturas"},"image":{"@id":"https:\/\/www.entreculturas.org\/en\/#\/schema\/logo\/image\/"},"sameAs":["https:\/\/www.facebook.com\/entreculturas","https:\/\/x.com\/Entreculturas","https:\/\/www.instagram.com\/entreculturas\/","https:\/\/www.youtube.com\/user\/entreculturasvideo","https:\/\/www.linkedin.com\/company\/fundacion-entreculturas-ngdo\/","https:\/\/www.flickr.com\/photos\/98455522@N04\/albums\/"]}]}},"_links":{"self":[{"href":"https:\/\/www.entreculturas.org\/en\/wp-json\/wp\/v2\/noticia\/24184","targetHints":{"allow":["GET"]}}],"collection":[{"href":"https:\/\/www.entreculturas.org\/en\/wp-json\/wp\/v2\/noticia"}],"about":[{"href":"https:\/\/www.entreculturas.org\/en\/wp-json\/wp\/v2\/types\/noticia"}],"wp:featuredmedia":[{"embeddable":true,"href":"https:\/\/www.entreculturas.org\/en\/wp-json\/wp\/v2\/media\/24186"}],"wp:attachment":[{"href":"https:\/\/www.entreculturas.org\/en\/wp-json\/wp\/v2\/media?parent=24184"}],"wp:term":[{"taxonomy":"category","embeddable":true,"href":"https:\/\/www.entreculturas.org\/en\/wp-json\/wp\/v2\/categories?post=24184"},{"taxonomy":"post_tag","embeddable":true,"href":"https:\/\/www.entreculturas.org\/en\/wp-json\/wp\/v2\/tags?post=24184"},{"taxonomy":"country","embeddable":true,"href":"https:\/\/www.entreculturas.org\/en\/wp-json\/wp\/v2\/country?post=24184"},{"taxonomy":"cause","embeddable":true,"href":"https:\/\/www.entreculturas.org\/en\/wp-json\/wp\/v2\/cause?post=24184"}],"curies":[{"name":"wp","href":"https:\/\/api.w.org\/{rel}","templated":true}]}}