{"id":24112,"date":"2024-04-29T10:48:23","date_gmt":"2024-04-29T08:48:23","guid":{"rendered":"https:\/\/www.entreculturas.org\/?post_type=noticia&#038;p=24112"},"modified":"2026-04-28T15:23:10","modified_gmt":"2026-04-28T13:23:10","slug":"dia-del-trabajo-como-trabajamos-para-crear-oportunidades","status":"publish","type":"noticia","link":"https:\/\/www.entreculturas.org\/en\/noticia\/dia-del-trabajo-como-trabajamos-para-crear-oportunidades\/","title":{"rendered":"D\u00eda del Trabajo: \u00bfc\u00f3mo trabajamos para crear oportunidades?"},"content":{"rendered":"\n<p>Hoy D\u00eda del trabajo es una fecha especial para reflexionar sobre <strong>la importancia de la educaci\u00f3n como clave para combatir la desigualdad y generar oportunidades <\/strong>de futuro. Desde Entreculturas, creemos firmemente que la educaci\u00f3n es transformadora y genera oportunidades.\u00a0<\/p>\n\n\n\n<p>Es por ello que <strong>llevamos a cabo diversos programas educativos y de formaci\u00f3n profesional y para la empleabilidad,<\/strong> orientados a promover la inserci\u00f3n laboral y el emprendimiento, y a reducir los obst\u00e1culos que enfrentan las personas en situaci\u00f3n de vulnerabilidad.<\/p>\n\n\n\n<h2 class=\"wp-block-heading\" id=\"h-promoviendo-la-insercion-laboral\">Promoviendo la inserci\u00f3n laboral<\/h2>\n\n\n\n<p>Latinoam\u00e9rica y Espa\u00f1a se encuentran frente a desaf\u00edos considerables en lo que respecta al desempleo, especialmente entre los y las j\u00f3venes. Seg\u00fan datos de la Organizaci\u00f3n Internacional del Trabajo (OIT),<strong>la tasa de desempleo juvenil en Latinoam\u00e9rica supera el 20%,<\/strong> mientras que en Espa\u00f1a hay una tasa de paro juvenil del 28,36%, seg\u00fan cifras del Instituto Nacional de Estad\u00edstica (INE)<br><br>En este contexto, <strong>hemos llevado a cabo junto Accenture el programa a gran escala \u00b4Hacia un mundo digital y Sostenible\u00b4<\/strong> para promover la inserci\u00f3n laboral de j\u00f3venes y adultos en situaci\u00f3n de vulnerabilidad. El<a href=\"https:\/\/www.entreculturas.org\/noticia\/renovamos-por-dos-anos-mas-el-programa-accenture\/\">programa comenz\u00f3 en marzo de 2022<\/a> y se ha llevado a cabo en 19 pa\u00edses de la mano de nuestras organizaciones aliadas, <strong>Fe y Alegr\u00eda en Latinoam\u00e9rica, as\u00ed como el sector social Jesuita en Espa\u00f1a.<\/strong><\/p>\n\n\n\n<h2 class=\"wp-block-heading\" id=\"h-como-hemos-promovido-la-insercion-laboral-nbsp\">\u00bfC\u00f3mo hemos promovido la inserci\u00f3n laboral?<strong>&nbsp;<\/strong><\/h2>\n\n\n\n<p>&#8220;Somos j\u00f3venes que queremos salir adelante y buscar mejores oportunidades laborales&#8221;.<br><br>Estas son las palabras de Bryan Granados, estudiante del Colegio Las Mercedes de Fe y Alegr\u00eda Colombia, que actualmente se est\u00e1 especializando en comercio internacional. Bryan Sue\u00f1a con un futuro prometedor para la juventud colombiana en el que puedan profesionalizarse y acceder a empleos dignos<br>Bryan es <strong>uno de las m\u00e1s de 137.000 personas<\/strong>, mayoritariamente j\u00f3venes en riesgo de exclusi\u00f3n y personas adultas fuera del mercado laboral, que hemos acompa\u00f1ado a trav\u00e9s de \u00b4Hacia un Mundo Digital y Sostenible\u00b4.<br><br>A trav\u00e9s de formaciones y capacitaciones, han adquirido conocimientos digitales b\u00e1sicos hasta habilidades blandas y competencias espec\u00edficas para los sectores laborales m\u00e1s demandados.<br><br>Pero adem\u00e1s de la formaci\u00f3n, establecimos alianzas estrat\u00e9gicas con empresas, incluida Accenture, para conectar a los y las j\u00f3venes con oportunidades laborales.\u00a0Todo esto con el objetivo de que <strong>adquieran las habilidades y conocimientos necesarios para acceder al mercado laboral <\/strong>y puedan ser protagonistas de su propio desarrollo.<br><\/p>\n\n\n\n<figure class=\"wp-block-image aligncenter size-large is-resized\"><img decoding=\"async\" width=\"1024\" height=\"605\" src=\"https:\/\/www.entreculturas.org\/wp-content\/uploads\/2024\/04\/366639809_676756257813418_9059139574199774572_n-1024x605.jpg\" alt=\"\" class=\"wp-image-24176\" style=\"width:875px;height:auto\" srcset=\"https:\/\/www.entreculturas.org\/wp-content\/uploads\/2024\/04\/366639809_676756257813418_9059139574199774572_n-1024x605.jpg 1024w, https:\/\/www.entreculturas.org\/wp-content\/uploads\/2024\/04\/366639809_676756257813418_9059139574199774572_n-300x177.jpg 300w, https:\/\/www.entreculturas.org\/wp-content\/uploads\/2024\/04\/366639809_676756257813418_9059139574199774572_n-768x454.jpg 768w, https:\/\/www.entreculturas.org\/wp-content\/uploads\/2024\/04\/366639809_676756257813418_9059139574199774572_n-1536x908.jpg 1536w, https:\/\/www.entreculturas.org\/wp-content\/uploads\/2024\/04\/366639809_676756257813418_9059139574199774572_n.jpg 2048w\" sizes=\"(max-width: 1024px) 100vw, 1024px\" \/><\/figure>\n\n\n\n<p><br><\/p>\n\n\n\n<h2 class=\"wp-block-heading\" id=\"h-un-desarrollo-sostenible\">Un desarrollo sostenible<\/h2>\n\n\n\n<p>En el marco del programa, tambi\u00e9n hemos llevado a cabo actividades educativas y de sensibilizaci\u00f3n sobre la protecci\u00f3n del medio ambiente, tanto en Espa\u00f1a como en cinco pa\u00edses del \u00e1mbito panamaz\u00f3nico.<\/p>\n\n\n\n<p>Como parte de esta iniciativa, <strong>hemos integrado un enfoque de sostenibilidad en las formaciones.<\/strong> Esto implica capacitar a los y las j\u00f3venes que ingresan al mundo laboral en competencias medioambientales, con el prop\u00f3sito de que puedan contribuir a generar un impacto positivo de las empresas en sus comunidades y en el planeta.<\/p>\n\n\n\n<figure class=\"wp-block-image aligncenter size-large is-resized\"><img decoding=\"async\" width=\"1024\" height=\"683\" src=\"https:\/\/www.entreculturas.org\/wp-content\/uploads\/2024\/04\/IMG_2060-1024x683.jpg\" alt=\"\" class=\"wp-image-24180\" style=\"width:828px;height:auto\" srcset=\"https:\/\/www.entreculturas.org\/wp-content\/uploads\/2024\/04\/IMG_2060-1024x683.jpg 1024w, https:\/\/www.entreculturas.org\/wp-content\/uploads\/2024\/04\/IMG_2060-300x200.jpg 300w, https:\/\/www.entreculturas.org\/wp-content\/uploads\/2024\/04\/IMG_2060-768x512.jpg 768w, https:\/\/www.entreculturas.org\/wp-content\/uploads\/2024\/04\/IMG_2060-1536x1024.jpg 1536w, https:\/\/www.entreculturas.org\/wp-content\/uploads\/2024\/04\/IMG_2060-2048x1365.jpg 2048w\" sizes=\"(max-width: 1024px) 100vw, 1024px\" \/><\/figure>\n\n\n\n<h2 class=\"wp-block-heading\" id=\"h-un-programa-transformador\">Un programa transformador<\/h2>\n\n\n\n<p><strong>\u00b4<\/strong>Hacia un Mundo Digital y Sostenible\u00b4 ha representado una iniciativa integral y transformadora que ha fomentado en 19 pa\u00edses el crecimiento personal, profesional y ambiental de los y las participantes, empoder\u00e1ndolos para ser agentes de cambio en sus comunidades y en el mundo.<\/p>\n","protected":false},"excerpt":{"rendered":"<p>Hoy D\u00eda del trabajo es una fecha especial para reflexionar sobre la importancia de la educaci\u00f3n como clave para combatir la desigualdad y generar oportunidades de futuro. Desde Entreculturas, creemos firmemente que la educaci\u00f3n es transformadora y genera oportunidades.\u00a0 Es por ello que llevamos a cabo diversos programas educativos y de formaci\u00f3n profesional y para la empleabilidad, orientados a promover la inserci\u00f3n laboral y el emprendimiento, y a reducir los obst\u00e1culos que enfrentan las personas en situaci\u00f3n de vulnerabilidad. Promoviendo la inserci\u00f3n laboral Latinoam\u00e9rica y Espa\u00f1a se encuentran frente a desaf\u00edos considerables en lo que respecta al desempleo, especialmente entre los y las j\u00f3venes. Seg\u00fan datos de la Organizaci\u00f3n Internacional del Trabajo (OIT),la tasa de desempleo juvenil en Latinoam\u00e9rica supera el 20%, mientras que en Espa\u00f1a hay una tasa de paro juvenil del 28,36%, seg\u00fan cifras del Instituto Nacional de Estad\u00edstica (INE) En este contexto, hemos llevado a cabo junto [&hellip;]<\/p>\n","protected":false},"featured_media":24172,"template":"","meta":{"_acf_changed":false},"categories":[7],"tags":[289],"country":[],"cause":[128],"class_list":["post-24112","noticia","type-noticia","status-publish","has-post-thumbnail","hentry","category-noticia","tag-educacion","cause-educacion"],"acf":[],"yoast_head":"<!-- This site is optimized with the Yoast SEO Premium plugin v21.6 (Yoast SEO v27.5) - https:\/\/yoast.com\/product\/yoast-seo-premium-wordpress\/ -->\n<title>D\u00eda del Trabajo: \u00bfc\u00f3mo trabajamos para crear oportunidades? - Entreculturas<\/title>\n<meta name=\"description\" content=\"El D\u00eda del trabajo es una fecha para reflexionar sobre la importancia de la educaci\u00f3n para combatir la desigualdad y generar oportunidades.\" \/>\n<meta name=\"robots\" content=\"index, follow, max-snippet:-1, max-image-preview:large, max-video-preview:-1\" \/>\n<link rel=\"canonical\" href=\"https:\/\/www.entreculturas.org\/en\/noticia\/dia-del-trabajo-como-trabajamos-para-crear-oportunidades\/\" \/>\n<meta property=\"og:locale\" content=\"en_US\" \/>\n<meta property=\"og:type\" content=\"article\" \/>\n<meta property=\"og:title\" content=\"D\u00eda del Trabajo: \u00bfc\u00f3mo trabajamos para crear oportunidades?\" \/>\n<meta property=\"og:description\" content=\"El D\u00eda del trabajo es una fecha para reflexionar sobre la importancia de la educaci\u00f3n para combatir la desigualdad y generar oportunidades.\" \/>\n<meta property=\"og:url\" content=\"https:\/\/www.entreculturas.org\/en\/noticia\/dia-del-trabajo-como-trabajamos-para-crear-oportunidades\/\" \/>\n<meta property=\"og:site_name\" content=\"Entreculturas\" \/>\n<meta property=\"article:publisher\" content=\"https:\/\/www.facebook.com\/entreculturas\" \/>\n<meta property=\"article:modified_time\" content=\"2026-04-28T13:23:10+00:00\" \/>\n<meta property=\"og:image\" content=\"https:\/\/www.entreculturas.org\/wp-content\/uploads\/2024\/04\/300076394_8431015290249632_8087848587954204968_n-e1714380611576.jpg\" \/>\n\t<meta property=\"og:image:width\" content=\"2030\" \/>\n\t<meta property=\"og:image:height\" content=\"1054\" \/>\n\t<meta property=\"og:image:type\" content=\"image\/jpeg\" \/>\n<meta name=\"twitter:card\" content=\"summary_large_image\" \/>\n<meta name=\"twitter:site\" content=\"@Entreculturas\" \/>\n<script type=\"application\/ld+json\" class=\"yoast-schema-graph\">{\"@context\":\"https:\\\/\\\/schema.org\",\"@graph\":[{\"@type\":\"WebPage\",\"@id\":\"https:\\\/\\\/www.entreculturas.org\\\/en\\\/noticia\\\/dia-del-trabajo-como-trabajamos-para-crear-oportunidades\\\/\",\"url\":\"https:\\\/\\\/www.entreculturas.org\\\/en\\\/noticia\\\/dia-del-trabajo-como-trabajamos-para-crear-oportunidades\\\/\",\"name\":\"D\u00eda del Trabajo: \u00bfc\u00f3mo trabajamos para crear oportunidades? - Entreculturas\",\"isPartOf\":{\"@id\":\"https:\\\/\\\/www.entreculturas.org\\\/en\\\/#website\"},\"primaryImageOfPage\":{\"@id\":\"https:\\\/\\\/www.entreculturas.org\\\/en\\\/noticia\\\/dia-del-trabajo-como-trabajamos-para-crear-oportunidades\\\/#primaryimage\"},\"image\":{\"@id\":\"https:\\\/\\\/www.entreculturas.org\\\/en\\\/noticia\\\/dia-del-trabajo-como-trabajamos-para-crear-oportunidades\\\/#primaryimage\"},\"thumbnailUrl\":\"https:\\\/\\\/www.entreculturas.org\\\/wp-content\\\/uploads\\\/2024\\\/04\\\/300076394_8431015290249632_8087848587954204968_n-e1714380611576.jpg\",\"datePublished\":\"2024-04-29T08:48:23+00:00\",\"dateModified\":\"2026-04-28T13:23:10+00:00\",\"description\":\"El D\u00eda del trabajo es una fecha para reflexionar sobre la importancia de la educaci\u00f3n para combatir la desigualdad y generar oportunidades.\",\"breadcrumb\":{\"@id\":\"https:\\\/\\\/www.entreculturas.org\\\/en\\\/noticia\\\/dia-del-trabajo-como-trabajamos-para-crear-oportunidades\\\/#breadcrumb\"},\"inLanguage\":\"en-US\",\"potentialAction\":[{\"@type\":\"ReadAction\",\"target\":[\"https:\\\/\\\/www.entreculturas.org\\\/en\\\/noticia\\\/dia-del-trabajo-como-trabajamos-para-crear-oportunidades\\\/\"]}]},{\"@type\":\"ImageObject\",\"inLanguage\":\"en-US\",\"@id\":\"https:\\\/\\\/www.entreculturas.org\\\/en\\\/noticia\\\/dia-del-trabajo-como-trabajamos-para-crear-oportunidades\\\/#primaryimage\",\"url\":\"https:\\\/\\\/www.entreculturas.org\\\/wp-content\\\/uploads\\\/2024\\\/04\\\/300076394_8431015290249632_8087848587954204968_n-e1714380611576.jpg\",\"contentUrl\":\"https:\\\/\\\/www.entreculturas.org\\\/wp-content\\\/uploads\\\/2024\\\/04\\\/300076394_8431015290249632_8087848587954204968_n-e1714380611576.jpg\",\"width\":2030,\"height\":1054,\"caption\":\"d\u00eda del trabajo\"},{\"@type\":\"BreadcrumbList\",\"@id\":\"https:\\\/\\\/www.entreculturas.org\\\/en\\\/noticia\\\/dia-del-trabajo-como-trabajamos-para-crear-oportunidades\\\/#breadcrumb\",\"itemListElement\":[{\"@type\":\"ListItem\",\"position\":1,\"name\":\"Home\",\"item\":\"https:\\\/\\\/www.entreculturas.org\\\/en\\\/\"},{\"@type\":\"ListItem\",\"position\":2,\"name\":\"Noticias\",\"item\":\"https:\\\/\\\/www.entreculturas.org\\\/en\\\/noticias\\\/\"},{\"@type\":\"ListItem\",\"position\":3,\"name\":\"D\u00eda del Trabajo: \u00bfc\u00f3mo trabajamos para crear oportunidades?\"}]},{\"@type\":\"WebSite\",\"@id\":\"https:\\\/\\\/www.entreculturas.org\\\/en\\\/#website\",\"url\":\"https:\\\/\\\/www.entreculturas.org\\\/en\\\/\",\"name\":\"Entreculturas\",\"description\":\"\",\"publisher\":{\"@id\":\"https:\\\/\\\/www.entreculturas.org\\\/en\\\/#organization\"},\"alternateName\":\"Entreculturas\",\"potentialAction\":[{\"@type\":\"SearchAction\",\"target\":{\"@type\":\"EntryPoint\",\"urlTemplate\":\"https:\\\/\\\/www.entreculturas.org\\\/en\\\/?s={search_term_string}\"},\"query-input\":{\"@type\":\"PropertyValueSpecification\",\"valueRequired\":true,\"valueName\":\"search_term_string\"}}],\"inLanguage\":\"en-US\"},{\"@type\":\"Organization\",\"@id\":\"https:\\\/\\\/www.entreculturas.org\\\/en\\\/#organization\",\"name\":\"Entreculturas\",\"url\":\"https:\\\/\\\/www.entreculturas.org\\\/en\\\/\",\"logo\":{\"@type\":\"ImageObject\",\"inLanguage\":\"en-US\",\"@id\":\"https:\\\/\\\/www.entreculturas.org\\\/en\\\/#\\\/schema\\\/logo\\\/image\\\/\",\"url\":\"https:\\\/\\\/www.entreculturas.org\\\/wp-content\\\/uploads\\\/2025\\\/10\\\/ESP.svg\",\"contentUrl\":\"https:\\\/\\\/www.entreculturas.org\\\/wp-content\\\/uploads\\\/2025\\\/10\\\/ESP.svg\",\"caption\":\"Entreculturas\"},\"image\":{\"@id\":\"https:\\\/\\\/www.entreculturas.org\\\/en\\\/#\\\/schema\\\/logo\\\/image\\\/\"},\"sameAs\":[\"https:\\\/\\\/www.facebook.com\\\/entreculturas\",\"https:\\\/\\\/x.com\\\/Entreculturas\",\"https:\\\/\\\/www.instagram.com\\\/entreculturas\\\/\",\"https:\\\/\\\/www.youtube.com\\\/user\\\/entreculturasvideo\",\"https:\\\/\\\/www.linkedin.com\\\/company\\\/fundacion-entreculturas-ngdo\\\/\",\"https:\\\/\\\/www.flickr.com\\\/photos\\\/98455522@N04\\\/albums\\\/\"]}]}<\/script>\n<!-- \/ Yoast SEO Premium plugin. -->","yoast_head_json":{"title":"D\u00eda del Trabajo: \u00bfc\u00f3mo trabajamos para crear oportunidades? - Entreculturas","description":"El D\u00eda del trabajo es una fecha para reflexionar sobre la importancia de la educaci\u00f3n para combatir la desigualdad y generar oportunidades.","robots":{"index":"index","follow":"follow","max-snippet":"max-snippet:-1","max-image-preview":"max-image-preview:large","max-video-preview":"max-video-preview:-1"},"canonical":"https:\/\/www.entreculturas.org\/en\/noticia\/dia-del-trabajo-como-trabajamos-para-crear-oportunidades\/","og_locale":"en_US","og_type":"article","og_title":"D\u00eda del Trabajo: \u00bfc\u00f3mo trabajamos para crear oportunidades?","og_description":"El D\u00eda del trabajo es una fecha para reflexionar sobre la importancia de la educaci\u00f3n para combatir la desigualdad y generar oportunidades.","og_url":"https:\/\/www.entreculturas.org\/en\/noticia\/dia-del-trabajo-como-trabajamos-para-crear-oportunidades\/","og_site_name":"Entreculturas","article_publisher":"https:\/\/www.facebook.com\/entreculturas","article_modified_time":"2026-04-28T13:23:10+00:00","og_image":[{"width":2030,"height":1054,"url":"https:\/\/www.entreculturas.org\/wp-content\/uploads\/2024\/04\/300076394_8431015290249632_8087848587954204968_n-e1714380611576.jpg","type":"image\/jpeg"}],"twitter_card":"summary_large_image","twitter_site":"@Entreculturas","schema":{"@context":"https:\/\/schema.org","@graph":[{"@type":"WebPage","@id":"https:\/\/www.entreculturas.org\/en\/noticia\/dia-del-trabajo-como-trabajamos-para-crear-oportunidades\/","url":"https:\/\/www.entreculturas.org\/en\/noticia\/dia-del-trabajo-como-trabajamos-para-crear-oportunidades\/","name":"D\u00eda del Trabajo: \u00bfc\u00f3mo trabajamos para crear oportunidades? - Entreculturas","isPartOf":{"@id":"https:\/\/www.entreculturas.org\/en\/#website"},"primaryImageOfPage":{"@id":"https:\/\/www.entreculturas.org\/en\/noticia\/dia-del-trabajo-como-trabajamos-para-crear-oportunidades\/#primaryimage"},"image":{"@id":"https:\/\/www.entreculturas.org\/en\/noticia\/dia-del-trabajo-como-trabajamos-para-crear-oportunidades\/#primaryimage"},"thumbnailUrl":"https:\/\/www.entreculturas.org\/wp-content\/uploads\/2024\/04\/300076394_8431015290249632_8087848587954204968_n-e1714380611576.jpg","datePublished":"2024-04-29T08:48:23+00:00","dateModified":"2026-04-28T13:23:10+00:00","description":"El D\u00eda del trabajo es una fecha para reflexionar sobre la importancia de la educaci\u00f3n para combatir la desigualdad y generar oportunidades.","breadcrumb":{"@id":"https:\/\/www.entreculturas.org\/en\/noticia\/dia-del-trabajo-como-trabajamos-para-crear-oportunidades\/#breadcrumb"},"inLanguage":"en-US","potentialAction":[{"@type":"ReadAction","target":["https:\/\/www.entreculturas.org\/en\/noticia\/dia-del-trabajo-como-trabajamos-para-crear-oportunidades\/"]}]},{"@type":"ImageObject","inLanguage":"en-US","@id":"https:\/\/www.entreculturas.org\/en\/noticia\/dia-del-trabajo-como-trabajamos-para-crear-oportunidades\/#primaryimage","url":"https:\/\/www.entreculturas.org\/wp-content\/uploads\/2024\/04\/300076394_8431015290249632_8087848587954204968_n-e1714380611576.jpg","contentUrl":"https:\/\/www.entreculturas.org\/wp-content\/uploads\/2024\/04\/300076394_8431015290249632_8087848587954204968_n-e1714380611576.jpg","width":2030,"height":1054,"caption":"d\u00eda del trabajo"},{"@type":"BreadcrumbList","@id":"https:\/\/www.entreculturas.org\/en\/noticia\/dia-del-trabajo-como-trabajamos-para-crear-oportunidades\/#breadcrumb","itemListElement":[{"@type":"ListItem","position":1,"name":"Home","item":"https:\/\/www.entreculturas.org\/en\/"},{"@type":"ListItem","position":2,"name":"Noticias","item":"https:\/\/www.entreculturas.org\/en\/noticias\/"},{"@type":"ListItem","position":3,"name":"D\u00eda del Trabajo: \u00bfc\u00f3mo trabajamos para crear oportunidades?"}]},{"@type":"WebSite","@id":"https:\/\/www.entreculturas.org\/en\/#website","url":"https:\/\/www.entreculturas.org\/en\/","name":"Entreculturas","description":"","publisher":{"@id":"https:\/\/www.entreculturas.org\/en\/#organization"},"alternateName":"Entreculturas","potentialAction":[{"@type":"SearchAction","target":{"@type":"EntryPoint","urlTemplate":"https:\/\/www.entreculturas.org\/en\/?s={search_term_string}"},"query-input":{"@type":"PropertyValueSpecification","valueRequired":true,"valueName":"search_term_string"}}],"inLanguage":"en-US"},{"@type":"Organization","@id":"https:\/\/www.entreculturas.org\/en\/#organization","name":"Entreculturas","url":"https:\/\/www.entreculturas.org\/en\/","logo":{"@type":"ImageObject","inLanguage":"en-US","@id":"https:\/\/www.entreculturas.org\/en\/#\/schema\/logo\/image\/","url":"https:\/\/www.entreculturas.org\/wp-content\/uploads\/2025\/10\/ESP.svg","contentUrl":"https:\/\/www.entreculturas.org\/wp-content\/uploads\/2025\/10\/ESP.svg","caption":"Entreculturas"},"image":{"@id":"https:\/\/www.entreculturas.org\/en\/#\/schema\/logo\/image\/"},"sameAs":["https:\/\/www.facebook.com\/entreculturas","https:\/\/x.com\/Entreculturas","https:\/\/www.instagram.com\/entreculturas\/","https:\/\/www.youtube.com\/user\/entreculturasvideo","https:\/\/www.linkedin.com\/company\/fundacion-entreculturas-ngdo\/","https:\/\/www.flickr.com\/photos\/98455522@N04\/albums\/"]}]}},"_links":{"self":[{"href":"https:\/\/www.entreculturas.org\/en\/wp-json\/wp\/v2\/noticia\/24112","targetHints":{"allow":["GET"]}}],"collection":[{"href":"https:\/\/www.entreculturas.org\/en\/wp-json\/wp\/v2\/noticia"}],"about":[{"href":"https:\/\/www.entreculturas.org\/en\/wp-json\/wp\/v2\/types\/noticia"}],"wp:featuredmedia":[{"embeddable":true,"href":"https:\/\/www.entreculturas.org\/en\/wp-json\/wp\/v2\/media\/24172"}],"wp:attachment":[{"href":"https:\/\/www.entreculturas.org\/en\/wp-json\/wp\/v2\/media?parent=24112"}],"wp:term":[{"taxonomy":"category","embeddable":true,"href":"https:\/\/www.entreculturas.org\/en\/wp-json\/wp\/v2\/categories?post=24112"},{"taxonomy":"post_tag","embeddable":true,"href":"https:\/\/www.entreculturas.org\/en\/wp-json\/wp\/v2\/tags?post=24112"},{"taxonomy":"country","embeddable":true,"href":"https:\/\/www.entreculturas.org\/en\/wp-json\/wp\/v2\/country?post=24112"},{"taxonomy":"cause","embeddable":true,"href":"https:\/\/www.entreculturas.org\/en\/wp-json\/wp\/v2\/cause?post=24112"}],"curies":[{"name":"wp","href":"https:\/\/api.w.org\/{rel}","templated":true}]}}