{"id":24059,"date":"2024-04-23T09:53:42","date_gmt":"2024-04-23T07:53:42","guid":{"rendered":"https:\/\/www.entreculturas.org\/?post_type=noticia&#038;p=24059"},"modified":"2024-04-23T11:35:06","modified_gmt":"2024-04-23T09:35:06","slug":"dia-internacional-del-libro","status":"publish","type":"noticia","link":"https:\/\/www.entreculturas.org\/en\/noticia\/dia-internacional-del-libro\/","title":{"rendered":"D\u00eda Internacional del Libro: 5 Beneficios de la Lectura para Ni\u00f1os y Ni\u00f1as"},"content":{"rendered":"\n<p>Hoy es el <strong>D\u00eda Internacional del Libro<\/strong>, una fecha que nos invita a valorar <strong>el poder transformador de la lectura en nuestras vidas<\/strong>. Los libros no solo contribuyen a enriquecer nuestra cultura, sino que tambi\u00e9n desempe\u00f1an un papel fundamental en nuestro desarrollo intelectual y emocional.<\/p>\n\n\n\n<p><\/p>\n\n\n\n<p>En la infancia, su presencia es especialmente relevante, ya que <strong>la lectura marca el comienzo de un viaje lleno de descubrimientos y aprendizajes<\/strong> que influir\u00e1n en la vida de los ni\u00f1os y las ni\u00f1as en el futuro.<\/p>\n\n\n\n<h2 class=\"wp-block-heading\" id=\"h-como-los-libros-enriquecen-la-vida-de-los-ninos-y-las-ninas\">\u00bfC\u00f3mo los libros enriquecen la vida de los ni\u00f1os y las ni\u00f1as?<\/h2>\n\n\n\n<p><\/p>\n\n\n\n<p>Los beneficios de la lectura en la infancia son m\u00faltiples. Desde el fortalecimiento del lenguaje, el incremento de la comprensi\u00f3n lectora hasta el desarrollo de la imaginaci\u00f3n y el conocimiento del mundo que los rodea. Por ello, hoy <strong>en el D\u00eda Internacional de Libro te compartimos cinco ventajas<\/strong> de fomentar el h\u00e1bito de la lectura en los ni\u00f1os y ni\u00f1as:<\/p>\n\n\n\n<p><\/p>\n\n\n\n<ul class=\"wp-block-list\">\n<li><strong>Estimulan la imaginaci\u00f3n:<\/strong> los libros llevan a la infancia a mundos imaginarios, fomentando su creatividad. A trav\u00e9s de la lectura, los ni\u00f1os y ni\u00f1as comienzan a crear su propia representaci\u00f3n del mundo, incrementando su inter\u00e9s y curiosidad de lo que les rodea.<\/li>\n\n\n\n<li><strong>Desarrollan el lenguaje: <\/strong>enriquecen el vocabulario y fortalecen habilidades ling\u00fc\u00edsticas esenciales, mejorando as\u00ed la comprensi\u00f3n lectora de la infancia.<\/li>\n\n\n\n<li><strong>Fomentan la concentraci\u00f3n:<\/strong> ayudan a los ni\u00f1os y ni\u00f1as a concentrarse, prestar atenci\u00f3n y aprender a escuchar, incrementando sus habilidades de aprendizaje y de comunicaci\u00f3n.<\/li>\n\n\n\n<li><strong>Promueven el aprendizaje socioemocional:<\/strong> los libros permiten a la infancia explorar emociones y situaciones sociales, facilitando la comprensi\u00f3n y gesti\u00f3n de sentimientos.<\/li>\n\n\n\n<li><strong>Desarrollan la empat\u00eda:<\/strong> a trav\u00e9s de personajes y situaciones diversas, los libros fomentan la capacidad de ponerse en el lugar de otras personas, as\u00ed como el entendimiento de las situaciones que les rodea socialmente y la resoluci\u00f3n de conflictos.<\/li>\n<\/ul>\n\n\n\n<p><\/p>\n\n\n\n<h2 class=\"wp-block-heading\" id=\"h-recomendaciones-de-libros\">Recomendaciones de libros<\/h2>\n\n\n\n<p><\/p>\n\n\n\n<p>Desde Entreculturas, hoy en el D\u00eda Internacional de Libro os recomendamos <strong>tres libros que podr\u00e1n disfrutar junto a sus ni\u00f1os y ni\u00f1as<\/strong> para cultivar su pasi\u00f3n por la lectura y favorecer su crecimiento personal y emocional. Estas obras no solo ofrecen historias cautivadoras, sino que tambi\u00e9n invitan a reflexionar sobre temas importantes como la <strong>migraci\u00f3n, la igualdad y los derechos humanos<\/strong>, promoviendo as\u00ed la sensibilidad y el entendimiento del mundo que nos rodea.<\/p>\n\n\n\n<h3 class=\"wp-block-heading\" id=\"h-un-mundo-de-cuento\">Un mundo de cuento<\/h3>\n\n\n\n<p><\/p>\n\n\n\n<div class=\"wp-block-columns is-layout-flex wp-container-core-columns-is-layout-28f84493 wp-block-columns-is-layout-flex\">\n<div class=\"wp-block-column has-global-padding is-content-justification-center is-layout-constrained wp-container-core-column-is-layout-6b751da8 wp-block-column-is-layout-constrained\">\n<figure class=\"wp-block-embed is-type-wp-embed is-provider-redec wp-block-embed-redec\"><div class=\"wp-block-embed__wrapper\">\n<blockquote class=\"wp-embedded-content\" data-secret=\"KrAwyKiz4D\"><a href=\"https:\/\/redec.org\/publicaciones\/un-mundo-de-cuento\/\">Un Mundo de Cuento: Unidad Did\u00e1ctica<\/a><\/blockquote><iframe loading=\"lazy\" class=\"wp-embedded-content\" sandbox=\"allow-scripts\" security=\"restricted\" style=\"position: absolute; clip: rect(1px, 1px, 1px, 1px);\" title=\"\u00abUn Mundo de Cuento: Unidad Did\u00e1ctica\u00bb \u2014 REDEC\" src=\"https:\/\/redec.org\/publicaciones\/un-mundo-de-cuento\/embed\/#?secret=EuRwt1ca3X#?secret=KrAwyKiz4D\" data-secret=\"KrAwyKiz4D\" width=\"500\" height=\"282\" frameborder=\"0\" marginwidth=\"0\" marginheight=\"0\" scrolling=\"no\"><\/iframe>\n<\/div><\/figure>\n<\/div>\n\n\n\n<div class=\"wp-block-column is-layout-flow wp-block-column-is-layout-flow\">\n<p><\/p>\n\n\n\n<p><\/p>\n\n\n\n<p class=\"has-medium-font-size\">En esta publicaci\u00f3n encontrar\u00e1s <strong>m\u00e1s de 18 cuentos que nos brindan claves para abordar los retos globales,<\/strong> desde un enfoque de Educaci\u00f3n para la Ciudadan\u00eda Global, transformando la mirada de quien los lea. Conoceremos, a trav\u00e9s de sus protagonistas, soluciones al cambio clim\u00e1tico, la creaci\u00f3n de lazos de amistad y cuidado en situaciones de conflicto y exclusi\u00f3n, y adem\u00e1s, nos dan ejemplos de mundos m\u00e1s igualitarios y cooperativos.<\/p>\n<\/div>\n<\/div>\n\n\n\n<h3 class=\"wp-block-heading\" id=\"h-afaf-y-el-huevo-dorado\">Afaf y el huevo dorado<\/h3>\n\n\n\n<p><\/p>\n\n\n\n<p>El cuento infantil <a href=\"https:\/\/www.laluzdelasninas.org\/app\/uploads\/2021\/03\/Afaf-y-el-huevo-dorado_Espan%CC%83ol_Web-1.pdf\">Afaf y el Huevo Dorado,<\/a> escrito e ilustrado por Salma Khalil, nace de seis talleres celebrados a finales de noviembre en Chad, en los que <strong>participaron m\u00e1s de 60 ni\u00f1as y adolescentes de tres campos de personas refugiadas<\/strong> al este del pa\u00eds, en el marco de la campa\u00f1a La LUZ de las NI\u00d1AS, con la colaboraci\u00f3n del Servicio Jesuita a Refugiados (JRS) Afaf, la protagonista de la historia, y el resto de habitantes del pueblo Bonheur Bonheur parecen surgir de la m\u00e1s pura fantas\u00eda, sin embargo, son un fiel <strong>reflejo del imaginario, recuerdos y vida cotidiana de las ni\u00f1as en situaci\u00f3n de desplazamiento forzoso en Chad<\/strong>.<\/p>\n\n\n\n<p><\/p>\n\n\n\n<figure class=\"wp-block-embed is-type-wp-embed is-provider-entreculturas wp-block-embed-entreculturas\"><div class=\"wp-block-embed__wrapper\">\n<blockquote class=\"wp-embedded-content\" data-secret=\"jDIVms0RPv\"><a href=\"https:\/\/www.entreculturas.org\/noticia\/afaf-y-el-huevo-dorado-la-historia-de-habiba\/\">AFAF Y EL HUEVO DORADO: LA HISTORIA DE HABIBA<\/a><\/blockquote><iframe loading=\"lazy\" class=\"wp-embedded-content\" sandbox=\"allow-scripts\" security=\"restricted\" style=\"position: absolute; clip: rect(1px, 1px, 1px, 1px);\" title=\"\u00abAFAF Y EL HUEVO DORADO: LA HISTORIA DE HABIBA\u00bb \u2014 Entreculturas\" src=\"https:\/\/www.entreculturas.org\/noticia\/afaf-y-el-huevo-dorado-la-historia-de-habiba\/embed\/#?secret=pEyC4JR4Ns#?secret=jDIVms0RPv\" data-secret=\"jDIVms0RPv\" width=\"500\" height=\"282\" frameborder=\"0\" marginwidth=\"0\" marginheight=\"0\" scrolling=\"no\"><\/iframe>\n<\/div><\/figure>\n\n\n\n<h3 class=\"wp-block-heading\" id=\"h-i-will-tell-you-my-story\">I will tell you my story<\/h3>\n\n\n\n<p><\/p>\n\n\n\n<p>En este libro promovido por el Servicio Jesuita a Refugiados (JRS) en el marco de la campa\u00f1a <a href=\"https:\/\/www.laluzdelasninas.org\/\">La LUZ de las NI\u00d1AS<\/a>, encontrar\u00e1s <strong>seis historias de ni\u00f1as del Este de \u00c1frica<\/strong>, donde se visibilizan diferentes tipos de violencias, como: el papel de las ni\u00f1as en casa, la negaci\u00f3n del derecho a ir a la escuela, el tab\u00fa relacionado con la menstruaci\u00f3n, la violencia sexual o incluso la guerra. El objetivo de esta publicaci\u00f3n es arrojar algo de luz sobre la realidad de la violencia que sufren las ni\u00f1as en \u00c1frica Oriental y en todo el mundo, para <strong>reivindicar y defender el derecho de las ni\u00f1as a una vida libre de violencia<\/strong>.<\/p>\n\n\n\n<p><\/p>\n\n\n\n<figure class=\"wp-block-embed is-type-wp-embed is-provider-la-luz-de-las-ni-as wp-block-embed-la-luz-de-las-ni-as\"><div class=\"wp-block-embed__wrapper\">\n<blockquote class=\"wp-embedded-content\" data-secret=\"EZzUSlCTb4\"><a href=\"https:\/\/www.laluzdelasninas.org\/blog\/i-will-tell-you-my-story-voces-de-las-ninas-de-africa-del-este\/\">\u201cI will tell you my story\u201d: Voces de las ni\u00f1as de \u00c1frica del este.<\/a><\/blockquote><iframe loading=\"lazy\" class=\"wp-embedded-content\" sandbox=\"allow-scripts\" security=\"restricted\" style=\"position: absolute; clip: rect(1px, 1px, 1px, 1px);\" title=\"\u00ab\u201cI will tell you my story\u201d: Voces de las ni\u00f1as de \u00c1frica del este.\u00bb \u2014 La luz de las ni\u00f1as\" src=\"https:\/\/www.laluzdelasninas.org\/blog\/i-will-tell-you-my-story-voces-de-las-ninas-de-africa-del-este\/embed\/#?secret=EsQ7wMYODm#?secret=EZzUSlCTb4\" data-secret=\"EZzUSlCTb4\" width=\"500\" height=\"282\" frameborder=\"0\" marginwidth=\"0\" marginheight=\"0\" scrolling=\"no\"><\/iframe>\n<\/div><\/figure>\n","protected":false},"excerpt":{"rendered":"<p>Hoy es el D\u00eda Internacional del Libro, una fecha que nos invita a valorar el poder transformador de la lectura en nuestras vidas. Los libros no solo contribuyen a enriquecer nuestra cultura, sino que tambi\u00e9n desempe\u00f1an un papel fundamental en nuestro desarrollo intelectual y emocional. En la infancia, su presencia es especialmente relevante, ya que la lectura marca el comienzo de un viaje lleno de descubrimientos y aprendizajes que influir\u00e1n en la vida de los ni\u00f1os y las ni\u00f1as en el futuro. \u00bfC\u00f3mo los libros enriquecen la vida de los ni\u00f1os y las ni\u00f1as? Los beneficios de la lectura en la infancia son m\u00faltiples. Desde el fortalecimiento del lenguaje, el incremento de la comprensi\u00f3n lectora hasta el desarrollo de la imaginaci\u00f3n y el conocimiento del mundo que los rodea. Por ello, hoy en el D\u00eda Internacional de Libro te compartimos cinco ventajas de fomentar el h\u00e1bito de la lectura en [&hellip;]<\/p>\n","protected":false},"featured_media":24069,"template":"","meta":{"_acf_changed":false},"categories":[7],"tags":[289],"country":[],"cause":[128],"class_list":["post-24059","noticia","type-noticia","status-publish","has-post-thumbnail","hentry","category-noticia","tag-educacion","cause-educacion"],"acf":[],"yoast_head":"<!-- This site is optimized with the Yoast SEO Premium plugin v21.6 (Yoast SEO v27.5) - https:\/\/yoast.com\/product\/yoast-seo-premium-wordpress\/ -->\n<title>D\u00eda Internacional del Libro: 5 Beneficios de la Lectura para Ni\u00f1os y Ni\u00f1as - Entreculturas<\/title>\n<meta name=\"description\" content=\"Hoy celebramos el D\u00eda Internacional del Libro, una jornada para apreciar el poder de la lectura en nuestras vidas.\" \/>\n<meta name=\"robots\" content=\"index, follow, max-snippet:-1, max-image-preview:large, max-video-preview:-1\" \/>\n<link rel=\"canonical\" href=\"https:\/\/www.entreculturas.org\/en\/noticia\/dia-internacional-del-libro\/\" \/>\n<meta property=\"og:locale\" content=\"en_US\" \/>\n<meta property=\"og:type\" content=\"article\" \/>\n<meta property=\"og:title\" content=\"D\u00eda Internacional del Libro: 5 Beneficios de la Lectura para Ni\u00f1os y Ni\u00f1as\" \/>\n<meta property=\"og:description\" content=\"Hoy celebramos el D\u00eda Internacional del Libro, una jornada para apreciar el poder de la lectura en nuestras vidas.\" \/>\n<meta property=\"og:url\" content=\"https:\/\/www.entreculturas.org\/en\/noticia\/dia-internacional-del-libro\/\" \/>\n<meta property=\"og:site_name\" content=\"Entreculturas\" \/>\n<meta property=\"article:publisher\" content=\"https:\/\/www.facebook.com\/entreculturas\" \/>\n<meta property=\"article:modified_time\" content=\"2024-04-23T09:35:06+00:00\" \/>\n<meta property=\"og:image\" content=\"https:\/\/www.entreculturas.org\/wp-content\/uploads\/2024\/04\/Secondary-Education_Kakuma_Tumaini_43.jpg\" \/>\n\t<meta property=\"og:image:width\" content=\"1971\" \/>\n\t<meta property=\"og:image:height\" content=\"1314\" \/>\n\t<meta property=\"og:image:type\" content=\"image\/jpeg\" \/>\n<meta name=\"twitter:card\" content=\"summary_large_image\" \/>\n<meta name=\"twitter:site\" content=\"@Entreculturas\" \/>\n<script type=\"application\/ld+json\" class=\"yoast-schema-graph\">{\"@context\":\"https:\\\/\\\/schema.org\",\"@graph\":[{\"@type\":\"WebPage\",\"@id\":\"https:\\\/\\\/www.entreculturas.org\\\/en\\\/noticia\\\/dia-internacional-del-libro\\\/\",\"url\":\"https:\\\/\\\/www.entreculturas.org\\\/en\\\/noticia\\\/dia-internacional-del-libro\\\/\",\"name\":\"D\u00eda Internacional del Libro: 5 Beneficios de la Lectura para Ni\u00f1os y Ni\u00f1as - Entreculturas\",\"isPartOf\":{\"@id\":\"https:\\\/\\\/www.entreculturas.org\\\/en\\\/#website\"},\"primaryImageOfPage\":{\"@id\":\"https:\\\/\\\/www.entreculturas.org\\\/en\\\/noticia\\\/dia-internacional-del-libro\\\/#primaryimage\"},\"image\":{\"@id\":\"https:\\\/\\\/www.entreculturas.org\\\/en\\\/noticia\\\/dia-internacional-del-libro\\\/#primaryimage\"},\"thumbnailUrl\":\"https:\\\/\\\/www.entreculturas.org\\\/wp-content\\\/uploads\\\/2024\\\/04\\\/Secondary-Education_Kakuma_Tumaini_43.jpg\",\"datePublished\":\"2024-04-23T07:53:42+00:00\",\"dateModified\":\"2024-04-23T09:35:06+00:00\",\"description\":\"Hoy celebramos el D\u00eda Internacional del Libro, una jornada para apreciar el poder de la lectura en nuestras vidas.\",\"breadcrumb\":{\"@id\":\"https:\\\/\\\/www.entreculturas.org\\\/en\\\/noticia\\\/dia-internacional-del-libro\\\/#breadcrumb\"},\"inLanguage\":\"en-US\",\"potentialAction\":[{\"@type\":\"ReadAction\",\"target\":[\"https:\\\/\\\/www.entreculturas.org\\\/en\\\/noticia\\\/dia-internacional-del-libro\\\/\"]}]},{\"@type\":\"ImageObject\",\"inLanguage\":\"en-US\",\"@id\":\"https:\\\/\\\/www.entreculturas.org\\\/en\\\/noticia\\\/dia-internacional-del-libro\\\/#primaryimage\",\"url\":\"https:\\\/\\\/www.entreculturas.org\\\/wp-content\\\/uploads\\\/2024\\\/04\\\/Secondary-Education_Kakuma_Tumaini_43.jpg\",\"contentUrl\":\"https:\\\/\\\/www.entreculturas.org\\\/wp-content\\\/uploads\\\/2024\\\/04\\\/Secondary-Education_Kakuma_Tumaini_43.jpg\",\"width\":1971,\"height\":1314,\"caption\":\"D\u00eda Internacional del Libro\"},{\"@type\":\"BreadcrumbList\",\"@id\":\"https:\\\/\\\/www.entreculturas.org\\\/en\\\/noticia\\\/dia-internacional-del-libro\\\/#breadcrumb\",\"itemListElement\":[{\"@type\":\"ListItem\",\"position\":1,\"name\":\"Home\",\"item\":\"https:\\\/\\\/www.entreculturas.org\\\/en\\\/\"},{\"@type\":\"ListItem\",\"position\":2,\"name\":\"Noticias\",\"item\":\"https:\\\/\\\/www.entreculturas.org\\\/en\\\/noticias\\\/\"},{\"@type\":\"ListItem\",\"position\":3,\"name\":\"D\u00eda Internacional del Libro: 5 Beneficios de la Lectura para Ni\u00f1os y Ni\u00f1as\"}]},{\"@type\":\"WebSite\",\"@id\":\"https:\\\/\\\/www.entreculturas.org\\\/en\\\/#website\",\"url\":\"https:\\\/\\\/www.entreculturas.org\\\/en\\\/\",\"name\":\"Entreculturas\",\"description\":\"\",\"publisher\":{\"@id\":\"https:\\\/\\\/www.entreculturas.org\\\/en\\\/#organization\"},\"alternateName\":\"Entreculturas\",\"potentialAction\":[{\"@type\":\"SearchAction\",\"target\":{\"@type\":\"EntryPoint\",\"urlTemplate\":\"https:\\\/\\\/www.entreculturas.org\\\/en\\\/?s={search_term_string}\"},\"query-input\":{\"@type\":\"PropertyValueSpecification\",\"valueRequired\":true,\"valueName\":\"search_term_string\"}}],\"inLanguage\":\"en-US\"},{\"@type\":\"Organization\",\"@id\":\"https:\\\/\\\/www.entreculturas.org\\\/en\\\/#organization\",\"name\":\"Entreculturas\",\"url\":\"https:\\\/\\\/www.entreculturas.org\\\/en\\\/\",\"logo\":{\"@type\":\"ImageObject\",\"inLanguage\":\"en-US\",\"@id\":\"https:\\\/\\\/www.entreculturas.org\\\/en\\\/#\\\/schema\\\/logo\\\/image\\\/\",\"url\":\"https:\\\/\\\/www.entreculturas.org\\\/wp-content\\\/uploads\\\/2025\\\/10\\\/ESP.svg\",\"contentUrl\":\"https:\\\/\\\/www.entreculturas.org\\\/wp-content\\\/uploads\\\/2025\\\/10\\\/ESP.svg\",\"caption\":\"Entreculturas\"},\"image\":{\"@id\":\"https:\\\/\\\/www.entreculturas.org\\\/en\\\/#\\\/schema\\\/logo\\\/image\\\/\"},\"sameAs\":[\"https:\\\/\\\/www.facebook.com\\\/entreculturas\",\"https:\\\/\\\/x.com\\\/Entreculturas\",\"https:\\\/\\\/www.instagram.com\\\/entreculturas\\\/\",\"https:\\\/\\\/www.youtube.com\\\/user\\\/entreculturasvideo\",\"https:\\\/\\\/www.linkedin.com\\\/company\\\/fundacion-entreculturas-ngdo\\\/\",\"https:\\\/\\\/www.flickr.com\\\/photos\\\/98455522@N04\\\/albums\\\/\"]}]}<\/script>\n<!-- \/ Yoast SEO Premium plugin. -->","yoast_head_json":{"title":"D\u00eda Internacional del Libro: 5 Beneficios de la Lectura para Ni\u00f1os y Ni\u00f1as - Entreculturas","description":"Hoy celebramos el D\u00eda Internacional del Libro, una jornada para apreciar el poder de la lectura en nuestras vidas.","robots":{"index":"index","follow":"follow","max-snippet":"max-snippet:-1","max-image-preview":"max-image-preview:large","max-video-preview":"max-video-preview:-1"},"canonical":"https:\/\/www.entreculturas.org\/en\/noticia\/dia-internacional-del-libro\/","og_locale":"en_US","og_type":"article","og_title":"D\u00eda Internacional del Libro: 5 Beneficios de la Lectura para Ni\u00f1os y Ni\u00f1as","og_description":"Hoy celebramos el D\u00eda Internacional del Libro, una jornada para apreciar el poder de la lectura en nuestras vidas.","og_url":"https:\/\/www.entreculturas.org\/en\/noticia\/dia-internacional-del-libro\/","og_site_name":"Entreculturas","article_publisher":"https:\/\/www.facebook.com\/entreculturas","article_modified_time":"2024-04-23T09:35:06+00:00","og_image":[{"width":1971,"height":1314,"url":"https:\/\/www.entreculturas.org\/wp-content\/uploads\/2024\/04\/Secondary-Education_Kakuma_Tumaini_43.jpg","type":"image\/jpeg"}],"twitter_card":"summary_large_image","twitter_site":"@Entreculturas","schema":{"@context":"https:\/\/schema.org","@graph":[{"@type":"WebPage","@id":"https:\/\/www.entreculturas.org\/en\/noticia\/dia-internacional-del-libro\/","url":"https:\/\/www.entreculturas.org\/en\/noticia\/dia-internacional-del-libro\/","name":"D\u00eda Internacional del Libro: 5 Beneficios de la Lectura para Ni\u00f1os y Ni\u00f1as - Entreculturas","isPartOf":{"@id":"https:\/\/www.entreculturas.org\/en\/#website"},"primaryImageOfPage":{"@id":"https:\/\/www.entreculturas.org\/en\/noticia\/dia-internacional-del-libro\/#primaryimage"},"image":{"@id":"https:\/\/www.entreculturas.org\/en\/noticia\/dia-internacional-del-libro\/#primaryimage"},"thumbnailUrl":"https:\/\/www.entreculturas.org\/wp-content\/uploads\/2024\/04\/Secondary-Education_Kakuma_Tumaini_43.jpg","datePublished":"2024-04-23T07:53:42+00:00","dateModified":"2024-04-23T09:35:06+00:00","description":"Hoy celebramos el D\u00eda Internacional del Libro, una jornada para apreciar el poder de la lectura en nuestras vidas.","breadcrumb":{"@id":"https:\/\/www.entreculturas.org\/en\/noticia\/dia-internacional-del-libro\/#breadcrumb"},"inLanguage":"en-US","potentialAction":[{"@type":"ReadAction","target":["https:\/\/www.entreculturas.org\/en\/noticia\/dia-internacional-del-libro\/"]}]},{"@type":"ImageObject","inLanguage":"en-US","@id":"https:\/\/www.entreculturas.org\/en\/noticia\/dia-internacional-del-libro\/#primaryimage","url":"https:\/\/www.entreculturas.org\/wp-content\/uploads\/2024\/04\/Secondary-Education_Kakuma_Tumaini_43.jpg","contentUrl":"https:\/\/www.entreculturas.org\/wp-content\/uploads\/2024\/04\/Secondary-Education_Kakuma_Tumaini_43.jpg","width":1971,"height":1314,"caption":"D\u00eda Internacional del Libro"},{"@type":"BreadcrumbList","@id":"https:\/\/www.entreculturas.org\/en\/noticia\/dia-internacional-del-libro\/#breadcrumb","itemListElement":[{"@type":"ListItem","position":1,"name":"Home","item":"https:\/\/www.entreculturas.org\/en\/"},{"@type":"ListItem","position":2,"name":"Noticias","item":"https:\/\/www.entreculturas.org\/en\/noticias\/"},{"@type":"ListItem","position":3,"name":"D\u00eda Internacional del Libro: 5 Beneficios de la Lectura para Ni\u00f1os y Ni\u00f1as"}]},{"@type":"WebSite","@id":"https:\/\/www.entreculturas.org\/en\/#website","url":"https:\/\/www.entreculturas.org\/en\/","name":"Entreculturas","description":"","publisher":{"@id":"https:\/\/www.entreculturas.org\/en\/#organization"},"alternateName":"Entreculturas","potentialAction":[{"@type":"SearchAction","target":{"@type":"EntryPoint","urlTemplate":"https:\/\/www.entreculturas.org\/en\/?s={search_term_string}"},"query-input":{"@type":"PropertyValueSpecification","valueRequired":true,"valueName":"search_term_string"}}],"inLanguage":"en-US"},{"@type":"Organization","@id":"https:\/\/www.entreculturas.org\/en\/#organization","name":"Entreculturas","url":"https:\/\/www.entreculturas.org\/en\/","logo":{"@type":"ImageObject","inLanguage":"en-US","@id":"https:\/\/www.entreculturas.org\/en\/#\/schema\/logo\/image\/","url":"https:\/\/www.entreculturas.org\/wp-content\/uploads\/2025\/10\/ESP.svg","contentUrl":"https:\/\/www.entreculturas.org\/wp-content\/uploads\/2025\/10\/ESP.svg","caption":"Entreculturas"},"image":{"@id":"https:\/\/www.entreculturas.org\/en\/#\/schema\/logo\/image\/"},"sameAs":["https:\/\/www.facebook.com\/entreculturas","https:\/\/x.com\/Entreculturas","https:\/\/www.instagram.com\/entreculturas\/","https:\/\/www.youtube.com\/user\/entreculturasvideo","https:\/\/www.linkedin.com\/company\/fundacion-entreculturas-ngdo\/","https:\/\/www.flickr.com\/photos\/98455522@N04\/albums\/"]}]}},"_links":{"self":[{"href":"https:\/\/www.entreculturas.org\/en\/wp-json\/wp\/v2\/noticia\/24059","targetHints":{"allow":["GET"]}}],"collection":[{"href":"https:\/\/www.entreculturas.org\/en\/wp-json\/wp\/v2\/noticia"}],"about":[{"href":"https:\/\/www.entreculturas.org\/en\/wp-json\/wp\/v2\/types\/noticia"}],"wp:featuredmedia":[{"embeddable":true,"href":"https:\/\/www.entreculturas.org\/en\/wp-json\/wp\/v2\/media\/24069"}],"wp:attachment":[{"href":"https:\/\/www.entreculturas.org\/en\/wp-json\/wp\/v2\/media?parent=24059"}],"wp:term":[{"taxonomy":"category","embeddable":true,"href":"https:\/\/www.entreculturas.org\/en\/wp-json\/wp\/v2\/categories?post=24059"},{"taxonomy":"post_tag","embeddable":true,"href":"https:\/\/www.entreculturas.org\/en\/wp-json\/wp\/v2\/tags?post=24059"},{"taxonomy":"country","embeddable":true,"href":"https:\/\/www.entreculturas.org\/en\/wp-json\/wp\/v2\/country?post=24059"},{"taxonomy":"cause","embeddable":true,"href":"https:\/\/www.entreculturas.org\/en\/wp-json\/wp\/v2\/cause?post=24059"}],"curies":[{"name":"wp","href":"https:\/\/api.w.org\/{rel}","templated":true}]}}