{"id":22804,"date":"2024-03-21T10:56:38","date_gmt":"2024-03-21T09:56:38","guid":{"rendered":"https:\/\/www.entreculturas.org\/?post_type=noticia&#038;p=22804"},"modified":"2024-03-22T12:10:22","modified_gmt":"2024-03-22T11:10:22","slug":"jovenes-emprendedores-de-paz-un-espacio-seguro","status":"publish","type":"noticia","link":"https:\/\/www.entreculturas.org\/en\/noticia\/jovenes-emprendedores-de-paz-un-espacio-seguro\/","title":{"rendered":"J\u00f3venes emprendedores de paz: un espacio seguro"},"content":{"rendered":"\n<p>En la localidad de <strong>Buenaventura, Colombia<\/strong>, las y los adolescentes encuentran un refugio en la &#8216;Asociaci\u00f3n J\u00f3venes Emprendedores de Paz&#8217;, donde se dedican a una variedad de actividades creativas y enriquecedoras. <strong>Cantar, bailar, fotografiar y actuar<\/strong> son solo algunas de las expresiones art\u00edsticas que exploran dentro de este espacio.<\/p>\n\n\n\n<div style=\"height:15px\" aria-hidden=\"true\" class=\"wp-block-spacer\"><\/div>\n\n\n\n<p>Este proyecto no solo ofrece entretenimiento, sino que tambi\u00e9n se convierte en un lugar de <strong>protecci\u00f3n y prevenci\u00f3n<\/strong> para estos j\u00f3venes, brind\u00e1ndoles la oportunidad de crear y compartir historias que buscan transformar la realidad que los rodea. Es un espacio donde la creatividad se fusiona con el prop\u00f3sito de generar un impacto positivo en su comunidad.<\/p>\n\n\n\n<div style=\"height:15px\" aria-hidden=\"true\" class=\"wp-block-spacer\"><\/div>\n\n\n\n<p>Desde Entreculturas y Colombia JRS, en colaboraci\u00f3n con el apoyo  de la Uni\u00f3n Europea a trav\u00e9s de su programa <strong>ECHO,<\/strong> trabajamos para promover iniciativas como esta. Nos comprometemos a crear y respaldar espacios donde la infancia y la juventud puedan desarrollar todo su <strong>potencial, fomentando su crecimiento personal y su participaci\u00f3n activa en la construcci\u00f3n de una sociedad m\u00e1s inclusiva y resiliente<\/strong>. Es a trav\u00e9s de estas oportunidades que se cultiva el talento y se fortalece el tejido social, sentando las bases para un futuro m\u00e1s prometedor y esperanzador para las generaciones venideras.<\/p>\n\n\n\n<div style=\"height:15px\" aria-hidden=\"true\" class=\"wp-block-spacer\"><\/div>\n\n\n\n<div style=\"height:15px\" aria-hidden=\"true\" class=\"wp-block-spacer\"><\/div>\n\n\n\n<div class=\"wp-block-group has-global-padding is-layout-constrained wp-container-core-group-is-layout-4f9f0532 wp-block-group-is-layout-constrained\">\n<figure class=\"wp-block-embed is-type-video is-provider-youtube wp-block-embed-youtube wp-embed-aspect-16-9 wp-has-aspect-ratio\"><div class=\"wp-block-embed__wrapper\">\n<iframe loading=\"lazy\" title=\"Jo\u0301venes Emprendedores de Paz\" width=\"500\" height=\"281\" src=\"https:\/\/www.youtube.com\/embed\/TygyStwh7Vc?feature=oembed\" frameborder=\"0\" allow=\"accelerometer; autoplay; clipboard-write; encrypted-media; gyroscope; picture-in-picture; web-share\" referrerpolicy=\"strict-origin-when-cross-origin\" allowfullscreen><\/iframe>\n<\/div><\/figure>\n<\/div>\n","protected":false},"excerpt":{"rendered":"<p>En la localidad de Buenaventura, Colombia, las y los adolescentes encuentran un refugio en la &#8216;Asociaci\u00f3n J\u00f3venes Emprendedores de Paz&#8217;, donde se dedican a una variedad de actividades creativas y enriquecedoras. Cantar, bailar, fotografiar y actuar son solo algunas de las expresiones art\u00edsticas que exploran dentro de este espacio. Este proyecto no solo ofrece entretenimiento, sino que tambi\u00e9n se convierte en un lugar de protecci\u00f3n y prevenci\u00f3n para estos j\u00f3venes, brind\u00e1ndoles la oportunidad de crear y compartir historias que buscan transformar la realidad que los rodea. Es un espacio donde la creatividad se fusiona con el prop\u00f3sito de generar un impacto positivo en su comunidad. Desde Entreculturas y Colombia JRS, en colaboraci\u00f3n con el apoyo de la Uni\u00f3n Europea a trav\u00e9s de su programa ECHO, trabajamos para promover iniciativas como esta. Nos comprometemos a crear y respaldar espacios donde la infancia y la juventud puedan desarrollar todo su potencial, fomentando [&hellip;]<\/p>\n","protected":false},"featured_media":22815,"template":"","meta":{"_acf_changed":false},"categories":[7],"tags":[289],"country":[],"cause":[128],"class_list":["post-22804","noticia","type-noticia","status-publish","has-post-thumbnail","hentry","category-noticia","tag-educacion","cause-educacion"],"acf":[],"yoast_head":"<!-- This site is optimized with the Yoast SEO Premium plugin v21.6 (Yoast SEO v27.5) - https:\/\/yoast.com\/product\/yoast-seo-premium-wordpress\/ -->\n<title>J\u00f3venes emprendedores de paz: un espacio seguro - Entreculturas<\/title>\n<meta name=\"description\" content=\"En Buenaventura, Colombia, los adolescentes encuentran un refugio en la Asociaci\u00f3n J\u00f3venes Emprendedores de Paz.\" \/>\n<meta name=\"robots\" content=\"index, follow, max-snippet:-1, max-image-preview:large, max-video-preview:-1\" \/>\n<link rel=\"canonical\" href=\"https:\/\/www.entreculturas.org\/en\/noticia\/jovenes-emprendedores-de-paz-un-espacio-seguro\/\" \/>\n<meta property=\"og:locale\" content=\"en_US\" \/>\n<meta property=\"og:type\" content=\"article\" \/>\n<meta property=\"og:title\" content=\"J\u00f3venes emprendedores de paz: un espacio seguro\" \/>\n<meta property=\"og:description\" content=\"En Buenaventura, Colombia, los adolescentes encuentran un refugio en la Asociaci\u00f3n J\u00f3venes Emprendedores de Paz.\" \/>\n<meta property=\"og:url\" content=\"https:\/\/www.entreculturas.org\/en\/noticia\/jovenes-emprendedores-de-paz-un-espacio-seguro\/\" \/>\n<meta property=\"og:site_name\" content=\"Entreculturas\" \/>\n<meta property=\"article:publisher\" content=\"https:\/\/www.facebook.com\/entreculturas\" \/>\n<meta property=\"article:modified_time\" content=\"2024-03-22T11:10:22+00:00\" \/>\n<meta property=\"og:image\" content=\"https:\/\/www.entreculturas.org\/wp-content\/uploads\/2024\/03\/IMG_9931-e1711015723868.jpg\" \/>\n\t<meta property=\"og:image:width\" content=\"1642\" \/>\n\t<meta property=\"og:image:height\" content=\"878\" \/>\n\t<meta property=\"og:image:type\" content=\"image\/jpeg\" \/>\n<meta name=\"twitter:card\" content=\"summary_large_image\" \/>\n<meta name=\"twitter:site\" content=\"@Entreculturas\" \/>\n<script type=\"application\/ld+json\" class=\"yoast-schema-graph\">{\"@context\":\"https:\\\/\\\/schema.org\",\"@graph\":[{\"@type\":\"WebPage\",\"@id\":\"https:\\\/\\\/www.entreculturas.org\\\/en\\\/noticia\\\/jovenes-emprendedores-de-paz-un-espacio-seguro\\\/\",\"url\":\"https:\\\/\\\/www.entreculturas.org\\\/en\\\/noticia\\\/jovenes-emprendedores-de-paz-un-espacio-seguro\\\/\",\"name\":\"J\u00f3venes emprendedores de paz: un espacio seguro - Entreculturas\",\"isPartOf\":{\"@id\":\"https:\\\/\\\/www.entreculturas.org\\\/en\\\/#website\"},\"primaryImageOfPage\":{\"@id\":\"https:\\\/\\\/www.entreculturas.org\\\/en\\\/noticia\\\/jovenes-emprendedores-de-paz-un-espacio-seguro\\\/#primaryimage\"},\"image\":{\"@id\":\"https:\\\/\\\/www.entreculturas.org\\\/en\\\/noticia\\\/jovenes-emprendedores-de-paz-un-espacio-seguro\\\/#primaryimage\"},\"thumbnailUrl\":\"https:\\\/\\\/www.entreculturas.org\\\/wp-content\\\/uploads\\\/2024\\\/03\\\/IMG_9931-e1711015723868.jpg\",\"datePublished\":\"2024-03-21T09:56:38+00:00\",\"dateModified\":\"2024-03-22T11:10:22+00:00\",\"description\":\"En Buenaventura, Colombia, los adolescentes encuentran un refugio en la Asociaci\u00f3n J\u00f3venes Emprendedores de Paz.\",\"breadcrumb\":{\"@id\":\"https:\\\/\\\/www.entreculturas.org\\\/en\\\/noticia\\\/jovenes-emprendedores-de-paz-un-espacio-seguro\\\/#breadcrumb\"},\"inLanguage\":\"en-US\",\"potentialAction\":[{\"@type\":\"ReadAction\",\"target\":[\"https:\\\/\\\/www.entreculturas.org\\\/en\\\/noticia\\\/jovenes-emprendedores-de-paz-un-espacio-seguro\\\/\"]}]},{\"@type\":\"ImageObject\",\"inLanguage\":\"en-US\",\"@id\":\"https:\\\/\\\/www.entreculturas.org\\\/en\\\/noticia\\\/jovenes-emprendedores-de-paz-un-espacio-seguro\\\/#primaryimage\",\"url\":\"https:\\\/\\\/www.entreculturas.org\\\/wp-content\\\/uploads\\\/2024\\\/03\\\/IMG_9931-e1711015723868.jpg\",\"contentUrl\":\"https:\\\/\\\/www.entreculturas.org\\\/wp-content\\\/uploads\\\/2024\\\/03\\\/IMG_9931-e1711015723868.jpg\",\"width\":1642,\"height\":878,\"caption\":\"j\u00f3venes emprendedores\"},{\"@type\":\"BreadcrumbList\",\"@id\":\"https:\\\/\\\/www.entreculturas.org\\\/en\\\/noticia\\\/jovenes-emprendedores-de-paz-un-espacio-seguro\\\/#breadcrumb\",\"itemListElement\":[{\"@type\":\"ListItem\",\"position\":1,\"name\":\"Home\",\"item\":\"https:\\\/\\\/www.entreculturas.org\\\/en\\\/\"},{\"@type\":\"ListItem\",\"position\":2,\"name\":\"Noticias\",\"item\":\"https:\\\/\\\/www.entreculturas.org\\\/en\\\/noticias\\\/\"},{\"@type\":\"ListItem\",\"position\":3,\"name\":\"J\u00f3venes emprendedores de paz: un espacio seguro\"}]},{\"@type\":\"WebSite\",\"@id\":\"https:\\\/\\\/www.entreculturas.org\\\/en\\\/#website\",\"url\":\"https:\\\/\\\/www.entreculturas.org\\\/en\\\/\",\"name\":\"Entreculturas\",\"description\":\"\",\"publisher\":{\"@id\":\"https:\\\/\\\/www.entreculturas.org\\\/en\\\/#organization\"},\"alternateName\":\"Entreculturas\",\"potentialAction\":[{\"@type\":\"SearchAction\",\"target\":{\"@type\":\"EntryPoint\",\"urlTemplate\":\"https:\\\/\\\/www.entreculturas.org\\\/en\\\/?s={search_term_string}\"},\"query-input\":{\"@type\":\"PropertyValueSpecification\",\"valueRequired\":true,\"valueName\":\"search_term_string\"}}],\"inLanguage\":\"en-US\"},{\"@type\":\"Organization\",\"@id\":\"https:\\\/\\\/www.entreculturas.org\\\/en\\\/#organization\",\"name\":\"Entreculturas\",\"url\":\"https:\\\/\\\/www.entreculturas.org\\\/en\\\/\",\"logo\":{\"@type\":\"ImageObject\",\"inLanguage\":\"en-US\",\"@id\":\"https:\\\/\\\/www.entreculturas.org\\\/en\\\/#\\\/schema\\\/logo\\\/image\\\/\",\"url\":\"https:\\\/\\\/www.entreculturas.org\\\/wp-content\\\/uploads\\\/2025\\\/10\\\/ESP.svg\",\"contentUrl\":\"https:\\\/\\\/www.entreculturas.org\\\/wp-content\\\/uploads\\\/2025\\\/10\\\/ESP.svg\",\"caption\":\"Entreculturas\"},\"image\":{\"@id\":\"https:\\\/\\\/www.entreculturas.org\\\/en\\\/#\\\/schema\\\/logo\\\/image\\\/\"},\"sameAs\":[\"https:\\\/\\\/www.facebook.com\\\/entreculturas\",\"https:\\\/\\\/x.com\\\/Entreculturas\",\"https:\\\/\\\/www.instagram.com\\\/entreculturas\\\/\",\"https:\\\/\\\/www.youtube.com\\\/user\\\/entreculturasvideo\",\"https:\\\/\\\/www.linkedin.com\\\/company\\\/fundacion-entreculturas-ngdo\\\/\",\"https:\\\/\\\/www.flickr.com\\\/photos\\\/98455522@N04\\\/albums\\\/\"]}]}<\/script>\n<!-- \/ Yoast SEO Premium plugin. -->","yoast_head_json":{"title":"J\u00f3venes emprendedores de paz: un espacio seguro - Entreculturas","description":"En Buenaventura, Colombia, los adolescentes encuentran un refugio en la Asociaci\u00f3n J\u00f3venes Emprendedores de Paz.","robots":{"index":"index","follow":"follow","max-snippet":"max-snippet:-1","max-image-preview":"max-image-preview:large","max-video-preview":"max-video-preview:-1"},"canonical":"https:\/\/www.entreculturas.org\/en\/noticia\/jovenes-emprendedores-de-paz-un-espacio-seguro\/","og_locale":"en_US","og_type":"article","og_title":"J\u00f3venes emprendedores de paz: un espacio seguro","og_description":"En Buenaventura, Colombia, los adolescentes encuentran un refugio en la Asociaci\u00f3n J\u00f3venes Emprendedores de Paz.","og_url":"https:\/\/www.entreculturas.org\/en\/noticia\/jovenes-emprendedores-de-paz-un-espacio-seguro\/","og_site_name":"Entreculturas","article_publisher":"https:\/\/www.facebook.com\/entreculturas","article_modified_time":"2024-03-22T11:10:22+00:00","og_image":[{"width":1642,"height":878,"url":"https:\/\/www.entreculturas.org\/wp-content\/uploads\/2024\/03\/IMG_9931-e1711015723868.jpg","type":"image\/jpeg"}],"twitter_card":"summary_large_image","twitter_site":"@Entreculturas","schema":{"@context":"https:\/\/schema.org","@graph":[{"@type":"WebPage","@id":"https:\/\/www.entreculturas.org\/en\/noticia\/jovenes-emprendedores-de-paz-un-espacio-seguro\/","url":"https:\/\/www.entreculturas.org\/en\/noticia\/jovenes-emprendedores-de-paz-un-espacio-seguro\/","name":"J\u00f3venes emprendedores de paz: un espacio seguro - Entreculturas","isPartOf":{"@id":"https:\/\/www.entreculturas.org\/en\/#website"},"primaryImageOfPage":{"@id":"https:\/\/www.entreculturas.org\/en\/noticia\/jovenes-emprendedores-de-paz-un-espacio-seguro\/#primaryimage"},"image":{"@id":"https:\/\/www.entreculturas.org\/en\/noticia\/jovenes-emprendedores-de-paz-un-espacio-seguro\/#primaryimage"},"thumbnailUrl":"https:\/\/www.entreculturas.org\/wp-content\/uploads\/2024\/03\/IMG_9931-e1711015723868.jpg","datePublished":"2024-03-21T09:56:38+00:00","dateModified":"2024-03-22T11:10:22+00:00","description":"En Buenaventura, Colombia, los adolescentes encuentran un refugio en la Asociaci\u00f3n J\u00f3venes Emprendedores de Paz.","breadcrumb":{"@id":"https:\/\/www.entreculturas.org\/en\/noticia\/jovenes-emprendedores-de-paz-un-espacio-seguro\/#breadcrumb"},"inLanguage":"en-US","potentialAction":[{"@type":"ReadAction","target":["https:\/\/www.entreculturas.org\/en\/noticia\/jovenes-emprendedores-de-paz-un-espacio-seguro\/"]}]},{"@type":"ImageObject","inLanguage":"en-US","@id":"https:\/\/www.entreculturas.org\/en\/noticia\/jovenes-emprendedores-de-paz-un-espacio-seguro\/#primaryimage","url":"https:\/\/www.entreculturas.org\/wp-content\/uploads\/2024\/03\/IMG_9931-e1711015723868.jpg","contentUrl":"https:\/\/www.entreculturas.org\/wp-content\/uploads\/2024\/03\/IMG_9931-e1711015723868.jpg","width":1642,"height":878,"caption":"j\u00f3venes emprendedores"},{"@type":"BreadcrumbList","@id":"https:\/\/www.entreculturas.org\/en\/noticia\/jovenes-emprendedores-de-paz-un-espacio-seguro\/#breadcrumb","itemListElement":[{"@type":"ListItem","position":1,"name":"Home","item":"https:\/\/www.entreculturas.org\/en\/"},{"@type":"ListItem","position":2,"name":"Noticias","item":"https:\/\/www.entreculturas.org\/en\/noticias\/"},{"@type":"ListItem","position":3,"name":"J\u00f3venes emprendedores de paz: un espacio seguro"}]},{"@type":"WebSite","@id":"https:\/\/www.entreculturas.org\/en\/#website","url":"https:\/\/www.entreculturas.org\/en\/","name":"Entreculturas","description":"","publisher":{"@id":"https:\/\/www.entreculturas.org\/en\/#organization"},"alternateName":"Entreculturas","potentialAction":[{"@type":"SearchAction","target":{"@type":"EntryPoint","urlTemplate":"https:\/\/www.entreculturas.org\/en\/?s={search_term_string}"},"query-input":{"@type":"PropertyValueSpecification","valueRequired":true,"valueName":"search_term_string"}}],"inLanguage":"en-US"},{"@type":"Organization","@id":"https:\/\/www.entreculturas.org\/en\/#organization","name":"Entreculturas","url":"https:\/\/www.entreculturas.org\/en\/","logo":{"@type":"ImageObject","inLanguage":"en-US","@id":"https:\/\/www.entreculturas.org\/en\/#\/schema\/logo\/image\/","url":"https:\/\/www.entreculturas.org\/wp-content\/uploads\/2025\/10\/ESP.svg","contentUrl":"https:\/\/www.entreculturas.org\/wp-content\/uploads\/2025\/10\/ESP.svg","caption":"Entreculturas"},"image":{"@id":"https:\/\/www.entreculturas.org\/en\/#\/schema\/logo\/image\/"},"sameAs":["https:\/\/www.facebook.com\/entreculturas","https:\/\/x.com\/Entreculturas","https:\/\/www.instagram.com\/entreculturas\/","https:\/\/www.youtube.com\/user\/entreculturasvideo","https:\/\/www.linkedin.com\/company\/fundacion-entreculturas-ngdo\/","https:\/\/www.flickr.com\/photos\/98455522@N04\/albums\/"]}]}},"_links":{"self":[{"href":"https:\/\/www.entreculturas.org\/en\/wp-json\/wp\/v2\/noticia\/22804","targetHints":{"allow":["GET"]}}],"collection":[{"href":"https:\/\/www.entreculturas.org\/en\/wp-json\/wp\/v2\/noticia"}],"about":[{"href":"https:\/\/www.entreculturas.org\/en\/wp-json\/wp\/v2\/types\/noticia"}],"wp:featuredmedia":[{"embeddable":true,"href":"https:\/\/www.entreculturas.org\/en\/wp-json\/wp\/v2\/media\/22815"}],"wp:attachment":[{"href":"https:\/\/www.entreculturas.org\/en\/wp-json\/wp\/v2\/media?parent=22804"}],"wp:term":[{"taxonomy":"category","embeddable":true,"href":"https:\/\/www.entreculturas.org\/en\/wp-json\/wp\/v2\/categories?post=22804"},{"taxonomy":"post_tag","embeddable":true,"href":"https:\/\/www.entreculturas.org\/en\/wp-json\/wp\/v2\/tags?post=22804"},{"taxonomy":"country","embeddable":true,"href":"https:\/\/www.entreculturas.org\/en\/wp-json\/wp\/v2\/country?post=22804"},{"taxonomy":"cause","embeddable":true,"href":"https:\/\/www.entreculturas.org\/en\/wp-json\/wp\/v2\/cause?post=22804"}],"curies":[{"name":"wp","href":"https:\/\/api.w.org\/{rel}","templated":true}]}}