{"id":2200,"date":"2018-09-21T09:59:35","date_gmt":"2018-09-21T09:59:35","guid":{"rendered":"https:\/\/entreculturasi.wpenginepowered.com\/?noticias=los-jesuitas-africanos-y-europeos-se-dirigen-la-presidencia-de-la-union-europea-no-luchen"},"modified":"2023-12-18T10:34:05","modified_gmt":"2023-12-18T09:34:05","slug":"los-jesuitas-africanos-y-europeos-se-dirigen-la-presidencia-de-la-union-europea-no-luchen","status":"publish","type":"noticia","link":"https:\/\/www.entreculturas.org\/en\/noticia\/los-jesuitas-africanos-y-europeos-se-dirigen-la-presidencia-de-la-union-europea-no-luchen\/","title":{"rendered":"Los jesuitas africanos y europeos se dirigen a la Presidencia de la Uni\u00f3n Europea: &#8220;no luchen contra las migraciones, sino contra sus causas subyacentes.&#8221;"},"content":{"rendered":"<p>Con ocasi\u00f3n de la reuni\u00f3n de Jefes de Estado y de Gobierno celebrada el 20 de septiembre en Salzburgo, los Jesuitas de Africa y Europa han manifestado p\u00fablicamente sus preocupaciones, basadas en una reciente investigaci\u00f3n. En una carta conjunta titulada <strong>&#8220;Flujos migratorios, flujos de dinero&#8221;<\/strong>, los Superiores de los Jesuitas de Alemania, Austria y \u00c1frica se han dirigido a la Presidencia austriaca de la Uni\u00f3n Europea.<strong> Los firmantes protestan por la criminalizaci\u00f3n de la migraci\u00f3n africana (&#8220;migraci\u00f3n ilegal&#8221;) y la narrativa que los presenta como una amenaza a la estabilidad y la prosperidad de Europa<\/strong>. Y se\u00f1alan en cambio una correlaci\u00f3n entre los flujos migratorios hacia Europa y los flujos financieros il\u00edcitos en la misma direcci\u00f3n.<\/p>\n<\/p>\n<p>M\u00e1s que atacar los s\u00edntomas, argumentan, <strong>es necesario abordar las causas subyacentes de las migraciones<\/strong>, entre las que destacan los flujos financieros il\u00edcitos, que impiden el desarrollo de Africa:&nbsp;<br \/>&nbsp;<br \/>&nbsp;\u201cActualmente, la cantidad de dinero que abandona Africa en forma de flujos financieros il\u00edcitos derivados de evasi\u00f3n fiscal y blanqueo de dinero es superior al dinero que llega a Africa v\u00eda la suma de Ayuda al Desarrollo e Inversi\u00f3n Directa Extranjera. Si Europa ayudase a los gobiernos Africanos a limitar dichas salidas de dinero, los Estados africanos dispondr\u00edan de muchos m\u00e1s fondos para invertir en infraestructuras, educaci\u00f3n y sanidad. Esto, a largo plazo, mantendr\u00eda m\u00e1s poblaci\u00f3n en Africa y reducir\u00eda la migraci\u00f3n irregular\u201d declara el P. Agbonkhianmeghe E. Orobator SJ, presidente de Conferencia Jesuita de Africa y Madagascar (JCAM).&nbsp;&nbsp;<\/p>\n<p>Adjuntamos <a href=\"https:\/\/www.taxjustice-and-poverty.org\/fileadmin\/Dateien\/Taxjustice_and_Poverty\/Advocacy\/Joint\/Dear_Minister_Kneissl_final_confid.pdf\" target=\"_blank\" rel=\"noopener\">la Carta<\/a> y <a href=\"https:\/\/www.taxjustice-and-poverty.org\/fileadmin\/Dateien\/Taxjustice_and_Poverty\/Advocacy\/Joint\/Dear_Minister_Kneissl_Backup_confid.pdf\" target=\"_blank\" rel=\"noopener\">la Nota<\/a> t\u00e9cnica que la acompa\u00f1a y que respalda sus propuestas. Adem\u00e1s, la iniciativa y su contenido se ha difundido ampliamente en medios de comunicaci\u00f3n europeos. En Espa\u00f1a, Alboan y Entreculturas se han sumado a esta iniciativa dirigiendo cartas similares al Presidente del Gobierno y al Ministro de Asuntos Exteriores y dando a conocer la iniciativa a su base social.&nbsp;<\/p>\n","protected":false},"excerpt":{"rendered":"<p>Con ocasi\u00f3n de la reuni\u00f3n de Jefes de Estado y de Gobierno celebrada el 20 de septiembre en Salzburgo, los Jesuitas de Africa y Europa han manifestado p\u00fablicamente sus preocupaciones, basadas en una reciente investigaci\u00f3n. En una carta conjunta titulada &#8220;Flujos migratorios, flujos de dinero&#8221;, los Superiores de los Jesuitas de Alemania, Austria y \u00c1frica se han dirigido a la Presidencia austriaca de la Uni\u00f3n Europea. Los firmantes protestan por la criminalizaci\u00f3n de la migraci\u00f3n africana (&#8220;migraci\u00f3n ilegal&#8221;) y la narrativa que los presenta como una amenaza a la estabilidad y la prosperidad de Europa. Y se\u00f1alan en cambio una correlaci\u00f3n entre los flujos migratorios hacia Europa y los flujos financieros il\u00edcitos en la misma direcci\u00f3n. M\u00e1s que atacar los s\u00edntomas, argumentan, es necesario abordar las causas subyacentes de las migraciones, entre las que destacan los flujos financieros il\u00edcitos, que impiden el desarrollo de Africa:&nbsp;&nbsp;&nbsp;\u201cActualmente, la cantidad de dinero que [&hellip;]<\/p>\n","protected":false},"featured_media":2199,"template":"single-noticia","meta":{"_acf_changed":false},"categories":[7],"tags":[10],"country":[],"cause":[129],"class_list":["post-2200","noticia","type-noticia","status-publish","has-post-thumbnail","hentry","category-noticia","tag-migracion-y-refugio","cause-migracion-y-refugio"],"acf":[],"yoast_head":"<!-- This site is optimized with the Yoast SEO Premium plugin v21.6 (Yoast SEO v27.5) - https:\/\/yoast.com\/product\/yoast-seo-premium-wordpress\/ -->\n<title>Los jesuitas africanos y europeos se dirigen a la Presidencia de la Uni\u00f3n Europea: &quot;no luchen contra las migraciones, sino contra sus causas subyacentes.&quot; - Entreculturas<\/title>\n<meta name=\"robots\" content=\"index, follow, max-snippet:-1, max-image-preview:large, max-video-preview:-1\" \/>\n<link rel=\"canonical\" href=\"https:\/\/www.entreculturas.org\/en\/noticia\/los-jesuitas-africanos-y-europeos-se-dirigen-la-presidencia-de-la-union-europea-no-luchen\/\" \/>\n<meta property=\"og:locale\" content=\"en_US\" \/>\n<meta property=\"og:type\" content=\"article\" \/>\n<meta property=\"og:title\" content=\"Los jesuitas africanos y europeos se dirigen a la Presidencia de la Uni\u00f3n Europea: &quot;no luchen contra las migraciones, sino contra sus causas subyacentes.&quot;\" \/>\n<meta property=\"og:description\" content=\"Con ocasi\u00f3n de la reuni\u00f3n de Jefes de Estado y de Gobierno celebrada el 20 de septiembre en Salzburgo, los Jesuitas de Africa y Europa han manifestado p\u00fablicamente sus preocupaciones, basadas en una reciente investigaci\u00f3n. En una carta conjunta titulada &#8220;Flujos migratorios, flujos de dinero&#8221;, los Superiores de los Jesuitas de Alemania, Austria y \u00c1frica se han dirigido a la Presidencia austriaca de la Uni\u00f3n Europea. Los firmantes protestan por la criminalizaci\u00f3n de la migraci\u00f3n africana (&#8220;migraci\u00f3n ilegal&#8221;) y la narrativa que los presenta como una amenaza a la estabilidad y la prosperidad de Europa. Y se\u00f1alan en cambio una correlaci\u00f3n entre los flujos migratorios hacia Europa y los flujos financieros il\u00edcitos en la misma direcci\u00f3n. M\u00e1s que atacar los s\u00edntomas, argumentan, es necesario abordar las causas subyacentes de las migraciones, entre las que destacan los flujos financieros il\u00edcitos, que impiden el desarrollo de Africa:&nbsp;&nbsp;&nbsp;\u201cActualmente, la cantidad de dinero que [&hellip;]\" \/>\n<meta property=\"og:url\" content=\"https:\/\/www.entreculturas.org\/en\/noticia\/los-jesuitas-africanos-y-europeos-se-dirigen-la-presidencia-de-la-union-europea-no-luchen\/\" \/>\n<meta property=\"og:site_name\" content=\"Entreculturas\" \/>\n<meta property=\"article:publisher\" content=\"https:\/\/www.facebook.com\/entreculturas\" \/>\n<meta property=\"article:modified_time\" content=\"2023-12-18T09:34:05+00:00\" \/>\n<meta property=\"og:image\" content=\"https:\/\/www.entreculturas.org\/wp-content\/uploads\/2018\/09\/foto_cedida_sergi_con_copy-web.jpg\" \/>\n\t<meta property=\"og:image:width\" content=\"1280\" \/>\n\t<meta property=\"og:image:height\" content=\"853\" \/>\n\t<meta property=\"og:image:type\" content=\"image\/jpeg\" \/>\n<meta name=\"twitter:card\" content=\"summary_large_image\" \/>\n<meta name=\"twitter:site\" content=\"@Entreculturas\" \/>\n<script type=\"application\/ld+json\" class=\"yoast-schema-graph\">{\"@context\":\"https:\\\/\\\/schema.org\",\"@graph\":[{\"@type\":\"WebPage\",\"@id\":\"https:\\\/\\\/www.entreculturas.org\\\/en\\\/noticia\\\/los-jesuitas-africanos-y-europeos-se-dirigen-la-presidencia-de-la-union-europea-no-luchen\\\/\",\"url\":\"https:\\\/\\\/www.entreculturas.org\\\/en\\\/noticia\\\/los-jesuitas-africanos-y-europeos-se-dirigen-la-presidencia-de-la-union-europea-no-luchen\\\/\",\"name\":\"Los jesuitas africanos y europeos se dirigen a la Presidencia de la Uni\u00f3n Europea: \\\"no luchen contra las migraciones, sino contra sus causas subyacentes.\\\" - Entreculturas\",\"isPartOf\":{\"@id\":\"https:\\\/\\\/www.entreculturas.org\\\/en\\\/#website\"},\"primaryImageOfPage\":{\"@id\":\"https:\\\/\\\/www.entreculturas.org\\\/en\\\/noticia\\\/los-jesuitas-africanos-y-europeos-se-dirigen-la-presidencia-de-la-union-europea-no-luchen\\\/#primaryimage\"},\"image\":{\"@id\":\"https:\\\/\\\/www.entreculturas.org\\\/en\\\/noticia\\\/los-jesuitas-africanos-y-europeos-se-dirigen-la-presidencia-de-la-union-europea-no-luchen\\\/#primaryimage\"},\"thumbnailUrl\":\"https:\\\/\\\/www.entreculturas.org\\\/wp-content\\\/uploads\\\/2018\\\/09\\\/foto_cedida_sergi_con_copy-web.jpg\",\"datePublished\":\"2018-09-21T09:59:35+00:00\",\"dateModified\":\"2023-12-18T09:34:05+00:00\",\"breadcrumb\":{\"@id\":\"https:\\\/\\\/www.entreculturas.org\\\/en\\\/noticia\\\/los-jesuitas-africanos-y-europeos-se-dirigen-la-presidencia-de-la-union-europea-no-luchen\\\/#breadcrumb\"},\"inLanguage\":\"en-US\",\"potentialAction\":[{\"@type\":\"ReadAction\",\"target\":[\"https:\\\/\\\/www.entreculturas.org\\\/en\\\/noticia\\\/los-jesuitas-africanos-y-europeos-se-dirigen-la-presidencia-de-la-union-europea-no-luchen\\\/\"]}]},{\"@type\":\"ImageObject\",\"inLanguage\":\"en-US\",\"@id\":\"https:\\\/\\\/www.entreculturas.org\\\/en\\\/noticia\\\/los-jesuitas-africanos-y-europeos-se-dirigen-la-presidencia-de-la-union-europea-no-luchen\\\/#primaryimage\",\"url\":\"https:\\\/\\\/www.entreculturas.org\\\/wp-content\\\/uploads\\\/2018\\\/09\\\/foto_cedida_sergi_con_copy-web.jpg\",\"contentUrl\":\"https:\\\/\\\/www.entreculturas.org\\\/wp-content\\\/uploads\\\/2018\\\/09\\\/foto_cedida_sergi_con_copy-web.jpg\",\"width\":1280,\"height\":853},{\"@type\":\"BreadcrumbList\",\"@id\":\"https:\\\/\\\/www.entreculturas.org\\\/en\\\/noticia\\\/los-jesuitas-africanos-y-europeos-se-dirigen-la-presidencia-de-la-union-europea-no-luchen\\\/#breadcrumb\",\"itemListElement\":[{\"@type\":\"ListItem\",\"position\":1,\"name\":\"Home\",\"item\":\"https:\\\/\\\/www.entreculturas.org\\\/en\\\/\"},{\"@type\":\"ListItem\",\"position\":2,\"name\":\"Noticias\",\"item\":\"https:\\\/\\\/www.entreculturas.org\\\/en\\\/noticias\\\/\"},{\"@type\":\"ListItem\",\"position\":3,\"name\":\"Los jesuitas africanos y europeos se dirigen a la Presidencia de la Uni\u00f3n Europea: &#8220;no luchen contra las migraciones, sino contra sus causas subyacentes.&#8221;\"}]},{\"@type\":\"WebSite\",\"@id\":\"https:\\\/\\\/www.entreculturas.org\\\/en\\\/#website\",\"url\":\"https:\\\/\\\/www.entreculturas.org\\\/en\\\/\",\"name\":\"Entreculturas\",\"description\":\"\",\"publisher\":{\"@id\":\"https:\\\/\\\/www.entreculturas.org\\\/en\\\/#organization\"},\"alternateName\":\"Entreculturas\",\"potentialAction\":[{\"@type\":\"SearchAction\",\"target\":{\"@type\":\"EntryPoint\",\"urlTemplate\":\"https:\\\/\\\/www.entreculturas.org\\\/en\\\/?s={search_term_string}\"},\"query-input\":{\"@type\":\"PropertyValueSpecification\",\"valueRequired\":true,\"valueName\":\"search_term_string\"}}],\"inLanguage\":\"en-US\"},{\"@type\":\"Organization\",\"@id\":\"https:\\\/\\\/www.entreculturas.org\\\/en\\\/#organization\",\"name\":\"Entreculturas\",\"url\":\"https:\\\/\\\/www.entreculturas.org\\\/en\\\/\",\"logo\":{\"@type\":\"ImageObject\",\"inLanguage\":\"en-US\",\"@id\":\"https:\\\/\\\/www.entreculturas.org\\\/en\\\/#\\\/schema\\\/logo\\\/image\\\/\",\"url\":\"https:\\\/\\\/www.entreculturas.org\\\/wp-content\\\/uploads\\\/2025\\\/10\\\/ESP.svg\",\"contentUrl\":\"https:\\\/\\\/www.entreculturas.org\\\/wp-content\\\/uploads\\\/2025\\\/10\\\/ESP.svg\",\"caption\":\"Entreculturas\"},\"image\":{\"@id\":\"https:\\\/\\\/www.entreculturas.org\\\/en\\\/#\\\/schema\\\/logo\\\/image\\\/\"},\"sameAs\":[\"https:\\\/\\\/www.facebook.com\\\/entreculturas\",\"https:\\\/\\\/x.com\\\/Entreculturas\",\"https:\\\/\\\/www.instagram.com\\\/entreculturas\\\/\",\"https:\\\/\\\/www.youtube.com\\\/user\\\/entreculturasvideo\",\"https:\\\/\\\/www.linkedin.com\\\/company\\\/fundacion-entreculturas-ngdo\\\/\",\"https:\\\/\\\/www.flickr.com\\\/photos\\\/98455522@N04\\\/albums\\\/\"]}]}<\/script>\n<!-- \/ Yoast SEO Premium plugin. -->","yoast_head_json":{"title":"Los jesuitas africanos y europeos se dirigen a la Presidencia de la Uni\u00f3n Europea: \"no luchen contra las migraciones, sino contra sus causas subyacentes.\" - Entreculturas","robots":{"index":"index","follow":"follow","max-snippet":"max-snippet:-1","max-image-preview":"max-image-preview:large","max-video-preview":"max-video-preview:-1"},"canonical":"https:\/\/www.entreculturas.org\/en\/noticia\/los-jesuitas-africanos-y-europeos-se-dirigen-la-presidencia-de-la-union-europea-no-luchen\/","og_locale":"en_US","og_type":"article","og_title":"Los jesuitas africanos y europeos se dirigen a la Presidencia de la Uni\u00f3n Europea: \"no luchen contra las migraciones, sino contra sus causas subyacentes.\"","og_description":"Con ocasi\u00f3n de la reuni\u00f3n de Jefes de Estado y de Gobierno celebrada el 20 de septiembre en Salzburgo, los Jesuitas de Africa y Europa han manifestado p\u00fablicamente sus preocupaciones, basadas en una reciente investigaci\u00f3n. En una carta conjunta titulada &#8220;Flujos migratorios, flujos de dinero&#8221;, los Superiores de los Jesuitas de Alemania, Austria y \u00c1frica se han dirigido a la Presidencia austriaca de la Uni\u00f3n Europea. Los firmantes protestan por la criminalizaci\u00f3n de la migraci\u00f3n africana (&#8220;migraci\u00f3n ilegal&#8221;) y la narrativa que los presenta como una amenaza a la estabilidad y la prosperidad de Europa. Y se\u00f1alan en cambio una correlaci\u00f3n entre los flujos migratorios hacia Europa y los flujos financieros il\u00edcitos en la misma direcci\u00f3n. M\u00e1s que atacar los s\u00edntomas, argumentan, es necesario abordar las causas subyacentes de las migraciones, entre las que destacan los flujos financieros il\u00edcitos, que impiden el desarrollo de Africa:&nbsp;&nbsp;&nbsp;\u201cActualmente, la cantidad de dinero que [&hellip;]","og_url":"https:\/\/www.entreculturas.org\/en\/noticia\/los-jesuitas-africanos-y-europeos-se-dirigen-la-presidencia-de-la-union-europea-no-luchen\/","og_site_name":"Entreculturas","article_publisher":"https:\/\/www.facebook.com\/entreculturas","article_modified_time":"2023-12-18T09:34:05+00:00","og_image":[{"width":1280,"height":853,"url":"https:\/\/www.entreculturas.org\/wp-content\/uploads\/2018\/09\/foto_cedida_sergi_con_copy-web.jpg","type":"image\/jpeg"}],"twitter_card":"summary_large_image","twitter_site":"@Entreculturas","schema":{"@context":"https:\/\/schema.org","@graph":[{"@type":"WebPage","@id":"https:\/\/www.entreculturas.org\/en\/noticia\/los-jesuitas-africanos-y-europeos-se-dirigen-la-presidencia-de-la-union-europea-no-luchen\/","url":"https:\/\/www.entreculturas.org\/en\/noticia\/los-jesuitas-africanos-y-europeos-se-dirigen-la-presidencia-de-la-union-europea-no-luchen\/","name":"Los jesuitas africanos y europeos se dirigen a la Presidencia de la Uni\u00f3n Europea: \"no luchen contra las migraciones, sino contra sus causas subyacentes.\" - Entreculturas","isPartOf":{"@id":"https:\/\/www.entreculturas.org\/en\/#website"},"primaryImageOfPage":{"@id":"https:\/\/www.entreculturas.org\/en\/noticia\/los-jesuitas-africanos-y-europeos-se-dirigen-la-presidencia-de-la-union-europea-no-luchen\/#primaryimage"},"image":{"@id":"https:\/\/www.entreculturas.org\/en\/noticia\/los-jesuitas-africanos-y-europeos-se-dirigen-la-presidencia-de-la-union-europea-no-luchen\/#primaryimage"},"thumbnailUrl":"https:\/\/www.entreculturas.org\/wp-content\/uploads\/2018\/09\/foto_cedida_sergi_con_copy-web.jpg","datePublished":"2018-09-21T09:59:35+00:00","dateModified":"2023-12-18T09:34:05+00:00","breadcrumb":{"@id":"https:\/\/www.entreculturas.org\/en\/noticia\/los-jesuitas-africanos-y-europeos-se-dirigen-la-presidencia-de-la-union-europea-no-luchen\/#breadcrumb"},"inLanguage":"en-US","potentialAction":[{"@type":"ReadAction","target":["https:\/\/www.entreculturas.org\/en\/noticia\/los-jesuitas-africanos-y-europeos-se-dirigen-la-presidencia-de-la-union-europea-no-luchen\/"]}]},{"@type":"ImageObject","inLanguage":"en-US","@id":"https:\/\/www.entreculturas.org\/en\/noticia\/los-jesuitas-africanos-y-europeos-se-dirigen-la-presidencia-de-la-union-europea-no-luchen\/#primaryimage","url":"https:\/\/www.entreculturas.org\/wp-content\/uploads\/2018\/09\/foto_cedida_sergi_con_copy-web.jpg","contentUrl":"https:\/\/www.entreculturas.org\/wp-content\/uploads\/2018\/09\/foto_cedida_sergi_con_copy-web.jpg","width":1280,"height":853},{"@type":"BreadcrumbList","@id":"https:\/\/www.entreculturas.org\/en\/noticia\/los-jesuitas-africanos-y-europeos-se-dirigen-la-presidencia-de-la-union-europea-no-luchen\/#breadcrumb","itemListElement":[{"@type":"ListItem","position":1,"name":"Home","item":"https:\/\/www.entreculturas.org\/en\/"},{"@type":"ListItem","position":2,"name":"Noticias","item":"https:\/\/www.entreculturas.org\/en\/noticias\/"},{"@type":"ListItem","position":3,"name":"Los jesuitas africanos y europeos se dirigen a la Presidencia de la Uni\u00f3n Europea: &#8220;no luchen contra las migraciones, sino contra sus causas subyacentes.&#8221;"}]},{"@type":"WebSite","@id":"https:\/\/www.entreculturas.org\/en\/#website","url":"https:\/\/www.entreculturas.org\/en\/","name":"Entreculturas","description":"","publisher":{"@id":"https:\/\/www.entreculturas.org\/en\/#organization"},"alternateName":"Entreculturas","potentialAction":[{"@type":"SearchAction","target":{"@type":"EntryPoint","urlTemplate":"https:\/\/www.entreculturas.org\/en\/?s={search_term_string}"},"query-input":{"@type":"PropertyValueSpecification","valueRequired":true,"valueName":"search_term_string"}}],"inLanguage":"en-US"},{"@type":"Organization","@id":"https:\/\/www.entreculturas.org\/en\/#organization","name":"Entreculturas","url":"https:\/\/www.entreculturas.org\/en\/","logo":{"@type":"ImageObject","inLanguage":"en-US","@id":"https:\/\/www.entreculturas.org\/en\/#\/schema\/logo\/image\/","url":"https:\/\/www.entreculturas.org\/wp-content\/uploads\/2025\/10\/ESP.svg","contentUrl":"https:\/\/www.entreculturas.org\/wp-content\/uploads\/2025\/10\/ESP.svg","caption":"Entreculturas"},"image":{"@id":"https:\/\/www.entreculturas.org\/en\/#\/schema\/logo\/image\/"},"sameAs":["https:\/\/www.facebook.com\/entreculturas","https:\/\/x.com\/Entreculturas","https:\/\/www.instagram.com\/entreculturas\/","https:\/\/www.youtube.com\/user\/entreculturasvideo","https:\/\/www.linkedin.com\/company\/fundacion-entreculturas-ngdo\/","https:\/\/www.flickr.com\/photos\/98455522@N04\/albums\/"]}]}},"_links":{"self":[{"href":"https:\/\/www.entreculturas.org\/en\/wp-json\/wp\/v2\/noticia\/2200","targetHints":{"allow":["GET"]}}],"collection":[{"href":"https:\/\/www.entreculturas.org\/en\/wp-json\/wp\/v2\/noticia"}],"about":[{"href":"https:\/\/www.entreculturas.org\/en\/wp-json\/wp\/v2\/types\/noticia"}],"wp:featuredmedia":[{"embeddable":true,"href":"https:\/\/www.entreculturas.org\/en\/wp-json\/wp\/v2\/media\/2199"}],"wp:attachment":[{"href":"https:\/\/www.entreculturas.org\/en\/wp-json\/wp\/v2\/media?parent=2200"}],"wp:term":[{"taxonomy":"category","embeddable":true,"href":"https:\/\/www.entreculturas.org\/en\/wp-json\/wp\/v2\/categories?post=2200"},{"taxonomy":"post_tag","embeddable":true,"href":"https:\/\/www.entreculturas.org\/en\/wp-json\/wp\/v2\/tags?post=2200"},{"taxonomy":"country","embeddable":true,"href":"https:\/\/www.entreculturas.org\/en\/wp-json\/wp\/v2\/country?post=2200"},{"taxonomy":"cause","embeddable":true,"href":"https:\/\/www.entreculturas.org\/en\/wp-json\/wp\/v2\/cause?post=2200"}],"curies":[{"name":"wp","href":"https:\/\/api.w.org\/{rel}","templated":true}]}}