{"id":10873,"date":"2023-12-27T09:00:12","date_gmt":"2023-12-27T08:00:12","guid":{"rendered":"https:\/\/www.entreculturas.org\/?post_type=noticia&#038;p=10873"},"modified":"2023-12-27T09:00:13","modified_gmt":"2023-12-27T08:00:13","slug":"renovamos-nuestra-colaboracion-con-la-fundacion-santafe-en-guinea-y-kenia","status":"publish","type":"noticia","link":"https:\/\/www.entreculturas.org\/en\/noticia\/renovamos-nuestra-colaboracion-con-la-fundacion-santafe-en-guinea-y-kenia\/","title":{"rendered":"Renovamos nuestra colaboraci\u00f3n con la Fundaci\u00f3n Santaf\u00e9 en Guinea y Kenia"},"content":{"rendered":"\n<p>La Fundaci\u00f3n Jorge Santaf\u00e9 Maibach colabora con Entreculturas desde el a\u00f1o 2020 con el objetivo de apoyar la construcci\u00f3n de infraestructuras educativas para ofrecer oportunidades a las personas m\u00e1s desfavorecidas. Este 2024, la Fundaci\u00f3n apoyar\u00e1 con la construcci\u00f3n de infraestructuras educativas en Guinea y Kenia.<\/p>\n\n\n\n<p><\/p>\n\n\n\n<p>En Guinea, el proyecto Acceso a educaci\u00f3n primaria para 300 ni\u00f1os y ni\u00f1as en las comunidades rurales, contin\u00faa con el proyecto aprobado en a\u00f1os anteriores y se desarrolla en Souhoul\u00e9, a 25 kil\u00f3metros de N\u00b4Z\u00e9r\u00e9kor\u00e9, la segunda ciudad m\u00e1s poblada del pa\u00eds despu\u00e9s de la capital. La gran proximidad a Costa de Marfil, Liberia y Sierra Leona es la raz\u00f3n por la cual esta localizaci\u00f3n cobr\u00f3 relevancia. La poblaci\u00f3n de Souhoul\u00e9 es de aproximadamente 10.000 habitantes y est\u00e1 cerca de otros 6 poblados que tambi\u00e9n ser\u00e1n beneficiarios de la nueva infraestructura escolar. El objetivo general de dicho proyecto es promover el derecho a la educaci\u00f3n de la poblaci\u00f3n infantil en zonas rurales de la regi\u00f3n forestal en Guinea.<\/p>\n\n\n\n<p><\/p>\n\n\n\n<p>El segundo proyecto al que apoyar\u00e1 la Fundaci\u00f3n es Construcci\u00f3n y educaci\u00f3n en el campo de refugiados de Kakuma, Kenia. El principal prop\u00f3sito del proyecto es que todos los refugiados\/as y solicitantes de asilo se beneficien de una educaci\u00f3n y formaci\u00f3n inclusivas y de calidad. Asimismo, se pretende establecer condiciones que permitan a los refugiados\/as acceder a las mismas oportunidades de educaci\u00f3n y formaci\u00f3n. El proyecto se ejecutar\u00e1 de la mano de nuestro socio local, el Servicio Jesuita a Refugiados.<\/p>\n\n\n\n<p><\/p>\n\n\n\n<p>Esta alianza contribuye a impulsar la principal labor de Entreculturas: la educaci\u00f3n.<\/p>\n","protected":false},"excerpt":{"rendered":"<p>La Fundaci\u00f3n Jorge Santaf\u00e9 Maibach colabora con Entreculturas desde el a\u00f1o 2020 con el objetivo de apoyar la construcci\u00f3n de infraestructuras educativas para ofrecer oportunidades a las personas m\u00e1s desfavorecidas. Este 2024, la Fundaci\u00f3n apoyar\u00e1 con la construcci\u00f3n de infraestructuras educativas en Guinea y Kenia. En Guinea, el proyecto Acceso a educaci\u00f3n primaria para 300 ni\u00f1os y ni\u00f1as en las comunidades rurales, contin\u00faa con el proyecto aprobado en a\u00f1os anteriores y se desarrolla en Souhoul\u00e9, a 25 kil\u00f3metros de N\u00b4Z\u00e9r\u00e9kor\u00e9, la segunda ciudad m\u00e1s poblada del pa\u00eds despu\u00e9s de la capital. La gran proximidad a Costa de Marfil, Liberia y Sierra Leona es la raz\u00f3n por la cual esta localizaci\u00f3n cobr\u00f3 relevancia. La poblaci\u00f3n de Souhoul\u00e9 es de aproximadamente 10.000 habitantes y est\u00e1 cerca de otros 6 poblados que tambi\u00e9n ser\u00e1n beneficiarios de la nueva infraestructura escolar. El objetivo general de dicho proyecto es promover el derecho a la educaci\u00f3n [&hellip;]<\/p>\n","protected":false},"featured_media":10875,"template":"","meta":{"_acf_changed":false},"categories":[7],"tags":[196],"country":[120],"cause":[129],"class_list":["post-10873","noticia","type-noticia","status-publish","has-post-thumbnail","hentry","category-noticia","tag-rsc","country-espana","cause-migracion-y-refugio"],"acf":[],"yoast_head":"<!-- This site is optimized with the Yoast SEO Premium plugin v21.6 (Yoast SEO v27.5) - https:\/\/yoast.com\/product\/yoast-seo-premium-wordpress\/ -->\n<title>Renovamos nuestra colaboraci\u00f3n con la Fundaci\u00f3n Santaf\u00e9 en Guinea y Kenia - Entreculturas<\/title>\n<meta name=\"robots\" content=\"index, follow, max-snippet:-1, max-image-preview:large, max-video-preview:-1\" \/>\n<link rel=\"canonical\" href=\"https:\/\/www.entreculturas.org\/en\/noticia\/renovamos-nuestra-colaboracion-con-la-fundacion-santafe-en-guinea-y-kenia\/\" \/>\n<meta property=\"og:locale\" content=\"en_US\" \/>\n<meta property=\"og:type\" content=\"article\" \/>\n<meta property=\"og:title\" content=\"Renovamos nuestra colaboraci\u00f3n con la Fundaci\u00f3n Santaf\u00e9 en Guinea y Kenia\" \/>\n<meta property=\"og:description\" content=\"La Fundaci\u00f3n Jorge Santaf\u00e9 Maibach colabora con Entreculturas desde el a\u00f1o 2020 con el objetivo de apoyar la construcci\u00f3n de infraestructuras educativas para ofrecer oportunidades a las personas m\u00e1s desfavorecidas. Este 2024, la Fundaci\u00f3n apoyar\u00e1 con la construcci\u00f3n de infraestructuras educativas en Guinea y Kenia. En Guinea, el proyecto Acceso a educaci\u00f3n primaria para 300 ni\u00f1os y ni\u00f1as en las comunidades rurales, contin\u00faa con el proyecto aprobado en a\u00f1os anteriores y se desarrolla en Souhoul\u00e9, a 25 kil\u00f3metros de N\u00b4Z\u00e9r\u00e9kor\u00e9, la segunda ciudad m\u00e1s poblada del pa\u00eds despu\u00e9s de la capital. La gran proximidad a Costa de Marfil, Liberia y Sierra Leona es la raz\u00f3n por la cual esta localizaci\u00f3n cobr\u00f3 relevancia. La poblaci\u00f3n de Souhoul\u00e9 es de aproximadamente 10.000 habitantes y est\u00e1 cerca de otros 6 poblados que tambi\u00e9n ser\u00e1n beneficiarios de la nueva infraestructura escolar. El objetivo general de dicho proyecto es promover el derecho a la educaci\u00f3n [&hellip;]\" \/>\n<meta property=\"og:url\" content=\"https:\/\/www.entreculturas.org\/en\/noticia\/renovamos-nuestra-colaboracion-con-la-fundacion-santafe-en-guinea-y-kenia\/\" \/>\n<meta property=\"og:site_name\" content=\"Entreculturas\" \/>\n<meta property=\"article:publisher\" content=\"https:\/\/www.facebook.com\/entreculturas\" \/>\n<meta property=\"article:modified_time\" content=\"2023-12-27T08:00:13+00:00\" \/>\n<meta property=\"og:image\" content=\"https:\/\/www.entreculturas.org\/wp-content\/uploads\/2023\/12\/Guinea.png\" \/>\n\t<meta property=\"og:image:width\" content=\"793\" \/>\n\t<meta property=\"og:image:height\" content=\"606\" \/>\n\t<meta property=\"og:image:type\" content=\"image\/png\" \/>\n<meta name=\"twitter:card\" content=\"summary_large_image\" \/>\n<meta name=\"twitter:site\" content=\"@Entreculturas\" \/>\n<script type=\"application\/ld+json\" class=\"yoast-schema-graph\">{\"@context\":\"https:\\\/\\\/schema.org\",\"@graph\":[{\"@type\":\"WebPage\",\"@id\":\"https:\\\/\\\/www.entreculturas.org\\\/en\\\/noticia\\\/renovamos-nuestra-colaboracion-con-la-fundacion-santafe-en-guinea-y-kenia\\\/\",\"url\":\"https:\\\/\\\/www.entreculturas.org\\\/en\\\/noticia\\\/renovamos-nuestra-colaboracion-con-la-fundacion-santafe-en-guinea-y-kenia\\\/\",\"name\":\"Renovamos nuestra colaboraci\u00f3n con la Fundaci\u00f3n Santaf\u00e9 en Guinea y Kenia - Entreculturas\",\"isPartOf\":{\"@id\":\"https:\\\/\\\/www.entreculturas.org\\\/en\\\/#website\"},\"primaryImageOfPage\":{\"@id\":\"https:\\\/\\\/www.entreculturas.org\\\/en\\\/noticia\\\/renovamos-nuestra-colaboracion-con-la-fundacion-santafe-en-guinea-y-kenia\\\/#primaryimage\"},\"image\":{\"@id\":\"https:\\\/\\\/www.entreculturas.org\\\/en\\\/noticia\\\/renovamos-nuestra-colaboracion-con-la-fundacion-santafe-en-guinea-y-kenia\\\/#primaryimage\"},\"thumbnailUrl\":\"https:\\\/\\\/www.entreculturas.org\\\/wp-content\\\/uploads\\\/2023\\\/12\\\/Guinea.png\",\"datePublished\":\"2023-12-27T08:00:12+00:00\",\"dateModified\":\"2023-12-27T08:00:13+00:00\",\"breadcrumb\":{\"@id\":\"https:\\\/\\\/www.entreculturas.org\\\/en\\\/noticia\\\/renovamos-nuestra-colaboracion-con-la-fundacion-santafe-en-guinea-y-kenia\\\/#breadcrumb\"},\"inLanguage\":\"en-US\",\"potentialAction\":[{\"@type\":\"ReadAction\",\"target\":[\"https:\\\/\\\/www.entreculturas.org\\\/en\\\/noticia\\\/renovamos-nuestra-colaboracion-con-la-fundacion-santafe-en-guinea-y-kenia\\\/\"]}]},{\"@type\":\"ImageObject\",\"inLanguage\":\"en-US\",\"@id\":\"https:\\\/\\\/www.entreculturas.org\\\/en\\\/noticia\\\/renovamos-nuestra-colaboracion-con-la-fundacion-santafe-en-guinea-y-kenia\\\/#primaryimage\",\"url\":\"https:\\\/\\\/www.entreculturas.org\\\/wp-content\\\/uploads\\\/2023\\\/12\\\/Guinea.png\",\"contentUrl\":\"https:\\\/\\\/www.entreculturas.org\\\/wp-content\\\/uploads\\\/2023\\\/12\\\/Guinea.png\",\"width\":793,\"height\":606},{\"@type\":\"BreadcrumbList\",\"@id\":\"https:\\\/\\\/www.entreculturas.org\\\/en\\\/noticia\\\/renovamos-nuestra-colaboracion-con-la-fundacion-santafe-en-guinea-y-kenia\\\/#breadcrumb\",\"itemListElement\":[{\"@type\":\"ListItem\",\"position\":1,\"name\":\"Home\",\"item\":\"https:\\\/\\\/www.entreculturas.org\\\/en\\\/\"},{\"@type\":\"ListItem\",\"position\":2,\"name\":\"Noticias\",\"item\":\"https:\\\/\\\/www.entreculturas.org\\\/en\\\/noticias\\\/\"},{\"@type\":\"ListItem\",\"position\":3,\"name\":\"Renovamos nuestra colaboraci\u00f3n con la Fundaci\u00f3n Santaf\u00e9 en Guinea y Kenia\"}]},{\"@type\":\"WebSite\",\"@id\":\"https:\\\/\\\/www.entreculturas.org\\\/en\\\/#website\",\"url\":\"https:\\\/\\\/www.entreculturas.org\\\/en\\\/\",\"name\":\"Entreculturas\",\"description\":\"\",\"publisher\":{\"@id\":\"https:\\\/\\\/www.entreculturas.org\\\/en\\\/#organization\"},\"alternateName\":\"Entreculturas\",\"potentialAction\":[{\"@type\":\"SearchAction\",\"target\":{\"@type\":\"EntryPoint\",\"urlTemplate\":\"https:\\\/\\\/www.entreculturas.org\\\/en\\\/?s={search_term_string}\"},\"query-input\":{\"@type\":\"PropertyValueSpecification\",\"valueRequired\":true,\"valueName\":\"search_term_string\"}}],\"inLanguage\":\"en-US\"},{\"@type\":\"Organization\",\"@id\":\"https:\\\/\\\/www.entreculturas.org\\\/en\\\/#organization\",\"name\":\"Entreculturas\",\"url\":\"https:\\\/\\\/www.entreculturas.org\\\/en\\\/\",\"logo\":{\"@type\":\"ImageObject\",\"inLanguage\":\"en-US\",\"@id\":\"https:\\\/\\\/www.entreculturas.org\\\/en\\\/#\\\/schema\\\/logo\\\/image\\\/\",\"url\":\"https:\\\/\\\/www.entreculturas.org\\\/wp-content\\\/uploads\\\/2025\\\/10\\\/ESP.svg\",\"contentUrl\":\"https:\\\/\\\/www.entreculturas.org\\\/wp-content\\\/uploads\\\/2025\\\/10\\\/ESP.svg\",\"caption\":\"Entreculturas\"},\"image\":{\"@id\":\"https:\\\/\\\/www.entreculturas.org\\\/en\\\/#\\\/schema\\\/logo\\\/image\\\/\"},\"sameAs\":[\"https:\\\/\\\/www.facebook.com\\\/entreculturas\",\"https:\\\/\\\/x.com\\\/Entreculturas\",\"https:\\\/\\\/www.instagram.com\\\/entreculturas\\\/\",\"https:\\\/\\\/www.youtube.com\\\/user\\\/entreculturasvideo\",\"https:\\\/\\\/www.linkedin.com\\\/company\\\/fundacion-entreculturas-ngdo\\\/\",\"https:\\\/\\\/www.flickr.com\\\/photos\\\/98455522@N04\\\/albums\\\/\"]}]}<\/script>\n<!-- \/ Yoast SEO Premium plugin. -->","yoast_head_json":{"title":"Renovamos nuestra colaboraci\u00f3n con la Fundaci\u00f3n Santaf\u00e9 en Guinea y Kenia - Entreculturas","robots":{"index":"index","follow":"follow","max-snippet":"max-snippet:-1","max-image-preview":"max-image-preview:large","max-video-preview":"max-video-preview:-1"},"canonical":"https:\/\/www.entreculturas.org\/en\/noticia\/renovamos-nuestra-colaboracion-con-la-fundacion-santafe-en-guinea-y-kenia\/","og_locale":"en_US","og_type":"article","og_title":"Renovamos nuestra colaboraci\u00f3n con la Fundaci\u00f3n Santaf\u00e9 en Guinea y Kenia","og_description":"La Fundaci\u00f3n Jorge Santaf\u00e9 Maibach colabora con Entreculturas desde el a\u00f1o 2020 con el objetivo de apoyar la construcci\u00f3n de infraestructuras educativas para ofrecer oportunidades a las personas m\u00e1s desfavorecidas. Este 2024, la Fundaci\u00f3n apoyar\u00e1 con la construcci\u00f3n de infraestructuras educativas en Guinea y Kenia. En Guinea, el proyecto Acceso a educaci\u00f3n primaria para 300 ni\u00f1os y ni\u00f1as en las comunidades rurales, contin\u00faa con el proyecto aprobado en a\u00f1os anteriores y se desarrolla en Souhoul\u00e9, a 25 kil\u00f3metros de N\u00b4Z\u00e9r\u00e9kor\u00e9, la segunda ciudad m\u00e1s poblada del pa\u00eds despu\u00e9s de la capital. La gran proximidad a Costa de Marfil, Liberia y Sierra Leona es la raz\u00f3n por la cual esta localizaci\u00f3n cobr\u00f3 relevancia. La poblaci\u00f3n de Souhoul\u00e9 es de aproximadamente 10.000 habitantes y est\u00e1 cerca de otros 6 poblados que tambi\u00e9n ser\u00e1n beneficiarios de la nueva infraestructura escolar. El objetivo general de dicho proyecto es promover el derecho a la educaci\u00f3n [&hellip;]","og_url":"https:\/\/www.entreculturas.org\/en\/noticia\/renovamos-nuestra-colaboracion-con-la-fundacion-santafe-en-guinea-y-kenia\/","og_site_name":"Entreculturas","article_publisher":"https:\/\/www.facebook.com\/entreculturas","article_modified_time":"2023-12-27T08:00:13+00:00","og_image":[{"width":793,"height":606,"url":"https:\/\/www.entreculturas.org\/wp-content\/uploads\/2023\/12\/Guinea.png","type":"image\/png"}],"twitter_card":"summary_large_image","twitter_site":"@Entreculturas","schema":{"@context":"https:\/\/schema.org","@graph":[{"@type":"WebPage","@id":"https:\/\/www.entreculturas.org\/en\/noticia\/renovamos-nuestra-colaboracion-con-la-fundacion-santafe-en-guinea-y-kenia\/","url":"https:\/\/www.entreculturas.org\/en\/noticia\/renovamos-nuestra-colaboracion-con-la-fundacion-santafe-en-guinea-y-kenia\/","name":"Renovamos nuestra colaboraci\u00f3n con la Fundaci\u00f3n Santaf\u00e9 en Guinea y Kenia - Entreculturas","isPartOf":{"@id":"https:\/\/www.entreculturas.org\/en\/#website"},"primaryImageOfPage":{"@id":"https:\/\/www.entreculturas.org\/en\/noticia\/renovamos-nuestra-colaboracion-con-la-fundacion-santafe-en-guinea-y-kenia\/#primaryimage"},"image":{"@id":"https:\/\/www.entreculturas.org\/en\/noticia\/renovamos-nuestra-colaboracion-con-la-fundacion-santafe-en-guinea-y-kenia\/#primaryimage"},"thumbnailUrl":"https:\/\/www.entreculturas.org\/wp-content\/uploads\/2023\/12\/Guinea.png","datePublished":"2023-12-27T08:00:12+00:00","dateModified":"2023-12-27T08:00:13+00:00","breadcrumb":{"@id":"https:\/\/www.entreculturas.org\/en\/noticia\/renovamos-nuestra-colaboracion-con-la-fundacion-santafe-en-guinea-y-kenia\/#breadcrumb"},"inLanguage":"en-US","potentialAction":[{"@type":"ReadAction","target":["https:\/\/www.entreculturas.org\/en\/noticia\/renovamos-nuestra-colaboracion-con-la-fundacion-santafe-en-guinea-y-kenia\/"]}]},{"@type":"ImageObject","inLanguage":"en-US","@id":"https:\/\/www.entreculturas.org\/en\/noticia\/renovamos-nuestra-colaboracion-con-la-fundacion-santafe-en-guinea-y-kenia\/#primaryimage","url":"https:\/\/www.entreculturas.org\/wp-content\/uploads\/2023\/12\/Guinea.png","contentUrl":"https:\/\/www.entreculturas.org\/wp-content\/uploads\/2023\/12\/Guinea.png","width":793,"height":606},{"@type":"BreadcrumbList","@id":"https:\/\/www.entreculturas.org\/en\/noticia\/renovamos-nuestra-colaboracion-con-la-fundacion-santafe-en-guinea-y-kenia\/#breadcrumb","itemListElement":[{"@type":"ListItem","position":1,"name":"Home","item":"https:\/\/www.entreculturas.org\/en\/"},{"@type":"ListItem","position":2,"name":"Noticias","item":"https:\/\/www.entreculturas.org\/en\/noticias\/"},{"@type":"ListItem","position":3,"name":"Renovamos nuestra colaboraci\u00f3n con la Fundaci\u00f3n Santaf\u00e9 en Guinea y Kenia"}]},{"@type":"WebSite","@id":"https:\/\/www.entreculturas.org\/en\/#website","url":"https:\/\/www.entreculturas.org\/en\/","name":"Entreculturas","description":"","publisher":{"@id":"https:\/\/www.entreculturas.org\/en\/#organization"},"alternateName":"Entreculturas","potentialAction":[{"@type":"SearchAction","target":{"@type":"EntryPoint","urlTemplate":"https:\/\/www.entreculturas.org\/en\/?s={search_term_string}"},"query-input":{"@type":"PropertyValueSpecification","valueRequired":true,"valueName":"search_term_string"}}],"inLanguage":"en-US"},{"@type":"Organization","@id":"https:\/\/www.entreculturas.org\/en\/#organization","name":"Entreculturas","url":"https:\/\/www.entreculturas.org\/en\/","logo":{"@type":"ImageObject","inLanguage":"en-US","@id":"https:\/\/www.entreculturas.org\/en\/#\/schema\/logo\/image\/","url":"https:\/\/www.entreculturas.org\/wp-content\/uploads\/2025\/10\/ESP.svg","contentUrl":"https:\/\/www.entreculturas.org\/wp-content\/uploads\/2025\/10\/ESP.svg","caption":"Entreculturas"},"image":{"@id":"https:\/\/www.entreculturas.org\/en\/#\/schema\/logo\/image\/"},"sameAs":["https:\/\/www.facebook.com\/entreculturas","https:\/\/x.com\/Entreculturas","https:\/\/www.instagram.com\/entreculturas\/","https:\/\/www.youtube.com\/user\/entreculturasvideo","https:\/\/www.linkedin.com\/company\/fundacion-entreculturas-ngdo\/","https:\/\/www.flickr.com\/photos\/98455522@N04\/albums\/"]}]}},"_links":{"self":[{"href":"https:\/\/www.entreculturas.org\/en\/wp-json\/wp\/v2\/noticia\/10873","targetHints":{"allow":["GET"]}}],"collection":[{"href":"https:\/\/www.entreculturas.org\/en\/wp-json\/wp\/v2\/noticia"}],"about":[{"href":"https:\/\/www.entreculturas.org\/en\/wp-json\/wp\/v2\/types\/noticia"}],"wp:featuredmedia":[{"embeddable":true,"href":"https:\/\/www.entreculturas.org\/en\/wp-json\/wp\/v2\/media\/10875"}],"wp:attachment":[{"href":"https:\/\/www.entreculturas.org\/en\/wp-json\/wp\/v2\/media?parent=10873"}],"wp:term":[{"taxonomy":"category","embeddable":true,"href":"https:\/\/www.entreculturas.org\/en\/wp-json\/wp\/v2\/categories?post=10873"},{"taxonomy":"post_tag","embeddable":true,"href":"https:\/\/www.entreculturas.org\/en\/wp-json\/wp\/v2\/tags?post=10873"},{"taxonomy":"country","embeddable":true,"href":"https:\/\/www.entreculturas.org\/en\/wp-json\/wp\/v2\/country?post=10873"},{"taxonomy":"cause","embeddable":true,"href":"https:\/\/www.entreculturas.org\/en\/wp-json\/wp\/v2\/cause?post=10873"}],"curies":[{"name":"wp","href":"https:\/\/api.w.org\/{rel}","templated":true}]}}