{"id":9724,"date":"2023-07-10T08:25:23","date_gmt":"2023-07-10T06:25:23","guid":{"rendered":"https:\/\/www.entreculturas.org\/publicacion\/anna-sabate-volpa-en-uganda\/"},"modified":"2024-09-19T14:20:41","modified_gmt":"2024-09-19T12:20:41","slug":"anna-sabate-volpa-en-uganda","status":"publish","type":"noticia","link":"https:\/\/www.entreculturas.org\/ca\/noticia\/anna-sabate-volpa-en-uganda\/","title":{"rendered":"Anna Sabat\u00e9 | VOLPA en Uganda"},"content":{"rendered":"<p>Me llamo Anna e hice el voluntariado VOLPA en Kampala, Uganda. Conoc\u00ed VOLPA porque realic\u00e9 mis estudios con los jesuitas. Adem\u00e1s form\u00e9 parte del Casal Loiola, un casal que est\u00e1 relacionado con los jesuitas, en el cual la comunidad de j\u00f3venes es bastante grande, y VOLPA era una experiencia muy conocida all\u00ed.<\/p>\n<p>Al principio nunca me plante\u00e9 hacer el voluntariado VOLPA, no entraba dentro de la vida rutinaria que ten\u00eda. Estudi\u00e9 doble carrera en Derecho y Relaciones Laborales, al salir encontr\u00e9 un trabajo muy estable con un sueldo muy atractivo, estaba viviendo con mi novio, era profesional de voleibol&#8230; Pero sent\u00eda que Dios me ped\u00eda que hiciera algo m\u00e1s. As\u00ed que finalmente decid\u00ed apuntarme a VOLPA.&nbsp;<\/p>\n<p>Fui destinada al Departamento de Recursos Humanos de JRS en Uganda, Kampala. Uganda es un pa\u00eds s\u00faper acogedor con las personas refugiadas, aunque les cuesta mucho encontrar un trabajo porque no tienen formaci\u00f3n o por dificultades culturales o ling\u00fc\u00edsticas.<\/p>\n<p>En JRS trabajamos en cuatro l\u00edneas de acci\u00f3n: proveer de medicamentos, comida y todas las necesidades b\u00e1sicas a los nuevos refugiados; un departamento de educaci\u00f3n al que vienen los refugiados con ni\u00f1os y ni\u00f1as peque\u00f1os a los que no pueden escolarizar; becas de educaci\u00f3n a los ni\u00f1os que vienen de familias vulnerables; y diversos cursos gratuitos, como inform\u00e1tica, bellas artes, dise\u00f1o o peluquer\u00eda.<\/p>\n<p>Lo que hacemos aqu\u00ed es muy bonito ya que no solo les impartimos cursos gratuitos para que tengan m\u00e1s oportunidades, sino que tambi\u00e9n les damos una nueva comunidad donde ya no se sienten solos. Van a clase, tienen una rutina, forman parte de una comunidad con otras personas refugiadas y se pueden ayudar entre ellos.<\/p>\n","protected":false},"excerpt":{"rendered":"<p>Me llamo Anna e hice el voluntariado VOLPA en Kampala, Uganda. Conoc\u00ed VOLPA porque realic\u00e9 mis estudios con los jesuitas. Adem\u00e1s form\u00e9 parte del Casal Loiola, un casal que est\u00e1 relacionado con los jesuitas, en el cual la comunidad de j\u00f3venes es bastante grande, y VOLPA era una experiencia muy conocida all\u00ed. Al principio nunca me plante\u00e9 hacer el voluntariado VOLPA, no entraba dentro de la vida rutinaria que ten\u00eda. Estudi\u00e9 doble carrera en Derecho y Relaciones Laborales, al salir encontr\u00e9 un trabajo muy estable con un sueldo muy atractivo, estaba viviendo con mi novio, era profesional de voleibol&#8230; Pero sent\u00eda que Dios me ped\u00eda que hiciera algo m\u00e1s. As\u00ed que finalmente decid\u00ed apuntarme a VOLPA.&nbsp; Fui destinada al Departamento de Recursos Humanos de JRS en Uganda, Kampala. Uganda es un pa\u00eds s\u00faper acogedor con las personas refugiadas, aunque les cuesta mucho encontrar un trabajo porque no tienen formaci\u00f3n o [&hellip;]<\/p>\n","protected":false},"featured_media":9725,"template":"single-noticia","meta":{"_acf_changed":false},"categories":[7],"tags":[191],"country":[],"cause":[],"class_list":["post-9724","noticia","type-noticia","status-publish","has-post-thumbnail","hentry","category-noticia","tag-voluntariado"],"acf":[],"yoast_head":"<!-- This site is optimized with the Yoast SEO Premium plugin v21.6 (Yoast SEO v27.5) - https:\/\/yoast.com\/product\/yoast-seo-premium-wordpress\/ -->\n<title>Anna Sabat\u00e9 | VOLPA en Uganda - Entreculturas<\/title>\n<meta name=\"robots\" content=\"index, follow, max-snippet:-1, max-image-preview:large, max-video-preview:-1\" \/>\n<link rel=\"canonical\" href=\"https:\/\/www.entreculturas.org\/ca\/noticia\/anna-sabate-volpa-en-uganda\/\" \/>\n<meta property=\"og:locale\" content=\"ca_ES\" \/>\n<meta property=\"og:type\" content=\"article\" \/>\n<meta property=\"og:title\" content=\"Anna Sabat\u00e9 | VOLPA en Uganda\" \/>\n<meta property=\"og:description\" content=\"Me llamo Anna e hice el voluntariado VOLPA en Kampala, Uganda. Conoc\u00ed VOLPA porque realic\u00e9 mis estudios con los jesuitas. Adem\u00e1s form\u00e9 parte del Casal Loiola, un casal que est\u00e1 relacionado con los jesuitas, en el cual la comunidad de j\u00f3venes es bastante grande, y VOLPA era una experiencia muy conocida all\u00ed. Al principio nunca me plante\u00e9 hacer el voluntariado VOLPA, no entraba dentro de la vida rutinaria que ten\u00eda. Estudi\u00e9 doble carrera en Derecho y Relaciones Laborales, al salir encontr\u00e9 un trabajo muy estable con un sueldo muy atractivo, estaba viviendo con mi novio, era profesional de voleibol&#8230; Pero sent\u00eda que Dios me ped\u00eda que hiciera algo m\u00e1s. As\u00ed que finalmente decid\u00ed apuntarme a VOLPA.&nbsp; Fui destinada al Departamento de Recursos Humanos de JRS en Uganda, Kampala. Uganda es un pa\u00eds s\u00faper acogedor con las personas refugiadas, aunque les cuesta mucho encontrar un trabajo porque no tienen formaci\u00f3n o [&hellip;]\" \/>\n<meta property=\"og:url\" content=\"https:\/\/www.entreculturas.org\/ca\/noticia\/anna-sabate-volpa-en-uganda\/\" \/>\n<meta property=\"og:site_name\" content=\"Entreculturas\" \/>\n<meta property=\"article:publisher\" content=\"https:\/\/www.facebook.com\/entreculturas\" \/>\n<meta property=\"article:modified_time\" content=\"2024-09-19T12:20:41+00:00\" \/>\n<meta property=\"og:image\" content=\"https:\/\/www.entreculturas.org\/wp-content\/uploads\/2023\/12\/anna_h._pic_jardi-e1726748427600.jpg\" \/>\n\t<meta property=\"og:image:width\" content=\"800\" \/>\n\t<meta property=\"og:image:height\" content=\"584\" \/>\n\t<meta property=\"og:image:type\" content=\"image\/jpeg\" \/>\n<meta name=\"twitter:card\" content=\"summary_large_image\" \/>\n<meta name=\"twitter:site\" content=\"@Entreculturas\" \/>\n<script type=\"application\/ld+json\" class=\"yoast-schema-graph\">{\"@context\":\"https:\\\/\\\/schema.org\",\"@graph\":[{\"@type\":\"WebPage\",\"@id\":\"https:\\\/\\\/www.entreculturas.org\\\/ca\\\/noticia\\\/anna-sabate-volpa-en-uganda\\\/\",\"url\":\"https:\\\/\\\/www.entreculturas.org\\\/ca\\\/noticia\\\/anna-sabate-volpa-en-uganda\\\/\",\"name\":\"Anna Sabat\u00e9 | VOLPA en Uganda - Entreculturas\",\"isPartOf\":{\"@id\":\"https:\\\/\\\/www.entreculturas.org\\\/ca\\\/#website\"},\"primaryImageOfPage\":{\"@id\":\"https:\\\/\\\/www.entreculturas.org\\\/ca\\\/noticia\\\/anna-sabate-volpa-en-uganda\\\/#primaryimage\"},\"image\":{\"@id\":\"https:\\\/\\\/www.entreculturas.org\\\/ca\\\/noticia\\\/anna-sabate-volpa-en-uganda\\\/#primaryimage\"},\"thumbnailUrl\":\"https:\\\/\\\/www.entreculturas.org\\\/wp-content\\\/uploads\\\/2023\\\/12\\\/anna_h._pic_jardi-e1726748427600.jpg\",\"datePublished\":\"2023-07-10T06:25:23+00:00\",\"dateModified\":\"2024-09-19T12:20:41+00:00\",\"breadcrumb\":{\"@id\":\"https:\\\/\\\/www.entreculturas.org\\\/ca\\\/noticia\\\/anna-sabate-volpa-en-uganda\\\/#breadcrumb\"},\"inLanguage\":\"ca\",\"potentialAction\":[{\"@type\":\"ReadAction\",\"target\":[\"https:\\\/\\\/www.entreculturas.org\\\/ca\\\/noticia\\\/anna-sabate-volpa-en-uganda\\\/\"]}]},{\"@type\":\"ImageObject\",\"inLanguage\":\"ca\",\"@id\":\"https:\\\/\\\/www.entreculturas.org\\\/ca\\\/noticia\\\/anna-sabate-volpa-en-uganda\\\/#primaryimage\",\"url\":\"https:\\\/\\\/www.entreculturas.org\\\/wp-content\\\/uploads\\\/2023\\\/12\\\/anna_h._pic_jardi-e1726748427600.jpg\",\"contentUrl\":\"https:\\\/\\\/www.entreculturas.org\\\/wp-content\\\/uploads\\\/2023\\\/12\\\/anna_h._pic_jardi-e1726748427600.jpg\",\"width\":800,\"height\":584},{\"@type\":\"BreadcrumbList\",\"@id\":\"https:\\\/\\\/www.entreculturas.org\\\/ca\\\/noticia\\\/anna-sabate-volpa-en-uganda\\\/#breadcrumb\",\"itemListElement\":[{\"@type\":\"ListItem\",\"position\":1,\"name\":\"Home\",\"item\":\"https:\\\/\\\/www.entreculturas.org\\\/ca\\\/\"},{\"@type\":\"ListItem\",\"position\":2,\"name\":\"Noticias\",\"item\":\"https:\\\/\\\/www.entreculturas.org\\\/ca\\\/noticias\\\/\"},{\"@type\":\"ListItem\",\"position\":3,\"name\":\"Anna Sabat\u00e9 | VOLPA en Uganda\"}]},{\"@type\":\"WebSite\",\"@id\":\"https:\\\/\\\/www.entreculturas.org\\\/ca\\\/#website\",\"url\":\"https:\\\/\\\/www.entreculturas.org\\\/ca\\\/\",\"name\":\"Entreculturas\",\"description\":\"\",\"publisher\":{\"@id\":\"https:\\\/\\\/www.entreculturas.org\\\/ca\\\/#organization\"},\"alternateName\":\"Entreculturas\",\"potentialAction\":[{\"@type\":\"SearchAction\",\"target\":{\"@type\":\"EntryPoint\",\"urlTemplate\":\"https:\\\/\\\/www.entreculturas.org\\\/ca\\\/?s={search_term_string}\"},\"query-input\":{\"@type\":\"PropertyValueSpecification\",\"valueRequired\":true,\"valueName\":\"search_term_string\"}}],\"inLanguage\":\"ca\"},{\"@type\":\"Organization\",\"@id\":\"https:\\\/\\\/www.entreculturas.org\\\/ca\\\/#organization\",\"name\":\"Entreculturas\",\"url\":\"https:\\\/\\\/www.entreculturas.org\\\/ca\\\/\",\"logo\":{\"@type\":\"ImageObject\",\"inLanguage\":\"ca\",\"@id\":\"https:\\\/\\\/www.entreculturas.org\\\/ca\\\/#\\\/schema\\\/logo\\\/image\\\/\",\"url\":\"https:\\\/\\\/www.entreculturas.org\\\/wp-content\\\/uploads\\\/2025\\\/10\\\/ESP.svg\",\"contentUrl\":\"https:\\\/\\\/www.entreculturas.org\\\/wp-content\\\/uploads\\\/2025\\\/10\\\/ESP.svg\",\"caption\":\"Entreculturas\"},\"image\":{\"@id\":\"https:\\\/\\\/www.entreculturas.org\\\/ca\\\/#\\\/schema\\\/logo\\\/image\\\/\"},\"sameAs\":[\"https:\\\/\\\/www.facebook.com\\\/entreculturas\",\"https:\\\/\\\/x.com\\\/Entreculturas\",\"https:\\\/\\\/www.instagram.com\\\/entreculturas\\\/\",\"https:\\\/\\\/www.youtube.com\\\/user\\\/entreculturasvideo\",\"https:\\\/\\\/www.linkedin.com\\\/company\\\/fundacion-entreculturas-ngdo\\\/\",\"https:\\\/\\\/www.flickr.com\\\/photos\\\/98455522@N04\\\/albums\\\/\"]}]}<\/script>\n<!-- \/ Yoast SEO Premium plugin. -->","yoast_head_json":{"title":"Anna Sabat\u00e9 | VOLPA en Uganda - Entreculturas","robots":{"index":"index","follow":"follow","max-snippet":"max-snippet:-1","max-image-preview":"max-image-preview:large","max-video-preview":"max-video-preview:-1"},"canonical":"https:\/\/www.entreculturas.org\/ca\/noticia\/anna-sabate-volpa-en-uganda\/","og_locale":"ca_ES","og_type":"article","og_title":"Anna Sabat\u00e9 | VOLPA en Uganda","og_description":"Me llamo Anna e hice el voluntariado VOLPA en Kampala, Uganda. Conoc\u00ed VOLPA porque realic\u00e9 mis estudios con los jesuitas. Adem\u00e1s form\u00e9 parte del Casal Loiola, un casal que est\u00e1 relacionado con los jesuitas, en el cual la comunidad de j\u00f3venes es bastante grande, y VOLPA era una experiencia muy conocida all\u00ed. Al principio nunca me plante\u00e9 hacer el voluntariado VOLPA, no entraba dentro de la vida rutinaria que ten\u00eda. Estudi\u00e9 doble carrera en Derecho y Relaciones Laborales, al salir encontr\u00e9 un trabajo muy estable con un sueldo muy atractivo, estaba viviendo con mi novio, era profesional de voleibol&#8230; Pero sent\u00eda que Dios me ped\u00eda que hiciera algo m\u00e1s. As\u00ed que finalmente decid\u00ed apuntarme a VOLPA.&nbsp; Fui destinada al Departamento de Recursos Humanos de JRS en Uganda, Kampala. Uganda es un pa\u00eds s\u00faper acogedor con las personas refugiadas, aunque les cuesta mucho encontrar un trabajo porque no tienen formaci\u00f3n o [&hellip;]","og_url":"https:\/\/www.entreculturas.org\/ca\/noticia\/anna-sabate-volpa-en-uganda\/","og_site_name":"Entreculturas","article_publisher":"https:\/\/www.facebook.com\/entreculturas","article_modified_time":"2024-09-19T12:20:41+00:00","og_image":[{"width":800,"height":584,"url":"https:\/\/www.entreculturas.org\/wp-content\/uploads\/2023\/12\/anna_h._pic_jardi-e1726748427600.jpg","type":"image\/jpeg"}],"twitter_card":"summary_large_image","twitter_site":"@Entreculturas","schema":{"@context":"https:\/\/schema.org","@graph":[{"@type":"WebPage","@id":"https:\/\/www.entreculturas.org\/ca\/noticia\/anna-sabate-volpa-en-uganda\/","url":"https:\/\/www.entreculturas.org\/ca\/noticia\/anna-sabate-volpa-en-uganda\/","name":"Anna Sabat\u00e9 | VOLPA en Uganda - Entreculturas","isPartOf":{"@id":"https:\/\/www.entreculturas.org\/ca\/#website"},"primaryImageOfPage":{"@id":"https:\/\/www.entreculturas.org\/ca\/noticia\/anna-sabate-volpa-en-uganda\/#primaryimage"},"image":{"@id":"https:\/\/www.entreculturas.org\/ca\/noticia\/anna-sabate-volpa-en-uganda\/#primaryimage"},"thumbnailUrl":"https:\/\/www.entreculturas.org\/wp-content\/uploads\/2023\/12\/anna_h._pic_jardi-e1726748427600.jpg","datePublished":"2023-07-10T06:25:23+00:00","dateModified":"2024-09-19T12:20:41+00:00","breadcrumb":{"@id":"https:\/\/www.entreculturas.org\/ca\/noticia\/anna-sabate-volpa-en-uganda\/#breadcrumb"},"inLanguage":"ca","potentialAction":[{"@type":"ReadAction","target":["https:\/\/www.entreculturas.org\/ca\/noticia\/anna-sabate-volpa-en-uganda\/"]}]},{"@type":"ImageObject","inLanguage":"ca","@id":"https:\/\/www.entreculturas.org\/ca\/noticia\/anna-sabate-volpa-en-uganda\/#primaryimage","url":"https:\/\/www.entreculturas.org\/wp-content\/uploads\/2023\/12\/anna_h._pic_jardi-e1726748427600.jpg","contentUrl":"https:\/\/www.entreculturas.org\/wp-content\/uploads\/2023\/12\/anna_h._pic_jardi-e1726748427600.jpg","width":800,"height":584},{"@type":"BreadcrumbList","@id":"https:\/\/www.entreculturas.org\/ca\/noticia\/anna-sabate-volpa-en-uganda\/#breadcrumb","itemListElement":[{"@type":"ListItem","position":1,"name":"Home","item":"https:\/\/www.entreculturas.org\/ca\/"},{"@type":"ListItem","position":2,"name":"Noticias","item":"https:\/\/www.entreculturas.org\/ca\/noticias\/"},{"@type":"ListItem","position":3,"name":"Anna Sabat\u00e9 | VOLPA en Uganda"}]},{"@type":"WebSite","@id":"https:\/\/www.entreculturas.org\/ca\/#website","url":"https:\/\/www.entreculturas.org\/ca\/","name":"Entreculturas","description":"","publisher":{"@id":"https:\/\/www.entreculturas.org\/ca\/#organization"},"alternateName":"Entreculturas","potentialAction":[{"@type":"SearchAction","target":{"@type":"EntryPoint","urlTemplate":"https:\/\/www.entreculturas.org\/ca\/?s={search_term_string}"},"query-input":{"@type":"PropertyValueSpecification","valueRequired":true,"valueName":"search_term_string"}}],"inLanguage":"ca"},{"@type":"Organization","@id":"https:\/\/www.entreculturas.org\/ca\/#organization","name":"Entreculturas","url":"https:\/\/www.entreculturas.org\/ca\/","logo":{"@type":"ImageObject","inLanguage":"ca","@id":"https:\/\/www.entreculturas.org\/ca\/#\/schema\/logo\/image\/","url":"https:\/\/www.entreculturas.org\/wp-content\/uploads\/2025\/10\/ESP.svg","contentUrl":"https:\/\/www.entreculturas.org\/wp-content\/uploads\/2025\/10\/ESP.svg","caption":"Entreculturas"},"image":{"@id":"https:\/\/www.entreculturas.org\/ca\/#\/schema\/logo\/image\/"},"sameAs":["https:\/\/www.facebook.com\/entreculturas","https:\/\/x.com\/Entreculturas","https:\/\/www.instagram.com\/entreculturas\/","https:\/\/www.youtube.com\/user\/entreculturasvideo","https:\/\/www.linkedin.com\/company\/fundacion-entreculturas-ngdo\/","https:\/\/www.flickr.com\/photos\/98455522@N04\/albums\/"]}]}},"_links":{"self":[{"href":"https:\/\/www.entreculturas.org\/ca\/wp-json\/wp\/v2\/noticia\/9724","targetHints":{"allow":["GET"]}}],"collection":[{"href":"https:\/\/www.entreculturas.org\/ca\/wp-json\/wp\/v2\/noticia"}],"about":[{"href":"https:\/\/www.entreculturas.org\/ca\/wp-json\/wp\/v2\/types\/noticia"}],"wp:featuredmedia":[{"embeddable":true,"href":"https:\/\/www.entreculturas.org\/ca\/wp-json\/wp\/v2\/media\/9725"}],"wp:attachment":[{"href":"https:\/\/www.entreculturas.org\/ca\/wp-json\/wp\/v2\/media?parent=9724"}],"wp:term":[{"taxonomy":"category","embeddable":true,"href":"https:\/\/www.entreculturas.org\/ca\/wp-json\/wp\/v2\/categories?post=9724"},{"taxonomy":"post_tag","embeddable":true,"href":"https:\/\/www.entreculturas.org\/ca\/wp-json\/wp\/v2\/tags?post=9724"},{"taxonomy":"country","embeddable":true,"href":"https:\/\/www.entreculturas.org\/ca\/wp-json\/wp\/v2\/country?post=9724"},{"taxonomy":"cause","embeddable":true,"href":"https:\/\/www.entreculturas.org\/ca\/wp-json\/wp\/v2\/cause?post=9724"}],"curies":[{"name":"wp","href":"https:\/\/api.w.org\/{rel}","templated":true}]}}