{"id":9722,"date":"2023-07-10T08:21:08","date_gmt":"2023-07-10T06:21:08","guid":{"rendered":"https:\/\/www.entreculturas.org\/publicacion\/fatima-de-gracia-lucas-palacios-profesora-voluntaria-de\/"},"modified":"2024-09-17T13:21:37","modified_gmt":"2024-09-17T11:21:37","slug":"fatima-de-gracia-lucas-palacios-profesora-voluntaria-de","status":"publish","type":"noticia","link":"https:\/\/www.entreculturas.org\/ca\/noticia\/fatima-de-gracia-lucas-palacios-profesora-voluntaria-de\/","title":{"rendered":"F\u00e1tima de Gracia Lucas Palacios | Profesora Voluntaria de la Red Solidaria de J\u00f3venes"},"content":{"rendered":"<p>F\u00e1tima en Licenciada en Qu\u00edmica y Diplomada en Ciencias Religiosas. En su tiempo libre le gusta mucho hacer senderismo, disfruta con todo lo que tenga que ver con el trabajo manual. Y en otro orden de cosas acompa\u00f1o a un grupo de j\u00f3venes en el tema de la fe.<\/p>\n<p><strong>C\u00f3mo conociste la Red \u00bfA trav\u00e9s de Entreculturas?<\/strong><br \/>Pues fue de una manera muy bonita. Una buena amiga me hablaba de la experiencia de la RSJ, mientras hac\u00edamos el Camino de Santiago. Yo me negaba porque los d\u00edas s\u00f3lo ten\u00edan 24 h. pero sensatamente me anim\u00f3 y me dijo que se trataba de darle forma y organizar de una manera m\u00e1s sistem\u00e1tica lo que ya hac\u00eda con mis alumnos. Eso no me tranquiliz\u00f3 mucho porque me sonaba a burocracia y no me llevo muy bien con ella. Pero Pilar, supo tocar la tecla que yo necesitaba escuchar y sigui\u00f3\u2026 \u201cEstar\u00e1s acompa\u00f1ada por la ONG Entreculturas en todo tu trabajo y tus alumnos y alumnas intercambiar\u00e1n experiencias con otros j\u00f3venes como ellos, con las mismas inquietudes, no os sentir\u00e9is los y las locas del lugar\u201d Pilar me hablaba de forma personal, pero persona inseparable de Entreculturas en Extremadura.<\/p>\n<p><strong>\u00bfCu\u00e1nto tiempo y con qu\u00e9 rol est\u00e1s vinculada a la RSJ en Extremadura?&nbsp;<\/strong><br \/>Participo en la RSJ desde el 2013 como coordinadora en cada uno de los centros en los que he estado. Del 2013 al 2018 en el IES Mel\u00e9ndez Vald\u00e9s de Villafranca de los Barros, en el curso 2018\/2019 en IES Fern\u00e1ndez Santana de los Santos de Maimona y desde septiembre del 2019 en el IES Rodr\u00edguez Mo\u00f1ino de Badajoz<\/p>\n<p><strong>En estos a\u00f1os \u00bfcu\u00e1les dir\u00edas que han sido los principales aprendizajes, especialmente en el \u00e1mbito intercultural?<\/strong><br \/>He aprendido que entre los y las j\u00f3venes tenemos una fuente de riqueza inagotable. Ellos y ellas tienen el mayor tesoro: una mezcla entre rebeld\u00eda e ilusi\u00f3n. Una combinaci\u00f3n perfecta para ponerla al servicio de un mundo mejor. Est\u00e1n \u00e1vidos de ofertas diferentes, critican el mundo que les ha tocado y quieren cambiarlo, est\u00e1n pidiendo a gritos ser protagonistas de un cambio social. Un cambio que va m\u00e1s all\u00e1 de su Centro educativo, su barrio o su ciudad. Un cambio que no para en las fronteras, sino que las considera oportunidades para aprender y crecer.<\/p>\n<p><strong>\u00bfCu\u00e1l consideras que es el mayor aporte de la Red Generaci\u00f3n 21+ (y por tanto la posibilidad de intercambio entre j\u00f3venes promotores de ciudadan\u00eda global de diferentes contextos) a la Red Solidaria de J\u00f3venes?<\/strong><br \/>Creo que la idea principal puede ser la conciencia de ciudadan\u00eda global. Formar parte de esa gran Red, les permite ampliar horizontes y sentirse realmente parte de un mismo mundo, lo que a la vez les fortalece para protagonizar el cambio.<\/p>\n<p><strong>\u00bfC\u00f3mo crees que aporta la diversidad cultural en la construcci\u00f3n de ciudadan\u00eda global?<\/strong><br \/>De una manera muy positiva. El mundo no es homog\u00e9neo, tenemos mucho que aprender unos de otros y eso s\u00f3lo se aprende conviviendo. La \u00fanica manera de conseguir de forma real una ciudadan\u00eda global es implementando las diferencias, la diversidad. Si no es as\u00ed, ser\u00e1 pura teor\u00eda.<\/p>\n<p><strong>Ante la celebraci\u00f3n del d\u00eda internacional de las personas refugiadas, \u00bfqu\u00e9 mensaje lanzar\u00edas a otros educadores y educadoras sobre acogida y participaci\u00f3n juvenil?<\/strong><br \/>La educaci\u00f3n pasa por una cultura de acogida.<\/p>\n","protected":false},"excerpt":{"rendered":"<p>F\u00e1tima en Licenciada en Qu\u00edmica y Diplomada en Ciencias Religiosas. En su tiempo libre le gusta mucho hacer senderismo, disfruta con todo lo que tenga que ver con el trabajo manual. Y en otro orden de cosas acompa\u00f1o a un grupo de j\u00f3venes en el tema de la fe. C\u00f3mo conociste la Red \u00bfA trav\u00e9s de Entreculturas?Pues fue de una manera muy bonita. Una buena amiga me hablaba de la experiencia de la RSJ, mientras hac\u00edamos el Camino de Santiago. Yo me negaba porque los d\u00edas s\u00f3lo ten\u00edan 24 h. pero sensatamente me anim\u00f3 y me dijo que se trataba de darle forma y organizar de una manera m\u00e1s sistem\u00e1tica lo que ya hac\u00eda con mis alumnos. Eso no me tranquiliz\u00f3 mucho porque me sonaba a burocracia y no me llevo muy bien con ella. Pero Pilar, supo tocar la tecla que yo necesitaba escuchar y sigui\u00f3\u2026 \u201cEstar\u00e1s acompa\u00f1ada por [&hellip;]<\/p>\n","protected":false},"featured_media":9723,"template":"single-noticia","meta":{"_acf_changed":false},"categories":[7],"tags":[191],"country":[],"cause":[],"class_list":["post-9722","noticia","type-noticia","status-publish","has-post-thumbnail","hentry","category-noticia","tag-voluntariado"],"acf":[],"yoast_head":"<!-- This site is optimized with the Yoast SEO Premium plugin v21.6 (Yoast SEO v27.5) - https:\/\/yoast.com\/product\/yoast-seo-premium-wordpress\/ -->\n<title>F\u00e1tima de Gracia Lucas Palacios | Profesora Voluntaria de la Red Solidaria de J\u00f3venes - Entreculturas<\/title>\n<meta name=\"robots\" content=\"index, follow, max-snippet:-1, max-image-preview:large, max-video-preview:-1\" \/>\n<link rel=\"canonical\" href=\"https:\/\/www.entreculturas.org\/ca\/noticia\/fatima-de-gracia-lucas-palacios-profesora-voluntaria-de\/\" \/>\n<meta property=\"og:locale\" content=\"ca_ES\" \/>\n<meta property=\"og:type\" content=\"article\" \/>\n<meta property=\"og:title\" content=\"F\u00e1tima de Gracia Lucas Palacios | Profesora Voluntaria de la Red Solidaria de J\u00f3venes\" \/>\n<meta property=\"og:description\" content=\"F\u00e1tima en Licenciada en Qu\u00edmica y Diplomada en Ciencias Religiosas. En su tiempo libre le gusta mucho hacer senderismo, disfruta con todo lo que tenga que ver con el trabajo manual. Y en otro orden de cosas acompa\u00f1o a un grupo de j\u00f3venes en el tema de la fe. C\u00f3mo conociste la Red \u00bfA trav\u00e9s de Entreculturas?Pues fue de una manera muy bonita. Una buena amiga me hablaba de la experiencia de la RSJ, mientras hac\u00edamos el Camino de Santiago. Yo me negaba porque los d\u00edas s\u00f3lo ten\u00edan 24 h. pero sensatamente me anim\u00f3 y me dijo que se trataba de darle forma y organizar de una manera m\u00e1s sistem\u00e1tica lo que ya hac\u00eda con mis alumnos. Eso no me tranquiliz\u00f3 mucho porque me sonaba a burocracia y no me llevo muy bien con ella. Pero Pilar, supo tocar la tecla que yo necesitaba escuchar y sigui\u00f3\u2026 \u201cEstar\u00e1s acompa\u00f1ada por [&hellip;]\" \/>\n<meta property=\"og:url\" content=\"https:\/\/www.entreculturas.org\/ca\/noticia\/fatima-de-gracia-lucas-palacios-profesora-voluntaria-de\/\" \/>\n<meta property=\"og:site_name\" content=\"Entreculturas\" \/>\n<meta property=\"article:publisher\" content=\"https:\/\/www.facebook.com\/entreculturas\" \/>\n<meta property=\"article:modified_time\" content=\"2024-09-17T11:21:37+00:00\" \/>\n<meta property=\"og:image\" content=\"https:\/\/www.entreculturas.org\/wp-content\/uploads\/2023\/12\/gatima_redec.jpg\" \/>\n\t<meta property=\"og:image:width\" content=\"800\" \/>\n\t<meta property=\"og:image:height\" content=\"665\" \/>\n\t<meta property=\"og:image:type\" content=\"image\/jpeg\" \/>\n<meta name=\"twitter:card\" content=\"summary_large_image\" \/>\n<meta name=\"twitter:site\" content=\"@Entreculturas\" \/>\n<script type=\"application\/ld+json\" class=\"yoast-schema-graph\">{\"@context\":\"https:\\\/\\\/schema.org\",\"@graph\":[{\"@type\":\"WebPage\",\"@id\":\"https:\\\/\\\/www.entreculturas.org\\\/ca\\\/noticia\\\/fatima-de-gracia-lucas-palacios-profesora-voluntaria-de\\\/\",\"url\":\"https:\\\/\\\/www.entreculturas.org\\\/ca\\\/noticia\\\/fatima-de-gracia-lucas-palacios-profesora-voluntaria-de\\\/\",\"name\":\"F\u00e1tima de Gracia Lucas Palacios | Profesora Voluntaria de la Red Solidaria de J\u00f3venes - Entreculturas\",\"isPartOf\":{\"@id\":\"https:\\\/\\\/www.entreculturas.org\\\/ca\\\/#website\"},\"primaryImageOfPage\":{\"@id\":\"https:\\\/\\\/www.entreculturas.org\\\/ca\\\/noticia\\\/fatima-de-gracia-lucas-palacios-profesora-voluntaria-de\\\/#primaryimage\"},\"image\":{\"@id\":\"https:\\\/\\\/www.entreculturas.org\\\/ca\\\/noticia\\\/fatima-de-gracia-lucas-palacios-profesora-voluntaria-de\\\/#primaryimage\"},\"thumbnailUrl\":\"https:\\\/\\\/www.entreculturas.org\\\/wp-content\\\/uploads\\\/2023\\\/12\\\/gatima_redec.jpg\",\"datePublished\":\"2023-07-10T06:21:08+00:00\",\"dateModified\":\"2024-09-17T11:21:37+00:00\",\"breadcrumb\":{\"@id\":\"https:\\\/\\\/www.entreculturas.org\\\/ca\\\/noticia\\\/fatima-de-gracia-lucas-palacios-profesora-voluntaria-de\\\/#breadcrumb\"},\"inLanguage\":\"ca\",\"potentialAction\":[{\"@type\":\"ReadAction\",\"target\":[\"https:\\\/\\\/www.entreculturas.org\\\/ca\\\/noticia\\\/fatima-de-gracia-lucas-palacios-profesora-voluntaria-de\\\/\"]}]},{\"@type\":\"ImageObject\",\"inLanguage\":\"ca\",\"@id\":\"https:\\\/\\\/www.entreculturas.org\\\/ca\\\/noticia\\\/fatima-de-gracia-lucas-palacios-profesora-voluntaria-de\\\/#primaryimage\",\"url\":\"https:\\\/\\\/www.entreculturas.org\\\/wp-content\\\/uploads\\\/2023\\\/12\\\/gatima_redec.jpg\",\"contentUrl\":\"https:\\\/\\\/www.entreculturas.org\\\/wp-content\\\/uploads\\\/2023\\\/12\\\/gatima_redec.jpg\",\"width\":800,\"height\":665},{\"@type\":\"BreadcrumbList\",\"@id\":\"https:\\\/\\\/www.entreculturas.org\\\/ca\\\/noticia\\\/fatima-de-gracia-lucas-palacios-profesora-voluntaria-de\\\/#breadcrumb\",\"itemListElement\":[{\"@type\":\"ListItem\",\"position\":1,\"name\":\"Home\",\"item\":\"https:\\\/\\\/www.entreculturas.org\\\/ca\\\/\"},{\"@type\":\"ListItem\",\"position\":2,\"name\":\"Noticias\",\"item\":\"https:\\\/\\\/www.entreculturas.org\\\/ca\\\/noticias\\\/\"},{\"@type\":\"ListItem\",\"position\":3,\"name\":\"F\u00e1tima de Gracia Lucas Palacios | Profesora Voluntaria de la Red Solidaria de J\u00f3venes\"}]},{\"@type\":\"WebSite\",\"@id\":\"https:\\\/\\\/www.entreculturas.org\\\/ca\\\/#website\",\"url\":\"https:\\\/\\\/www.entreculturas.org\\\/ca\\\/\",\"name\":\"Entreculturas\",\"description\":\"\",\"publisher\":{\"@id\":\"https:\\\/\\\/www.entreculturas.org\\\/ca\\\/#organization\"},\"alternateName\":\"Entreculturas\",\"potentialAction\":[{\"@type\":\"SearchAction\",\"target\":{\"@type\":\"EntryPoint\",\"urlTemplate\":\"https:\\\/\\\/www.entreculturas.org\\\/ca\\\/?s={search_term_string}\"},\"query-input\":{\"@type\":\"PropertyValueSpecification\",\"valueRequired\":true,\"valueName\":\"search_term_string\"}}],\"inLanguage\":\"ca\"},{\"@type\":\"Organization\",\"@id\":\"https:\\\/\\\/www.entreculturas.org\\\/ca\\\/#organization\",\"name\":\"Entreculturas\",\"url\":\"https:\\\/\\\/www.entreculturas.org\\\/ca\\\/\",\"logo\":{\"@type\":\"ImageObject\",\"inLanguage\":\"ca\",\"@id\":\"https:\\\/\\\/www.entreculturas.org\\\/ca\\\/#\\\/schema\\\/logo\\\/image\\\/\",\"url\":\"https:\\\/\\\/www.entreculturas.org\\\/wp-content\\\/uploads\\\/2025\\\/10\\\/ESP.svg\",\"contentUrl\":\"https:\\\/\\\/www.entreculturas.org\\\/wp-content\\\/uploads\\\/2025\\\/10\\\/ESP.svg\",\"caption\":\"Entreculturas\"},\"image\":{\"@id\":\"https:\\\/\\\/www.entreculturas.org\\\/ca\\\/#\\\/schema\\\/logo\\\/image\\\/\"},\"sameAs\":[\"https:\\\/\\\/www.facebook.com\\\/entreculturas\",\"https:\\\/\\\/x.com\\\/Entreculturas\",\"https:\\\/\\\/www.instagram.com\\\/entreculturas\\\/\",\"https:\\\/\\\/www.youtube.com\\\/user\\\/entreculturasvideo\",\"https:\\\/\\\/www.linkedin.com\\\/company\\\/fundacion-entreculturas-ngdo\\\/\",\"https:\\\/\\\/www.flickr.com\\\/photos\\\/98455522@N04\\\/albums\\\/\"]}]}<\/script>\n<!-- \/ Yoast SEO Premium plugin. -->","yoast_head_json":{"title":"F\u00e1tima de Gracia Lucas Palacios | Profesora Voluntaria de la Red Solidaria de J\u00f3venes - Entreculturas","robots":{"index":"index","follow":"follow","max-snippet":"max-snippet:-1","max-image-preview":"max-image-preview:large","max-video-preview":"max-video-preview:-1"},"canonical":"https:\/\/www.entreculturas.org\/ca\/noticia\/fatima-de-gracia-lucas-palacios-profesora-voluntaria-de\/","og_locale":"ca_ES","og_type":"article","og_title":"F\u00e1tima de Gracia Lucas Palacios | Profesora Voluntaria de la Red Solidaria de J\u00f3venes","og_description":"F\u00e1tima en Licenciada en Qu\u00edmica y Diplomada en Ciencias Religiosas. En su tiempo libre le gusta mucho hacer senderismo, disfruta con todo lo que tenga que ver con el trabajo manual. Y en otro orden de cosas acompa\u00f1o a un grupo de j\u00f3venes en el tema de la fe. C\u00f3mo conociste la Red \u00bfA trav\u00e9s de Entreculturas?Pues fue de una manera muy bonita. Una buena amiga me hablaba de la experiencia de la RSJ, mientras hac\u00edamos el Camino de Santiago. Yo me negaba porque los d\u00edas s\u00f3lo ten\u00edan 24 h. pero sensatamente me anim\u00f3 y me dijo que se trataba de darle forma y organizar de una manera m\u00e1s sistem\u00e1tica lo que ya hac\u00eda con mis alumnos. Eso no me tranquiliz\u00f3 mucho porque me sonaba a burocracia y no me llevo muy bien con ella. Pero Pilar, supo tocar la tecla que yo necesitaba escuchar y sigui\u00f3\u2026 \u201cEstar\u00e1s acompa\u00f1ada por [&hellip;]","og_url":"https:\/\/www.entreculturas.org\/ca\/noticia\/fatima-de-gracia-lucas-palacios-profesora-voluntaria-de\/","og_site_name":"Entreculturas","article_publisher":"https:\/\/www.facebook.com\/entreculturas","article_modified_time":"2024-09-17T11:21:37+00:00","og_image":[{"width":800,"height":665,"url":"https:\/\/www.entreculturas.org\/wp-content\/uploads\/2023\/12\/gatima_redec.jpg","type":"image\/jpeg"}],"twitter_card":"summary_large_image","twitter_site":"@Entreculturas","schema":{"@context":"https:\/\/schema.org","@graph":[{"@type":"WebPage","@id":"https:\/\/www.entreculturas.org\/ca\/noticia\/fatima-de-gracia-lucas-palacios-profesora-voluntaria-de\/","url":"https:\/\/www.entreculturas.org\/ca\/noticia\/fatima-de-gracia-lucas-palacios-profesora-voluntaria-de\/","name":"F\u00e1tima de Gracia Lucas Palacios | Profesora Voluntaria de la Red Solidaria de J\u00f3venes - Entreculturas","isPartOf":{"@id":"https:\/\/www.entreculturas.org\/ca\/#website"},"primaryImageOfPage":{"@id":"https:\/\/www.entreculturas.org\/ca\/noticia\/fatima-de-gracia-lucas-palacios-profesora-voluntaria-de\/#primaryimage"},"image":{"@id":"https:\/\/www.entreculturas.org\/ca\/noticia\/fatima-de-gracia-lucas-palacios-profesora-voluntaria-de\/#primaryimage"},"thumbnailUrl":"https:\/\/www.entreculturas.org\/wp-content\/uploads\/2023\/12\/gatima_redec.jpg","datePublished":"2023-07-10T06:21:08+00:00","dateModified":"2024-09-17T11:21:37+00:00","breadcrumb":{"@id":"https:\/\/www.entreculturas.org\/ca\/noticia\/fatima-de-gracia-lucas-palacios-profesora-voluntaria-de\/#breadcrumb"},"inLanguage":"ca","potentialAction":[{"@type":"ReadAction","target":["https:\/\/www.entreculturas.org\/ca\/noticia\/fatima-de-gracia-lucas-palacios-profesora-voluntaria-de\/"]}]},{"@type":"ImageObject","inLanguage":"ca","@id":"https:\/\/www.entreculturas.org\/ca\/noticia\/fatima-de-gracia-lucas-palacios-profesora-voluntaria-de\/#primaryimage","url":"https:\/\/www.entreculturas.org\/wp-content\/uploads\/2023\/12\/gatima_redec.jpg","contentUrl":"https:\/\/www.entreculturas.org\/wp-content\/uploads\/2023\/12\/gatima_redec.jpg","width":800,"height":665},{"@type":"BreadcrumbList","@id":"https:\/\/www.entreculturas.org\/ca\/noticia\/fatima-de-gracia-lucas-palacios-profesora-voluntaria-de\/#breadcrumb","itemListElement":[{"@type":"ListItem","position":1,"name":"Home","item":"https:\/\/www.entreculturas.org\/ca\/"},{"@type":"ListItem","position":2,"name":"Noticias","item":"https:\/\/www.entreculturas.org\/ca\/noticias\/"},{"@type":"ListItem","position":3,"name":"F\u00e1tima de Gracia Lucas Palacios | Profesora Voluntaria de la Red Solidaria de J\u00f3venes"}]},{"@type":"WebSite","@id":"https:\/\/www.entreculturas.org\/ca\/#website","url":"https:\/\/www.entreculturas.org\/ca\/","name":"Entreculturas","description":"","publisher":{"@id":"https:\/\/www.entreculturas.org\/ca\/#organization"},"alternateName":"Entreculturas","potentialAction":[{"@type":"SearchAction","target":{"@type":"EntryPoint","urlTemplate":"https:\/\/www.entreculturas.org\/ca\/?s={search_term_string}"},"query-input":{"@type":"PropertyValueSpecification","valueRequired":true,"valueName":"search_term_string"}}],"inLanguage":"ca"},{"@type":"Organization","@id":"https:\/\/www.entreculturas.org\/ca\/#organization","name":"Entreculturas","url":"https:\/\/www.entreculturas.org\/ca\/","logo":{"@type":"ImageObject","inLanguage":"ca","@id":"https:\/\/www.entreculturas.org\/ca\/#\/schema\/logo\/image\/","url":"https:\/\/www.entreculturas.org\/wp-content\/uploads\/2025\/10\/ESP.svg","contentUrl":"https:\/\/www.entreculturas.org\/wp-content\/uploads\/2025\/10\/ESP.svg","caption":"Entreculturas"},"image":{"@id":"https:\/\/www.entreculturas.org\/ca\/#\/schema\/logo\/image\/"},"sameAs":["https:\/\/www.facebook.com\/entreculturas","https:\/\/x.com\/Entreculturas","https:\/\/www.instagram.com\/entreculturas\/","https:\/\/www.youtube.com\/user\/entreculturasvideo","https:\/\/www.linkedin.com\/company\/fundacion-entreculturas-ngdo\/","https:\/\/www.flickr.com\/photos\/98455522@N04\/albums\/"]}]}},"_links":{"self":[{"href":"https:\/\/www.entreculturas.org\/ca\/wp-json\/wp\/v2\/noticia\/9722","targetHints":{"allow":["GET"]}}],"collection":[{"href":"https:\/\/www.entreculturas.org\/ca\/wp-json\/wp\/v2\/noticia"}],"about":[{"href":"https:\/\/www.entreculturas.org\/ca\/wp-json\/wp\/v2\/types\/noticia"}],"wp:featuredmedia":[{"embeddable":true,"href":"https:\/\/www.entreculturas.org\/ca\/wp-json\/wp\/v2\/media\/9723"}],"wp:attachment":[{"href":"https:\/\/www.entreculturas.org\/ca\/wp-json\/wp\/v2\/media?parent=9722"}],"wp:term":[{"taxonomy":"category","embeddable":true,"href":"https:\/\/www.entreculturas.org\/ca\/wp-json\/wp\/v2\/categories?post=9722"},{"taxonomy":"post_tag","embeddable":true,"href":"https:\/\/www.entreculturas.org\/ca\/wp-json\/wp\/v2\/tags?post=9722"},{"taxonomy":"country","embeddable":true,"href":"https:\/\/www.entreculturas.org\/ca\/wp-json\/wp\/v2\/country?post=9722"},{"taxonomy":"cause","embeddable":true,"href":"https:\/\/www.entreculturas.org\/ca\/wp-json\/wp\/v2\/cause?post=9722"}],"curies":[{"name":"wp","href":"https:\/\/api.w.org\/{rel}","templated":true}]}}