{"id":9615,"date":"2020-12-11T12:13:33","date_gmt":"2020-12-11T11:13:33","guid":{"rendered":"https:\/\/www.entreculturas.org\/publicacion\/bene-galan-voluntaria-de-la-delegacion-de-extremadura\/"},"modified":"2024-09-20T13:11:29","modified_gmt":"2024-09-20T11:11:29","slug":"bene-galan-voluntaria-de-la-delegacion-de-extremadura","status":"publish","type":"noticia","link":"https:\/\/www.entreculturas.org\/ca\/noticia\/bene-galan-voluntaria-de-la-delegacion-de-extremadura\/","title":{"rendered":"Bene Gal\u00e1n &#8211; Voluntaria de la Delegaci\u00f3n de Extremadura"},"content":{"rendered":"<p>Soy Bene Gal\u00e1n y soy del mejor pueblo de Extremadura: Talayuela, C\u00e1ceres. Trabajo como Administrativa Contable. Me gusta correr por los Pinares del Ti\u00e9tar, el pulm\u00f3n de este pueblo. <strong>Y dedico mi tiempo a otra de mis pasiones, que es ser voluntaria en la Delegaci\u00f3n de Entreculturas Extremadura<\/strong>, donde desde hace 6 a\u00f1os estoy llevando a cabo la tarea de Delegada.&nbsp;<\/p>\n<p>La pandemia producida por la COVID-19 nos ha dado la vuelta a todos y, como no pod\u00eda ser de otra forma, tambi\u00e9n nos ha volteado en la Delegaci\u00f3n. Tras el primer confinamiento, donde todo qued\u00f3 paralizado, surgi\u00f3 la preocupaci\u00f3n y el deseo de tener informaci\u00f3n de c\u00f3mo est\u00e1bamos personal y familiarmente y, adem\u00e1s, c\u00f3mo lo est\u00e1bamos viviendo y sintiendo en este tiempo. Surgieron los caf\u00e9s virtuales donde compartimos miedos, incertidumbre, preocupaci\u00f3n, por sentirnos cerrados f\u00edsicamente. <strong>La tecnolog\u00eda se convert\u00eda en una ventana abierta al mundo.&nbsp;<\/strong><\/p>\n<p>En materia de Educaci\u00f3n, estamos acompa\u00f1ando a la Red Solidaria de J\u00f3venes y la celebraci\u00f3n virtual de su Asamblea de inicio. En Ecolog\u00eda, hemos realizado el Taller de Compromisos y contamos con el testimonio de Miguel Leria, (Jesuita en la Amazon\u00eda). Y, en Formaci\u00f3n y Voluntariado, acompa\u00f1amos a los voluntarios de la delegaci\u00f3n, preparamos el d\u00eda del voluntariado y el equipo del programa internacional VOLPA sigue reuni\u00e9ndose y formando a los pr\u00f3ximos voluntarios y voluntarias en terreno.&nbsp;<\/p>\n<p><strong>El mayor aprendizaje que me est\u00e1 dejando ser voluntaria es estar&nbsp;conectada a una red de personas que buscan el bien com\u00fan, <\/strong>implicarme en un proyecto donde no voy sola y que pretende no dejar a nadie atr\u00e1s, participar en la construcci\u00f3n de un mundo m\u00e1s humano y m\u00e1s solidario, donde todos y todas tengamos las mismas oportunidades. Sentirme cuidada&nbsp; y valorada,&nbsp; parte de un todo, donde todo est\u00e1 relacionado; cuidarnos y cuidar de nuestra casa com\u00fan y, sobre todo, no callarme ante las injusticias.<\/p>\n","protected":false},"excerpt":{"rendered":"<p>Soy Bene Gal\u00e1n y soy del mejor pueblo de Extremadura: Talayuela, C\u00e1ceres. Trabajo como Administrativa Contable. Me gusta correr por los Pinares del Ti\u00e9tar, el pulm\u00f3n de este pueblo. Y dedico mi tiempo a otra de mis pasiones, que es ser voluntaria en la Delegaci\u00f3n de Entreculturas Extremadura, donde desde hace 6 a\u00f1os estoy llevando a cabo la tarea de Delegada.&nbsp; La pandemia producida por la COVID-19 nos ha dado la vuelta a todos y, como no pod\u00eda ser de otra forma, tambi\u00e9n nos ha volteado en la Delegaci\u00f3n. Tras el primer confinamiento, donde todo qued\u00f3 paralizado, surgi\u00f3 la preocupaci\u00f3n y el deseo de tener informaci\u00f3n de c\u00f3mo est\u00e1bamos personal y familiarmente y, adem\u00e1s, c\u00f3mo lo est\u00e1bamos viviendo y sintiendo en este tiempo. Surgieron los caf\u00e9s virtuales donde compartimos miedos, incertidumbre, preocupaci\u00f3n, por sentirnos cerrados f\u00edsicamente. La tecnolog\u00eda se convert\u00eda en una ventana abierta al mundo.&nbsp; En materia de Educaci\u00f3n, [&hellip;]<\/p>\n","protected":false},"featured_media":9616,"template":"single-noticia","meta":{"_acf_changed":false},"categories":[7],"tags":[191],"country":[],"cause":[],"class_list":["post-9615","noticia","type-noticia","status-publish","has-post-thumbnail","hentry","category-noticia","tag-voluntariado"],"acf":[],"yoast_head":"<!-- This site is optimized with the Yoast SEO Premium plugin v21.6 (Yoast SEO v27.5) - https:\/\/yoast.com\/product\/yoast-seo-premium-wordpress\/ -->\n<title>Bene Gal\u00e1n - Voluntaria de la Delegaci\u00f3n de Extremadura - Entreculturas<\/title>\n<meta name=\"robots\" content=\"index, follow, max-snippet:-1, max-image-preview:large, max-video-preview:-1\" \/>\n<link rel=\"canonical\" href=\"https:\/\/www.entreculturas.org\/ca\/noticia\/bene-galan-voluntaria-de-la-delegacion-de-extremadura\/\" \/>\n<meta property=\"og:locale\" content=\"ca_ES\" \/>\n<meta property=\"og:type\" content=\"article\" \/>\n<meta property=\"og:title\" content=\"Bene Gal\u00e1n - Voluntaria de la Delegaci\u00f3n de Extremadura\" \/>\n<meta property=\"og:description\" content=\"Soy Bene Gal\u00e1n y soy del mejor pueblo de Extremadura: Talayuela, C\u00e1ceres. Trabajo como Administrativa Contable. Me gusta correr por los Pinares del Ti\u00e9tar, el pulm\u00f3n de este pueblo. Y dedico mi tiempo a otra de mis pasiones, que es ser voluntaria en la Delegaci\u00f3n de Entreculturas Extremadura, donde desde hace 6 a\u00f1os estoy llevando a cabo la tarea de Delegada.&nbsp; La pandemia producida por la COVID-19 nos ha dado la vuelta a todos y, como no pod\u00eda ser de otra forma, tambi\u00e9n nos ha volteado en la Delegaci\u00f3n. Tras el primer confinamiento, donde todo qued\u00f3 paralizado, surgi\u00f3 la preocupaci\u00f3n y el deseo de tener informaci\u00f3n de c\u00f3mo est\u00e1bamos personal y familiarmente y, adem\u00e1s, c\u00f3mo lo est\u00e1bamos viviendo y sintiendo en este tiempo. Surgieron los caf\u00e9s virtuales donde compartimos miedos, incertidumbre, preocupaci\u00f3n, por sentirnos cerrados f\u00edsicamente. La tecnolog\u00eda se convert\u00eda en una ventana abierta al mundo.&nbsp; En materia de Educaci\u00f3n, [&hellip;]\" \/>\n<meta property=\"og:url\" content=\"https:\/\/www.entreculturas.org\/ca\/noticia\/bene-galan-voluntaria-de-la-delegacion-de-extremadura\/\" \/>\n<meta property=\"og:site_name\" content=\"Entreculturas\" \/>\n<meta property=\"article:publisher\" content=\"https:\/\/www.facebook.com\/entreculturas\" \/>\n<meta property=\"article:modified_time\" content=\"2024-09-20T11:11:29+00:00\" \/>\n<meta property=\"og:image\" content=\"https:\/\/www.entreculturas.org\/wp-content\/uploads\/2023\/12\/benee_galan-e1726830657240.jpg\" \/>\n\t<meta property=\"og:image:width\" content=\"300\" \/>\n\t<meta property=\"og:image:height\" content=\"211\" \/>\n\t<meta property=\"og:image:type\" content=\"image\/jpeg\" \/>\n<meta name=\"twitter:card\" content=\"summary_large_image\" \/>\n<meta name=\"twitter:site\" content=\"@Entreculturas\" \/>\n<script type=\"application\/ld+json\" class=\"yoast-schema-graph\">{\"@context\":\"https:\\\/\\\/schema.org\",\"@graph\":[{\"@type\":\"WebPage\",\"@id\":\"https:\\\/\\\/www.entreculturas.org\\\/ca\\\/noticia\\\/bene-galan-voluntaria-de-la-delegacion-de-extremadura\\\/\",\"url\":\"https:\\\/\\\/www.entreculturas.org\\\/ca\\\/noticia\\\/bene-galan-voluntaria-de-la-delegacion-de-extremadura\\\/\",\"name\":\"Bene Gal\u00e1n - Voluntaria de la Delegaci\u00f3n de Extremadura - Entreculturas\",\"isPartOf\":{\"@id\":\"https:\\\/\\\/www.entreculturas.org\\\/ca\\\/#website\"},\"primaryImageOfPage\":{\"@id\":\"https:\\\/\\\/www.entreculturas.org\\\/ca\\\/noticia\\\/bene-galan-voluntaria-de-la-delegacion-de-extremadura\\\/#primaryimage\"},\"image\":{\"@id\":\"https:\\\/\\\/www.entreculturas.org\\\/ca\\\/noticia\\\/bene-galan-voluntaria-de-la-delegacion-de-extremadura\\\/#primaryimage\"},\"thumbnailUrl\":\"https:\\\/\\\/www.entreculturas.org\\\/wp-content\\\/uploads\\\/2023\\\/12\\\/benee_galan-e1726830657240.jpg\",\"datePublished\":\"2020-12-11T11:13:33+00:00\",\"dateModified\":\"2024-09-20T11:11:29+00:00\",\"breadcrumb\":{\"@id\":\"https:\\\/\\\/www.entreculturas.org\\\/ca\\\/noticia\\\/bene-galan-voluntaria-de-la-delegacion-de-extremadura\\\/#breadcrumb\"},\"inLanguage\":\"ca\",\"potentialAction\":[{\"@type\":\"ReadAction\",\"target\":[\"https:\\\/\\\/www.entreculturas.org\\\/ca\\\/noticia\\\/bene-galan-voluntaria-de-la-delegacion-de-extremadura\\\/\"]}]},{\"@type\":\"ImageObject\",\"inLanguage\":\"ca\",\"@id\":\"https:\\\/\\\/www.entreculturas.org\\\/ca\\\/noticia\\\/bene-galan-voluntaria-de-la-delegacion-de-extremadura\\\/#primaryimage\",\"url\":\"https:\\\/\\\/www.entreculturas.org\\\/wp-content\\\/uploads\\\/2023\\\/12\\\/benee_galan-e1726830657240.jpg\",\"contentUrl\":\"https:\\\/\\\/www.entreculturas.org\\\/wp-content\\\/uploads\\\/2023\\\/12\\\/benee_galan-e1726830657240.jpg\",\"width\":300,\"height\":211},{\"@type\":\"BreadcrumbList\",\"@id\":\"https:\\\/\\\/www.entreculturas.org\\\/ca\\\/noticia\\\/bene-galan-voluntaria-de-la-delegacion-de-extremadura\\\/#breadcrumb\",\"itemListElement\":[{\"@type\":\"ListItem\",\"position\":1,\"name\":\"Home\",\"item\":\"https:\\\/\\\/www.entreculturas.org\\\/ca\\\/\"},{\"@type\":\"ListItem\",\"position\":2,\"name\":\"Noticias\",\"item\":\"https:\\\/\\\/www.entreculturas.org\\\/ca\\\/noticias\\\/\"},{\"@type\":\"ListItem\",\"position\":3,\"name\":\"Bene Gal\u00e1n &#8211; Voluntaria de la Delegaci\u00f3n de Extremadura\"}]},{\"@type\":\"WebSite\",\"@id\":\"https:\\\/\\\/www.entreculturas.org\\\/ca\\\/#website\",\"url\":\"https:\\\/\\\/www.entreculturas.org\\\/ca\\\/\",\"name\":\"Entreculturas\",\"description\":\"\",\"publisher\":{\"@id\":\"https:\\\/\\\/www.entreculturas.org\\\/ca\\\/#organization\"},\"alternateName\":\"Entreculturas\",\"potentialAction\":[{\"@type\":\"SearchAction\",\"target\":{\"@type\":\"EntryPoint\",\"urlTemplate\":\"https:\\\/\\\/www.entreculturas.org\\\/ca\\\/?s={search_term_string}\"},\"query-input\":{\"@type\":\"PropertyValueSpecification\",\"valueRequired\":true,\"valueName\":\"search_term_string\"}}],\"inLanguage\":\"ca\"},{\"@type\":\"Organization\",\"@id\":\"https:\\\/\\\/www.entreculturas.org\\\/ca\\\/#organization\",\"name\":\"Entreculturas\",\"url\":\"https:\\\/\\\/www.entreculturas.org\\\/ca\\\/\",\"logo\":{\"@type\":\"ImageObject\",\"inLanguage\":\"ca\",\"@id\":\"https:\\\/\\\/www.entreculturas.org\\\/ca\\\/#\\\/schema\\\/logo\\\/image\\\/\",\"url\":\"https:\\\/\\\/www.entreculturas.org\\\/wp-content\\\/uploads\\\/2025\\\/10\\\/ESP.svg\",\"contentUrl\":\"https:\\\/\\\/www.entreculturas.org\\\/wp-content\\\/uploads\\\/2025\\\/10\\\/ESP.svg\",\"caption\":\"Entreculturas\"},\"image\":{\"@id\":\"https:\\\/\\\/www.entreculturas.org\\\/ca\\\/#\\\/schema\\\/logo\\\/image\\\/\"},\"sameAs\":[\"https:\\\/\\\/www.facebook.com\\\/entreculturas\",\"https:\\\/\\\/x.com\\\/Entreculturas\",\"https:\\\/\\\/www.instagram.com\\\/entreculturas\\\/\",\"https:\\\/\\\/www.youtube.com\\\/user\\\/entreculturasvideo\",\"https:\\\/\\\/www.linkedin.com\\\/company\\\/fundacion-entreculturas-ngdo\\\/\",\"https:\\\/\\\/www.flickr.com\\\/photos\\\/98455522@N04\\\/albums\\\/\"]}]}<\/script>\n<!-- \/ Yoast SEO Premium plugin. -->","yoast_head_json":{"title":"Bene Gal\u00e1n - Voluntaria de la Delegaci\u00f3n de Extremadura - Entreculturas","robots":{"index":"index","follow":"follow","max-snippet":"max-snippet:-1","max-image-preview":"max-image-preview:large","max-video-preview":"max-video-preview:-1"},"canonical":"https:\/\/www.entreculturas.org\/ca\/noticia\/bene-galan-voluntaria-de-la-delegacion-de-extremadura\/","og_locale":"ca_ES","og_type":"article","og_title":"Bene Gal\u00e1n - Voluntaria de la Delegaci\u00f3n de Extremadura","og_description":"Soy Bene Gal\u00e1n y soy del mejor pueblo de Extremadura: Talayuela, C\u00e1ceres. Trabajo como Administrativa Contable. Me gusta correr por los Pinares del Ti\u00e9tar, el pulm\u00f3n de este pueblo. Y dedico mi tiempo a otra de mis pasiones, que es ser voluntaria en la Delegaci\u00f3n de Entreculturas Extremadura, donde desde hace 6 a\u00f1os estoy llevando a cabo la tarea de Delegada.&nbsp; La pandemia producida por la COVID-19 nos ha dado la vuelta a todos y, como no pod\u00eda ser de otra forma, tambi\u00e9n nos ha volteado en la Delegaci\u00f3n. Tras el primer confinamiento, donde todo qued\u00f3 paralizado, surgi\u00f3 la preocupaci\u00f3n y el deseo de tener informaci\u00f3n de c\u00f3mo est\u00e1bamos personal y familiarmente y, adem\u00e1s, c\u00f3mo lo est\u00e1bamos viviendo y sintiendo en este tiempo. Surgieron los caf\u00e9s virtuales donde compartimos miedos, incertidumbre, preocupaci\u00f3n, por sentirnos cerrados f\u00edsicamente. La tecnolog\u00eda se convert\u00eda en una ventana abierta al mundo.&nbsp; En materia de Educaci\u00f3n, [&hellip;]","og_url":"https:\/\/www.entreculturas.org\/ca\/noticia\/bene-galan-voluntaria-de-la-delegacion-de-extremadura\/","og_site_name":"Entreculturas","article_publisher":"https:\/\/www.facebook.com\/entreculturas","article_modified_time":"2024-09-20T11:11:29+00:00","og_image":[{"width":300,"height":211,"url":"https:\/\/www.entreculturas.org\/wp-content\/uploads\/2023\/12\/benee_galan-e1726830657240.jpg","type":"image\/jpeg"}],"twitter_card":"summary_large_image","twitter_site":"@Entreculturas","schema":{"@context":"https:\/\/schema.org","@graph":[{"@type":"WebPage","@id":"https:\/\/www.entreculturas.org\/ca\/noticia\/bene-galan-voluntaria-de-la-delegacion-de-extremadura\/","url":"https:\/\/www.entreculturas.org\/ca\/noticia\/bene-galan-voluntaria-de-la-delegacion-de-extremadura\/","name":"Bene Gal\u00e1n - Voluntaria de la Delegaci\u00f3n de Extremadura - Entreculturas","isPartOf":{"@id":"https:\/\/www.entreculturas.org\/ca\/#website"},"primaryImageOfPage":{"@id":"https:\/\/www.entreculturas.org\/ca\/noticia\/bene-galan-voluntaria-de-la-delegacion-de-extremadura\/#primaryimage"},"image":{"@id":"https:\/\/www.entreculturas.org\/ca\/noticia\/bene-galan-voluntaria-de-la-delegacion-de-extremadura\/#primaryimage"},"thumbnailUrl":"https:\/\/www.entreculturas.org\/wp-content\/uploads\/2023\/12\/benee_galan-e1726830657240.jpg","datePublished":"2020-12-11T11:13:33+00:00","dateModified":"2024-09-20T11:11:29+00:00","breadcrumb":{"@id":"https:\/\/www.entreculturas.org\/ca\/noticia\/bene-galan-voluntaria-de-la-delegacion-de-extremadura\/#breadcrumb"},"inLanguage":"ca","potentialAction":[{"@type":"ReadAction","target":["https:\/\/www.entreculturas.org\/ca\/noticia\/bene-galan-voluntaria-de-la-delegacion-de-extremadura\/"]}]},{"@type":"ImageObject","inLanguage":"ca","@id":"https:\/\/www.entreculturas.org\/ca\/noticia\/bene-galan-voluntaria-de-la-delegacion-de-extremadura\/#primaryimage","url":"https:\/\/www.entreculturas.org\/wp-content\/uploads\/2023\/12\/benee_galan-e1726830657240.jpg","contentUrl":"https:\/\/www.entreculturas.org\/wp-content\/uploads\/2023\/12\/benee_galan-e1726830657240.jpg","width":300,"height":211},{"@type":"BreadcrumbList","@id":"https:\/\/www.entreculturas.org\/ca\/noticia\/bene-galan-voluntaria-de-la-delegacion-de-extremadura\/#breadcrumb","itemListElement":[{"@type":"ListItem","position":1,"name":"Home","item":"https:\/\/www.entreculturas.org\/ca\/"},{"@type":"ListItem","position":2,"name":"Noticias","item":"https:\/\/www.entreculturas.org\/ca\/noticias\/"},{"@type":"ListItem","position":3,"name":"Bene Gal\u00e1n &#8211; Voluntaria de la Delegaci\u00f3n de Extremadura"}]},{"@type":"WebSite","@id":"https:\/\/www.entreculturas.org\/ca\/#website","url":"https:\/\/www.entreculturas.org\/ca\/","name":"Entreculturas","description":"","publisher":{"@id":"https:\/\/www.entreculturas.org\/ca\/#organization"},"alternateName":"Entreculturas","potentialAction":[{"@type":"SearchAction","target":{"@type":"EntryPoint","urlTemplate":"https:\/\/www.entreculturas.org\/ca\/?s={search_term_string}"},"query-input":{"@type":"PropertyValueSpecification","valueRequired":true,"valueName":"search_term_string"}}],"inLanguage":"ca"},{"@type":"Organization","@id":"https:\/\/www.entreculturas.org\/ca\/#organization","name":"Entreculturas","url":"https:\/\/www.entreculturas.org\/ca\/","logo":{"@type":"ImageObject","inLanguage":"ca","@id":"https:\/\/www.entreculturas.org\/ca\/#\/schema\/logo\/image\/","url":"https:\/\/www.entreculturas.org\/wp-content\/uploads\/2025\/10\/ESP.svg","contentUrl":"https:\/\/www.entreculturas.org\/wp-content\/uploads\/2025\/10\/ESP.svg","caption":"Entreculturas"},"image":{"@id":"https:\/\/www.entreculturas.org\/ca\/#\/schema\/logo\/image\/"},"sameAs":["https:\/\/www.facebook.com\/entreculturas","https:\/\/x.com\/Entreculturas","https:\/\/www.instagram.com\/entreculturas\/","https:\/\/www.youtube.com\/user\/entreculturasvideo","https:\/\/www.linkedin.com\/company\/fundacion-entreculturas-ngdo\/","https:\/\/www.flickr.com\/photos\/98455522@N04\/albums\/"]}]}},"_links":{"self":[{"href":"https:\/\/www.entreculturas.org\/ca\/wp-json\/wp\/v2\/noticia\/9615","targetHints":{"allow":["GET"]}}],"collection":[{"href":"https:\/\/www.entreculturas.org\/ca\/wp-json\/wp\/v2\/noticia"}],"about":[{"href":"https:\/\/www.entreculturas.org\/ca\/wp-json\/wp\/v2\/types\/noticia"}],"wp:featuredmedia":[{"embeddable":true,"href":"https:\/\/www.entreculturas.org\/ca\/wp-json\/wp\/v2\/media\/9616"}],"wp:attachment":[{"href":"https:\/\/www.entreculturas.org\/ca\/wp-json\/wp\/v2\/media?parent=9615"}],"wp:term":[{"taxonomy":"category","embeddable":true,"href":"https:\/\/www.entreculturas.org\/ca\/wp-json\/wp\/v2\/categories?post=9615"},{"taxonomy":"post_tag","embeddable":true,"href":"https:\/\/www.entreculturas.org\/ca\/wp-json\/wp\/v2\/tags?post=9615"},{"taxonomy":"country","embeddable":true,"href":"https:\/\/www.entreculturas.org\/ca\/wp-json\/wp\/v2\/country?post=9615"},{"taxonomy":"cause","embeddable":true,"href":"https:\/\/www.entreculturas.org\/ca\/wp-json\/wp\/v2\/cause?post=9615"}],"curies":[{"name":"wp","href":"https:\/\/api.w.org\/{rel}","templated":true}]}}