{"id":9558,"date":"2018-12-20T09:29:30","date_gmt":"2018-12-20T08:29:30","guid":{"rendered":"https:\/\/www.entreculturas.org\/publicacion\/paloma-hernandez-experiencia-sur-profes-en-compania-en\/"},"modified":"2024-09-17T13:57:29","modified_gmt":"2024-09-17T11:57:29","slug":"paloma-hernandez-experiencia-sur-profes-en-compania-en","status":"publish","type":"noticia","link":"https:\/\/www.entreculturas.org\/ca\/noticia\/paloma-hernandez-experiencia-sur-profes-en-compania-en\/","title":{"rendered":"Paloma Hern\u00e1ndez, Experiencia Sur &#8220;Profes en Compa\u00f1\u00eda&#8221; en Per\u00fa"},"content":{"rendered":"<p>La ilusi\u00f3n y las ganas de hacer voluntariado es algo que me acompa\u00f1a desde hace bastantes a\u00f1os (supongo que haber estudiado en un cole jesuita ha tenido algo que ver, pues es una oportunidad constante de vivir experiencias a nivel pastoral y humano). En mi casa, cuando era adolescente y llegaba con la idea de irme a otro pa\u00eds para hacer voluntariado, r\u00e1pidamente me insist\u00edan en la importancia de empezar ayudando primero al de al lado. Durante mucho tiempo me esforc\u00e9 en hacerlo, pero llega un momento en el que necesitas m\u00e1s. Quieres conocer otras realidades y ver m\u00e1s all\u00e1 de tu barrio, ciudad, pa\u00eds\u2026 Salir de tu zona de confort. Ponerle sentimiento y nombre a todas esas caras, historias y proyectos de los que nos cuentan muchas cosas y en los que nos involucramos en la distancia, sin empaparnos\u2026<\/p>\n<p>Este momento lleg\u00f3 para m\u00ed gracias a Entreculturas y su programa \u201cExperiencia Sur &#8211; Profes en Compa\u00f1\u00eda\u201d. El lugar fue Per\u00fa, concretamente, la sierra de Cuzco y la compa\u00f1\u00eda, inmejorable. Todo el grupo de profes que viajamos nos convertimos, durante un mes, en una aut\u00e9ntica familia. Cada uno con sus historias, sus miedos, sus heridas&#8230; Pero todos, sin conocernos, fuimos descubriendo que compart\u00edamos una mochila com\u00fan cargada con los mismos sue\u00f1os e inquietudes. A la vez que nos conoc\u00edamos como grupo, <strong>\u00edbamos descubriendo la realidad que nos rodeaba: los proyectos y escuelas de Fe y Alegr\u00eda en Per\u00fa y, lo m\u00e1s importante, las personas que hac\u00edan posible que todos esos proyectos salieran adelante.<\/strong> Nos pasamos horas y horas conversando con los profesores y profesoras sobre los problemas con los que se encontraban d\u00eda a d\u00eda. Cada escuela y su contexto nos abr\u00eda los ojos y nos ense\u00f1aba una nueva realidad. Cada d\u00eda estaba lleno de historias dif\u00edciles, de esperanzas e ilusiones, de esfuerzo y trabajo. Muchos de los ni\u00f1os caminaban desde muy temprano y durante horas para llegar a la escuela, solos por la monta\u00f1a, pero con una gran sonrisa, felices y con muchas ganas de aprender. Tanto los alumnos como los docentes despertaban en nosotros sentimientos de admiraci\u00f3n.<\/p>\n<p>No puedo estar m\u00e1s agradecida por esta experiencia y por todas y cada una de las personas que han formado parte de ella. Gracias a todos por abrirme la puerta hacia la felicidad que me ha regalado Per\u00fa, su gente, sus ni\u00f1os. Cosas como esta te tocan el coraz\u00f3n, te transforman y hacen que ya nada vuelva a ser igual.<\/p>\n","protected":false},"excerpt":{"rendered":"<p>La ilusi\u00f3n y las ganas de hacer voluntariado es algo que me acompa\u00f1a desde hace bastantes a\u00f1os (supongo que haber estudiado en un cole jesuita ha tenido algo que ver, pues es una oportunidad constante de vivir experiencias a nivel pastoral y humano). En mi casa, cuando era adolescente y llegaba con la idea de irme a otro pa\u00eds para hacer voluntariado, r\u00e1pidamente me insist\u00edan en la importancia de empezar ayudando primero al de al lado. Durante mucho tiempo me esforc\u00e9 en hacerlo, pero llega un momento en el que necesitas m\u00e1s. Quieres conocer otras realidades y ver m\u00e1s all\u00e1 de tu barrio, ciudad, pa\u00eds\u2026 Salir de tu zona de confort. Ponerle sentimiento y nombre a todas esas caras, historias y proyectos de los que nos cuentan muchas cosas y en los que nos involucramos en la distancia, sin empaparnos\u2026 Este momento lleg\u00f3 para m\u00ed gracias a Entreculturas y su [&hellip;]<\/p>\n","protected":false},"featured_media":9559,"template":"single-noticia","meta":{"_acf_changed":false},"categories":[7],"tags":[191],"country":[],"cause":[],"class_list":["post-9558","noticia","type-noticia","status-publish","has-post-thumbnail","hentry","category-noticia","tag-voluntariado"],"acf":[],"yoast_head":"<!-- This site is optimized with the Yoast SEO Premium plugin v21.6 (Yoast SEO v27.5) - https:\/\/yoast.com\/product\/yoast-seo-premium-wordpress\/ -->\n<title>Paloma Hern\u00e1ndez, Experiencia Sur &quot;Profes en Compa\u00f1\u00eda&quot; en Per\u00fa - Entreculturas<\/title>\n<meta name=\"robots\" content=\"index, follow, max-snippet:-1, max-image-preview:large, max-video-preview:-1\" \/>\n<link rel=\"canonical\" href=\"https:\/\/www.entreculturas.org\/ca\/noticia\/paloma-hernandez-experiencia-sur-profes-en-compania-en\/\" \/>\n<meta property=\"og:locale\" content=\"ca_ES\" \/>\n<meta property=\"og:type\" content=\"article\" \/>\n<meta property=\"og:title\" content=\"Paloma Hern\u00e1ndez, Experiencia Sur &quot;Profes en Compa\u00f1\u00eda&quot; en Per\u00fa\" \/>\n<meta property=\"og:description\" content=\"La ilusi\u00f3n y las ganas de hacer voluntariado es algo que me acompa\u00f1a desde hace bastantes a\u00f1os (supongo que haber estudiado en un cole jesuita ha tenido algo que ver, pues es una oportunidad constante de vivir experiencias a nivel pastoral y humano). En mi casa, cuando era adolescente y llegaba con la idea de irme a otro pa\u00eds para hacer voluntariado, r\u00e1pidamente me insist\u00edan en la importancia de empezar ayudando primero al de al lado. Durante mucho tiempo me esforc\u00e9 en hacerlo, pero llega un momento en el que necesitas m\u00e1s. Quieres conocer otras realidades y ver m\u00e1s all\u00e1 de tu barrio, ciudad, pa\u00eds\u2026 Salir de tu zona de confort. Ponerle sentimiento y nombre a todas esas caras, historias y proyectos de los que nos cuentan muchas cosas y en los que nos involucramos en la distancia, sin empaparnos\u2026 Este momento lleg\u00f3 para m\u00ed gracias a Entreculturas y su [&hellip;]\" \/>\n<meta property=\"og:url\" content=\"https:\/\/www.entreculturas.org\/ca\/noticia\/paloma-hernandez-experiencia-sur-profes-en-compania-en\/\" \/>\n<meta property=\"og:site_name\" content=\"Entreculturas\" \/>\n<meta property=\"article:publisher\" content=\"https:\/\/www.facebook.com\/entreculturas\" \/>\n<meta property=\"article:modified_time\" content=\"2024-09-17T11:57:29+00:00\" \/>\n<meta property=\"og:image\" content=\"https:\/\/www.entreculturas.org\/wp-content\/uploads\/2023\/12\/paloma_0.jpg\" \/>\n\t<meta property=\"og:image:width\" content=\"709\" \/>\n\t<meta property=\"og:image:height\" content=\"422\" \/>\n\t<meta property=\"og:image:type\" content=\"image\/jpeg\" \/>\n<meta name=\"twitter:card\" content=\"summary_large_image\" \/>\n<meta name=\"twitter:site\" content=\"@Entreculturas\" \/>\n<script type=\"application\/ld+json\" class=\"yoast-schema-graph\">{\"@context\":\"https:\\\/\\\/schema.org\",\"@graph\":[{\"@type\":\"WebPage\",\"@id\":\"https:\\\/\\\/www.entreculturas.org\\\/ca\\\/noticia\\\/paloma-hernandez-experiencia-sur-profes-en-compania-en\\\/\",\"url\":\"https:\\\/\\\/www.entreculturas.org\\\/ca\\\/noticia\\\/paloma-hernandez-experiencia-sur-profes-en-compania-en\\\/\",\"name\":\"Paloma Hern\u00e1ndez, Experiencia Sur \\\"Profes en Compa\u00f1\u00eda\\\" en Per\u00fa - Entreculturas\",\"isPartOf\":{\"@id\":\"https:\\\/\\\/www.entreculturas.org\\\/ca\\\/#website\"},\"primaryImageOfPage\":{\"@id\":\"https:\\\/\\\/www.entreculturas.org\\\/ca\\\/noticia\\\/paloma-hernandez-experiencia-sur-profes-en-compania-en\\\/#primaryimage\"},\"image\":{\"@id\":\"https:\\\/\\\/www.entreculturas.org\\\/ca\\\/noticia\\\/paloma-hernandez-experiencia-sur-profes-en-compania-en\\\/#primaryimage\"},\"thumbnailUrl\":\"https:\\\/\\\/www.entreculturas.org\\\/wp-content\\\/uploads\\\/2023\\\/12\\\/paloma_0.jpg\",\"datePublished\":\"2018-12-20T08:29:30+00:00\",\"dateModified\":\"2024-09-17T11:57:29+00:00\",\"breadcrumb\":{\"@id\":\"https:\\\/\\\/www.entreculturas.org\\\/ca\\\/noticia\\\/paloma-hernandez-experiencia-sur-profes-en-compania-en\\\/#breadcrumb\"},\"inLanguage\":\"ca\",\"potentialAction\":[{\"@type\":\"ReadAction\",\"target\":[\"https:\\\/\\\/www.entreculturas.org\\\/ca\\\/noticia\\\/paloma-hernandez-experiencia-sur-profes-en-compania-en\\\/\"]}]},{\"@type\":\"ImageObject\",\"inLanguage\":\"ca\",\"@id\":\"https:\\\/\\\/www.entreculturas.org\\\/ca\\\/noticia\\\/paloma-hernandez-experiencia-sur-profes-en-compania-en\\\/#primaryimage\",\"url\":\"https:\\\/\\\/www.entreculturas.org\\\/wp-content\\\/uploads\\\/2023\\\/12\\\/paloma_0.jpg\",\"contentUrl\":\"https:\\\/\\\/www.entreculturas.org\\\/wp-content\\\/uploads\\\/2023\\\/12\\\/paloma_0.jpg\",\"width\":709,\"height\":422},{\"@type\":\"BreadcrumbList\",\"@id\":\"https:\\\/\\\/www.entreculturas.org\\\/ca\\\/noticia\\\/paloma-hernandez-experiencia-sur-profes-en-compania-en\\\/#breadcrumb\",\"itemListElement\":[{\"@type\":\"ListItem\",\"position\":1,\"name\":\"Home\",\"item\":\"https:\\\/\\\/www.entreculturas.org\\\/ca\\\/\"},{\"@type\":\"ListItem\",\"position\":2,\"name\":\"Noticias\",\"item\":\"https:\\\/\\\/www.entreculturas.org\\\/ca\\\/noticias\\\/\"},{\"@type\":\"ListItem\",\"position\":3,\"name\":\"Paloma Hern\u00e1ndez, Experiencia Sur &#8220;Profes en Compa\u00f1\u00eda&#8221; en Per\u00fa\"}]},{\"@type\":\"WebSite\",\"@id\":\"https:\\\/\\\/www.entreculturas.org\\\/ca\\\/#website\",\"url\":\"https:\\\/\\\/www.entreculturas.org\\\/ca\\\/\",\"name\":\"Entreculturas\",\"description\":\"\",\"publisher\":{\"@id\":\"https:\\\/\\\/www.entreculturas.org\\\/ca\\\/#organization\"},\"alternateName\":\"Entreculturas\",\"potentialAction\":[{\"@type\":\"SearchAction\",\"target\":{\"@type\":\"EntryPoint\",\"urlTemplate\":\"https:\\\/\\\/www.entreculturas.org\\\/ca\\\/?s={search_term_string}\"},\"query-input\":{\"@type\":\"PropertyValueSpecification\",\"valueRequired\":true,\"valueName\":\"search_term_string\"}}],\"inLanguage\":\"ca\"},{\"@type\":\"Organization\",\"@id\":\"https:\\\/\\\/www.entreculturas.org\\\/ca\\\/#organization\",\"name\":\"Entreculturas\",\"url\":\"https:\\\/\\\/www.entreculturas.org\\\/ca\\\/\",\"logo\":{\"@type\":\"ImageObject\",\"inLanguage\":\"ca\",\"@id\":\"https:\\\/\\\/www.entreculturas.org\\\/ca\\\/#\\\/schema\\\/logo\\\/image\\\/\",\"url\":\"https:\\\/\\\/www.entreculturas.org\\\/wp-content\\\/uploads\\\/2025\\\/10\\\/ESP.svg\",\"contentUrl\":\"https:\\\/\\\/www.entreculturas.org\\\/wp-content\\\/uploads\\\/2025\\\/10\\\/ESP.svg\",\"caption\":\"Entreculturas\"},\"image\":{\"@id\":\"https:\\\/\\\/www.entreculturas.org\\\/ca\\\/#\\\/schema\\\/logo\\\/image\\\/\"},\"sameAs\":[\"https:\\\/\\\/www.facebook.com\\\/entreculturas\",\"https:\\\/\\\/x.com\\\/Entreculturas\",\"https:\\\/\\\/www.instagram.com\\\/entreculturas\\\/\",\"https:\\\/\\\/www.youtube.com\\\/user\\\/entreculturasvideo\",\"https:\\\/\\\/www.linkedin.com\\\/company\\\/fundacion-entreculturas-ngdo\\\/\",\"https:\\\/\\\/www.flickr.com\\\/photos\\\/98455522@N04\\\/albums\\\/\"]}]}<\/script>\n<!-- \/ Yoast SEO Premium plugin. -->","yoast_head_json":{"title":"Paloma Hern\u00e1ndez, Experiencia Sur \"Profes en Compa\u00f1\u00eda\" en Per\u00fa - Entreculturas","robots":{"index":"index","follow":"follow","max-snippet":"max-snippet:-1","max-image-preview":"max-image-preview:large","max-video-preview":"max-video-preview:-1"},"canonical":"https:\/\/www.entreculturas.org\/ca\/noticia\/paloma-hernandez-experiencia-sur-profes-en-compania-en\/","og_locale":"ca_ES","og_type":"article","og_title":"Paloma Hern\u00e1ndez, Experiencia Sur \"Profes en Compa\u00f1\u00eda\" en Per\u00fa","og_description":"La ilusi\u00f3n y las ganas de hacer voluntariado es algo que me acompa\u00f1a desde hace bastantes a\u00f1os (supongo que haber estudiado en un cole jesuita ha tenido algo que ver, pues es una oportunidad constante de vivir experiencias a nivel pastoral y humano). En mi casa, cuando era adolescente y llegaba con la idea de irme a otro pa\u00eds para hacer voluntariado, r\u00e1pidamente me insist\u00edan en la importancia de empezar ayudando primero al de al lado. Durante mucho tiempo me esforc\u00e9 en hacerlo, pero llega un momento en el que necesitas m\u00e1s. Quieres conocer otras realidades y ver m\u00e1s all\u00e1 de tu barrio, ciudad, pa\u00eds\u2026 Salir de tu zona de confort. Ponerle sentimiento y nombre a todas esas caras, historias y proyectos de los que nos cuentan muchas cosas y en los que nos involucramos en la distancia, sin empaparnos\u2026 Este momento lleg\u00f3 para m\u00ed gracias a Entreculturas y su [&hellip;]","og_url":"https:\/\/www.entreculturas.org\/ca\/noticia\/paloma-hernandez-experiencia-sur-profes-en-compania-en\/","og_site_name":"Entreculturas","article_publisher":"https:\/\/www.facebook.com\/entreculturas","article_modified_time":"2024-09-17T11:57:29+00:00","og_image":[{"width":709,"height":422,"url":"https:\/\/www.entreculturas.org\/wp-content\/uploads\/2023\/12\/paloma_0.jpg","type":"image\/jpeg"}],"twitter_card":"summary_large_image","twitter_site":"@Entreculturas","schema":{"@context":"https:\/\/schema.org","@graph":[{"@type":"WebPage","@id":"https:\/\/www.entreculturas.org\/ca\/noticia\/paloma-hernandez-experiencia-sur-profes-en-compania-en\/","url":"https:\/\/www.entreculturas.org\/ca\/noticia\/paloma-hernandez-experiencia-sur-profes-en-compania-en\/","name":"Paloma Hern\u00e1ndez, Experiencia Sur \"Profes en Compa\u00f1\u00eda\" en Per\u00fa - Entreculturas","isPartOf":{"@id":"https:\/\/www.entreculturas.org\/ca\/#website"},"primaryImageOfPage":{"@id":"https:\/\/www.entreculturas.org\/ca\/noticia\/paloma-hernandez-experiencia-sur-profes-en-compania-en\/#primaryimage"},"image":{"@id":"https:\/\/www.entreculturas.org\/ca\/noticia\/paloma-hernandez-experiencia-sur-profes-en-compania-en\/#primaryimage"},"thumbnailUrl":"https:\/\/www.entreculturas.org\/wp-content\/uploads\/2023\/12\/paloma_0.jpg","datePublished":"2018-12-20T08:29:30+00:00","dateModified":"2024-09-17T11:57:29+00:00","breadcrumb":{"@id":"https:\/\/www.entreculturas.org\/ca\/noticia\/paloma-hernandez-experiencia-sur-profes-en-compania-en\/#breadcrumb"},"inLanguage":"ca","potentialAction":[{"@type":"ReadAction","target":["https:\/\/www.entreculturas.org\/ca\/noticia\/paloma-hernandez-experiencia-sur-profes-en-compania-en\/"]}]},{"@type":"ImageObject","inLanguage":"ca","@id":"https:\/\/www.entreculturas.org\/ca\/noticia\/paloma-hernandez-experiencia-sur-profes-en-compania-en\/#primaryimage","url":"https:\/\/www.entreculturas.org\/wp-content\/uploads\/2023\/12\/paloma_0.jpg","contentUrl":"https:\/\/www.entreculturas.org\/wp-content\/uploads\/2023\/12\/paloma_0.jpg","width":709,"height":422},{"@type":"BreadcrumbList","@id":"https:\/\/www.entreculturas.org\/ca\/noticia\/paloma-hernandez-experiencia-sur-profes-en-compania-en\/#breadcrumb","itemListElement":[{"@type":"ListItem","position":1,"name":"Home","item":"https:\/\/www.entreculturas.org\/ca\/"},{"@type":"ListItem","position":2,"name":"Noticias","item":"https:\/\/www.entreculturas.org\/ca\/noticias\/"},{"@type":"ListItem","position":3,"name":"Paloma Hern\u00e1ndez, Experiencia Sur &#8220;Profes en Compa\u00f1\u00eda&#8221; en Per\u00fa"}]},{"@type":"WebSite","@id":"https:\/\/www.entreculturas.org\/ca\/#website","url":"https:\/\/www.entreculturas.org\/ca\/","name":"Entreculturas","description":"","publisher":{"@id":"https:\/\/www.entreculturas.org\/ca\/#organization"},"alternateName":"Entreculturas","potentialAction":[{"@type":"SearchAction","target":{"@type":"EntryPoint","urlTemplate":"https:\/\/www.entreculturas.org\/ca\/?s={search_term_string}"},"query-input":{"@type":"PropertyValueSpecification","valueRequired":true,"valueName":"search_term_string"}}],"inLanguage":"ca"},{"@type":"Organization","@id":"https:\/\/www.entreculturas.org\/ca\/#organization","name":"Entreculturas","url":"https:\/\/www.entreculturas.org\/ca\/","logo":{"@type":"ImageObject","inLanguage":"ca","@id":"https:\/\/www.entreculturas.org\/ca\/#\/schema\/logo\/image\/","url":"https:\/\/www.entreculturas.org\/wp-content\/uploads\/2025\/10\/ESP.svg","contentUrl":"https:\/\/www.entreculturas.org\/wp-content\/uploads\/2025\/10\/ESP.svg","caption":"Entreculturas"},"image":{"@id":"https:\/\/www.entreculturas.org\/ca\/#\/schema\/logo\/image\/"},"sameAs":["https:\/\/www.facebook.com\/entreculturas","https:\/\/x.com\/Entreculturas","https:\/\/www.instagram.com\/entreculturas\/","https:\/\/www.youtube.com\/user\/entreculturasvideo","https:\/\/www.linkedin.com\/company\/fundacion-entreculturas-ngdo\/","https:\/\/www.flickr.com\/photos\/98455522@N04\/albums\/"]}]}},"_links":{"self":[{"href":"https:\/\/www.entreculturas.org\/ca\/wp-json\/wp\/v2\/noticia\/9558","targetHints":{"allow":["GET"]}}],"collection":[{"href":"https:\/\/www.entreculturas.org\/ca\/wp-json\/wp\/v2\/noticia"}],"about":[{"href":"https:\/\/www.entreculturas.org\/ca\/wp-json\/wp\/v2\/types\/noticia"}],"wp:featuredmedia":[{"embeddable":true,"href":"https:\/\/www.entreculturas.org\/ca\/wp-json\/wp\/v2\/media\/9559"}],"wp:attachment":[{"href":"https:\/\/www.entreculturas.org\/ca\/wp-json\/wp\/v2\/media?parent=9558"}],"wp:term":[{"taxonomy":"category","embeddable":true,"href":"https:\/\/www.entreculturas.org\/ca\/wp-json\/wp\/v2\/categories?post=9558"},{"taxonomy":"post_tag","embeddable":true,"href":"https:\/\/www.entreculturas.org\/ca\/wp-json\/wp\/v2\/tags?post=9558"},{"taxonomy":"country","embeddable":true,"href":"https:\/\/www.entreculturas.org\/ca\/wp-json\/wp\/v2\/country?post=9558"},{"taxonomy":"cause","embeddable":true,"href":"https:\/\/www.entreculturas.org\/ca\/wp-json\/wp\/v2\/cause?post=9558"}],"curies":[{"name":"wp","href":"https:\/\/api.w.org\/{rel}","templated":true}]}}