{"id":9541,"date":"2018-03-28T11:56:30","date_gmt":"2018-03-28T09:56:30","guid":{"rendered":"https:\/\/www.entreculturas.org\/publicacion\/gerardo-molpeceres-lopez-arquitecto-y-formador-volpa\/"},"modified":"2024-09-17T13:49:27","modified_gmt":"2024-09-17T11:49:27","slug":"gerardo-molpeceres-lopez-arquitecto-y-formador-volpa","status":"publish","type":"noticia","link":"https:\/\/www.entreculturas.org\/ca\/noticia\/gerardo-molpeceres-lopez-arquitecto-y-formador-volpa\/","title":{"rendered":"Gerardo Molpeceres L\u00f3pez Arquitecto y Formador VOLPA"},"content":{"rendered":"<p>Conoc\u00ed Entreculturas siendo yo mismo voluntario del programa de voluntariado internacional VOLPA en 1992. Unos a\u00f1os despu\u00e9s naci\u00f3 Entreculturas en Zaragoza y empec\u00e9 a colaborar en la formaci\u00f3n de personas que quer\u00edan hacer voluntariado internacional. Me ofrec\u00ed como formador porque quer\u00eda facilitar a otra gente la experiencia del \u201cencuentro con otros\u201d que yo hab\u00eda tenido. \u00a1Y aqu\u00ed llevo ya casi 15 a\u00f1os!<\/p>\n<p>Me gusta esta labor porque me permite revivir la experiencia que yo tuve. Me encanta ver c\u00f3mo VOLPA hace cambiar y evolucionar a las personas. Y, por supuesto, tambi\u00e9n me gusta el equipo que hemos formado en Zaragoza: Javier, Marga y yo nos llevamos muy bien, confiamos mutuamente y nos complementamos&#8230; Disfruto contactando con los VOLPA de a\u00f1os pasados y sabiendo qu\u00e9 ha sido de sus vidas, en qu\u00e9 andan, cada uno a su manera implicados en el cambio y la mejora de esta sociedad. Me encantan los testimonios de personas post voluntarias, los s\u00e1bados despu\u00e9s de cenar en los encuentros de Galapagar, en penumbra, rodeadas de ojos y o\u00eddos atentos, en silencio&#8230;<\/p>\n<p>Ser formador VOLPA es algo que me aporta much\u00edsimo. Me obliga a revisarme y a ser consecuente con lo que acompa\u00f1o. Cuando las personas est\u00e1n en terreno participo un poquito de su experiencia y ese proceso me confronta con lo que soy, mis opciones y decisiones. Tambi\u00e9n me aporta mucha formaci\u00f3n sobre din\u00e1micas de participaci\u00f3n, conocimiento personal y emocional que aplico incluso en mi trabajo como arquitecto y urbanista. A veces me preguntan: &#8220;Eso, \u00bfd\u00f3nde lo has aprendido?&#8221; y yo, aunque a lo mejor no lo diga, pienso: &#8220;pues ha sido en Entreculturas&#8221;.<\/p>\n<p>VOLPA es algo que te cambia la vida. Porque estar dos a\u00f1os en contacto con la pobreza y la exclusi\u00f3n, persona a persona, d\u00eda a d\u00eda y gota a gota se te mete hasta el tu\u00e9tano, cala como la lluvia fina y te cambia para siempre. Y hacerlo inmerso en organizaciones locales que acompa\u00f1an, reflexionan, denuncian y cambian, todo a la vez, enriquece la perspectiva colectiva y asociativa que es clave para transformar la realidad. VOLPA son las personas con las que nos encontramos y tambi\u00e9n las organizaciones con las que nos implicamos.<\/p>\n","protected":false},"excerpt":{"rendered":"<p>Conoc\u00ed Entreculturas siendo yo mismo voluntario del programa de voluntariado internacional VOLPA en 1992. Unos a\u00f1os despu\u00e9s naci\u00f3 Entreculturas en Zaragoza y empec\u00e9 a colaborar en la formaci\u00f3n de personas que quer\u00edan hacer voluntariado internacional. Me ofrec\u00ed como formador porque quer\u00eda facilitar a otra gente la experiencia del \u201cencuentro con otros\u201d que yo hab\u00eda tenido. \u00a1Y aqu\u00ed llevo ya casi 15 a\u00f1os! Me gusta esta labor porque me permite revivir la experiencia que yo tuve. Me encanta ver c\u00f3mo VOLPA hace cambiar y evolucionar a las personas. Y, por supuesto, tambi\u00e9n me gusta el equipo que hemos formado en Zaragoza: Javier, Marga y yo nos llevamos muy bien, confiamos mutuamente y nos complementamos&#8230; Disfruto contactando con los VOLPA de a\u00f1os pasados y sabiendo qu\u00e9 ha sido de sus vidas, en qu\u00e9 andan, cada uno a su manera implicados en el cambio y la mejora de esta sociedad. Me encantan los [&hellip;]<\/p>\n","protected":false},"featured_media":9542,"template":"single-noticia","meta":{"_acf_changed":false},"categories":[7],"tags":[191],"country":[],"cause":[],"class_list":["post-9541","noticia","type-noticia","status-publish","has-post-thumbnail","hentry","category-noticia","tag-voluntariado"],"acf":[],"yoast_head":"<!-- This site is optimized with the Yoast SEO Premium plugin v21.6 (Yoast SEO v27.5) - https:\/\/yoast.com\/product\/yoast-seo-premium-wordpress\/ -->\n<title>Gerardo Molpeceres L\u00f3pez Arquitecto y Formador VOLPA - Entreculturas<\/title>\n<meta name=\"robots\" content=\"index, follow, max-snippet:-1, max-image-preview:large, max-video-preview:-1\" \/>\n<link rel=\"canonical\" href=\"https:\/\/www.entreculturas.org\/ca\/noticia\/gerardo-molpeceres-lopez-arquitecto-y-formador-volpa\/\" \/>\n<meta property=\"og:locale\" content=\"ca_ES\" \/>\n<meta property=\"og:type\" content=\"article\" \/>\n<meta property=\"og:title\" content=\"Gerardo Molpeceres L\u00f3pez Arquitecto y Formador VOLPA\" \/>\n<meta property=\"og:description\" content=\"Conoc\u00ed Entreculturas siendo yo mismo voluntario del programa de voluntariado internacional VOLPA en 1992. Unos a\u00f1os despu\u00e9s naci\u00f3 Entreculturas en Zaragoza y empec\u00e9 a colaborar en la formaci\u00f3n de personas que quer\u00edan hacer voluntariado internacional. Me ofrec\u00ed como formador porque quer\u00eda facilitar a otra gente la experiencia del \u201cencuentro con otros\u201d que yo hab\u00eda tenido. \u00a1Y aqu\u00ed llevo ya casi 15 a\u00f1os! Me gusta esta labor porque me permite revivir la experiencia que yo tuve. Me encanta ver c\u00f3mo VOLPA hace cambiar y evolucionar a las personas. Y, por supuesto, tambi\u00e9n me gusta el equipo que hemos formado en Zaragoza: Javier, Marga y yo nos llevamos muy bien, confiamos mutuamente y nos complementamos&#8230; Disfruto contactando con los VOLPA de a\u00f1os pasados y sabiendo qu\u00e9 ha sido de sus vidas, en qu\u00e9 andan, cada uno a su manera implicados en el cambio y la mejora de esta sociedad. Me encantan los [&hellip;]\" \/>\n<meta property=\"og:url\" content=\"https:\/\/www.entreculturas.org\/ca\/noticia\/gerardo-molpeceres-lopez-arquitecto-y-formador-volpa\/\" \/>\n<meta property=\"og:site_name\" content=\"Entreculturas\" \/>\n<meta property=\"article:publisher\" content=\"https:\/\/www.facebook.com\/entreculturas\" \/>\n<meta property=\"article:modified_time\" content=\"2024-09-17T11:49:27+00:00\" \/>\n<meta property=\"og:image\" content=\"https:\/\/www.entreculturas.org\/wp-content\/uploads\/2023\/12\/img_0965_color_ok_ok.jpg\" \/>\n\t<meta property=\"og:image:width\" content=\"533\" \/>\n\t<meta property=\"og:image:height\" content=\"800\" \/>\n\t<meta property=\"og:image:type\" content=\"image\/jpeg\" \/>\n<meta name=\"twitter:card\" content=\"summary_large_image\" \/>\n<meta name=\"twitter:site\" content=\"@Entreculturas\" \/>\n<script type=\"application\/ld+json\" class=\"yoast-schema-graph\">{\"@context\":\"https:\\\/\\\/schema.org\",\"@graph\":[{\"@type\":\"WebPage\",\"@id\":\"https:\\\/\\\/www.entreculturas.org\\\/ca\\\/noticia\\\/gerardo-molpeceres-lopez-arquitecto-y-formador-volpa\\\/\",\"url\":\"https:\\\/\\\/www.entreculturas.org\\\/ca\\\/noticia\\\/gerardo-molpeceres-lopez-arquitecto-y-formador-volpa\\\/\",\"name\":\"Gerardo Molpeceres L\u00f3pez Arquitecto y Formador VOLPA - Entreculturas\",\"isPartOf\":{\"@id\":\"https:\\\/\\\/www.entreculturas.org\\\/ca\\\/#website\"},\"primaryImageOfPage\":{\"@id\":\"https:\\\/\\\/www.entreculturas.org\\\/ca\\\/noticia\\\/gerardo-molpeceres-lopez-arquitecto-y-formador-volpa\\\/#primaryimage\"},\"image\":{\"@id\":\"https:\\\/\\\/www.entreculturas.org\\\/ca\\\/noticia\\\/gerardo-molpeceres-lopez-arquitecto-y-formador-volpa\\\/#primaryimage\"},\"thumbnailUrl\":\"https:\\\/\\\/www.entreculturas.org\\\/wp-content\\\/uploads\\\/2023\\\/12\\\/img_0965_color_ok_ok.jpg\",\"datePublished\":\"2018-03-28T09:56:30+00:00\",\"dateModified\":\"2024-09-17T11:49:27+00:00\",\"breadcrumb\":{\"@id\":\"https:\\\/\\\/www.entreculturas.org\\\/ca\\\/noticia\\\/gerardo-molpeceres-lopez-arquitecto-y-formador-volpa\\\/#breadcrumb\"},\"inLanguage\":\"ca\",\"potentialAction\":[{\"@type\":\"ReadAction\",\"target\":[\"https:\\\/\\\/www.entreculturas.org\\\/ca\\\/noticia\\\/gerardo-molpeceres-lopez-arquitecto-y-formador-volpa\\\/\"]}]},{\"@type\":\"ImageObject\",\"inLanguage\":\"ca\",\"@id\":\"https:\\\/\\\/www.entreculturas.org\\\/ca\\\/noticia\\\/gerardo-molpeceres-lopez-arquitecto-y-formador-volpa\\\/#primaryimage\",\"url\":\"https:\\\/\\\/www.entreculturas.org\\\/wp-content\\\/uploads\\\/2023\\\/12\\\/img_0965_color_ok_ok.jpg\",\"contentUrl\":\"https:\\\/\\\/www.entreculturas.org\\\/wp-content\\\/uploads\\\/2023\\\/12\\\/img_0965_color_ok_ok.jpg\",\"width\":533,\"height\":800},{\"@type\":\"BreadcrumbList\",\"@id\":\"https:\\\/\\\/www.entreculturas.org\\\/ca\\\/noticia\\\/gerardo-molpeceres-lopez-arquitecto-y-formador-volpa\\\/#breadcrumb\",\"itemListElement\":[{\"@type\":\"ListItem\",\"position\":1,\"name\":\"Home\",\"item\":\"https:\\\/\\\/www.entreculturas.org\\\/ca\\\/\"},{\"@type\":\"ListItem\",\"position\":2,\"name\":\"Noticias\",\"item\":\"https:\\\/\\\/www.entreculturas.org\\\/ca\\\/noticias\\\/\"},{\"@type\":\"ListItem\",\"position\":3,\"name\":\"Gerardo Molpeceres L\u00f3pez Arquitecto y Formador VOLPA\"}]},{\"@type\":\"WebSite\",\"@id\":\"https:\\\/\\\/www.entreculturas.org\\\/ca\\\/#website\",\"url\":\"https:\\\/\\\/www.entreculturas.org\\\/ca\\\/\",\"name\":\"Entreculturas\",\"description\":\"\",\"publisher\":{\"@id\":\"https:\\\/\\\/www.entreculturas.org\\\/ca\\\/#organization\"},\"alternateName\":\"Entreculturas\",\"potentialAction\":[{\"@type\":\"SearchAction\",\"target\":{\"@type\":\"EntryPoint\",\"urlTemplate\":\"https:\\\/\\\/www.entreculturas.org\\\/ca\\\/?s={search_term_string}\"},\"query-input\":{\"@type\":\"PropertyValueSpecification\",\"valueRequired\":true,\"valueName\":\"search_term_string\"}}],\"inLanguage\":\"ca\"},{\"@type\":\"Organization\",\"@id\":\"https:\\\/\\\/www.entreculturas.org\\\/ca\\\/#organization\",\"name\":\"Entreculturas\",\"url\":\"https:\\\/\\\/www.entreculturas.org\\\/ca\\\/\",\"logo\":{\"@type\":\"ImageObject\",\"inLanguage\":\"ca\",\"@id\":\"https:\\\/\\\/www.entreculturas.org\\\/ca\\\/#\\\/schema\\\/logo\\\/image\\\/\",\"url\":\"https:\\\/\\\/www.entreculturas.org\\\/wp-content\\\/uploads\\\/2025\\\/10\\\/ESP.svg\",\"contentUrl\":\"https:\\\/\\\/www.entreculturas.org\\\/wp-content\\\/uploads\\\/2025\\\/10\\\/ESP.svg\",\"caption\":\"Entreculturas\"},\"image\":{\"@id\":\"https:\\\/\\\/www.entreculturas.org\\\/ca\\\/#\\\/schema\\\/logo\\\/image\\\/\"},\"sameAs\":[\"https:\\\/\\\/www.facebook.com\\\/entreculturas\",\"https:\\\/\\\/x.com\\\/Entreculturas\",\"https:\\\/\\\/www.instagram.com\\\/entreculturas\\\/\",\"https:\\\/\\\/www.youtube.com\\\/user\\\/entreculturasvideo\",\"https:\\\/\\\/www.linkedin.com\\\/company\\\/fundacion-entreculturas-ngdo\\\/\",\"https:\\\/\\\/www.flickr.com\\\/photos\\\/98455522@N04\\\/albums\\\/\"]}]}<\/script>\n<!-- \/ Yoast SEO Premium plugin. -->","yoast_head_json":{"title":"Gerardo Molpeceres L\u00f3pez Arquitecto y Formador VOLPA - Entreculturas","robots":{"index":"index","follow":"follow","max-snippet":"max-snippet:-1","max-image-preview":"max-image-preview:large","max-video-preview":"max-video-preview:-1"},"canonical":"https:\/\/www.entreculturas.org\/ca\/noticia\/gerardo-molpeceres-lopez-arquitecto-y-formador-volpa\/","og_locale":"ca_ES","og_type":"article","og_title":"Gerardo Molpeceres L\u00f3pez Arquitecto y Formador VOLPA","og_description":"Conoc\u00ed Entreculturas siendo yo mismo voluntario del programa de voluntariado internacional VOLPA en 1992. Unos a\u00f1os despu\u00e9s naci\u00f3 Entreculturas en Zaragoza y empec\u00e9 a colaborar en la formaci\u00f3n de personas que quer\u00edan hacer voluntariado internacional. Me ofrec\u00ed como formador porque quer\u00eda facilitar a otra gente la experiencia del \u201cencuentro con otros\u201d que yo hab\u00eda tenido. \u00a1Y aqu\u00ed llevo ya casi 15 a\u00f1os! Me gusta esta labor porque me permite revivir la experiencia que yo tuve. Me encanta ver c\u00f3mo VOLPA hace cambiar y evolucionar a las personas. Y, por supuesto, tambi\u00e9n me gusta el equipo que hemos formado en Zaragoza: Javier, Marga y yo nos llevamos muy bien, confiamos mutuamente y nos complementamos&#8230; Disfruto contactando con los VOLPA de a\u00f1os pasados y sabiendo qu\u00e9 ha sido de sus vidas, en qu\u00e9 andan, cada uno a su manera implicados en el cambio y la mejora de esta sociedad. Me encantan los [&hellip;]","og_url":"https:\/\/www.entreculturas.org\/ca\/noticia\/gerardo-molpeceres-lopez-arquitecto-y-formador-volpa\/","og_site_name":"Entreculturas","article_publisher":"https:\/\/www.facebook.com\/entreculturas","article_modified_time":"2024-09-17T11:49:27+00:00","og_image":[{"width":533,"height":800,"url":"https:\/\/www.entreculturas.org\/wp-content\/uploads\/2023\/12\/img_0965_color_ok_ok.jpg","type":"image\/jpeg"}],"twitter_card":"summary_large_image","twitter_site":"@Entreculturas","schema":{"@context":"https:\/\/schema.org","@graph":[{"@type":"WebPage","@id":"https:\/\/www.entreculturas.org\/ca\/noticia\/gerardo-molpeceres-lopez-arquitecto-y-formador-volpa\/","url":"https:\/\/www.entreculturas.org\/ca\/noticia\/gerardo-molpeceres-lopez-arquitecto-y-formador-volpa\/","name":"Gerardo Molpeceres L\u00f3pez Arquitecto y Formador VOLPA - Entreculturas","isPartOf":{"@id":"https:\/\/www.entreculturas.org\/ca\/#website"},"primaryImageOfPage":{"@id":"https:\/\/www.entreculturas.org\/ca\/noticia\/gerardo-molpeceres-lopez-arquitecto-y-formador-volpa\/#primaryimage"},"image":{"@id":"https:\/\/www.entreculturas.org\/ca\/noticia\/gerardo-molpeceres-lopez-arquitecto-y-formador-volpa\/#primaryimage"},"thumbnailUrl":"https:\/\/www.entreculturas.org\/wp-content\/uploads\/2023\/12\/img_0965_color_ok_ok.jpg","datePublished":"2018-03-28T09:56:30+00:00","dateModified":"2024-09-17T11:49:27+00:00","breadcrumb":{"@id":"https:\/\/www.entreculturas.org\/ca\/noticia\/gerardo-molpeceres-lopez-arquitecto-y-formador-volpa\/#breadcrumb"},"inLanguage":"ca","potentialAction":[{"@type":"ReadAction","target":["https:\/\/www.entreculturas.org\/ca\/noticia\/gerardo-molpeceres-lopez-arquitecto-y-formador-volpa\/"]}]},{"@type":"ImageObject","inLanguage":"ca","@id":"https:\/\/www.entreculturas.org\/ca\/noticia\/gerardo-molpeceres-lopez-arquitecto-y-formador-volpa\/#primaryimage","url":"https:\/\/www.entreculturas.org\/wp-content\/uploads\/2023\/12\/img_0965_color_ok_ok.jpg","contentUrl":"https:\/\/www.entreculturas.org\/wp-content\/uploads\/2023\/12\/img_0965_color_ok_ok.jpg","width":533,"height":800},{"@type":"BreadcrumbList","@id":"https:\/\/www.entreculturas.org\/ca\/noticia\/gerardo-molpeceres-lopez-arquitecto-y-formador-volpa\/#breadcrumb","itemListElement":[{"@type":"ListItem","position":1,"name":"Home","item":"https:\/\/www.entreculturas.org\/ca\/"},{"@type":"ListItem","position":2,"name":"Noticias","item":"https:\/\/www.entreculturas.org\/ca\/noticias\/"},{"@type":"ListItem","position":3,"name":"Gerardo Molpeceres L\u00f3pez Arquitecto y Formador VOLPA"}]},{"@type":"WebSite","@id":"https:\/\/www.entreculturas.org\/ca\/#website","url":"https:\/\/www.entreculturas.org\/ca\/","name":"Entreculturas","description":"","publisher":{"@id":"https:\/\/www.entreculturas.org\/ca\/#organization"},"alternateName":"Entreculturas","potentialAction":[{"@type":"SearchAction","target":{"@type":"EntryPoint","urlTemplate":"https:\/\/www.entreculturas.org\/ca\/?s={search_term_string}"},"query-input":{"@type":"PropertyValueSpecification","valueRequired":true,"valueName":"search_term_string"}}],"inLanguage":"ca"},{"@type":"Organization","@id":"https:\/\/www.entreculturas.org\/ca\/#organization","name":"Entreculturas","url":"https:\/\/www.entreculturas.org\/ca\/","logo":{"@type":"ImageObject","inLanguage":"ca","@id":"https:\/\/www.entreculturas.org\/ca\/#\/schema\/logo\/image\/","url":"https:\/\/www.entreculturas.org\/wp-content\/uploads\/2025\/10\/ESP.svg","contentUrl":"https:\/\/www.entreculturas.org\/wp-content\/uploads\/2025\/10\/ESP.svg","caption":"Entreculturas"},"image":{"@id":"https:\/\/www.entreculturas.org\/ca\/#\/schema\/logo\/image\/"},"sameAs":["https:\/\/www.facebook.com\/entreculturas","https:\/\/x.com\/Entreculturas","https:\/\/www.instagram.com\/entreculturas\/","https:\/\/www.youtube.com\/user\/entreculturasvideo","https:\/\/www.linkedin.com\/company\/fundacion-entreculturas-ngdo\/","https:\/\/www.flickr.com\/photos\/98455522@N04\/albums\/"]}]}},"_links":{"self":[{"href":"https:\/\/www.entreculturas.org\/ca\/wp-json\/wp\/v2\/noticia\/9541","targetHints":{"allow":["GET"]}}],"collection":[{"href":"https:\/\/www.entreculturas.org\/ca\/wp-json\/wp\/v2\/noticia"}],"about":[{"href":"https:\/\/www.entreculturas.org\/ca\/wp-json\/wp\/v2\/types\/noticia"}],"wp:featuredmedia":[{"embeddable":true,"href":"https:\/\/www.entreculturas.org\/ca\/wp-json\/wp\/v2\/media\/9542"}],"wp:attachment":[{"href":"https:\/\/www.entreculturas.org\/ca\/wp-json\/wp\/v2\/media?parent=9541"}],"wp:term":[{"taxonomy":"category","embeddable":true,"href":"https:\/\/www.entreculturas.org\/ca\/wp-json\/wp\/v2\/categories?post=9541"},{"taxonomy":"post_tag","embeddable":true,"href":"https:\/\/www.entreculturas.org\/ca\/wp-json\/wp\/v2\/tags?post=9541"},{"taxonomy":"country","embeddable":true,"href":"https:\/\/www.entreculturas.org\/ca\/wp-json\/wp\/v2\/country?post=9541"},{"taxonomy":"cause","embeddable":true,"href":"https:\/\/www.entreculturas.org\/ca\/wp-json\/wp\/v2\/cause?post=9541"}],"curies":[{"name":"wp","href":"https:\/\/api.w.org\/{rel}","templated":true}]}}