{"id":9518,"date":"2015-05-24T08:30:22","date_gmt":"2015-05-24T06:30:22","guid":{"rendered":"https:\/\/www.entreculturas.org\/publicacion\/pedro-de-castro\/"},"modified":"2024-09-17T13:40:10","modified_gmt":"2024-09-17T11:40:10","slug":"pedro-de-castro","status":"publish","type":"noticia","link":"https:\/\/www.entreculturas.org\/ca\/noticia\/pedro-de-castro\/","title":{"rendered":"Pedro de Castro"},"content":{"rendered":"<p>Volpa en la frontera entre Per\u00fa y Chile<\/p>\n<p>Me llamo Pedro y tengo 25 a\u00f1os. Fui alumno del Colegio Nuestra Se\u00f1ora del Recuerdo (Jesuitas) de Madrid y, por esta raz\u00f3n, siento que conozco Entreculturas de toda la vida.<\/p>\n<p>En clase nos ense\u00f1aban el trabajo que los jesuitas hac\u00edan en Latinoam\u00e9rica con Fe y Alegr\u00eda\u2026 \u00a1y resulta que ahora vivo a diez metros de una de sus escuelas! Cuando termin\u00e9 el colegio segu\u00ed vinculado a la Compa\u00f1\u00eda a trav\u00e9s de la Comunidad Universitaria San Francisco Javier y, un poco despu\u00e9s, conoc\u00ed el programa VOLPA y la idea de participar en una experiencia como esa qued\u00f3 en mi cabeza, hasta que tuve el valor de iniciar el proceso.<\/p>\n<p>Sal\u00ed de en febrero de este a\u00f1o para empezar el trabajo al d\u00eda siguiente en Tacna, una ciudad de 300.000 habitantes en la frontera sur de Per\u00fa. Trabajo con el Servicio Jesuita a Migrantes, atendiendo las din\u00e1micas migratorias que se viven en esta frontera entre los pa\u00edses de Per\u00fa y Chile. Tambi\u00e9n acompa\u00f1amos a los solicitantes de refugio, sobre todo provenientes de Colombia, que necesitan poner en orden sus papeles y conocer los tr\u00e1mites necesarios.<\/p>\n<p style=\"margin-left:1.0cm\">&nbsp;<\/p>\n<p>Trabajar en el SJM es emocionante. Impresiona conocer tantas personas de pa\u00edses diferentes (alrededor de 400 en lo que va de a\u00f1o) que han tenido el valor de dejar sus casas para buscar una vida mejor. Casi todos llegan a la oficina sin dinero y sin posibilidades, despu\u00e9s de haber sido estafados por las mafias traficantes o haber sufrido robos, discriminaciones y rechazos.<\/p>\n<p>&nbsp;<\/p>\n<p>No tengo ninguna duda de que mereci\u00f3 la pena dejar Espa\u00f1a y vivir lo que estoy viviendo aqu\u00ed. La experiencia est\u00e1 siendo incre\u00edblemente intensa. Cada d\u00eda son mil retos y mil aprendizajes. No s\u00e9 qu\u00e9 har\u00e9 despu\u00e9s de esto, pero s\u00e9 que no me podr\u00e9 desprender de todo lo que trabaje y viva durante mi tiempo en Per\u00fa. Ojal\u00e1 pueda aplicar todo lo aprendido en mi siguiente trabajo, y que ese sea uno en el que sienta que respondo a la llamada que Dios me hace.<\/p>\n","protected":false},"excerpt":{"rendered":"<p>Volpa en la frontera entre Per\u00fa y Chile Me llamo Pedro y tengo 25 a\u00f1os. Fui alumno del Colegio Nuestra Se\u00f1ora del Recuerdo (Jesuitas) de Madrid y, por esta raz\u00f3n, siento que conozco Entreculturas de toda la vida. En clase nos ense\u00f1aban el trabajo que los jesuitas hac\u00edan en Latinoam\u00e9rica con Fe y Alegr\u00eda\u2026 \u00a1y resulta que ahora vivo a diez metros de una de sus escuelas! Cuando termin\u00e9 el colegio segu\u00ed vinculado a la Compa\u00f1\u00eda a trav\u00e9s de la Comunidad Universitaria San Francisco Javier y, un poco despu\u00e9s, conoc\u00ed el programa VOLPA y la idea de participar en una experiencia como esa qued\u00f3 en mi cabeza, hasta que tuve el valor de iniciar el proceso. Sal\u00ed de en febrero de este a\u00f1o para empezar el trabajo al d\u00eda siguiente en Tacna, una ciudad de 300.000 habitantes en la frontera sur de Per\u00fa. Trabajo con el Servicio Jesuita a Migrantes, [&hellip;]<\/p>\n","protected":false},"featured_media":9519,"template":"single-noticia","meta":{"_acf_changed":false},"categories":[7],"tags":[191],"country":[],"cause":[],"class_list":["post-9518","noticia","type-noticia","status-publish","has-post-thumbnail","hentry","category-noticia","tag-voluntariado"],"acf":[],"yoast_head":"<!-- This site is optimized with the Yoast SEO Premium plugin v21.6 (Yoast SEO v27.5) - https:\/\/yoast.com\/product\/yoast-seo-premium-wordpress\/ -->\n<title>Pedro de Castro - Entreculturas<\/title>\n<meta name=\"robots\" content=\"index, follow, max-snippet:-1, max-image-preview:large, max-video-preview:-1\" \/>\n<link rel=\"canonical\" href=\"https:\/\/www.entreculturas.org\/ca\/noticia\/pedro-de-castro\/\" \/>\n<meta property=\"og:locale\" content=\"ca_ES\" \/>\n<meta property=\"og:type\" content=\"article\" \/>\n<meta property=\"og:title\" content=\"Pedro de Castro\" \/>\n<meta property=\"og:description\" content=\"Volpa en la frontera entre Per\u00fa y Chile Me llamo Pedro y tengo 25 a\u00f1os. Fui alumno del Colegio Nuestra Se\u00f1ora del Recuerdo (Jesuitas) de Madrid y, por esta raz\u00f3n, siento que conozco Entreculturas de toda la vida. En clase nos ense\u00f1aban el trabajo que los jesuitas hac\u00edan en Latinoam\u00e9rica con Fe y Alegr\u00eda\u2026 \u00a1y resulta que ahora vivo a diez metros de una de sus escuelas! Cuando termin\u00e9 el colegio segu\u00ed vinculado a la Compa\u00f1\u00eda a trav\u00e9s de la Comunidad Universitaria San Francisco Javier y, un poco despu\u00e9s, conoc\u00ed el programa VOLPA y la idea de participar en una experiencia como esa qued\u00f3 en mi cabeza, hasta que tuve el valor de iniciar el proceso. Sal\u00ed de en febrero de este a\u00f1o para empezar el trabajo al d\u00eda siguiente en Tacna, una ciudad de 300.000 habitantes en la frontera sur de Per\u00fa. Trabajo con el Servicio Jesuita a Migrantes, [&hellip;]\" \/>\n<meta property=\"og:url\" content=\"https:\/\/www.entreculturas.org\/ca\/noticia\/pedro-de-castro\/\" \/>\n<meta property=\"og:site_name\" content=\"Entreculturas\" \/>\n<meta property=\"article:publisher\" content=\"https:\/\/www.facebook.com\/entreculturas\" \/>\n<meta property=\"article:modified_time\" content=\"2024-09-17T11:40:10+00:00\" \/>\n<meta property=\"og:image\" content=\"https:\/\/www.entreculturas.org\/wp-content\/uploads\/2023\/12\/pedro3.jpg\" \/>\n\t<meta property=\"og:image:width\" content=\"300\" \/>\n\t<meta property=\"og:image:height\" content=\"205\" \/>\n\t<meta property=\"og:image:type\" content=\"image\/jpeg\" \/>\n<meta name=\"twitter:card\" content=\"summary_large_image\" \/>\n<meta name=\"twitter:site\" content=\"@Entreculturas\" \/>\n<script type=\"application\/ld+json\" class=\"yoast-schema-graph\">{\"@context\":\"https:\\\/\\\/schema.org\",\"@graph\":[{\"@type\":\"WebPage\",\"@id\":\"https:\\\/\\\/www.entreculturas.org\\\/ca\\\/noticia\\\/pedro-de-castro\\\/\",\"url\":\"https:\\\/\\\/www.entreculturas.org\\\/ca\\\/noticia\\\/pedro-de-castro\\\/\",\"name\":\"Pedro de Castro - Entreculturas\",\"isPartOf\":{\"@id\":\"https:\\\/\\\/www.entreculturas.org\\\/ca\\\/#website\"},\"primaryImageOfPage\":{\"@id\":\"https:\\\/\\\/www.entreculturas.org\\\/ca\\\/noticia\\\/pedro-de-castro\\\/#primaryimage\"},\"image\":{\"@id\":\"https:\\\/\\\/www.entreculturas.org\\\/ca\\\/noticia\\\/pedro-de-castro\\\/#primaryimage\"},\"thumbnailUrl\":\"https:\\\/\\\/www.entreculturas.org\\\/wp-content\\\/uploads\\\/2023\\\/12\\\/pedro3.jpg\",\"datePublished\":\"2015-05-24T06:30:22+00:00\",\"dateModified\":\"2024-09-17T11:40:10+00:00\",\"breadcrumb\":{\"@id\":\"https:\\\/\\\/www.entreculturas.org\\\/ca\\\/noticia\\\/pedro-de-castro\\\/#breadcrumb\"},\"inLanguage\":\"ca\",\"potentialAction\":[{\"@type\":\"ReadAction\",\"target\":[\"https:\\\/\\\/www.entreculturas.org\\\/ca\\\/noticia\\\/pedro-de-castro\\\/\"]}]},{\"@type\":\"ImageObject\",\"inLanguage\":\"ca\",\"@id\":\"https:\\\/\\\/www.entreculturas.org\\\/ca\\\/noticia\\\/pedro-de-castro\\\/#primaryimage\",\"url\":\"https:\\\/\\\/www.entreculturas.org\\\/wp-content\\\/uploads\\\/2023\\\/12\\\/pedro3.jpg\",\"contentUrl\":\"https:\\\/\\\/www.entreculturas.org\\\/wp-content\\\/uploads\\\/2023\\\/12\\\/pedro3.jpg\",\"width\":300,\"height\":205},{\"@type\":\"BreadcrumbList\",\"@id\":\"https:\\\/\\\/www.entreculturas.org\\\/ca\\\/noticia\\\/pedro-de-castro\\\/#breadcrumb\",\"itemListElement\":[{\"@type\":\"ListItem\",\"position\":1,\"name\":\"Home\",\"item\":\"https:\\\/\\\/www.entreculturas.org\\\/ca\\\/\"},{\"@type\":\"ListItem\",\"position\":2,\"name\":\"Noticias\",\"item\":\"https:\\\/\\\/www.entreculturas.org\\\/ca\\\/noticias\\\/\"},{\"@type\":\"ListItem\",\"position\":3,\"name\":\"Pedro de Castro\"}]},{\"@type\":\"WebSite\",\"@id\":\"https:\\\/\\\/www.entreculturas.org\\\/ca\\\/#website\",\"url\":\"https:\\\/\\\/www.entreculturas.org\\\/ca\\\/\",\"name\":\"Entreculturas\",\"description\":\"\",\"publisher\":{\"@id\":\"https:\\\/\\\/www.entreculturas.org\\\/ca\\\/#organization\"},\"alternateName\":\"Entreculturas\",\"potentialAction\":[{\"@type\":\"SearchAction\",\"target\":{\"@type\":\"EntryPoint\",\"urlTemplate\":\"https:\\\/\\\/www.entreculturas.org\\\/ca\\\/?s={search_term_string}\"},\"query-input\":{\"@type\":\"PropertyValueSpecification\",\"valueRequired\":true,\"valueName\":\"search_term_string\"}}],\"inLanguage\":\"ca\"},{\"@type\":\"Organization\",\"@id\":\"https:\\\/\\\/www.entreculturas.org\\\/ca\\\/#organization\",\"name\":\"Entreculturas\",\"url\":\"https:\\\/\\\/www.entreculturas.org\\\/ca\\\/\",\"logo\":{\"@type\":\"ImageObject\",\"inLanguage\":\"ca\",\"@id\":\"https:\\\/\\\/www.entreculturas.org\\\/ca\\\/#\\\/schema\\\/logo\\\/image\\\/\",\"url\":\"https:\\\/\\\/www.entreculturas.org\\\/wp-content\\\/uploads\\\/2025\\\/10\\\/ESP.svg\",\"contentUrl\":\"https:\\\/\\\/www.entreculturas.org\\\/wp-content\\\/uploads\\\/2025\\\/10\\\/ESP.svg\",\"caption\":\"Entreculturas\"},\"image\":{\"@id\":\"https:\\\/\\\/www.entreculturas.org\\\/ca\\\/#\\\/schema\\\/logo\\\/image\\\/\"},\"sameAs\":[\"https:\\\/\\\/www.facebook.com\\\/entreculturas\",\"https:\\\/\\\/x.com\\\/Entreculturas\",\"https:\\\/\\\/www.instagram.com\\\/entreculturas\\\/\",\"https:\\\/\\\/www.youtube.com\\\/user\\\/entreculturasvideo\",\"https:\\\/\\\/www.linkedin.com\\\/company\\\/fundacion-entreculturas-ngdo\\\/\",\"https:\\\/\\\/www.flickr.com\\\/photos\\\/98455522@N04\\\/albums\\\/\"]}]}<\/script>\n<!-- \/ Yoast SEO Premium plugin. -->","yoast_head_json":{"title":"Pedro de Castro - Entreculturas","robots":{"index":"index","follow":"follow","max-snippet":"max-snippet:-1","max-image-preview":"max-image-preview:large","max-video-preview":"max-video-preview:-1"},"canonical":"https:\/\/www.entreculturas.org\/ca\/noticia\/pedro-de-castro\/","og_locale":"ca_ES","og_type":"article","og_title":"Pedro de Castro","og_description":"Volpa en la frontera entre Per\u00fa y Chile Me llamo Pedro y tengo 25 a\u00f1os. Fui alumno del Colegio Nuestra Se\u00f1ora del Recuerdo (Jesuitas) de Madrid y, por esta raz\u00f3n, siento que conozco Entreculturas de toda la vida. En clase nos ense\u00f1aban el trabajo que los jesuitas hac\u00edan en Latinoam\u00e9rica con Fe y Alegr\u00eda\u2026 \u00a1y resulta que ahora vivo a diez metros de una de sus escuelas! Cuando termin\u00e9 el colegio segu\u00ed vinculado a la Compa\u00f1\u00eda a trav\u00e9s de la Comunidad Universitaria San Francisco Javier y, un poco despu\u00e9s, conoc\u00ed el programa VOLPA y la idea de participar en una experiencia como esa qued\u00f3 en mi cabeza, hasta que tuve el valor de iniciar el proceso. Sal\u00ed de en febrero de este a\u00f1o para empezar el trabajo al d\u00eda siguiente en Tacna, una ciudad de 300.000 habitantes en la frontera sur de Per\u00fa. Trabajo con el Servicio Jesuita a Migrantes, [&hellip;]","og_url":"https:\/\/www.entreculturas.org\/ca\/noticia\/pedro-de-castro\/","og_site_name":"Entreculturas","article_publisher":"https:\/\/www.facebook.com\/entreculturas","article_modified_time":"2024-09-17T11:40:10+00:00","og_image":[{"width":300,"height":205,"url":"https:\/\/www.entreculturas.org\/wp-content\/uploads\/2023\/12\/pedro3.jpg","type":"image\/jpeg"}],"twitter_card":"summary_large_image","twitter_site":"@Entreculturas","schema":{"@context":"https:\/\/schema.org","@graph":[{"@type":"WebPage","@id":"https:\/\/www.entreculturas.org\/ca\/noticia\/pedro-de-castro\/","url":"https:\/\/www.entreculturas.org\/ca\/noticia\/pedro-de-castro\/","name":"Pedro de Castro - Entreculturas","isPartOf":{"@id":"https:\/\/www.entreculturas.org\/ca\/#website"},"primaryImageOfPage":{"@id":"https:\/\/www.entreculturas.org\/ca\/noticia\/pedro-de-castro\/#primaryimage"},"image":{"@id":"https:\/\/www.entreculturas.org\/ca\/noticia\/pedro-de-castro\/#primaryimage"},"thumbnailUrl":"https:\/\/www.entreculturas.org\/wp-content\/uploads\/2023\/12\/pedro3.jpg","datePublished":"2015-05-24T06:30:22+00:00","dateModified":"2024-09-17T11:40:10+00:00","breadcrumb":{"@id":"https:\/\/www.entreculturas.org\/ca\/noticia\/pedro-de-castro\/#breadcrumb"},"inLanguage":"ca","potentialAction":[{"@type":"ReadAction","target":["https:\/\/www.entreculturas.org\/ca\/noticia\/pedro-de-castro\/"]}]},{"@type":"ImageObject","inLanguage":"ca","@id":"https:\/\/www.entreculturas.org\/ca\/noticia\/pedro-de-castro\/#primaryimage","url":"https:\/\/www.entreculturas.org\/wp-content\/uploads\/2023\/12\/pedro3.jpg","contentUrl":"https:\/\/www.entreculturas.org\/wp-content\/uploads\/2023\/12\/pedro3.jpg","width":300,"height":205},{"@type":"BreadcrumbList","@id":"https:\/\/www.entreculturas.org\/ca\/noticia\/pedro-de-castro\/#breadcrumb","itemListElement":[{"@type":"ListItem","position":1,"name":"Home","item":"https:\/\/www.entreculturas.org\/ca\/"},{"@type":"ListItem","position":2,"name":"Noticias","item":"https:\/\/www.entreculturas.org\/ca\/noticias\/"},{"@type":"ListItem","position":3,"name":"Pedro de Castro"}]},{"@type":"WebSite","@id":"https:\/\/www.entreculturas.org\/ca\/#website","url":"https:\/\/www.entreculturas.org\/ca\/","name":"Entreculturas","description":"","publisher":{"@id":"https:\/\/www.entreculturas.org\/ca\/#organization"},"alternateName":"Entreculturas","potentialAction":[{"@type":"SearchAction","target":{"@type":"EntryPoint","urlTemplate":"https:\/\/www.entreculturas.org\/ca\/?s={search_term_string}"},"query-input":{"@type":"PropertyValueSpecification","valueRequired":true,"valueName":"search_term_string"}}],"inLanguage":"ca"},{"@type":"Organization","@id":"https:\/\/www.entreculturas.org\/ca\/#organization","name":"Entreculturas","url":"https:\/\/www.entreculturas.org\/ca\/","logo":{"@type":"ImageObject","inLanguage":"ca","@id":"https:\/\/www.entreculturas.org\/ca\/#\/schema\/logo\/image\/","url":"https:\/\/www.entreculturas.org\/wp-content\/uploads\/2025\/10\/ESP.svg","contentUrl":"https:\/\/www.entreculturas.org\/wp-content\/uploads\/2025\/10\/ESP.svg","caption":"Entreculturas"},"image":{"@id":"https:\/\/www.entreculturas.org\/ca\/#\/schema\/logo\/image\/"},"sameAs":["https:\/\/www.facebook.com\/entreculturas","https:\/\/x.com\/Entreculturas","https:\/\/www.instagram.com\/entreculturas\/","https:\/\/www.youtube.com\/user\/entreculturasvideo","https:\/\/www.linkedin.com\/company\/fundacion-entreculturas-ngdo\/","https:\/\/www.flickr.com\/photos\/98455522@N04\/albums\/"]}]}},"_links":{"self":[{"href":"https:\/\/www.entreculturas.org\/ca\/wp-json\/wp\/v2\/noticia\/9518","targetHints":{"allow":["GET"]}}],"collection":[{"href":"https:\/\/www.entreculturas.org\/ca\/wp-json\/wp\/v2\/noticia"}],"about":[{"href":"https:\/\/www.entreculturas.org\/ca\/wp-json\/wp\/v2\/types\/noticia"}],"wp:featuredmedia":[{"embeddable":true,"href":"https:\/\/www.entreculturas.org\/ca\/wp-json\/wp\/v2\/media\/9519"}],"wp:attachment":[{"href":"https:\/\/www.entreculturas.org\/ca\/wp-json\/wp\/v2\/media?parent=9518"}],"wp:term":[{"taxonomy":"category","embeddable":true,"href":"https:\/\/www.entreculturas.org\/ca\/wp-json\/wp\/v2\/categories?post=9518"},{"taxonomy":"post_tag","embeddable":true,"href":"https:\/\/www.entreculturas.org\/ca\/wp-json\/wp\/v2\/tags?post=9518"},{"taxonomy":"country","embeddable":true,"href":"https:\/\/www.entreculturas.org\/ca\/wp-json\/wp\/v2\/country?post=9518"},{"taxonomy":"cause","embeddable":true,"href":"https:\/\/www.entreculturas.org\/ca\/wp-json\/wp\/v2\/cause?post=9518"}],"curies":[{"name":"wp","href":"https:\/\/api.w.org\/{rel}","templated":true}]}}