{"id":9500,"date":"2015-05-13T14:48:49","date_gmt":"2015-05-13T12:48:49","guid":{"rendered":"https:\/\/www.entreculturas.org\/publicacion\/jos-vicente-soria\/"},"modified":"2024-09-17T13:27:43","modified_gmt":"2024-09-17T11:27:43","slug":"jos-vicente-soria","status":"publish","type":"noticia","link":"https:\/\/www.entreculturas.org\/ca\/noticia\/jos-vicente-soria\/","title":{"rendered":"Jos\u00e9 Vicente Soria"},"content":{"rendered":"<p>Voluntario VOLPA en Nador (Marruecos)<\/p>\n<p>Me llamo Jos\u00e9 Vicente, tengo 32 a\u00f1os y soy periodista. Actualmente me encuentro en Nador (Marruecos) realizando un voluntariado internacional con Entreculturas. En concreto, colaboro con el Servicio Jesuita a Migrantes (SJM) acompa\u00f1ando a las personas subsaharianas que llegan hasta aqu\u00ed huyendo de los conflictos de sus pa\u00edses, atendiendo a los medios de comunicaci\u00f3n y apoyando en el centro de Formaci\u00f3n \u2018Baraka\u2019 con j\u00f3venes marroqu\u00edes.<\/p>\n<p>Mi llegada a Nador ha sido una mezcla de varias sensaciones, todas juntas a la vez, tantas que hasta pasadas unas semanas no he sabido interpretarlas.<\/p>\n<p>S\u00ed era consciente de la ilusi\u00f3n que tra\u00eda, unida a la incertidumbre de lo que me iba a encontrar. La sensaci\u00f3n de que comenzaba casi de cero, lo cual al principio no me permiti\u00f3 disfrutar de esa inocencia, sino que quer\u00eda aprender todo r\u00e1pido, lo cual me frustraba y ve\u00eda dif\u00edcil hacer casi cualquier cosa, incluso las m\u00e1s simples. Pero todo cambi\u00f3 cuando me quit\u00e9 la presi\u00f3n que yo mismo me estaba poniendo encima y me permit\u00ed ser \u201cun aprendiz\u201d.<\/p>\n<p>Unas palabras sabias de una amiga me hicieron reflexionar. Y tambi\u00e9n ha sido m\u00e1s f\u00e1cil gracias a la gente que me ha acogido en Nador, me han hecho sentirme protegido cuando lo necesitaba.<\/p>\n<p>Mis primeras semanas en Nador fueron las previas al <em>IV Foro Social de Fronteras<\/em>, para el que contribu\u00ed en la organizaci\u00f3n del evento que consigui\u00f3 reunir a unas 300 personas. Esto me vino fenomenal para conocer las realidades de otras fronteras en el mundo, otras perspectivas. Tambi\u00e9n fue muy bueno para m\u00ed porque conoc\u00ed a muchas personas de los movimientos sociales de Melilla con los que trabajar desde los dos lados de la valla entre Marruecos y Espa\u00f1a.<\/p>\n<p>La Delegaci\u00f3n de Migraciones del SJM en Nador es responsabilidad de Esteban Vel\u00e1zquez, con Luis como coordinador de administraci\u00f3n y gesti\u00f3n y sor Francisca como coordinadora de trabajo sanitario, Ibrahim y Joseph, y la trabajadora social, Sara. El equipo se completa con tres conductores, Mohand, Farid y Abdelhak, y la nueva incorporaci\u00f3n, Almudena, la psic\u00f3loga. Esas primeras semanas tambi\u00e9n me sirvieron para conocer c\u00f3mo trabajan, acompa\u00f1\u00e1ndoles en su atenci\u00f3n a las personas refugiadas que est\u00e1n viviendo en campamentos en el bosque. La principal tarea es acompa\u00f1ar a las personas de origen subsahariano a los centros de salud para que tengan acceso a la asistencia sanitaria marroqu\u00ed, que es universal.<\/p>\n<p>Tambi\u00e9n realizamos tareas de distribuci\u00f3n de mantas, pl\u00e1sticos y bidones para recoger agua de forma que la vida en el bosque de estas personas sea lo menos inc\u00f3moda posible. Para hacerlo, antes se establece un \u2018mapping\u2019 del lugar en el que viven para conocer cu\u00e1nta gente hay all\u00ed, cu\u00e1ntos hombres, mujeres y ni\u00f1os, qu\u00e9 necesidades tienen, adem\u00e1s de realizar una labor de concienciaci\u00f3n sobre la importancia de mantener unas condiciones saludables en los campamentos durante esta etapa de su vida.<\/p>\n<p>Lo que m\u00e1s me est\u00e1 gustando de mi estancia aqu\u00ed es el contacto con las personas, tanto mis compa\u00f1eros de trabajo, como los inmigrantes y los marroqu\u00edes; un contacto directo, basado en qui\u00e9n soy yo y qui\u00e9n es el otro, sin importar de d\u00f3nde venimos. Es verdad que el idioma es una peque\u00f1a barrera con la que he de lidiar a diario, pero me voy apa\u00f1ando con el franc\u00e9s y aqu\u00ed hay mucha gente que habla espa\u00f1ol. Con el paso de los d\u00edas descubro nuevas formas de comunicarme y me doy cuenta de que, para lo esencial, no hace falta tener un mismo idioma. En muchas ocasiones una mirada sirve para transmitir m\u00e1s informaci\u00f3n que una hora de conversaci\u00f3n. La distancia que puede crear un idioma, una cultura\u2026 puede romperse con una mirada.<\/p>\n<p>Me faltan muchas cosas que percibir, c\u00f3digos q aprender. Ha sido a partir del primer mes cuando he empezado a percibir las peque\u00f1as cosas que antes pasaban desapercibidas, los sonidos, las se\u00f1ales, las sonrisas\u2026 que antes no ve\u00eda.<\/p>\n<p>Mi vida en Nador es muy diferente a la que ten\u00eda en una gran ciudad como Madrid. Esta es una ciudad peque\u00f1a, m\u00e1s c\u00f3moda en desplazamientos, pero con menos ofertas de ocio m\u00e1s all\u00e1 de quedar con la gente que conoces y tomar un t\u00e9 o un caf\u00e9. Lo bueno es que ahora est\u00e1 dando los primeros pasos para ser un punto tur\u00edstico de referencia, lo que lleva a que el paseo mar\u00edtimo de la ciudad est\u00e9 siendo renovado y ampliado, un buen lugar por el que me gusta salir a correr.<\/p>\n<p>Aqu\u00ed cada d\u00eda me siento retado a ser \u201cel mejor yo\u201d, un sentimiento muy positivo que me impulsa a seguir aprendiendo. Adem\u00e1s, tengo la sensaci\u00f3n de que la acci\u00f3n de Entreculturas y mi presencia en este proyecto marcan una diferencia, es decir, que las cosas ser\u00edan diferentes si no estuvi\u00e9ramos aqu\u00ed. Est\u00e1 siendo una gran experiencia.&nbsp;<\/p>\n","protected":false},"excerpt":{"rendered":"<p>Voluntario VOLPA en Nador (Marruecos) Me llamo Jos\u00e9 Vicente, tengo 32 a\u00f1os y soy periodista. Actualmente me encuentro en Nador (Marruecos) realizando un voluntariado internacional con Entreculturas. En concreto, colaboro con el Servicio Jesuita a Migrantes (SJM) acompa\u00f1ando a las personas subsaharianas que llegan hasta aqu\u00ed huyendo de los conflictos de sus pa\u00edses, atendiendo a los medios de comunicaci\u00f3n y apoyando en el centro de Formaci\u00f3n \u2018Baraka\u2019 con j\u00f3venes marroqu\u00edes. Mi llegada a Nador ha sido una mezcla de varias sensaciones, todas juntas a la vez, tantas que hasta pasadas unas semanas no he sabido interpretarlas. S\u00ed era consciente de la ilusi\u00f3n que tra\u00eda, unida a la incertidumbre de lo que me iba a encontrar. La sensaci\u00f3n de que comenzaba casi de cero, lo cual al principio no me permiti\u00f3 disfrutar de esa inocencia, sino que quer\u00eda aprender todo r\u00e1pido, lo cual me frustraba y ve\u00eda dif\u00edcil hacer casi cualquier [&hellip;]<\/p>\n","protected":false},"featured_media":9501,"template":"noticia","meta":{"_acf_changed":false},"categories":[7],"tags":[191],"country":[],"cause":[132],"class_list":["post-9500","noticia","type-noticia","status-publish","has-post-thumbnail","hentry","category-noticia","tag-voluntariado","cause-participacion-y-ciudadania-global"],"acf":[],"yoast_head":"<!-- This site is optimized with the Yoast SEO Premium plugin v21.6 (Yoast SEO v27.5) - https:\/\/yoast.com\/product\/yoast-seo-premium-wordpress\/ -->\n<title>Jos\u00e9 Vicente Soria - Entreculturas<\/title>\n<meta name=\"robots\" content=\"index, follow, max-snippet:-1, max-image-preview:large, max-video-preview:-1\" \/>\n<link rel=\"canonical\" href=\"https:\/\/www.entreculturas.org\/ca\/noticia\/jos-vicente-soria\/\" \/>\n<meta property=\"og:locale\" content=\"ca_ES\" \/>\n<meta property=\"og:type\" content=\"article\" \/>\n<meta property=\"og:title\" content=\"Jos\u00e9 Vicente Soria\" \/>\n<meta property=\"og:description\" content=\"Voluntario VOLPA en Nador (Marruecos) Me llamo Jos\u00e9 Vicente, tengo 32 a\u00f1os y soy periodista. Actualmente me encuentro en Nador (Marruecos) realizando un voluntariado internacional con Entreculturas. En concreto, colaboro con el Servicio Jesuita a Migrantes (SJM) acompa\u00f1ando a las personas subsaharianas que llegan hasta aqu\u00ed huyendo de los conflictos de sus pa\u00edses, atendiendo a los medios de comunicaci\u00f3n y apoyando en el centro de Formaci\u00f3n \u2018Baraka\u2019 con j\u00f3venes marroqu\u00edes. Mi llegada a Nador ha sido una mezcla de varias sensaciones, todas juntas a la vez, tantas que hasta pasadas unas semanas no he sabido interpretarlas. S\u00ed era consciente de la ilusi\u00f3n que tra\u00eda, unida a la incertidumbre de lo que me iba a encontrar. La sensaci\u00f3n de que comenzaba casi de cero, lo cual al principio no me permiti\u00f3 disfrutar de esa inocencia, sino que quer\u00eda aprender todo r\u00e1pido, lo cual me frustraba y ve\u00eda dif\u00edcil hacer casi cualquier [&hellip;]\" \/>\n<meta property=\"og:url\" content=\"https:\/\/www.entreculturas.org\/ca\/noticia\/jos-vicente-soria\/\" \/>\n<meta property=\"og:site_name\" content=\"Entreculturas\" \/>\n<meta property=\"article:publisher\" content=\"https:\/\/www.facebook.com\/entreculturas\" \/>\n<meta property=\"article:modified_time\" content=\"2024-09-17T11:27:43+00:00\" \/>\n<meta property=\"og:image\" content=\"https:\/\/www.entreculturas.org\/wp-content\/uploads\/2023\/12\/jose-vicente-soria-2.jpg\" \/>\n\t<meta property=\"og:image:width\" content=\"203\" \/>\n\t<meta property=\"og:image:height\" content=\"276\" \/>\n\t<meta property=\"og:image:type\" content=\"image\/jpeg\" \/>\n<meta name=\"twitter:card\" content=\"summary_large_image\" \/>\n<meta name=\"twitter:site\" content=\"@Entreculturas\" \/>\n<script type=\"application\/ld+json\" class=\"yoast-schema-graph\">{\"@context\":\"https:\\\/\\\/schema.org\",\"@graph\":[{\"@type\":\"WebPage\",\"@id\":\"https:\\\/\\\/www.entreculturas.org\\\/ca\\\/noticia\\\/jos-vicente-soria\\\/\",\"url\":\"https:\\\/\\\/www.entreculturas.org\\\/ca\\\/noticia\\\/jos-vicente-soria\\\/\",\"name\":\"Jos\u00e9 Vicente Soria - Entreculturas\",\"isPartOf\":{\"@id\":\"https:\\\/\\\/www.entreculturas.org\\\/ca\\\/#website\"},\"primaryImageOfPage\":{\"@id\":\"https:\\\/\\\/www.entreculturas.org\\\/ca\\\/noticia\\\/jos-vicente-soria\\\/#primaryimage\"},\"image\":{\"@id\":\"https:\\\/\\\/www.entreculturas.org\\\/ca\\\/noticia\\\/jos-vicente-soria\\\/#primaryimage\"},\"thumbnailUrl\":\"https:\\\/\\\/www.entreculturas.org\\\/wp-content\\\/uploads\\\/2023\\\/12\\\/jose-vicente-soria-2.jpg\",\"datePublished\":\"2015-05-13T12:48:49+00:00\",\"dateModified\":\"2024-09-17T11:27:43+00:00\",\"breadcrumb\":{\"@id\":\"https:\\\/\\\/www.entreculturas.org\\\/ca\\\/noticia\\\/jos-vicente-soria\\\/#breadcrumb\"},\"inLanguage\":\"ca\",\"potentialAction\":[{\"@type\":\"ReadAction\",\"target\":[\"https:\\\/\\\/www.entreculturas.org\\\/ca\\\/noticia\\\/jos-vicente-soria\\\/\"]}]},{\"@type\":\"ImageObject\",\"inLanguage\":\"ca\",\"@id\":\"https:\\\/\\\/www.entreculturas.org\\\/ca\\\/noticia\\\/jos-vicente-soria\\\/#primaryimage\",\"url\":\"https:\\\/\\\/www.entreculturas.org\\\/wp-content\\\/uploads\\\/2023\\\/12\\\/jose-vicente-soria-2.jpg\",\"contentUrl\":\"https:\\\/\\\/www.entreculturas.org\\\/wp-content\\\/uploads\\\/2023\\\/12\\\/jose-vicente-soria-2.jpg\",\"width\":203,\"height\":276},{\"@type\":\"BreadcrumbList\",\"@id\":\"https:\\\/\\\/www.entreculturas.org\\\/ca\\\/noticia\\\/jos-vicente-soria\\\/#breadcrumb\",\"itemListElement\":[{\"@type\":\"ListItem\",\"position\":1,\"name\":\"Home\",\"item\":\"https:\\\/\\\/www.entreculturas.org\\\/ca\\\/\"},{\"@type\":\"ListItem\",\"position\":2,\"name\":\"Noticias\",\"item\":\"https:\\\/\\\/www.entreculturas.org\\\/ca\\\/noticias\\\/\"},{\"@type\":\"ListItem\",\"position\":3,\"name\":\"Jos\u00e9 Vicente Soria\"}]},{\"@type\":\"WebSite\",\"@id\":\"https:\\\/\\\/www.entreculturas.org\\\/ca\\\/#website\",\"url\":\"https:\\\/\\\/www.entreculturas.org\\\/ca\\\/\",\"name\":\"Entreculturas\",\"description\":\"\",\"publisher\":{\"@id\":\"https:\\\/\\\/www.entreculturas.org\\\/ca\\\/#organization\"},\"alternateName\":\"Entreculturas\",\"potentialAction\":[{\"@type\":\"SearchAction\",\"target\":{\"@type\":\"EntryPoint\",\"urlTemplate\":\"https:\\\/\\\/www.entreculturas.org\\\/ca\\\/?s={search_term_string}\"},\"query-input\":{\"@type\":\"PropertyValueSpecification\",\"valueRequired\":true,\"valueName\":\"search_term_string\"}}],\"inLanguage\":\"ca\"},{\"@type\":\"Organization\",\"@id\":\"https:\\\/\\\/www.entreculturas.org\\\/ca\\\/#organization\",\"name\":\"Entreculturas\",\"url\":\"https:\\\/\\\/www.entreculturas.org\\\/ca\\\/\",\"logo\":{\"@type\":\"ImageObject\",\"inLanguage\":\"ca\",\"@id\":\"https:\\\/\\\/www.entreculturas.org\\\/ca\\\/#\\\/schema\\\/logo\\\/image\\\/\",\"url\":\"https:\\\/\\\/www.entreculturas.org\\\/wp-content\\\/uploads\\\/2025\\\/10\\\/ESP.svg\",\"contentUrl\":\"https:\\\/\\\/www.entreculturas.org\\\/wp-content\\\/uploads\\\/2025\\\/10\\\/ESP.svg\",\"caption\":\"Entreculturas\"},\"image\":{\"@id\":\"https:\\\/\\\/www.entreculturas.org\\\/ca\\\/#\\\/schema\\\/logo\\\/image\\\/\"},\"sameAs\":[\"https:\\\/\\\/www.facebook.com\\\/entreculturas\",\"https:\\\/\\\/x.com\\\/Entreculturas\",\"https:\\\/\\\/www.instagram.com\\\/entreculturas\\\/\",\"https:\\\/\\\/www.youtube.com\\\/user\\\/entreculturasvideo\",\"https:\\\/\\\/www.linkedin.com\\\/company\\\/fundacion-entreculturas-ngdo\\\/\",\"https:\\\/\\\/www.flickr.com\\\/photos\\\/98455522@N04\\\/albums\\\/\"]}]}<\/script>\n<!-- \/ Yoast SEO Premium plugin. -->","yoast_head_json":{"title":"Jos\u00e9 Vicente Soria - Entreculturas","robots":{"index":"index","follow":"follow","max-snippet":"max-snippet:-1","max-image-preview":"max-image-preview:large","max-video-preview":"max-video-preview:-1"},"canonical":"https:\/\/www.entreculturas.org\/ca\/noticia\/jos-vicente-soria\/","og_locale":"ca_ES","og_type":"article","og_title":"Jos\u00e9 Vicente Soria","og_description":"Voluntario VOLPA en Nador (Marruecos) Me llamo Jos\u00e9 Vicente, tengo 32 a\u00f1os y soy periodista. Actualmente me encuentro en Nador (Marruecos) realizando un voluntariado internacional con Entreculturas. En concreto, colaboro con el Servicio Jesuita a Migrantes (SJM) acompa\u00f1ando a las personas subsaharianas que llegan hasta aqu\u00ed huyendo de los conflictos de sus pa\u00edses, atendiendo a los medios de comunicaci\u00f3n y apoyando en el centro de Formaci\u00f3n \u2018Baraka\u2019 con j\u00f3venes marroqu\u00edes. Mi llegada a Nador ha sido una mezcla de varias sensaciones, todas juntas a la vez, tantas que hasta pasadas unas semanas no he sabido interpretarlas. S\u00ed era consciente de la ilusi\u00f3n que tra\u00eda, unida a la incertidumbre de lo que me iba a encontrar. La sensaci\u00f3n de que comenzaba casi de cero, lo cual al principio no me permiti\u00f3 disfrutar de esa inocencia, sino que quer\u00eda aprender todo r\u00e1pido, lo cual me frustraba y ve\u00eda dif\u00edcil hacer casi cualquier [&hellip;]","og_url":"https:\/\/www.entreculturas.org\/ca\/noticia\/jos-vicente-soria\/","og_site_name":"Entreculturas","article_publisher":"https:\/\/www.facebook.com\/entreculturas","article_modified_time":"2024-09-17T11:27:43+00:00","og_image":[{"width":203,"height":276,"url":"https:\/\/www.entreculturas.org\/wp-content\/uploads\/2023\/12\/jose-vicente-soria-2.jpg","type":"image\/jpeg"}],"twitter_card":"summary_large_image","twitter_site":"@Entreculturas","schema":{"@context":"https:\/\/schema.org","@graph":[{"@type":"WebPage","@id":"https:\/\/www.entreculturas.org\/ca\/noticia\/jos-vicente-soria\/","url":"https:\/\/www.entreculturas.org\/ca\/noticia\/jos-vicente-soria\/","name":"Jos\u00e9 Vicente Soria - Entreculturas","isPartOf":{"@id":"https:\/\/www.entreculturas.org\/ca\/#website"},"primaryImageOfPage":{"@id":"https:\/\/www.entreculturas.org\/ca\/noticia\/jos-vicente-soria\/#primaryimage"},"image":{"@id":"https:\/\/www.entreculturas.org\/ca\/noticia\/jos-vicente-soria\/#primaryimage"},"thumbnailUrl":"https:\/\/www.entreculturas.org\/wp-content\/uploads\/2023\/12\/jose-vicente-soria-2.jpg","datePublished":"2015-05-13T12:48:49+00:00","dateModified":"2024-09-17T11:27:43+00:00","breadcrumb":{"@id":"https:\/\/www.entreculturas.org\/ca\/noticia\/jos-vicente-soria\/#breadcrumb"},"inLanguage":"ca","potentialAction":[{"@type":"ReadAction","target":["https:\/\/www.entreculturas.org\/ca\/noticia\/jos-vicente-soria\/"]}]},{"@type":"ImageObject","inLanguage":"ca","@id":"https:\/\/www.entreculturas.org\/ca\/noticia\/jos-vicente-soria\/#primaryimage","url":"https:\/\/www.entreculturas.org\/wp-content\/uploads\/2023\/12\/jose-vicente-soria-2.jpg","contentUrl":"https:\/\/www.entreculturas.org\/wp-content\/uploads\/2023\/12\/jose-vicente-soria-2.jpg","width":203,"height":276},{"@type":"BreadcrumbList","@id":"https:\/\/www.entreculturas.org\/ca\/noticia\/jos-vicente-soria\/#breadcrumb","itemListElement":[{"@type":"ListItem","position":1,"name":"Home","item":"https:\/\/www.entreculturas.org\/ca\/"},{"@type":"ListItem","position":2,"name":"Noticias","item":"https:\/\/www.entreculturas.org\/ca\/noticias\/"},{"@type":"ListItem","position":3,"name":"Jos\u00e9 Vicente Soria"}]},{"@type":"WebSite","@id":"https:\/\/www.entreculturas.org\/ca\/#website","url":"https:\/\/www.entreculturas.org\/ca\/","name":"Entreculturas","description":"","publisher":{"@id":"https:\/\/www.entreculturas.org\/ca\/#organization"},"alternateName":"Entreculturas","potentialAction":[{"@type":"SearchAction","target":{"@type":"EntryPoint","urlTemplate":"https:\/\/www.entreculturas.org\/ca\/?s={search_term_string}"},"query-input":{"@type":"PropertyValueSpecification","valueRequired":true,"valueName":"search_term_string"}}],"inLanguage":"ca"},{"@type":"Organization","@id":"https:\/\/www.entreculturas.org\/ca\/#organization","name":"Entreculturas","url":"https:\/\/www.entreculturas.org\/ca\/","logo":{"@type":"ImageObject","inLanguage":"ca","@id":"https:\/\/www.entreculturas.org\/ca\/#\/schema\/logo\/image\/","url":"https:\/\/www.entreculturas.org\/wp-content\/uploads\/2025\/10\/ESP.svg","contentUrl":"https:\/\/www.entreculturas.org\/wp-content\/uploads\/2025\/10\/ESP.svg","caption":"Entreculturas"},"image":{"@id":"https:\/\/www.entreculturas.org\/ca\/#\/schema\/logo\/image\/"},"sameAs":["https:\/\/www.facebook.com\/entreculturas","https:\/\/x.com\/Entreculturas","https:\/\/www.instagram.com\/entreculturas\/","https:\/\/www.youtube.com\/user\/entreculturasvideo","https:\/\/www.linkedin.com\/company\/fundacion-entreculturas-ngdo\/","https:\/\/www.flickr.com\/photos\/98455522@N04\/albums\/"]}]}},"_links":{"self":[{"href":"https:\/\/www.entreculturas.org\/ca\/wp-json\/wp\/v2\/noticia\/9500","targetHints":{"allow":["GET"]}}],"collection":[{"href":"https:\/\/www.entreculturas.org\/ca\/wp-json\/wp\/v2\/noticia"}],"about":[{"href":"https:\/\/www.entreculturas.org\/ca\/wp-json\/wp\/v2\/types\/noticia"}],"wp:featuredmedia":[{"embeddable":true,"href":"https:\/\/www.entreculturas.org\/ca\/wp-json\/wp\/v2\/media\/9501"}],"wp:attachment":[{"href":"https:\/\/www.entreculturas.org\/ca\/wp-json\/wp\/v2\/media?parent=9500"}],"wp:term":[{"taxonomy":"category","embeddable":true,"href":"https:\/\/www.entreculturas.org\/ca\/wp-json\/wp\/v2\/categories?post=9500"},{"taxonomy":"post_tag","embeddable":true,"href":"https:\/\/www.entreculturas.org\/ca\/wp-json\/wp\/v2\/tags?post=9500"},{"taxonomy":"country","embeddable":true,"href":"https:\/\/www.entreculturas.org\/ca\/wp-json\/wp\/v2\/country?post=9500"},{"taxonomy":"cause","embeddable":true,"href":"https:\/\/www.entreculturas.org\/ca\/wp-json\/wp\/v2\/cause?post=9500"}],"curies":[{"name":"wp","href":"https:\/\/api.w.org\/{rel}","templated":true}]}}