{"id":9432,"date":"2023-11-13T12:35:24","date_gmt":"2023-11-13T11:35:24","guid":{"rendered":"https:\/\/www.entreculturas.org\/noticia\/la-campana-mundial-por-la-educacion-alerta-de-que-la-ayuda-espanola-destinada-educacion-ha\/"},"modified":"2024-02-14T14:55:09","modified_gmt":"2024-02-14T13:55:09","slug":"la-campana-mundial-por-la-educacion-alerta-de-que-la-ayuda-espanola-destinada-educacion-ha","status":"publish","type":"noticia","link":"https:\/\/www.entreculturas.org\/ca\/noticia\/la-campana-mundial-por-la-educacion-alerta-de-que-la-ayuda-espanola-destinada-educacion-ha\/","title":{"rendered":"La Campa\u00f1a Mundial por la Educaci\u00f3n alerta de que la ayuda espa\u00f1ola destinada a educaci\u00f3n ha alcanzado su nivel m\u00e1s bajo en 20 a\u00f1os"},"content":{"rendered":"<\/p>\n<ul>\n<li>La coalici\u00f3n ha celebrado un evento especial donde ha conmemorado sus 20 a\u00f1os en Espa\u00f1a rodeado de organismos internacionales, autoridades espa\u00f1olas, voces expertas y j\u00f3venes activistas por la educaci\u00f3n.&nbsp;<\/li>\n<\/ul>\n<p><strong>Campa\u00f1a Mundial por la Educaci\u00f3n Espa\u00f1a, 13 de noviembre de 2023<\/strong>. Con motivo del vig\u00e9simo aniversario de la <a href=\"https:\/\/cme-espana.org\/\">Campa\u00f1a Mundial por la Educaci\u00f3n (CME)<\/a> en Espa\u00f1a, la coalici\u00f3n espa\u00f1ola liderada por <strong>Ayuda en Acci\u00f3n, Educo, Entreculturas y Plan International<\/strong>, ha celebrado en Madrid un evento especial, donde ha reivindicado la necesidad de disponer de una adecuada financiaci\u00f3n para afrontar los retos actuales y futuros de la educaci\u00f3n en el mundo.<\/p>\n<p>En la jornada, la CME se ha rodeado de personalidades relevantes de diferentes instituciones internacionales y nacionales, as\u00ed como de voces expertas y j\u00f3venes activistas para abordar desde diferentes perspectivas la <strong>actual crisis financiera educativa mundial<\/strong>. Un di\u00e1logo que tambi\u00e9n ha permitido profundizar en las consecuencias que tiene este d\u00e9ficit financiero en el cumplimiento de la Agenda 2030 yen la consolidaci\u00f3n de los sistemas educativos p\u00fablicos de muchos pa\u00edses del mundo.&nbsp;<\/p>\n<p><img decoding=\"async\" alt=\" src=\"https:\/\/www.entreculturas.org\/wp-content\/uploads\/2023\/12\/ixone_-_portavoz_del_grupo_de_jovenes_activistas_de_cme_espana-scaled-1.jpg\" style=\"width: 900px; height: 600px;\"><\/p>\n<p>&nbsp;<\/p>\n<p>La plataforma de la sociedad civil, que moviliza cada a\u00f1o a la ciudadan\u00eda por el derecho a la educaci\u00f3n, ha insistido, en palabras de Pilar Orenes, directora de Educo, que \u201caunque somos conscientes de que los desaf\u00edos en materia educativa son grandes, es necesario un <strong>mayor compromiso por parte de la comunidad de donantes<\/strong>. Porque la educaci\u00f3n de calidad, equitativa e inclusiva cura y salva vidas, y debe ser una prioridad urgente\u201d. Una postura que es avalada por la UNESCO o el Banco Mundial que alertan sobre un preocupante retroceso y estancamiento de cada una de las metas del Objetivo de Desarrollo Sostenible (ODS) n\u00famero 4. \u201cNecesitamos la implicaci\u00f3n de todos los actores, la administraci\u00f3n central, pero tambi\u00e9n la auton\u00f3mica, la local, las empresas, la sociedad civil. Las alianzas son clave\u201d, ha completado.&nbsp;<\/p>\n<p>Esta valoraci\u00f3n coincide con la actualizaci\u00f3n de los datos sobre financiaci\u00f3n internacional en materia educativa que ha presentado la CME en el evento. Un an\u00e1lisis que muestra c\u00f3mo, mientras la ayuda destinada a salud se dispar\u00f3 por la irrupci\u00f3n de la Covid-19, la<strong> AOD para educaci\u00f3n retrocedi\u00f3 de 2020 a 2021 un 7%, llegando a significar solamente el 9,8% del total<\/strong>, su punto m\u00e1s bajo desde 2015. Una falta de priorizaci\u00f3n en los presupuestos nacionales que, seg\u00fan la UNESCO, se traduce en un d\u00e9ficit mundial de financiaci\u00f3n educativa de m\u00e1s de 100.000 millones de d\u00f3lares.&nbsp;<\/p>\n<p>En el caso de Espa\u00f1a, la CME ha se\u00f1alado que la cooperaci\u00f3n en este pa\u00eds necesita redoblar esfuerzos y tener una financiaci\u00f3n m\u00e1s robusta para contribuir de una manera m\u00e1s decidida a la ampliaci\u00f3n del derecho a la educaci\u00f3n en el mundo. Un objetivo, que choca con los \u00faltimos datos recogidos por la Campa\u00f1a, que indican c\u00f3mo la ayuda espa\u00f1ola destinada a educaci\u00f3n <strong>retrocedi\u00f3 en 2021 a su valor m\u00e1s bajo en 20 a\u00f1os<\/strong>, llegando a significar solamente el 7,4% del total.<\/p>\n<p>Sobre el papel y el peso que tiene la educaci\u00f3n dentro de la cooperaci\u00f3n espa\u00f1ola, el director de la Agencia Espa\u00f1ola de Cooperaci\u00f3n Internacional para el Desarrollo (AECID) reconoci\u00f3 durante su intervenci\u00f3n que \u201cfinanciar la educaci\u00f3n es clave en un contexto donde las necesidades no dejan de crecer, por el impacto de m\u00faltiples conflictos y el cambio clim\u00e1tico. Por solidaridad, pero tambi\u00e9n por responsabilidad en un mundo interconectado\u201d. \u201c<strong>La&nbsp; educaci\u00f3n es un derecho humano que hay que proteger incluso en las situaciones m\u00e1s complejas. <\/strong>La nueva Ley de Cooperaci\u00f3n sit\u00faa a Espa\u00f1a en la vanguardia porque defiende el valor intr\u00ednseco de la educaci\u00f3n, la importancia de garantizar incluso en situaciones de emergencia y la construcci\u00f3n de una ciudadan\u00eda global, justamente ahora que se est\u00e1 cuestionando. Como muestra de nuestro compromiso, desde AECID vamos a dedicar 50 millones de euros al ODS4, al \u00e1mbito educativo, lo que significa un 10% del presupuesto total, ha a\u00f1adido.<\/p>\n<p>&nbsp;<\/p>\n<p><img decoding=\"async\" alt=\" src=\"https:\/\/www.entreculturas.org\/wp-content\/uploads\/2023\/12\/elena_rua_-_ayuda_en_accion_-_cme_2-scaled-1.jpg\" style=\"width: 900px; height: 600px;\"><\/p>\n<p>&nbsp;<\/p>\n<p><strong>20 a\u00f1os de la CME en Espa\u00f1a<\/strong><\/p>\n<p>La Campa\u00f1a Mundial por la Educaci\u00f3n surgi\u00f3 en Espa\u00f1a en 2003, cuatro a\u00f1os despu\u00e9s de su creaci\u00f3n en el Foro Mundial por la Educaci\u00f3n de Dakar. Durante estos 20 a\u00f1os, la coalici\u00f3n espa\u00f1ola liderada por <strong>Ayuda en Acci\u00f3n, Educo, Entreculturas y Plan International<\/strong> y formada por ONG, sindicatos del entorno educativo, centros escolares y movimientos sociales se ha constituido como una plataforma desde la cual unificar, coordinar y movilizar a la sociedad civil para reclamar una educaci\u00f3n de calidad en todo el mundo.&nbsp;<\/p>\n<p>Durante estos a\u00f1os, <strong>m\u00e1s de 1.000 centros educativos<\/strong> se han visto implicados en sus distintas acciones y m\u00e1s de <strong>50.000 j\u00f3venes <\/strong>han participado en alguna de sus actividades. Sin embargo, a pesar de esta voluntad, desde la CME recalcan que si bien los avances se han producido, lo han hecho muy lentamente y no siempre se han mantenido. A\u00fan as\u00ed, a\u00f1o tras a\u00f1o, j\u00f3venes, educadores y entidades han exigido a las autoridades un mayor compromiso con la educaci\u00f3n de calidad, llegando en numerosas ocasiones a acudir al Congreso de los Diputados, al Senado y a diferentes ayuntamientos para entregar sus demandas en mano.&nbsp;<\/p>\n<p>La incidencia pol\u00edtica junto a la movilizaci\u00f3n y la sensibilizaci\u00f3n han sido los tres principales canales desde donde se ha venido realizando el trabajo de la campa\u00f1a que siempre ha buscado convertir a la ciudadan\u00eda en portavoces y <strong>activistas por el derecho a la educaci\u00f3n<\/strong>. Un objetivo que, en palabras de Pilar Orenes, \u201ca pesar de las dificultades y los cambios que hemos encontrado durante el camino, hoy m\u00e1s que nunca merece la pena continuar\u201d.&nbsp;<\/p>\n","protected":false},"excerpt":{"rendered":"<p>La coalici\u00f3n ha celebrado un evento especial donde ha conmemorado sus 20 a\u00f1os en Espa\u00f1a rodeado de organismos internacionales, autoridades espa\u00f1olas, voces expertas y j\u00f3venes activistas por la educaci\u00f3n.<\/p>\n","protected":false},"featured_media":9435,"template":"single-noticia","meta":{"_acf_changed":false},"categories":[7,728],"tags":[289],"country":[120],"cause":[128],"class_list":["post-9432","noticia","type-noticia","status-publish","has-post-thumbnail","hentry","category-noticia","category-sin-categorizar","tag-educacion","country-espana","cause-educacion"],"acf":[],"yoast_head":"<!-- This site is optimized with the Yoast SEO Premium plugin v21.6 (Yoast SEO v27.5) - https:\/\/yoast.com\/product\/yoast-seo-premium-wordpress\/ -->\n<title>La Campa\u00f1a Mundial por la Educaci\u00f3n alerta de que la ayuda espa\u00f1ola destinada a educaci\u00f3n ha alcanzado su nivel m\u00e1s bajo en 20 a\u00f1os - Entreculturas<\/title>\n<meta name=\"robots\" content=\"index, follow, max-snippet:-1, max-image-preview:large, max-video-preview:-1\" \/>\n<link rel=\"canonical\" href=\"https:\/\/www.entreculturas.org\/ca\/noticia\/la-campana-mundial-por-la-educacion-alerta-de-que-la-ayuda-espanola-destinada-educacion-ha\/\" \/>\n<meta property=\"og:locale\" content=\"ca_ES\" \/>\n<meta property=\"og:type\" content=\"article\" \/>\n<meta property=\"og:title\" content=\"La Campa\u00f1a Mundial por la Educaci\u00f3n alerta de que la ayuda espa\u00f1ola destinada a educaci\u00f3n ha alcanzado su nivel m\u00e1s bajo en 20 a\u00f1os\" \/>\n<meta property=\"og:description\" content=\"La coalici\u00f3n ha celebrado un evento especial donde ha conmemorado sus 20 a\u00f1os en Espa\u00f1a rodeado de organismos internacionales, autoridades espa\u00f1olas, voces expertas y j\u00f3venes activistas por la educaci\u00f3n.\" \/>\n<meta property=\"og:url\" content=\"https:\/\/www.entreculturas.org\/ca\/noticia\/la-campana-mundial-por-la-educacion-alerta-de-que-la-ayuda-espanola-destinada-educacion-ha\/\" \/>\n<meta property=\"og:site_name\" content=\"Entreculturas\" \/>\n<meta property=\"article:publisher\" content=\"https:\/\/www.facebook.com\/entreculturas\" \/>\n<meta property=\"article:modified_time\" content=\"2024-02-14T13:55:09+00:00\" \/>\n<meta property=\"og:image\" content=\"https:\/\/www.entreculturas.org\/wp-content\/uploads\/2023\/12\/evento_20_anos_-_cme_-_4-scaled-1.jpg\" \/>\n\t<meta property=\"og:image:width\" content=\"2560\" \/>\n\t<meta property=\"og:image:height\" content=\"1707\" \/>\n\t<meta property=\"og:image:type\" content=\"image\/jpeg\" \/>\n<meta name=\"twitter:card\" content=\"summary_large_image\" \/>\n<meta name=\"twitter:site\" content=\"@Entreculturas\" \/>\n<script type=\"application\/ld+json\" class=\"yoast-schema-graph\">{\"@context\":\"https:\\\/\\\/schema.org\",\"@graph\":[{\"@type\":\"WebPage\",\"@id\":\"https:\\\/\\\/www.entreculturas.org\\\/ca\\\/noticia\\\/la-campana-mundial-por-la-educacion-alerta-de-que-la-ayuda-espanola-destinada-educacion-ha\\\/\",\"url\":\"https:\\\/\\\/www.entreculturas.org\\\/ca\\\/noticia\\\/la-campana-mundial-por-la-educacion-alerta-de-que-la-ayuda-espanola-destinada-educacion-ha\\\/\",\"name\":\"La Campa\u00f1a Mundial por la Educaci\u00f3n alerta de que la ayuda espa\u00f1ola destinada a educaci\u00f3n ha alcanzado su nivel m\u00e1s bajo en 20 a\u00f1os - Entreculturas\",\"isPartOf\":{\"@id\":\"https:\\\/\\\/www.entreculturas.org\\\/ca\\\/#website\"},\"primaryImageOfPage\":{\"@id\":\"https:\\\/\\\/www.entreculturas.org\\\/ca\\\/noticia\\\/la-campana-mundial-por-la-educacion-alerta-de-que-la-ayuda-espanola-destinada-educacion-ha\\\/#primaryimage\"},\"image\":{\"@id\":\"https:\\\/\\\/www.entreculturas.org\\\/ca\\\/noticia\\\/la-campana-mundial-por-la-educacion-alerta-de-que-la-ayuda-espanola-destinada-educacion-ha\\\/#primaryimage\"},\"thumbnailUrl\":\"https:\\\/\\\/www.entreculturas.org\\\/wp-content\\\/uploads\\\/2023\\\/12\\\/evento_20_anos_-_cme_-_4-scaled-1.jpg\",\"datePublished\":\"2023-11-13T11:35:24+00:00\",\"dateModified\":\"2024-02-14T13:55:09+00:00\",\"breadcrumb\":{\"@id\":\"https:\\\/\\\/www.entreculturas.org\\\/ca\\\/noticia\\\/la-campana-mundial-por-la-educacion-alerta-de-que-la-ayuda-espanola-destinada-educacion-ha\\\/#breadcrumb\"},\"inLanguage\":\"ca\",\"potentialAction\":[{\"@type\":\"ReadAction\",\"target\":[\"https:\\\/\\\/www.entreculturas.org\\\/ca\\\/noticia\\\/la-campana-mundial-por-la-educacion-alerta-de-que-la-ayuda-espanola-destinada-educacion-ha\\\/\"]}]},{\"@type\":\"ImageObject\",\"inLanguage\":\"ca\",\"@id\":\"https:\\\/\\\/www.entreculturas.org\\\/ca\\\/noticia\\\/la-campana-mundial-por-la-educacion-alerta-de-que-la-ayuda-espanola-destinada-educacion-ha\\\/#primaryimage\",\"url\":\"https:\\\/\\\/www.entreculturas.org\\\/wp-content\\\/uploads\\\/2023\\\/12\\\/evento_20_anos_-_cme_-_4-scaled-1.jpg\",\"contentUrl\":\"https:\\\/\\\/www.entreculturas.org\\\/wp-content\\\/uploads\\\/2023\\\/12\\\/evento_20_anos_-_cme_-_4-scaled-1.jpg\",\"width\":2560,\"height\":1707},{\"@type\":\"BreadcrumbList\",\"@id\":\"https:\\\/\\\/www.entreculturas.org\\\/ca\\\/noticia\\\/la-campana-mundial-por-la-educacion-alerta-de-que-la-ayuda-espanola-destinada-educacion-ha\\\/#breadcrumb\",\"itemListElement\":[{\"@type\":\"ListItem\",\"position\":1,\"name\":\"Home\",\"item\":\"https:\\\/\\\/www.entreculturas.org\\\/ca\\\/\"},{\"@type\":\"ListItem\",\"position\":2,\"name\":\"Noticias\",\"item\":\"https:\\\/\\\/www.entreculturas.org\\\/ca\\\/noticias\\\/\"},{\"@type\":\"ListItem\",\"position\":3,\"name\":\"La Campa\u00f1a Mundial por la Educaci\u00f3n alerta de que la ayuda espa\u00f1ola destinada a educaci\u00f3n ha alcanzado su nivel m\u00e1s bajo en 20 a\u00f1os\"}]},{\"@type\":\"WebSite\",\"@id\":\"https:\\\/\\\/www.entreculturas.org\\\/ca\\\/#website\",\"url\":\"https:\\\/\\\/www.entreculturas.org\\\/ca\\\/\",\"name\":\"Entreculturas\",\"description\":\"\",\"publisher\":{\"@id\":\"https:\\\/\\\/www.entreculturas.org\\\/ca\\\/#organization\"},\"alternateName\":\"Entreculturas\",\"potentialAction\":[{\"@type\":\"SearchAction\",\"target\":{\"@type\":\"EntryPoint\",\"urlTemplate\":\"https:\\\/\\\/www.entreculturas.org\\\/ca\\\/?s={search_term_string}\"},\"query-input\":{\"@type\":\"PropertyValueSpecification\",\"valueRequired\":true,\"valueName\":\"search_term_string\"}}],\"inLanguage\":\"ca\"},{\"@type\":\"Organization\",\"@id\":\"https:\\\/\\\/www.entreculturas.org\\\/ca\\\/#organization\",\"name\":\"Entreculturas\",\"url\":\"https:\\\/\\\/www.entreculturas.org\\\/ca\\\/\",\"logo\":{\"@type\":\"ImageObject\",\"inLanguage\":\"ca\",\"@id\":\"https:\\\/\\\/www.entreculturas.org\\\/ca\\\/#\\\/schema\\\/logo\\\/image\\\/\",\"url\":\"https:\\\/\\\/www.entreculturas.org\\\/wp-content\\\/uploads\\\/2025\\\/10\\\/ESP.svg\",\"contentUrl\":\"https:\\\/\\\/www.entreculturas.org\\\/wp-content\\\/uploads\\\/2025\\\/10\\\/ESP.svg\",\"caption\":\"Entreculturas\"},\"image\":{\"@id\":\"https:\\\/\\\/www.entreculturas.org\\\/ca\\\/#\\\/schema\\\/logo\\\/image\\\/\"},\"sameAs\":[\"https:\\\/\\\/www.facebook.com\\\/entreculturas\",\"https:\\\/\\\/x.com\\\/Entreculturas\",\"https:\\\/\\\/www.instagram.com\\\/entreculturas\\\/\",\"https:\\\/\\\/www.youtube.com\\\/user\\\/entreculturasvideo\",\"https:\\\/\\\/www.linkedin.com\\\/company\\\/fundacion-entreculturas-ngdo\\\/\",\"https:\\\/\\\/www.flickr.com\\\/photos\\\/98455522@N04\\\/albums\\\/\"]}]}<\/script>\n<!-- \/ Yoast SEO Premium plugin. -->","yoast_head_json":{"title":"La Campa\u00f1a Mundial por la Educaci\u00f3n alerta de que la ayuda espa\u00f1ola destinada a educaci\u00f3n ha alcanzado su nivel m\u00e1s bajo en 20 a\u00f1os - Entreculturas","robots":{"index":"index","follow":"follow","max-snippet":"max-snippet:-1","max-image-preview":"max-image-preview:large","max-video-preview":"max-video-preview:-1"},"canonical":"https:\/\/www.entreculturas.org\/ca\/noticia\/la-campana-mundial-por-la-educacion-alerta-de-que-la-ayuda-espanola-destinada-educacion-ha\/","og_locale":"ca_ES","og_type":"article","og_title":"La Campa\u00f1a Mundial por la Educaci\u00f3n alerta de que la ayuda espa\u00f1ola destinada a educaci\u00f3n ha alcanzado su nivel m\u00e1s bajo en 20 a\u00f1os","og_description":"La coalici\u00f3n ha celebrado un evento especial donde ha conmemorado sus 20 a\u00f1os en Espa\u00f1a rodeado de organismos internacionales, autoridades espa\u00f1olas, voces expertas y j\u00f3venes activistas por la educaci\u00f3n.","og_url":"https:\/\/www.entreculturas.org\/ca\/noticia\/la-campana-mundial-por-la-educacion-alerta-de-que-la-ayuda-espanola-destinada-educacion-ha\/","og_site_name":"Entreculturas","article_publisher":"https:\/\/www.facebook.com\/entreculturas","article_modified_time":"2024-02-14T13:55:09+00:00","og_image":[{"width":2560,"height":1707,"url":"https:\/\/www.entreculturas.org\/wp-content\/uploads\/2023\/12\/evento_20_anos_-_cme_-_4-scaled-1.jpg","type":"image\/jpeg"}],"twitter_card":"summary_large_image","twitter_site":"@Entreculturas","schema":{"@context":"https:\/\/schema.org","@graph":[{"@type":"WebPage","@id":"https:\/\/www.entreculturas.org\/ca\/noticia\/la-campana-mundial-por-la-educacion-alerta-de-que-la-ayuda-espanola-destinada-educacion-ha\/","url":"https:\/\/www.entreculturas.org\/ca\/noticia\/la-campana-mundial-por-la-educacion-alerta-de-que-la-ayuda-espanola-destinada-educacion-ha\/","name":"La Campa\u00f1a Mundial por la Educaci\u00f3n alerta de que la ayuda espa\u00f1ola destinada a educaci\u00f3n ha alcanzado su nivel m\u00e1s bajo en 20 a\u00f1os - Entreculturas","isPartOf":{"@id":"https:\/\/www.entreculturas.org\/ca\/#website"},"primaryImageOfPage":{"@id":"https:\/\/www.entreculturas.org\/ca\/noticia\/la-campana-mundial-por-la-educacion-alerta-de-que-la-ayuda-espanola-destinada-educacion-ha\/#primaryimage"},"image":{"@id":"https:\/\/www.entreculturas.org\/ca\/noticia\/la-campana-mundial-por-la-educacion-alerta-de-que-la-ayuda-espanola-destinada-educacion-ha\/#primaryimage"},"thumbnailUrl":"https:\/\/www.entreculturas.org\/wp-content\/uploads\/2023\/12\/evento_20_anos_-_cme_-_4-scaled-1.jpg","datePublished":"2023-11-13T11:35:24+00:00","dateModified":"2024-02-14T13:55:09+00:00","breadcrumb":{"@id":"https:\/\/www.entreculturas.org\/ca\/noticia\/la-campana-mundial-por-la-educacion-alerta-de-que-la-ayuda-espanola-destinada-educacion-ha\/#breadcrumb"},"inLanguage":"ca","potentialAction":[{"@type":"ReadAction","target":["https:\/\/www.entreculturas.org\/ca\/noticia\/la-campana-mundial-por-la-educacion-alerta-de-que-la-ayuda-espanola-destinada-educacion-ha\/"]}]},{"@type":"ImageObject","inLanguage":"ca","@id":"https:\/\/www.entreculturas.org\/ca\/noticia\/la-campana-mundial-por-la-educacion-alerta-de-que-la-ayuda-espanola-destinada-educacion-ha\/#primaryimage","url":"https:\/\/www.entreculturas.org\/wp-content\/uploads\/2023\/12\/evento_20_anos_-_cme_-_4-scaled-1.jpg","contentUrl":"https:\/\/www.entreculturas.org\/wp-content\/uploads\/2023\/12\/evento_20_anos_-_cme_-_4-scaled-1.jpg","width":2560,"height":1707},{"@type":"BreadcrumbList","@id":"https:\/\/www.entreculturas.org\/ca\/noticia\/la-campana-mundial-por-la-educacion-alerta-de-que-la-ayuda-espanola-destinada-educacion-ha\/#breadcrumb","itemListElement":[{"@type":"ListItem","position":1,"name":"Home","item":"https:\/\/www.entreculturas.org\/ca\/"},{"@type":"ListItem","position":2,"name":"Noticias","item":"https:\/\/www.entreculturas.org\/ca\/noticias\/"},{"@type":"ListItem","position":3,"name":"La Campa\u00f1a Mundial por la Educaci\u00f3n alerta de que la ayuda espa\u00f1ola destinada a educaci\u00f3n ha alcanzado su nivel m\u00e1s bajo en 20 a\u00f1os"}]},{"@type":"WebSite","@id":"https:\/\/www.entreculturas.org\/ca\/#website","url":"https:\/\/www.entreculturas.org\/ca\/","name":"Entreculturas","description":"","publisher":{"@id":"https:\/\/www.entreculturas.org\/ca\/#organization"},"alternateName":"Entreculturas","potentialAction":[{"@type":"SearchAction","target":{"@type":"EntryPoint","urlTemplate":"https:\/\/www.entreculturas.org\/ca\/?s={search_term_string}"},"query-input":{"@type":"PropertyValueSpecification","valueRequired":true,"valueName":"search_term_string"}}],"inLanguage":"ca"},{"@type":"Organization","@id":"https:\/\/www.entreculturas.org\/ca\/#organization","name":"Entreculturas","url":"https:\/\/www.entreculturas.org\/ca\/","logo":{"@type":"ImageObject","inLanguage":"ca","@id":"https:\/\/www.entreculturas.org\/ca\/#\/schema\/logo\/image\/","url":"https:\/\/www.entreculturas.org\/wp-content\/uploads\/2025\/10\/ESP.svg","contentUrl":"https:\/\/www.entreculturas.org\/wp-content\/uploads\/2025\/10\/ESP.svg","caption":"Entreculturas"},"image":{"@id":"https:\/\/www.entreculturas.org\/ca\/#\/schema\/logo\/image\/"},"sameAs":["https:\/\/www.facebook.com\/entreculturas","https:\/\/x.com\/Entreculturas","https:\/\/www.instagram.com\/entreculturas\/","https:\/\/www.youtube.com\/user\/entreculturasvideo","https:\/\/www.linkedin.com\/company\/fundacion-entreculturas-ngdo\/","https:\/\/www.flickr.com\/photos\/98455522@N04\/albums\/"]}]}},"_links":{"self":[{"href":"https:\/\/www.entreculturas.org\/ca\/wp-json\/wp\/v2\/noticia\/9432","targetHints":{"allow":["GET"]}}],"collection":[{"href":"https:\/\/www.entreculturas.org\/ca\/wp-json\/wp\/v2\/noticia"}],"about":[{"href":"https:\/\/www.entreculturas.org\/ca\/wp-json\/wp\/v2\/types\/noticia"}],"wp:featuredmedia":[{"embeddable":true,"href":"https:\/\/www.entreculturas.org\/ca\/wp-json\/wp\/v2\/media\/9435"}],"wp:attachment":[{"href":"https:\/\/www.entreculturas.org\/ca\/wp-json\/wp\/v2\/media?parent=9432"}],"wp:term":[{"taxonomy":"category","embeddable":true,"href":"https:\/\/www.entreculturas.org\/ca\/wp-json\/wp\/v2\/categories?post=9432"},{"taxonomy":"post_tag","embeddable":true,"href":"https:\/\/www.entreculturas.org\/ca\/wp-json\/wp\/v2\/tags?post=9432"},{"taxonomy":"country","embeddable":true,"href":"https:\/\/www.entreculturas.org\/ca\/wp-json\/wp\/v2\/country?post=9432"},{"taxonomy":"cause","embeddable":true,"href":"https:\/\/www.entreculturas.org\/ca\/wp-json\/wp\/v2\/cause?post=9432"}],"curies":[{"name":"wp","href":"https:\/\/api.w.org\/{rel}","templated":true}]}}