{"id":9382,"date":"2023-10-11T09:53:43","date_gmt":"2023-10-11T07:53:43","guid":{"rendered":"https:\/\/www.entreculturas.org\/noticia\/voluntarios-y-voluntarias-de-entreculturas-y-alboan-comienzan-su-viaje-de-transformacion-en\/"},"modified":"2024-02-14T15:12:30","modified_gmt":"2024-02-14T14:12:30","slug":"voluntarios-y-voluntarias-de-entreculturas-y-alboan-comienzan-su-viaje-de-transformacion-en","status":"publish","type":"noticia","link":"https:\/\/www.entreculturas.org\/ca\/noticia\/voluntarios-y-voluntarias-de-entreculturas-y-alboan-comienzan-su-viaje-de-transformacion-en\/","title":{"rendered":"Voluntarios y voluntarias de Entreculturas y Alboan comienzan su viaje de transformaci\u00f3n en Am\u00e9rica Latina"},"content":{"rendered":"<\/p>\n<p>El mes de octubre ha marcado el inicio de una apasionante traves\u00eda para un grupo de voluntarios y voluntarias del programa <a href=\"https:\/\/www.entreculturas.org\/es\/volpa\"><strong>VOLPA (nuestra propuesta de voluntariado internacional de larga duraci\u00f3n)<\/strong><\/a><font face=\"Arial, Helvetica, sans-serif\"><b>&nbsp;<\/b><\/font>que llevan casi un a\u00f1o de preparaci\u00f3n. Este grupo est\u00e1 formado por <strong>Elena, Sara, Sergio y Roc\u00edo y Aitor<\/strong> quienes se han embarcado hacia Am\u00e9rica Latina con el prop\u00f3sito de integrarse en proyectos apoyados por Entreculturas y Alboan durante uno o dos a\u00f1os.<\/p>\n<p><strong>Destinos y desaf\u00edos<\/strong><\/p>\n<p>Cada uno de estos j\u00f3venes voluntarios ha sido asignado a proyectos espec\u00edficos en Am\u00e9rica Latina. Sus destinos son tan diversos como los desaf\u00edos que enfrentar\u00e1n:<\/p>\n<ul>\n<li>Sara Magall\u00f3n, proveniente de Zaragoza, se dirige a Mi Rancho, Bolivia.<\/li>\n<li>Elena Zunzunegui, de Pamplona, emprende su misi\u00f3n en Fe y Alegr\u00eda, Per\u00fa.<\/li>\n<li>Sergio Iturre, proveniente de Navarra, se unir\u00e1 al Equipo Itinerante en Brasil.<\/li>\n<li>Roc\u00edo Koueider, de Madrid, comienza su labor en SJRM, Brasil.<\/li>\n<\/ul>\n<p>A este grupo, hay que sumar la presencia de Aitor Valencia que viaj\u00f3 antes de la jornada a Ecuador para incorporarse al equipo de Fe y Alegr\u00eda Ecuador en el municipio Joya de los Sachas.&nbsp;<\/p>\n<p><strong>Bienvenida en Madrid<\/strong><\/p>\n<p>La jornada de partida tuvo lugar en la Sede Central de Entreculturas en Madrid, donde los voluntarios y voluntarias recibieron una c\u00e1lida bienvenida. Ram\u00f3n Almansa, Director Ejecutivo de Entreculturas, y Mart\u00edn Iriberri, Director General de Entreculturas y Alboan, brindaron palabras de agradecimiento y subrayaron la importancia de la labor de estos voluntarios como representantes de ambas instituciones en el terreno.<\/p>\n<p>Los y las voluntarias tambi\u00e9n tuvieron la oportunidad de reunirse <strong>con expertos y expertas en cooperaci\u00f3n de los pa\u00edses<\/strong> a los que se dirigen. Esto les permiti\u00f3 enmarcar su labor dentro del contexto espec\u00edfico de cada proyecto y comunidad. Adem\u00e1s, se enfocaron en aspectos comunicativos, ayud\u00e1ndoles a definir c\u00f3mo desean comunicar su experiencia y su interacci\u00f3n con las realidades locales.<\/p>\n<p><strong>Preparativos antes del viaje<\/strong><\/p>\n<p>El evento tambi\u00e9n incluy\u00f3 momentos para que los y las voluntarios compartieran sus expectativas y preocupaciones antes de su viaje. Se abordaron temas esenciales como la seguridad en el terreno, el uso y gesti\u00f3n del seguro, as\u00ed como los mensajes clave que desean transmitir durante su estancia en Am\u00e9rica Latina.<\/p>\n<p>La jornada concluy\u00f3 con una<strong> atm\u00f3sfera cargada de emoci\u00f3n y expectativas<\/strong>. Las palabras que resonaron al final del evento fueron: agradecimiento, respaldo, conexi\u00f3n y un profundo sentido de prop\u00f3sito. Estos voluntarios tienen muchas ganas de volar y de comenzar esta nueva etapa que les llevar\u00e1 al encuentro con personas, realidades y culturas que, sin lugar a dudas, cambiar\u00e1n su forma de mirar el mundo.<\/p>\n<p>El compromiso de estos voluntarios es un testimonio de la dedicaci\u00f3n de Entreculturas y Alboan para apoyar proyectos que generen un impacto significativo en Am\u00e9rica Latina. A medida que inician esta nueva etapa, su labor contribuir\u00e1 al empoderamiento de comunidades y a la promoci\u00f3n de la justicia social en la regi\u00f3n. Estamos ansiosos por seguir sus experiencias y aprendizajes a medida que avanzan en sus misiones.<\/p>\n","protected":false},"excerpt":{"rendered":"<p>El mes de octubre ha marcado el inicio de una apasionante traves\u00eda para un grupo de voluntarios y voluntarias del programa VOLPA (nuestra propuesta de voluntariado internacional) que llevan casi un a\u00f1o de preparaci\u00f3n. Este grupo est\u00e1 formado por Elena, Sara, Sergio y Roc\u00edo y Aitor quienes se han embarcado hacia Am\u00e9rica Latina con el prop\u00f3sito de integrarse en proyectos apoyados por Entreculturas y Alboan durante uno o dos a\u00f1os.<\/p>\n","protected":false},"featured_media":9383,"template":"single-noticia","meta":{"_acf_changed":false},"categories":[7,728],"tags":[8],"country":[116,117,123],"cause":[132],"class_list":["post-9382","noticia","type-noticia","status-publish","has-post-thumbnail","hentry","category-noticia","category-sin-categorizar","tag-participacion-y-ciudadania-global","country-bolivia","country-brasil","country-peru","cause-participacion-y-ciudadania-global"],"acf":[],"yoast_head":"<!-- This site is optimized with the Yoast SEO Premium plugin v21.6 (Yoast SEO v27.5) - https:\/\/yoast.com\/product\/yoast-seo-premium-wordpress\/ -->\n<title>Voluntarios y voluntarias de Entreculturas y Alboan comienzan su viaje de transformaci\u00f3n en Am\u00e9rica Latina - Entreculturas<\/title>\n<meta name=\"robots\" content=\"index, follow, max-snippet:-1, max-image-preview:large, max-video-preview:-1\" \/>\n<link rel=\"canonical\" href=\"https:\/\/www.entreculturas.org\/ca\/noticia\/voluntarios-y-voluntarias-de-entreculturas-y-alboan-comienzan-su-viaje-de-transformacion-en\/\" \/>\n<meta property=\"og:locale\" content=\"ca_ES\" \/>\n<meta property=\"og:type\" content=\"article\" \/>\n<meta property=\"og:title\" content=\"Voluntarios y voluntarias de Entreculturas y Alboan comienzan su viaje de transformaci\u00f3n en Am\u00e9rica Latina\" \/>\n<meta property=\"og:description\" content=\"El mes de octubre ha marcado el inicio de una apasionante traves\u00eda para un grupo de voluntarios y voluntarias del programa VOLPA (nuestra propuesta de voluntariado internacional) que llevan casi un a\u00f1o de preparaci\u00f3n. Este grupo est\u00e1 formado por Elena, Sara, Sergio y Roc\u00edo y Aitor quienes se han embarcado hacia Am\u00e9rica Latina con el prop\u00f3sito de integrarse en proyectos apoyados por Entreculturas y Alboan durante uno o dos a\u00f1os.\" \/>\n<meta property=\"og:url\" content=\"https:\/\/www.entreculturas.org\/ca\/noticia\/voluntarios-y-voluntarias-de-entreculturas-y-alboan-comienzan-su-viaje-de-transformacion-en\/\" \/>\n<meta property=\"og:site_name\" content=\"Entreculturas\" \/>\n<meta property=\"article:publisher\" content=\"https:\/\/www.facebook.com\/entreculturas\" \/>\n<meta property=\"article:modified_time\" content=\"2024-02-14T14:12:30+00:00\" \/>\n<meta property=\"og:image\" content=\"https:\/\/www.entreculturas.org\/wp-content\/uploads\/2023\/12\/dsc03872-scaled-1.jpg\" \/>\n\t<meta property=\"og:image:width\" content=\"2560\" \/>\n\t<meta property=\"og:image:height\" content=\"1707\" \/>\n\t<meta property=\"og:image:type\" content=\"image\/jpeg\" \/>\n<meta name=\"twitter:card\" content=\"summary_large_image\" \/>\n<meta name=\"twitter:site\" content=\"@Entreculturas\" \/>\n<script type=\"application\/ld+json\" class=\"yoast-schema-graph\">{\"@context\":\"https:\\\/\\\/schema.org\",\"@graph\":[{\"@type\":\"WebPage\",\"@id\":\"https:\\\/\\\/www.entreculturas.org\\\/ca\\\/noticia\\\/voluntarios-y-voluntarias-de-entreculturas-y-alboan-comienzan-su-viaje-de-transformacion-en\\\/\",\"url\":\"https:\\\/\\\/www.entreculturas.org\\\/ca\\\/noticia\\\/voluntarios-y-voluntarias-de-entreculturas-y-alboan-comienzan-su-viaje-de-transformacion-en\\\/\",\"name\":\"Voluntarios y voluntarias de Entreculturas y Alboan comienzan su viaje de transformaci\u00f3n en Am\u00e9rica Latina - Entreculturas\",\"isPartOf\":{\"@id\":\"https:\\\/\\\/www.entreculturas.org\\\/ca\\\/#website\"},\"primaryImageOfPage\":{\"@id\":\"https:\\\/\\\/www.entreculturas.org\\\/ca\\\/noticia\\\/voluntarios-y-voluntarias-de-entreculturas-y-alboan-comienzan-su-viaje-de-transformacion-en\\\/#primaryimage\"},\"image\":{\"@id\":\"https:\\\/\\\/www.entreculturas.org\\\/ca\\\/noticia\\\/voluntarios-y-voluntarias-de-entreculturas-y-alboan-comienzan-su-viaje-de-transformacion-en\\\/#primaryimage\"},\"thumbnailUrl\":\"https:\\\/\\\/www.entreculturas.org\\\/wp-content\\\/uploads\\\/2023\\\/12\\\/dsc03872-scaled-1.jpg\",\"datePublished\":\"2023-10-11T07:53:43+00:00\",\"dateModified\":\"2024-02-14T14:12:30+00:00\",\"breadcrumb\":{\"@id\":\"https:\\\/\\\/www.entreculturas.org\\\/ca\\\/noticia\\\/voluntarios-y-voluntarias-de-entreculturas-y-alboan-comienzan-su-viaje-de-transformacion-en\\\/#breadcrumb\"},\"inLanguage\":\"ca\",\"potentialAction\":[{\"@type\":\"ReadAction\",\"target\":[\"https:\\\/\\\/www.entreculturas.org\\\/ca\\\/noticia\\\/voluntarios-y-voluntarias-de-entreculturas-y-alboan-comienzan-su-viaje-de-transformacion-en\\\/\"]}]},{\"@type\":\"ImageObject\",\"inLanguage\":\"ca\",\"@id\":\"https:\\\/\\\/www.entreculturas.org\\\/ca\\\/noticia\\\/voluntarios-y-voluntarias-de-entreculturas-y-alboan-comienzan-su-viaje-de-transformacion-en\\\/#primaryimage\",\"url\":\"https:\\\/\\\/www.entreculturas.org\\\/wp-content\\\/uploads\\\/2023\\\/12\\\/dsc03872-scaled-1.jpg\",\"contentUrl\":\"https:\\\/\\\/www.entreculturas.org\\\/wp-content\\\/uploads\\\/2023\\\/12\\\/dsc03872-scaled-1.jpg\",\"width\":2560,\"height\":1707},{\"@type\":\"BreadcrumbList\",\"@id\":\"https:\\\/\\\/www.entreculturas.org\\\/ca\\\/noticia\\\/voluntarios-y-voluntarias-de-entreculturas-y-alboan-comienzan-su-viaje-de-transformacion-en\\\/#breadcrumb\",\"itemListElement\":[{\"@type\":\"ListItem\",\"position\":1,\"name\":\"Home\",\"item\":\"https:\\\/\\\/www.entreculturas.org\\\/ca\\\/\"},{\"@type\":\"ListItem\",\"position\":2,\"name\":\"Noticias\",\"item\":\"https:\\\/\\\/www.entreculturas.org\\\/ca\\\/noticias\\\/\"},{\"@type\":\"ListItem\",\"position\":3,\"name\":\"Voluntarios y voluntarias de Entreculturas y Alboan comienzan su viaje de transformaci\u00f3n en Am\u00e9rica Latina\"}]},{\"@type\":\"WebSite\",\"@id\":\"https:\\\/\\\/www.entreculturas.org\\\/ca\\\/#website\",\"url\":\"https:\\\/\\\/www.entreculturas.org\\\/ca\\\/\",\"name\":\"Entreculturas\",\"description\":\"\",\"publisher\":{\"@id\":\"https:\\\/\\\/www.entreculturas.org\\\/ca\\\/#organization\"},\"alternateName\":\"Entreculturas\",\"potentialAction\":[{\"@type\":\"SearchAction\",\"target\":{\"@type\":\"EntryPoint\",\"urlTemplate\":\"https:\\\/\\\/www.entreculturas.org\\\/ca\\\/?s={search_term_string}\"},\"query-input\":{\"@type\":\"PropertyValueSpecification\",\"valueRequired\":true,\"valueName\":\"search_term_string\"}}],\"inLanguage\":\"ca\"},{\"@type\":\"Organization\",\"@id\":\"https:\\\/\\\/www.entreculturas.org\\\/ca\\\/#organization\",\"name\":\"Entreculturas\",\"url\":\"https:\\\/\\\/www.entreculturas.org\\\/ca\\\/\",\"logo\":{\"@type\":\"ImageObject\",\"inLanguage\":\"ca\",\"@id\":\"https:\\\/\\\/www.entreculturas.org\\\/ca\\\/#\\\/schema\\\/logo\\\/image\\\/\",\"url\":\"https:\\\/\\\/www.entreculturas.org\\\/wp-content\\\/uploads\\\/2025\\\/10\\\/ESP.svg\",\"contentUrl\":\"https:\\\/\\\/www.entreculturas.org\\\/wp-content\\\/uploads\\\/2025\\\/10\\\/ESP.svg\",\"caption\":\"Entreculturas\"},\"image\":{\"@id\":\"https:\\\/\\\/www.entreculturas.org\\\/ca\\\/#\\\/schema\\\/logo\\\/image\\\/\"},\"sameAs\":[\"https:\\\/\\\/www.facebook.com\\\/entreculturas\",\"https:\\\/\\\/x.com\\\/Entreculturas\",\"https:\\\/\\\/www.instagram.com\\\/entreculturas\\\/\",\"https:\\\/\\\/www.youtube.com\\\/user\\\/entreculturasvideo\",\"https:\\\/\\\/www.linkedin.com\\\/company\\\/fundacion-entreculturas-ngdo\\\/\",\"https:\\\/\\\/www.flickr.com\\\/photos\\\/98455522@N04\\\/albums\\\/\"]}]}<\/script>\n<!-- \/ Yoast SEO Premium plugin. -->","yoast_head_json":{"title":"Voluntarios y voluntarias de Entreculturas y Alboan comienzan su viaje de transformaci\u00f3n en Am\u00e9rica Latina - Entreculturas","robots":{"index":"index","follow":"follow","max-snippet":"max-snippet:-1","max-image-preview":"max-image-preview:large","max-video-preview":"max-video-preview:-1"},"canonical":"https:\/\/www.entreculturas.org\/ca\/noticia\/voluntarios-y-voluntarias-de-entreculturas-y-alboan-comienzan-su-viaje-de-transformacion-en\/","og_locale":"ca_ES","og_type":"article","og_title":"Voluntarios y voluntarias de Entreculturas y Alboan comienzan su viaje de transformaci\u00f3n en Am\u00e9rica Latina","og_description":"El mes de octubre ha marcado el inicio de una apasionante traves\u00eda para un grupo de voluntarios y voluntarias del programa VOLPA (nuestra propuesta de voluntariado internacional) que llevan casi un a\u00f1o de preparaci\u00f3n. Este grupo est\u00e1 formado por Elena, Sara, Sergio y Roc\u00edo y Aitor quienes se han embarcado hacia Am\u00e9rica Latina con el prop\u00f3sito de integrarse en proyectos apoyados por Entreculturas y Alboan durante uno o dos a\u00f1os.","og_url":"https:\/\/www.entreculturas.org\/ca\/noticia\/voluntarios-y-voluntarias-de-entreculturas-y-alboan-comienzan-su-viaje-de-transformacion-en\/","og_site_name":"Entreculturas","article_publisher":"https:\/\/www.facebook.com\/entreculturas","article_modified_time":"2024-02-14T14:12:30+00:00","og_image":[{"width":2560,"height":1707,"url":"https:\/\/www.entreculturas.org\/wp-content\/uploads\/2023\/12\/dsc03872-scaled-1.jpg","type":"image\/jpeg"}],"twitter_card":"summary_large_image","twitter_site":"@Entreculturas","schema":{"@context":"https:\/\/schema.org","@graph":[{"@type":"WebPage","@id":"https:\/\/www.entreculturas.org\/ca\/noticia\/voluntarios-y-voluntarias-de-entreculturas-y-alboan-comienzan-su-viaje-de-transformacion-en\/","url":"https:\/\/www.entreculturas.org\/ca\/noticia\/voluntarios-y-voluntarias-de-entreculturas-y-alboan-comienzan-su-viaje-de-transformacion-en\/","name":"Voluntarios y voluntarias de Entreculturas y Alboan comienzan su viaje de transformaci\u00f3n en Am\u00e9rica Latina - Entreculturas","isPartOf":{"@id":"https:\/\/www.entreculturas.org\/ca\/#website"},"primaryImageOfPage":{"@id":"https:\/\/www.entreculturas.org\/ca\/noticia\/voluntarios-y-voluntarias-de-entreculturas-y-alboan-comienzan-su-viaje-de-transformacion-en\/#primaryimage"},"image":{"@id":"https:\/\/www.entreculturas.org\/ca\/noticia\/voluntarios-y-voluntarias-de-entreculturas-y-alboan-comienzan-su-viaje-de-transformacion-en\/#primaryimage"},"thumbnailUrl":"https:\/\/www.entreculturas.org\/wp-content\/uploads\/2023\/12\/dsc03872-scaled-1.jpg","datePublished":"2023-10-11T07:53:43+00:00","dateModified":"2024-02-14T14:12:30+00:00","breadcrumb":{"@id":"https:\/\/www.entreculturas.org\/ca\/noticia\/voluntarios-y-voluntarias-de-entreculturas-y-alboan-comienzan-su-viaje-de-transformacion-en\/#breadcrumb"},"inLanguage":"ca","potentialAction":[{"@type":"ReadAction","target":["https:\/\/www.entreculturas.org\/ca\/noticia\/voluntarios-y-voluntarias-de-entreculturas-y-alboan-comienzan-su-viaje-de-transformacion-en\/"]}]},{"@type":"ImageObject","inLanguage":"ca","@id":"https:\/\/www.entreculturas.org\/ca\/noticia\/voluntarios-y-voluntarias-de-entreculturas-y-alboan-comienzan-su-viaje-de-transformacion-en\/#primaryimage","url":"https:\/\/www.entreculturas.org\/wp-content\/uploads\/2023\/12\/dsc03872-scaled-1.jpg","contentUrl":"https:\/\/www.entreculturas.org\/wp-content\/uploads\/2023\/12\/dsc03872-scaled-1.jpg","width":2560,"height":1707},{"@type":"BreadcrumbList","@id":"https:\/\/www.entreculturas.org\/ca\/noticia\/voluntarios-y-voluntarias-de-entreculturas-y-alboan-comienzan-su-viaje-de-transformacion-en\/#breadcrumb","itemListElement":[{"@type":"ListItem","position":1,"name":"Home","item":"https:\/\/www.entreculturas.org\/ca\/"},{"@type":"ListItem","position":2,"name":"Noticias","item":"https:\/\/www.entreculturas.org\/ca\/noticias\/"},{"@type":"ListItem","position":3,"name":"Voluntarios y voluntarias de Entreculturas y Alboan comienzan su viaje de transformaci\u00f3n en Am\u00e9rica Latina"}]},{"@type":"WebSite","@id":"https:\/\/www.entreculturas.org\/ca\/#website","url":"https:\/\/www.entreculturas.org\/ca\/","name":"Entreculturas","description":"","publisher":{"@id":"https:\/\/www.entreculturas.org\/ca\/#organization"},"alternateName":"Entreculturas","potentialAction":[{"@type":"SearchAction","target":{"@type":"EntryPoint","urlTemplate":"https:\/\/www.entreculturas.org\/ca\/?s={search_term_string}"},"query-input":{"@type":"PropertyValueSpecification","valueRequired":true,"valueName":"search_term_string"}}],"inLanguage":"ca"},{"@type":"Organization","@id":"https:\/\/www.entreculturas.org\/ca\/#organization","name":"Entreculturas","url":"https:\/\/www.entreculturas.org\/ca\/","logo":{"@type":"ImageObject","inLanguage":"ca","@id":"https:\/\/www.entreculturas.org\/ca\/#\/schema\/logo\/image\/","url":"https:\/\/www.entreculturas.org\/wp-content\/uploads\/2025\/10\/ESP.svg","contentUrl":"https:\/\/www.entreculturas.org\/wp-content\/uploads\/2025\/10\/ESP.svg","caption":"Entreculturas"},"image":{"@id":"https:\/\/www.entreculturas.org\/ca\/#\/schema\/logo\/image\/"},"sameAs":["https:\/\/www.facebook.com\/entreculturas","https:\/\/x.com\/Entreculturas","https:\/\/www.instagram.com\/entreculturas\/","https:\/\/www.youtube.com\/user\/entreculturasvideo","https:\/\/www.linkedin.com\/company\/fundacion-entreculturas-ngdo\/","https:\/\/www.flickr.com\/photos\/98455522@N04\/albums\/"]}]}},"_links":{"self":[{"href":"https:\/\/www.entreculturas.org\/ca\/wp-json\/wp\/v2\/noticia\/9382","targetHints":{"allow":["GET"]}}],"collection":[{"href":"https:\/\/www.entreculturas.org\/ca\/wp-json\/wp\/v2\/noticia"}],"about":[{"href":"https:\/\/www.entreculturas.org\/ca\/wp-json\/wp\/v2\/types\/noticia"}],"wp:featuredmedia":[{"embeddable":true,"href":"https:\/\/www.entreculturas.org\/ca\/wp-json\/wp\/v2\/media\/9383"}],"wp:attachment":[{"href":"https:\/\/www.entreculturas.org\/ca\/wp-json\/wp\/v2\/media?parent=9382"}],"wp:term":[{"taxonomy":"category","embeddable":true,"href":"https:\/\/www.entreculturas.org\/ca\/wp-json\/wp\/v2\/categories?post=9382"},{"taxonomy":"post_tag","embeddable":true,"href":"https:\/\/www.entreculturas.org\/ca\/wp-json\/wp\/v2\/tags?post=9382"},{"taxonomy":"country","embeddable":true,"href":"https:\/\/www.entreculturas.org\/ca\/wp-json\/wp\/v2\/country?post=9382"},{"taxonomy":"cause","embeddable":true,"href":"https:\/\/www.entreculturas.org\/ca\/wp-json\/wp\/v2\/cause?post=9382"}],"curies":[{"name":"wp","href":"https:\/\/api.w.org\/{rel}","templated":true}]}}