{"id":9344,"date":"2023-09-20T09:43:06","date_gmt":"2023-09-20T07:43:06","guid":{"rendered":"https:\/\/www.entreculturas.org\/noticia\/mariana-un-viaje-de-transformacion-traves-del-voluntariado-volpa\/"},"modified":"2024-02-14T15:19:20","modified_gmt":"2024-02-14T14:19:20","slug":"mariana-un-viaje-de-transformacion-traves-del-voluntariado-volpa","status":"publish","type":"noticia","link":"https:\/\/www.entreculturas.org\/ca\/noticia\/mariana-un-viaje-de-transformacion-traves-del-voluntariado-volpa\/","title":{"rendered":"Mariana: Un Viaje de Transformaci\u00f3n a trav\u00e9s del Voluntariado VOLPA"},"content":{"rendered":"<p>&nbsp;<\/p>\n<\/p>\n<p>Desde el a\u00f1o pasado, Mariana se ha embarcado en una enriquecedora experiencia como voluntaria en nuestro propuesta de <strong>voluntariado internacional VOLPA<\/strong>. Este cap\u00edtulo de su vida ha dejado una marca en su perspectiva del mundo. Hoy, nos abre las puertas de su experiencia compartiendo su testimonio.&nbsp;<\/p>\n<p><strong>De Caracas a Madrid: la vocaci\u00f3n de servicio de Mariana<\/strong><\/p>\n<p>Soy caraque\u00f1a, aunque en 2018 empec\u00e9 a vivir en Madrid, Espa\u00f1a. Desde peque\u00f1a, mis padres potenciaron mi vocaci\u00f3n de servicio, con lo cual me apuntaba siempre donde necesitaran manos para acompa\u00f1ar, cocinar, abrazar, trabajar, limpiar, pintar, escribir&#8230; en fin, para lo que fuese.<\/p>\n<p>Mi experiencia fundante fue en 1999, cuando en mi pa\u00eds, Venezuela, en una zona llamada La Guaira, hubo una tragedia a ra\u00edz de un fen\u00f3meno geol\u00f3gico conocido como deslave. Todo el pa\u00eds se aboc\u00f3 a ayudar, cientos de personas fallecieron y miles quedaron damnificadas. Era la primera vez que escuchaba los t\u00e9rminos \u201ccentro de acopio\u201d y \u201cvoluntariado\u201d, por mencionar algunos. Desde all\u00ed sent\u00ed la llamada de formar parte de manera m\u00e1s sistem\u00e1tica de \u201cese\u201d grupo de personas llamadas <strong>Voluntarios.<\/strong><\/p>\n<p><strong>Voluntariado en Espa\u00f1a<\/strong><\/p>\n<p>Siempre he compaginado mi vida con alg\u00fan <strong>voluntariado <\/strong>y trabajando en ONGs. Y no fue la excepci\u00f3n al llegar a Espa\u00f1a. Aunque particip\u00e9 en varios voluntariados, quer\u00eda algo m\u00e1s formal y contundente. Por mi relaci\u00f3n con las obras confiadas a la <strong>Compa\u00f1\u00eda de Jes\u00fas<\/strong>, conoc\u00eda de VOLPA, me apunt\u00e9 y hoy finalmente, desde noviembre del a\u00f1o pasado, soy una Volpa en terreno. Pero una muy particular.<\/p>\n<p>Una de las caracter\u00edsticas de este voluntariado es que es internacional, es decir, que sales de Espa\u00f1a. Sin embargo, mi pasaporte se venci\u00f3 durante la formaci\u00f3n (a modo de informaci\u00f3n, en Venezuela la renovaci\u00f3n o impresi\u00f3n de un pasaporte puede llevar de meses a a\u00f1os). Al no tener claro cu\u00e1ndo volver\u00eda a tener mi pasaporte vigente, no ten\u00edamos claro cu\u00e1l ser\u00eda mi destino. La primera y m\u00e1s coherente respuesta hubiese sido esperar, pero podr\u00edan pasar a\u00f1os.<\/p>\n<p>Sin embargo, el equipo de <strong>Volpa-Entreculturas<\/strong> le dio la vuelta a la situaci\u00f3n, decidieron arriesgarse y hacer un Volpa diferente y hacerlo aqu\u00ed en Espa\u00f1a. Esto sucedi\u00f3 en otra ocasi\u00f3n, pero fue en el marco de la pandemia. Al cabo de unas semanas me informaron que no ten\u00edan nada claro del c\u00f3mo ni el d\u00f3nde, pero que apostar\u00edan por m\u00ed y mi experiencia. Hoy d\u00eda estoy viviendo en el Pa\u00eds Vasco (lugar que ha pasado a ser de mis favoritos), en Durango para ser m\u00e1s espec\u00edficos, en una comunidad de hospitalidad de la Fundaci\u00f3n Ignacio Ellacur\u00eda conocida como Jesuiten Etxea.<\/p>\n<p>Esta es una<strong> antigua comunidad jesuita<\/strong> que deciden reacondicionar en el marco de la post pandemia para ser hogar de casi 20 j\u00f3venes en su mayor\u00eda de origen marroqu\u00ed que quedaron en situaci\u00f3n de calle, bien sea porque ya cumpl\u00edan la mayor\u00eda de edad y eran desalojados de sus refugios y porque en el campo de f\u00fatbol del colegio Jesuitak Indautxu donde los acogieron ya comenzaban las clases, con lo cual era imperativo darles un hogar. Esta casa a\u00f1os m\u00e1s tarde cambia a acoger familias y a que sea un modelo m\u00e1s independiente.<\/p>\n<p><strong>Una comunidad diversa y solidaria<\/strong><\/p>\n<p>Hoy convivimos <strong>17 personas de distintas nacionalidades,<\/strong> religiones e historias de vida. Somos una familia con todo lo que implica, d\u00edas buenos y malos. Diariamente aprendemos y desaprendemos un mont\u00f3n de cosas todos juntos. He conocido en primera persona historias de desplazamientos, c\u00f3mo es vivir en la calle o en un campo de refugiados; la herida que deja una guerra, he podido escuchar c\u00f3mo es un viaje en patera, el miedo, el silencio y la soledad que se vive, pero tambi\u00e9n he visto miradas de esperanza, abrazos familiares y la sonrisa del m\u00e1s peque\u00f1ito de la casa que tiene la madre m\u00e1s valiente y risue\u00f1a, un ni\u00f1o que seguro hablar\u00e1 varios idiomas pero su sonrisa es universal y una de mis razones favoritas para volver a casa entre tantas otras cosas.<\/p>\n<p>He aprendido a cocinar samosas, cous-cous, Harira y que las arepas colombianas son m\u00e1s ricas que las que yo preparo. Vivir en comunidad es toda una experiencia. Todas las ma\u00f1anas voy de Durango a Bilbao para estar en la <strong>Fundaci\u00f3n Ignacio Ellacur\u00eda<\/strong> y ejercer \u201cen todo amar y servir\u201d a diario. Toda ayuda es valiosa. Son un equipo de profesionales comprometidos hasta los huesos con proyectos que viven y acompa\u00f1an con el alma. De ellos y con ellos aprendo cada segundo, un d\u00eda cualquiera podr\u00eda ser dedicarme a la base de datos, rese\u00f1ar alguna actividad, acompa\u00f1ar algunos grupos locales, pintar, acondicionar alguna comunidad de hospitalidad para que los vengan se sientan como en casa como lo hicieron ellos conmigo, alimentar el alma y la barriga para grupos o familias de refugiados, dar clases de castellano, escuchar, acompa\u00f1ar y un largo etc. En conclusi\u00f3n, es ofrecer lo mejor de m\u00ed, mis manos y coraz\u00f3n por y para todos y cada uno de los proyectos de la fundaci\u00f3n que son por y para la poblaci\u00f3n migrante.<\/p>\n<p><img decoding=\"async\" alt=\" src=\"https:\/\/www.entreculturas.org\/wp-content\/uploads\/2023\/12\/img-4383.jpg\" style=\"width: 500px; height: 369px;\"><\/p>\n<p><img decoding=\"async\" alt=\" src=\"\/sites\/default\/files\/img-4392.jpg\" style=\"width: 500px; height: 283px;\"><\/p>\n<p><strong>Qu\u00e9 es el programa VOLPA&nbsp;<\/strong><\/p>\n<p>VOLPA significa Voluntariado Pedro Arrupe y es el programa de voluntariado internacional de larga duraci\u00f3n que promovemos desde Entreculturas y Alboan con el objetivo de crear una nueva cultura basada en la justicia y la solidaridad. Desde su creaci\u00f3n en 1991 han participado m\u00e1s de 1.000 voluntarios y voluntarias.<\/p>\n<p>Uno de los principales prop\u00f3sitos de este programa es crear caminos de encuentro a trav\u00e9s de la cercan\u00eda personal entre pueblos y personas, fomentar un compromiso vital en las personas voluntarias para que se conviertan en agentes de cambio y transformaci\u00f3n social.<\/p>\n<p>Conoce m\u00e1s del programa VOLPA en <a href=\"https:\/\/www.entreculturas.org\/es\/volpa\">\u00bfQU\u00c9 ES EL PROGRAMA VOLPA? | Entreculturas<\/a>&nbsp;<\/p>\n","protected":false},"excerpt":{"rendered":"<p>Desde el a\u00f1o pasado, Mariana se ha embarcado en una enriquecedora experiencia como voluntaria en nuestro propuesta de voluntariado internacional VOLPA. Este cap\u00edtulo de su vida ha dejado una marca en su perspectiva del mundo. Hoy, nos abre las puertas de su experiencia compartiendo su testimonio.<\/p>\n","protected":false},"featured_media":9346,"template":"single-noticia","meta":{"_acf_changed":false},"categories":[7,728],"tags":[8],"country":[120,127],"cause":[132],"class_list":["post-9344","noticia","type-noticia","status-publish","has-post-thumbnail","hentry","category-noticia","category-sin-categorizar","tag-participacion-y-ciudadania-global","country-espana","country-venezuela","cause-participacion-y-ciudadania-global"],"acf":[],"yoast_head":"<!-- This site is optimized with the Yoast SEO Premium plugin v21.6 (Yoast SEO v27.5) - https:\/\/yoast.com\/product\/yoast-seo-premium-wordpress\/ -->\n<title>Mariana: Un Viaje de Transformaci\u00f3n a trav\u00e9s del Voluntariado VOLPA - Entreculturas<\/title>\n<meta name=\"robots\" content=\"index, follow, max-snippet:-1, max-image-preview:large, max-video-preview:-1\" \/>\n<link rel=\"canonical\" href=\"https:\/\/www.entreculturas.org\/ca\/noticia\/mariana-un-viaje-de-transformacion-traves-del-voluntariado-volpa\/\" \/>\n<meta property=\"og:locale\" content=\"ca_ES\" \/>\n<meta property=\"og:type\" content=\"article\" \/>\n<meta property=\"og:title\" content=\"Mariana: Un Viaje de Transformaci\u00f3n a trav\u00e9s del Voluntariado VOLPA\" \/>\n<meta property=\"og:description\" content=\"Desde el a\u00f1o pasado, Mariana se ha embarcado en una enriquecedora experiencia como voluntaria en nuestro propuesta de voluntariado internacional VOLPA. Este cap\u00edtulo de su vida ha dejado una marca en su perspectiva del mundo. Hoy, nos abre las puertas de su experiencia compartiendo su testimonio.\" \/>\n<meta property=\"og:url\" content=\"https:\/\/www.entreculturas.org\/ca\/noticia\/mariana-un-viaje-de-transformacion-traves-del-voluntariado-volpa\/\" \/>\n<meta property=\"og:site_name\" content=\"Entreculturas\" \/>\n<meta property=\"article:publisher\" content=\"https:\/\/www.facebook.com\/entreculturas\" \/>\n<meta property=\"article:modified_time\" content=\"2024-02-14T14:19:20+00:00\" \/>\n<meta property=\"og:image\" content=\"https:\/\/www.entreculturas.org\/wp-content\/uploads\/2023\/12\/img-4393_1.jpg\" \/>\n\t<meta property=\"og:image:width\" content=\"748\" \/>\n\t<meta property=\"og:image:height\" content=\"567\" \/>\n\t<meta property=\"og:image:type\" content=\"image\/jpeg\" \/>\n<meta name=\"twitter:card\" content=\"summary_large_image\" \/>\n<meta name=\"twitter:site\" content=\"@Entreculturas\" \/>\n<script type=\"application\/ld+json\" class=\"yoast-schema-graph\">{\"@context\":\"https:\\\/\\\/schema.org\",\"@graph\":[{\"@type\":\"WebPage\",\"@id\":\"https:\\\/\\\/www.entreculturas.org\\\/ca\\\/noticia\\\/mariana-un-viaje-de-transformacion-traves-del-voluntariado-volpa\\\/\",\"url\":\"https:\\\/\\\/www.entreculturas.org\\\/ca\\\/noticia\\\/mariana-un-viaje-de-transformacion-traves-del-voluntariado-volpa\\\/\",\"name\":\"Mariana: Un Viaje de Transformaci\u00f3n a trav\u00e9s del Voluntariado VOLPA - Entreculturas\",\"isPartOf\":{\"@id\":\"https:\\\/\\\/www.entreculturas.org\\\/ca\\\/#website\"},\"primaryImageOfPage\":{\"@id\":\"https:\\\/\\\/www.entreculturas.org\\\/ca\\\/noticia\\\/mariana-un-viaje-de-transformacion-traves-del-voluntariado-volpa\\\/#primaryimage\"},\"image\":{\"@id\":\"https:\\\/\\\/www.entreculturas.org\\\/ca\\\/noticia\\\/mariana-un-viaje-de-transformacion-traves-del-voluntariado-volpa\\\/#primaryimage\"},\"thumbnailUrl\":\"https:\\\/\\\/www.entreculturas.org\\\/wp-content\\\/uploads\\\/2023\\\/12\\\/img-4393_1.jpg\",\"datePublished\":\"2023-09-20T07:43:06+00:00\",\"dateModified\":\"2024-02-14T14:19:20+00:00\",\"breadcrumb\":{\"@id\":\"https:\\\/\\\/www.entreculturas.org\\\/ca\\\/noticia\\\/mariana-un-viaje-de-transformacion-traves-del-voluntariado-volpa\\\/#breadcrumb\"},\"inLanguage\":\"ca\",\"potentialAction\":[{\"@type\":\"ReadAction\",\"target\":[\"https:\\\/\\\/www.entreculturas.org\\\/ca\\\/noticia\\\/mariana-un-viaje-de-transformacion-traves-del-voluntariado-volpa\\\/\"]}]},{\"@type\":\"ImageObject\",\"inLanguage\":\"ca\",\"@id\":\"https:\\\/\\\/www.entreculturas.org\\\/ca\\\/noticia\\\/mariana-un-viaje-de-transformacion-traves-del-voluntariado-volpa\\\/#primaryimage\",\"url\":\"https:\\\/\\\/www.entreculturas.org\\\/wp-content\\\/uploads\\\/2023\\\/12\\\/img-4393_1.jpg\",\"contentUrl\":\"https:\\\/\\\/www.entreculturas.org\\\/wp-content\\\/uploads\\\/2023\\\/12\\\/img-4393_1.jpg\",\"width\":748,\"height\":567},{\"@type\":\"BreadcrumbList\",\"@id\":\"https:\\\/\\\/www.entreculturas.org\\\/ca\\\/noticia\\\/mariana-un-viaje-de-transformacion-traves-del-voluntariado-volpa\\\/#breadcrumb\",\"itemListElement\":[{\"@type\":\"ListItem\",\"position\":1,\"name\":\"Home\",\"item\":\"https:\\\/\\\/www.entreculturas.org\\\/ca\\\/\"},{\"@type\":\"ListItem\",\"position\":2,\"name\":\"Noticias\",\"item\":\"https:\\\/\\\/www.entreculturas.org\\\/ca\\\/noticias\\\/\"},{\"@type\":\"ListItem\",\"position\":3,\"name\":\"Mariana: Un Viaje de Transformaci\u00f3n a trav\u00e9s del Voluntariado VOLPA\"}]},{\"@type\":\"WebSite\",\"@id\":\"https:\\\/\\\/www.entreculturas.org\\\/ca\\\/#website\",\"url\":\"https:\\\/\\\/www.entreculturas.org\\\/ca\\\/\",\"name\":\"Entreculturas\",\"description\":\"\",\"publisher\":{\"@id\":\"https:\\\/\\\/www.entreculturas.org\\\/ca\\\/#organization\"},\"alternateName\":\"Entreculturas\",\"potentialAction\":[{\"@type\":\"SearchAction\",\"target\":{\"@type\":\"EntryPoint\",\"urlTemplate\":\"https:\\\/\\\/www.entreculturas.org\\\/ca\\\/?s={search_term_string}\"},\"query-input\":{\"@type\":\"PropertyValueSpecification\",\"valueRequired\":true,\"valueName\":\"search_term_string\"}}],\"inLanguage\":\"ca\"},{\"@type\":\"Organization\",\"@id\":\"https:\\\/\\\/www.entreculturas.org\\\/ca\\\/#organization\",\"name\":\"Entreculturas\",\"url\":\"https:\\\/\\\/www.entreculturas.org\\\/ca\\\/\",\"logo\":{\"@type\":\"ImageObject\",\"inLanguage\":\"ca\",\"@id\":\"https:\\\/\\\/www.entreculturas.org\\\/ca\\\/#\\\/schema\\\/logo\\\/image\\\/\",\"url\":\"https:\\\/\\\/www.entreculturas.org\\\/wp-content\\\/uploads\\\/2025\\\/10\\\/ESP.svg\",\"contentUrl\":\"https:\\\/\\\/www.entreculturas.org\\\/wp-content\\\/uploads\\\/2025\\\/10\\\/ESP.svg\",\"caption\":\"Entreculturas\"},\"image\":{\"@id\":\"https:\\\/\\\/www.entreculturas.org\\\/ca\\\/#\\\/schema\\\/logo\\\/image\\\/\"},\"sameAs\":[\"https:\\\/\\\/www.facebook.com\\\/entreculturas\",\"https:\\\/\\\/x.com\\\/Entreculturas\",\"https:\\\/\\\/www.instagram.com\\\/entreculturas\\\/\",\"https:\\\/\\\/www.youtube.com\\\/user\\\/entreculturasvideo\",\"https:\\\/\\\/www.linkedin.com\\\/company\\\/fundacion-entreculturas-ngdo\\\/\",\"https:\\\/\\\/www.flickr.com\\\/photos\\\/98455522@N04\\\/albums\\\/\"]}]}<\/script>\n<!-- \/ Yoast SEO Premium plugin. -->","yoast_head_json":{"title":"Mariana: Un Viaje de Transformaci\u00f3n a trav\u00e9s del Voluntariado VOLPA - Entreculturas","robots":{"index":"index","follow":"follow","max-snippet":"max-snippet:-1","max-image-preview":"max-image-preview:large","max-video-preview":"max-video-preview:-1"},"canonical":"https:\/\/www.entreculturas.org\/ca\/noticia\/mariana-un-viaje-de-transformacion-traves-del-voluntariado-volpa\/","og_locale":"ca_ES","og_type":"article","og_title":"Mariana: Un Viaje de Transformaci\u00f3n a trav\u00e9s del Voluntariado VOLPA","og_description":"Desde el a\u00f1o pasado, Mariana se ha embarcado en una enriquecedora experiencia como voluntaria en nuestro propuesta de voluntariado internacional VOLPA. Este cap\u00edtulo de su vida ha dejado una marca en su perspectiva del mundo. Hoy, nos abre las puertas de su experiencia compartiendo su testimonio.","og_url":"https:\/\/www.entreculturas.org\/ca\/noticia\/mariana-un-viaje-de-transformacion-traves-del-voluntariado-volpa\/","og_site_name":"Entreculturas","article_publisher":"https:\/\/www.facebook.com\/entreculturas","article_modified_time":"2024-02-14T14:19:20+00:00","og_image":[{"width":748,"height":567,"url":"https:\/\/www.entreculturas.org\/wp-content\/uploads\/2023\/12\/img-4393_1.jpg","type":"image\/jpeg"}],"twitter_card":"summary_large_image","twitter_site":"@Entreculturas","schema":{"@context":"https:\/\/schema.org","@graph":[{"@type":"WebPage","@id":"https:\/\/www.entreculturas.org\/ca\/noticia\/mariana-un-viaje-de-transformacion-traves-del-voluntariado-volpa\/","url":"https:\/\/www.entreculturas.org\/ca\/noticia\/mariana-un-viaje-de-transformacion-traves-del-voluntariado-volpa\/","name":"Mariana: Un Viaje de Transformaci\u00f3n a trav\u00e9s del Voluntariado VOLPA - Entreculturas","isPartOf":{"@id":"https:\/\/www.entreculturas.org\/ca\/#website"},"primaryImageOfPage":{"@id":"https:\/\/www.entreculturas.org\/ca\/noticia\/mariana-un-viaje-de-transformacion-traves-del-voluntariado-volpa\/#primaryimage"},"image":{"@id":"https:\/\/www.entreculturas.org\/ca\/noticia\/mariana-un-viaje-de-transformacion-traves-del-voluntariado-volpa\/#primaryimage"},"thumbnailUrl":"https:\/\/www.entreculturas.org\/wp-content\/uploads\/2023\/12\/img-4393_1.jpg","datePublished":"2023-09-20T07:43:06+00:00","dateModified":"2024-02-14T14:19:20+00:00","breadcrumb":{"@id":"https:\/\/www.entreculturas.org\/ca\/noticia\/mariana-un-viaje-de-transformacion-traves-del-voluntariado-volpa\/#breadcrumb"},"inLanguage":"ca","potentialAction":[{"@type":"ReadAction","target":["https:\/\/www.entreculturas.org\/ca\/noticia\/mariana-un-viaje-de-transformacion-traves-del-voluntariado-volpa\/"]}]},{"@type":"ImageObject","inLanguage":"ca","@id":"https:\/\/www.entreculturas.org\/ca\/noticia\/mariana-un-viaje-de-transformacion-traves-del-voluntariado-volpa\/#primaryimage","url":"https:\/\/www.entreculturas.org\/wp-content\/uploads\/2023\/12\/img-4393_1.jpg","contentUrl":"https:\/\/www.entreculturas.org\/wp-content\/uploads\/2023\/12\/img-4393_1.jpg","width":748,"height":567},{"@type":"BreadcrumbList","@id":"https:\/\/www.entreculturas.org\/ca\/noticia\/mariana-un-viaje-de-transformacion-traves-del-voluntariado-volpa\/#breadcrumb","itemListElement":[{"@type":"ListItem","position":1,"name":"Home","item":"https:\/\/www.entreculturas.org\/ca\/"},{"@type":"ListItem","position":2,"name":"Noticias","item":"https:\/\/www.entreculturas.org\/ca\/noticias\/"},{"@type":"ListItem","position":3,"name":"Mariana: Un Viaje de Transformaci\u00f3n a trav\u00e9s del Voluntariado VOLPA"}]},{"@type":"WebSite","@id":"https:\/\/www.entreculturas.org\/ca\/#website","url":"https:\/\/www.entreculturas.org\/ca\/","name":"Entreculturas","description":"","publisher":{"@id":"https:\/\/www.entreculturas.org\/ca\/#organization"},"alternateName":"Entreculturas","potentialAction":[{"@type":"SearchAction","target":{"@type":"EntryPoint","urlTemplate":"https:\/\/www.entreculturas.org\/ca\/?s={search_term_string}"},"query-input":{"@type":"PropertyValueSpecification","valueRequired":true,"valueName":"search_term_string"}}],"inLanguage":"ca"},{"@type":"Organization","@id":"https:\/\/www.entreculturas.org\/ca\/#organization","name":"Entreculturas","url":"https:\/\/www.entreculturas.org\/ca\/","logo":{"@type":"ImageObject","inLanguage":"ca","@id":"https:\/\/www.entreculturas.org\/ca\/#\/schema\/logo\/image\/","url":"https:\/\/www.entreculturas.org\/wp-content\/uploads\/2025\/10\/ESP.svg","contentUrl":"https:\/\/www.entreculturas.org\/wp-content\/uploads\/2025\/10\/ESP.svg","caption":"Entreculturas"},"image":{"@id":"https:\/\/www.entreculturas.org\/ca\/#\/schema\/logo\/image\/"},"sameAs":["https:\/\/www.facebook.com\/entreculturas","https:\/\/x.com\/Entreculturas","https:\/\/www.instagram.com\/entreculturas\/","https:\/\/www.youtube.com\/user\/entreculturasvideo","https:\/\/www.linkedin.com\/company\/fundacion-entreculturas-ngdo\/","https:\/\/www.flickr.com\/photos\/98455522@N04\/albums\/"]}]}},"_links":{"self":[{"href":"https:\/\/www.entreculturas.org\/ca\/wp-json\/wp\/v2\/noticia\/9344","targetHints":{"allow":["GET"]}}],"collection":[{"href":"https:\/\/www.entreculturas.org\/ca\/wp-json\/wp\/v2\/noticia"}],"about":[{"href":"https:\/\/www.entreculturas.org\/ca\/wp-json\/wp\/v2\/types\/noticia"}],"wp:featuredmedia":[{"embeddable":true,"href":"https:\/\/www.entreculturas.org\/ca\/wp-json\/wp\/v2\/media\/9346"}],"wp:attachment":[{"href":"https:\/\/www.entreculturas.org\/ca\/wp-json\/wp\/v2\/media?parent=9344"}],"wp:term":[{"taxonomy":"category","embeddable":true,"href":"https:\/\/www.entreculturas.org\/ca\/wp-json\/wp\/v2\/categories?post=9344"},{"taxonomy":"post_tag","embeddable":true,"href":"https:\/\/www.entreculturas.org\/ca\/wp-json\/wp\/v2\/tags?post=9344"},{"taxonomy":"country","embeddable":true,"href":"https:\/\/www.entreculturas.org\/ca\/wp-json\/wp\/v2\/country?post=9344"},{"taxonomy":"cause","embeddable":true,"href":"https:\/\/www.entreculturas.org\/ca\/wp-json\/wp\/v2\/cause?post=9344"}],"curies":[{"name":"wp","href":"https:\/\/api.w.org\/{rel}","templated":true}]}}