{"id":7065,"date":"2023-07-21T10:48:58","date_gmt":"2023-07-21T10:48:58","guid":{"rendered":"https:\/\/entreculturasi.wpenginepowered.com\/?noticias=aprobada-por-el-congreso-la-reforma-de-la-ley-de-mecenazgo"},"modified":"2024-02-14T15:37:49","modified_gmt":"2024-02-14T14:37:49","slug":"aprobada-por-el-congreso-la-reforma-de-la-ley-de-mecenazgo","status":"publish","type":"noticia","link":"https:\/\/www.entreculturas.org\/ca\/noticia\/aprobada-por-el-congreso-la-reforma-de-la-ley-de-mecenazgo\/","title":{"rendered":"Aprobada por el congreso la reforma de la Ley de Mecenazgo"},"content":{"rendered":"<\/p>\n<p>Tras m\u00e1s de dos a\u00f1os de paralizaci\u00f3n y varios intentos fallidos, la Comisi\u00f3n de Hacienda y Funci\u00f3n P\u00fablica del Congreso ha <strong>aprobado<\/strong> el pasado mes de abril, con competencia legislativa plena, el informe elaborado por la ponencia sobre la proposici\u00f3n de <strong>Ley de modificaci\u00f3n de la Ley de Mecenazgo.<\/strong><\/p>\n<p>El nuevo texto, que deber\u00e1 pasar pasar otra revalidaci\u00f3n en el<strong> Senado<\/strong> antes de su entrada en vigor, permite incorporar la prestaci\u00f3n de servicios como nuevo mecanismo de <strong>colaboraci\u00f3n <\/strong>con las <strong>ONGs<\/strong>, permitiendo una contraprestaci\u00f3n de un m\u00e1ximo de 25.000 euros e incrementa los porcentajes de deducci\u00f3n.&nbsp;<\/p>\n<p>La <strong>reforma<\/strong> tendr\u00e1 efectos para los ejercicios iniciados a partir del 1 de enero del a\u00f1o siguiente a su aprobaci\u00f3n. Los <strong>cambios<\/strong> m\u00e1s relevantes son los siguientes:<\/p>\n<ol>\n<li>Equiparaci\u00f3n del r\u00e9gimen fiscal de todas las entidades pertenecientes a las confesiones religiosas con arraigo reconocido en el Estado espa\u00f1ol. Las entidades miembros de la<strong> Uni\u00f3n Budista,<\/strong> la <strong>Iglesia Ortodoxa<\/strong>, la <strong>Iglesia de Jesucristo de los Santos de los \u00daltimos D\u00edas<\/strong> (mormones) y los <strong>Testigos de Jehov\u00e1<\/strong> podr\u00e1n beneficiarse de los mismos beneficios fiscales que ahora tienen las organizaciones que forman parte de la Iglesia Cat\u00f3lica, la Federaci\u00f3n de Entidades Religiosas Evang\u00e9licas, la Federaci\u00f3n de Comunidades Israelitas y la Comisi\u00f3n Isl\u00e1mica. En este sentido, quedar\u00e1n exentas del <strong>Impuesto sobre Bienes e Inmuebles (IBI).<\/strong><\/li>\n<li>Aumento del porcentaje de deducciones de la cuota del IRPF para donativos, donaciones y aportaciones con derecho a deducciones. El porcentaje de deducci\u00f3n de las donaciones efectuadas por personas f\u00edsicas <strong>pasa del 35% al 40%.<\/strong> Adem\u00e1s, se ampl\u00eda la cantidad que se considera micromecenazgo proveniente de contribuyentes del IRPF, que pasa de <strong>150 a 250 euros,<\/strong> manteniendo el porcentaje de deducciones actual del 80% para este tramo de donativos.<\/li>\n<li><strong>Aumento del porcentaje de deducciones<\/strong> para las donaciones que cumplen los requisitos de periodicidad, pasando del<strong> 40 al 45% <\/strong>en el caso de las provenientes de personas f\u00edsicas, y del 40 al 50% en el caso de las de jur\u00eddicas.<\/li>\n<li>Defensa de los animales como actividad de inter\u00e9s general. De esta manera, las entidades que tengan este objeto social pasan a formar parte de las entidades sin \u00e1nimo de lucro que contempla esta ley, siempre que tengan la forma jur\u00eddica de fundaci\u00f3n o la calificaci\u00f3n de Declarada de Utilidad P\u00fablica (DUP).<\/li>\n<li><strong>No se considerar\u00e1n remuneraciones las primas abonadas en concepto de seguros <\/strong>de responsabilidad civil contratados por estas entidades, para los patronos, representantes estatutarios y miembros del \u00f3rgano de gobierno de la organizaci\u00f3n. Esto ser\u00e1 correcto solo en caso de que cubran exclusivamente los riesgos derivados del desarrollo de sus funciones.<\/li>\n<li>Las personas donantes podr\u00e1n recibir compensaciones simb\u00f3licas como bienes o servicios, siempre que no represente m\u00e1s del <strong>15% del valor <\/strong>de la donaci\u00f3n o por un valor m\u00e1ximo de <strong>25.000\u20ac<\/strong>.<\/li>\n<li><strong>Actualizaci\u00f3n de los conceptos de donativos y donaciones,<\/strong> ya que se incorporan las prestaciones de servicios por lo que quedan reconocidas como donaciones en especie los servicios de asesoramiento y consultor\u00eda, espacios de publicidad en medios de comunicaci\u00f3n, cesiones de espacios naturales protegidos o bienes culturales de autores reconocidos.<\/li>\n<li>Se a\u00f1aden a las <strong>actividades econ\u00f3micas exentas del Impuesto de Sociedades<\/strong> aquellas rentas obtenidas por entidades son fines lucrativos que cumplen su objetivo o finalidad espec\u00edfica, como son las acciones de inserci\u00f3n sociolaboral para personas en riesgo de exclusi\u00f3n social, las explotaciones econ\u00f3micas de investigaci\u00f3n, desarrollo e innovaci\u00f3n, as\u00ed como las explotaciones econ\u00f3micas de ense\u00f1anza y formaci\u00f3n profesional de la educaci\u00f3n de altas capacidades.<\/li>\n<\/ol>\n<p>De aprobarse en los t\u00e9rminos actuales, se recoger\u00edan algunas de las principales peticiones que vienen realiz\u00e1ndose tanto por el sector no lucrativo como por los donantes.&nbsp;<strong> Esta norma modificar\u00e1 la que est\u00e1 en vigor desde hace 21 a\u00f1os.<\/strong><\/p>\n","protected":false},"excerpt":{"rendered":"<p>Tras m\u00e1s de dos a\u00f1os de paralizaci\u00f3n y varios intentos fallidos, la Comisi\u00f3n de Hacienda y Funci\u00f3n P\u00fablica del Congreso ha aprobado el pasado mes de abril, con competencia legislativa plena, el informe elaborado por la ponencia sobre la proposici\u00f3n de Ley de modificaci\u00f3n de la Ley de Mecenazgo.<\/p>\n","protected":false},"featured_media":7064,"template":"single-noticia","meta":{"_acf_changed":false},"categories":[7],"tags":[196],"country":[120],"cause":[132],"class_list":["post-7065","noticia","type-noticia","status-publish","has-post-thumbnail","hentry","category-noticia","tag-rsc","country-espana","cause-participacion-y-ciudadania-global"],"acf":[],"yoast_head":"<!-- This site is optimized with the Yoast SEO Premium plugin v21.6 (Yoast SEO v27.5) - https:\/\/yoast.com\/product\/yoast-seo-premium-wordpress\/ -->\n<title>Aprobada por el congreso la reforma de la Ley de Mecenazgo - Entreculturas<\/title>\n<meta name=\"robots\" content=\"index, follow, max-snippet:-1, max-image-preview:large, max-video-preview:-1\" \/>\n<link rel=\"canonical\" href=\"https:\/\/www.entreculturas.org\/ca\/noticia\/aprobada-por-el-congreso-la-reforma-de-la-ley-de-mecenazgo\/\" \/>\n<meta property=\"og:locale\" content=\"ca_ES\" \/>\n<meta property=\"og:type\" content=\"article\" \/>\n<meta property=\"og:title\" content=\"Aprobada por el congreso la reforma de la Ley de Mecenazgo\" \/>\n<meta property=\"og:description\" content=\"Tras m\u00e1s de dos a\u00f1os de paralizaci\u00f3n y varios intentos fallidos, la Comisi\u00f3n de Hacienda y Funci\u00f3n P\u00fablica del Congreso ha aprobado el pasado mes de abril, con competencia legislativa plena, el informe elaborado por la ponencia sobre la proposici\u00f3n de Ley de modificaci\u00f3n de la Ley de Mecenazgo.\" \/>\n<meta property=\"og:url\" content=\"https:\/\/www.entreculturas.org\/ca\/noticia\/aprobada-por-el-congreso-la-reforma-de-la-ley-de-mecenazgo\/\" \/>\n<meta property=\"og:site_name\" content=\"Entreculturas\" \/>\n<meta property=\"article:publisher\" content=\"https:\/\/www.facebook.com\/entreculturas\" \/>\n<meta property=\"article:modified_time\" content=\"2024-02-14T14:37:49+00:00\" \/>\n<meta property=\"og:image\" content=\"https:\/\/www.entreculturas.org\/wp-content\/uploads\/2023\/07\/ley_de_mecenazgo.jpg\" \/>\n\t<meta property=\"og:image:width\" content=\"1600\" \/>\n\t<meta property=\"og:image:height\" content=\"900\" \/>\n\t<meta property=\"og:image:type\" content=\"image\/jpeg\" \/>\n<meta name=\"twitter:card\" content=\"summary_large_image\" \/>\n<meta name=\"twitter:site\" content=\"@Entreculturas\" \/>\n<script type=\"application\/ld+json\" class=\"yoast-schema-graph\">{\"@context\":\"https:\\\/\\\/schema.org\",\"@graph\":[{\"@type\":\"WebPage\",\"@id\":\"https:\\\/\\\/www.entreculturas.org\\\/ca\\\/noticia\\\/aprobada-por-el-congreso-la-reforma-de-la-ley-de-mecenazgo\\\/\",\"url\":\"https:\\\/\\\/www.entreculturas.org\\\/ca\\\/noticia\\\/aprobada-por-el-congreso-la-reforma-de-la-ley-de-mecenazgo\\\/\",\"name\":\"Aprobada por el congreso la reforma de la Ley de Mecenazgo - Entreculturas\",\"isPartOf\":{\"@id\":\"https:\\\/\\\/www.entreculturas.org\\\/ca\\\/#website\"},\"primaryImageOfPage\":{\"@id\":\"https:\\\/\\\/www.entreculturas.org\\\/ca\\\/noticia\\\/aprobada-por-el-congreso-la-reforma-de-la-ley-de-mecenazgo\\\/#primaryimage\"},\"image\":{\"@id\":\"https:\\\/\\\/www.entreculturas.org\\\/ca\\\/noticia\\\/aprobada-por-el-congreso-la-reforma-de-la-ley-de-mecenazgo\\\/#primaryimage\"},\"thumbnailUrl\":\"https:\\\/\\\/www.entreculturas.org\\\/wp-content\\\/uploads\\\/2023\\\/07\\\/ley_de_mecenazgo.jpg\",\"datePublished\":\"2023-07-21T10:48:58+00:00\",\"dateModified\":\"2024-02-14T14:37:49+00:00\",\"breadcrumb\":{\"@id\":\"https:\\\/\\\/www.entreculturas.org\\\/ca\\\/noticia\\\/aprobada-por-el-congreso-la-reforma-de-la-ley-de-mecenazgo\\\/#breadcrumb\"},\"inLanguage\":\"ca\",\"potentialAction\":[{\"@type\":\"ReadAction\",\"target\":[\"https:\\\/\\\/www.entreculturas.org\\\/ca\\\/noticia\\\/aprobada-por-el-congreso-la-reforma-de-la-ley-de-mecenazgo\\\/\"]}]},{\"@type\":\"ImageObject\",\"inLanguage\":\"ca\",\"@id\":\"https:\\\/\\\/www.entreculturas.org\\\/ca\\\/noticia\\\/aprobada-por-el-congreso-la-reforma-de-la-ley-de-mecenazgo\\\/#primaryimage\",\"url\":\"https:\\\/\\\/www.entreculturas.org\\\/wp-content\\\/uploads\\\/2023\\\/07\\\/ley_de_mecenazgo.jpg\",\"contentUrl\":\"https:\\\/\\\/www.entreculturas.org\\\/wp-content\\\/uploads\\\/2023\\\/07\\\/ley_de_mecenazgo.jpg\",\"width\":1600,\"height\":900},{\"@type\":\"BreadcrumbList\",\"@id\":\"https:\\\/\\\/www.entreculturas.org\\\/ca\\\/noticia\\\/aprobada-por-el-congreso-la-reforma-de-la-ley-de-mecenazgo\\\/#breadcrumb\",\"itemListElement\":[{\"@type\":\"ListItem\",\"position\":1,\"name\":\"Home\",\"item\":\"https:\\\/\\\/www.entreculturas.org\\\/ca\\\/\"},{\"@type\":\"ListItem\",\"position\":2,\"name\":\"Noticias\",\"item\":\"https:\\\/\\\/www.entreculturas.org\\\/ca\\\/noticias\\\/\"},{\"@type\":\"ListItem\",\"position\":3,\"name\":\"Aprobada por el congreso la reforma de la Ley de Mecenazgo\"}]},{\"@type\":\"WebSite\",\"@id\":\"https:\\\/\\\/www.entreculturas.org\\\/ca\\\/#website\",\"url\":\"https:\\\/\\\/www.entreculturas.org\\\/ca\\\/\",\"name\":\"Entreculturas\",\"description\":\"\",\"publisher\":{\"@id\":\"https:\\\/\\\/www.entreculturas.org\\\/ca\\\/#organization\"},\"alternateName\":\"Entreculturas\",\"potentialAction\":[{\"@type\":\"SearchAction\",\"target\":{\"@type\":\"EntryPoint\",\"urlTemplate\":\"https:\\\/\\\/www.entreculturas.org\\\/ca\\\/?s={search_term_string}\"},\"query-input\":{\"@type\":\"PropertyValueSpecification\",\"valueRequired\":true,\"valueName\":\"search_term_string\"}}],\"inLanguage\":\"ca\"},{\"@type\":\"Organization\",\"@id\":\"https:\\\/\\\/www.entreculturas.org\\\/ca\\\/#organization\",\"name\":\"Entreculturas\",\"url\":\"https:\\\/\\\/www.entreculturas.org\\\/ca\\\/\",\"logo\":{\"@type\":\"ImageObject\",\"inLanguage\":\"ca\",\"@id\":\"https:\\\/\\\/www.entreculturas.org\\\/ca\\\/#\\\/schema\\\/logo\\\/image\\\/\",\"url\":\"https:\\\/\\\/www.entreculturas.org\\\/wp-content\\\/uploads\\\/2025\\\/10\\\/ESP.svg\",\"contentUrl\":\"https:\\\/\\\/www.entreculturas.org\\\/wp-content\\\/uploads\\\/2025\\\/10\\\/ESP.svg\",\"caption\":\"Entreculturas\"},\"image\":{\"@id\":\"https:\\\/\\\/www.entreculturas.org\\\/ca\\\/#\\\/schema\\\/logo\\\/image\\\/\"},\"sameAs\":[\"https:\\\/\\\/www.facebook.com\\\/entreculturas\",\"https:\\\/\\\/x.com\\\/Entreculturas\",\"https:\\\/\\\/www.instagram.com\\\/entreculturas\\\/\",\"https:\\\/\\\/www.youtube.com\\\/user\\\/entreculturasvideo\",\"https:\\\/\\\/www.linkedin.com\\\/company\\\/fundacion-entreculturas-ngdo\\\/\",\"https:\\\/\\\/www.flickr.com\\\/photos\\\/98455522@N04\\\/albums\\\/\"]}]}<\/script>\n<!-- \/ Yoast SEO Premium plugin. -->","yoast_head_json":{"title":"Aprobada por el congreso la reforma de la Ley de Mecenazgo - Entreculturas","robots":{"index":"index","follow":"follow","max-snippet":"max-snippet:-1","max-image-preview":"max-image-preview:large","max-video-preview":"max-video-preview:-1"},"canonical":"https:\/\/www.entreculturas.org\/ca\/noticia\/aprobada-por-el-congreso-la-reforma-de-la-ley-de-mecenazgo\/","og_locale":"ca_ES","og_type":"article","og_title":"Aprobada por el congreso la reforma de la Ley de Mecenazgo","og_description":"Tras m\u00e1s de dos a\u00f1os de paralizaci\u00f3n y varios intentos fallidos, la Comisi\u00f3n de Hacienda y Funci\u00f3n P\u00fablica del Congreso ha aprobado el pasado mes de abril, con competencia legislativa plena, el informe elaborado por la ponencia sobre la proposici\u00f3n de Ley de modificaci\u00f3n de la Ley de Mecenazgo.","og_url":"https:\/\/www.entreculturas.org\/ca\/noticia\/aprobada-por-el-congreso-la-reforma-de-la-ley-de-mecenazgo\/","og_site_name":"Entreculturas","article_publisher":"https:\/\/www.facebook.com\/entreculturas","article_modified_time":"2024-02-14T14:37:49+00:00","og_image":[{"width":1600,"height":900,"url":"https:\/\/www.entreculturas.org\/wp-content\/uploads\/2023\/07\/ley_de_mecenazgo.jpg","type":"image\/jpeg"}],"twitter_card":"summary_large_image","twitter_site":"@Entreculturas","schema":{"@context":"https:\/\/schema.org","@graph":[{"@type":"WebPage","@id":"https:\/\/www.entreculturas.org\/ca\/noticia\/aprobada-por-el-congreso-la-reforma-de-la-ley-de-mecenazgo\/","url":"https:\/\/www.entreculturas.org\/ca\/noticia\/aprobada-por-el-congreso-la-reforma-de-la-ley-de-mecenazgo\/","name":"Aprobada por el congreso la reforma de la Ley de Mecenazgo - Entreculturas","isPartOf":{"@id":"https:\/\/www.entreculturas.org\/ca\/#website"},"primaryImageOfPage":{"@id":"https:\/\/www.entreculturas.org\/ca\/noticia\/aprobada-por-el-congreso-la-reforma-de-la-ley-de-mecenazgo\/#primaryimage"},"image":{"@id":"https:\/\/www.entreculturas.org\/ca\/noticia\/aprobada-por-el-congreso-la-reforma-de-la-ley-de-mecenazgo\/#primaryimage"},"thumbnailUrl":"https:\/\/www.entreculturas.org\/wp-content\/uploads\/2023\/07\/ley_de_mecenazgo.jpg","datePublished":"2023-07-21T10:48:58+00:00","dateModified":"2024-02-14T14:37:49+00:00","breadcrumb":{"@id":"https:\/\/www.entreculturas.org\/ca\/noticia\/aprobada-por-el-congreso-la-reforma-de-la-ley-de-mecenazgo\/#breadcrumb"},"inLanguage":"ca","potentialAction":[{"@type":"ReadAction","target":["https:\/\/www.entreculturas.org\/ca\/noticia\/aprobada-por-el-congreso-la-reforma-de-la-ley-de-mecenazgo\/"]}]},{"@type":"ImageObject","inLanguage":"ca","@id":"https:\/\/www.entreculturas.org\/ca\/noticia\/aprobada-por-el-congreso-la-reforma-de-la-ley-de-mecenazgo\/#primaryimage","url":"https:\/\/www.entreculturas.org\/wp-content\/uploads\/2023\/07\/ley_de_mecenazgo.jpg","contentUrl":"https:\/\/www.entreculturas.org\/wp-content\/uploads\/2023\/07\/ley_de_mecenazgo.jpg","width":1600,"height":900},{"@type":"BreadcrumbList","@id":"https:\/\/www.entreculturas.org\/ca\/noticia\/aprobada-por-el-congreso-la-reforma-de-la-ley-de-mecenazgo\/#breadcrumb","itemListElement":[{"@type":"ListItem","position":1,"name":"Home","item":"https:\/\/www.entreculturas.org\/ca\/"},{"@type":"ListItem","position":2,"name":"Noticias","item":"https:\/\/www.entreculturas.org\/ca\/noticias\/"},{"@type":"ListItem","position":3,"name":"Aprobada por el congreso la reforma de la Ley de Mecenazgo"}]},{"@type":"WebSite","@id":"https:\/\/www.entreculturas.org\/ca\/#website","url":"https:\/\/www.entreculturas.org\/ca\/","name":"Entreculturas","description":"","publisher":{"@id":"https:\/\/www.entreculturas.org\/ca\/#organization"},"alternateName":"Entreculturas","potentialAction":[{"@type":"SearchAction","target":{"@type":"EntryPoint","urlTemplate":"https:\/\/www.entreculturas.org\/ca\/?s={search_term_string}"},"query-input":{"@type":"PropertyValueSpecification","valueRequired":true,"valueName":"search_term_string"}}],"inLanguage":"ca"},{"@type":"Organization","@id":"https:\/\/www.entreculturas.org\/ca\/#organization","name":"Entreculturas","url":"https:\/\/www.entreculturas.org\/ca\/","logo":{"@type":"ImageObject","inLanguage":"ca","@id":"https:\/\/www.entreculturas.org\/ca\/#\/schema\/logo\/image\/","url":"https:\/\/www.entreculturas.org\/wp-content\/uploads\/2025\/10\/ESP.svg","contentUrl":"https:\/\/www.entreculturas.org\/wp-content\/uploads\/2025\/10\/ESP.svg","caption":"Entreculturas"},"image":{"@id":"https:\/\/www.entreculturas.org\/ca\/#\/schema\/logo\/image\/"},"sameAs":["https:\/\/www.facebook.com\/entreculturas","https:\/\/x.com\/Entreculturas","https:\/\/www.instagram.com\/entreculturas\/","https:\/\/www.youtube.com\/user\/entreculturasvideo","https:\/\/www.linkedin.com\/company\/fundacion-entreculturas-ngdo\/","https:\/\/www.flickr.com\/photos\/98455522@N04\/albums\/"]}]}},"_links":{"self":[{"href":"https:\/\/www.entreculturas.org\/ca\/wp-json\/wp\/v2\/noticia\/7065","targetHints":{"allow":["GET"]}}],"collection":[{"href":"https:\/\/www.entreculturas.org\/ca\/wp-json\/wp\/v2\/noticia"}],"about":[{"href":"https:\/\/www.entreculturas.org\/ca\/wp-json\/wp\/v2\/types\/noticia"}],"wp:featuredmedia":[{"embeddable":true,"href":"https:\/\/www.entreculturas.org\/ca\/wp-json\/wp\/v2\/media\/7064"}],"wp:attachment":[{"href":"https:\/\/www.entreculturas.org\/ca\/wp-json\/wp\/v2\/media?parent=7065"}],"wp:term":[{"taxonomy":"category","embeddable":true,"href":"https:\/\/www.entreculturas.org\/ca\/wp-json\/wp\/v2\/categories?post=7065"},{"taxonomy":"post_tag","embeddable":true,"href":"https:\/\/www.entreculturas.org\/ca\/wp-json\/wp\/v2\/tags?post=7065"},{"taxonomy":"country","embeddable":true,"href":"https:\/\/www.entreculturas.org\/ca\/wp-json\/wp\/v2\/country?post=7065"},{"taxonomy":"cause","embeddable":true,"href":"https:\/\/www.entreculturas.org\/ca\/wp-json\/wp\/v2\/cause?post=7065"}],"curies":[{"name":"wp","href":"https:\/\/api.w.org\/{rel}","templated":true}]}}