{"id":7043,"date":"2023-07-17T09:54:42","date_gmt":"2023-07-17T09:54:42","guid":{"rendered":"https:\/\/entreculturasi.wpenginepowered.com\/?noticias=la-cumbre-ue-celac-una-oportunidad-de-cooperar-para-una-transformacion-social-justa"},"modified":"2024-02-14T15:39:42","modified_gmt":"2024-02-14T14:39:42","slug":"la-cumbre-ue-celac-una-oportunidad-de-cooperar-para-una-transformacion-social-justa","status":"publish","type":"noticia","link":"https:\/\/www.entreculturas.org\/ca\/noticia\/la-cumbre-ue-celac-una-oportunidad-de-cooperar-para-una-transformacion-social-justa\/","title":{"rendered":"La Cumbre UE-CELAC: una oportunidad de cooperar para una transformaci\u00f3n social justa, equitativa e inclusiva."},"content":{"rendered":"<\/p>\n<p>&nbsp;<\/p>\n<ul>\n<li>Desde Entreculturas hemos seguido el <strong>Foro<\/strong> previo a la <strong>Cumbre<\/strong> donde j\u00f3venes, sociedad civil y autoridades locales han compartido ideas y oportunidades para construir un futuro sostenible e inclusivo entre la <strong>Uni\u00f3n Europea, Am\u00e9rica Latina y el Caribe.<\/strong><\/li>\n<li>Durante la Cumbre se llegar\u00e1 a importantes compromisos de inversi\u00f3n para la transformaci\u00f3n de ambas regiones, con atenci\u00f3n al fortalecimiento de los sistemas educativos en todo el mundo. Desde Entreculturas hemos querido contribuir con nuestro estudio y recomendaciones para la acogida educativa de la infancia migrada y refugiada en Espa\u00f1a y en Am\u00e9rica Latina.&nbsp;<\/li>\n<\/ul>\n<p>Los d\u00edas 17 y 18 de julio se celebra en Bruselas la <a href=\"https:\/\/www.consilium.europa.eu\/es\/meetings\/international-summit\/2023\/07\/17-18\/\">Cumbre UE-CELAC<\/a> (Uni\u00f3n Europea y Comunidad de Estados Latinoamericanos y Caribe\u00f1os), con el objetivo de <strong>fortalecer las alianzas entre ambas regiones y abordar el desaf\u00edo de una transformaci\u00f3n justa, social y equitativa que no deje a nadie atr\u00e1s.&nbsp;<\/strong><\/p>\n<p><strong>Los y las j\u00f3venes, la sociedad civil y las autoridades locales juegan un papel importante<\/strong> en esta alianza transatl\u00e1ntica de estados y comunidades. Por ello, la UE organiz\u00f3 el <a href=\"https:\/\/international-partnerships.ec.europa.eu\/eu-latin-america-and-caribbean-forum-partners-change_es\">Foro UE-ALC<\/a> los d\u00edas 13 y 14 de julio, en el cual desde Entreculturas tuvimos el placer de participar. El objetivo general del Foro ha sido tener un intercambio inclusivo con actores no estatales y discutir oportunidades para construir un<strong> futuro sostenible e inclusivo<\/strong> para ambas regiones.&nbsp;<\/p>\n<p>Representantes juveniles, de organizaciones de defensa de derechos, activistas, autoridades locales y diversos especialistas de ambos lados del Atl\u00e1ntico han participado de mesas redondas y di\u00e1logos sobre derecho a educaci\u00f3n, promoci\u00f3n del espacio c\u00edvico, transici\u00f3n ecol\u00f3gica, igualdad de g\u00e9nero y participaci\u00f3n de j\u00f3venes y de otros colectivos. Adem\u00e1s, se han compartido ideas de asociaci\u00f3n y partenariado entre sociedad civil, comunidades, sector privado e instituciones. De esta experiencia han surgido<a href=\"https:\/\/coordinadoraongd.org\/2023\/07\/declaracion-de-la-sociedad-civil-de-america-latina-caribe-y-ue-tras-el-foro-ue-lac\/\"> propuestas espec\u00edficas<\/a> de la sociedad civil dirigidas a las autoridades que acudir\u00e1n a la <strong>Cumbre<\/strong>, con el objetivo de participar del dise\u00f1o de la agenda birregional de transformaci\u00f3n y transici\u00f3n para los pr\u00f3ximos a\u00f1os.&nbsp;<\/p>\n<p>Uno de los resultados claves de la Cumbre ser\u00e1 la <strong>Agenda de Inversi\u00f3n<\/strong> de <a href=\"https:\/\/international-partnerships.ec.europa.eu\/policies\/global-gateway\/global-gateway-overview_en\">Global Gateway<\/a>, <strong>un compromiso pol\u00edtico de movilizaci\u00f3n de inversiones <\/strong>para trabajar en Am\u00e9rica Latina y el Caribe, con un enfoque transformador totalmente alineado con la Agenda 2030 de la ONU y sus Objetivos de Desarrollo Sostenible. Entre sus objetivos de impacto encontramos el de f<strong>ortalecer los sistemas de educaci\u00f3n en todo el mundo.&nbsp;<\/strong><\/p>\n<p>Desde Entreculturas compartimos este objetivo y, como parte de nuestro trabajo para impulsarlo, recientemente hemos publicado, junto con Alboan, el <a href=\"https:\/\/www.escuelarefugio.org\/entreculturas\/2023\/EscuelaRefugio_escuela_que_acoge.pdf\">Informe<\/a> \u00b4Escuela Refugio, Escuela que acoge. Desaf\u00edos para garantizar la acogida educativa de la infancia y la juventud en movilidad forzada\u00b4. En esta investigaci\u00f3n analizamos los retos que enfrentan <strong>los sistemas educativos de pa\u00edses latinoamericanos receptores del \u00e9xodo venezolano<\/strong> para acoger a la infancia desplazada. El estudio aporta, adem\u00e1s, experiencias y buenas pr\u00e1cticas de quienes d\u00eda a d\u00eda acompa\u00f1an a ni\u00f1os, ni\u00f1as y adolescentes migrados y refugiados, as\u00ed como a sus familias. Tambi\u00e9n presenta una serie de propuestas y recomendaciones para la comunidad internacional, los estados y las comunidades educativas.<\/p>\n<p><strong>Garantizar el derecho a la educaci\u00f3n de la infancia y la juventud desplazada es una obligaci\u00f3n de los estados, y es una obligaci\u00f3n compartida y equitativa.<\/strong> Los pa\u00edses de acogida del \u00e9xodo venezolano necesitan fortalecer sus sistemas educativos para poder abordar este reto. <strong>Cuando se movilizan recursos y se cumple con lo firmado en el derecho internacional y humanitario es posible<\/strong> garantizar que los ni\u00f1os, ni\u00f1as y adolescentes migrados y refugiados tengan acceso a una educaci\u00f3n inclusiva y de calidad. Y esto supone m\u00e1s que la oportunidad de aprender y crecer acad\u00e9micamente, puesto que la escuela es mucho m\u00e1s que aprendizaje: es refugio, es acogida, es paz y es transformaci\u00f3n social.<br \/>&nbsp;&nbsp;<br \/>Para insistir en la importancia de la cooperaci\u00f3n para la educaci\u00f3n de todas las personas, y especialmente las m\u00e1s vulnerables, como es el caso de la infancia y la juventud desplazada, <strong>desde Entreculturas hemos hecho llegar este informe y sus recomendaciones a las autoridades competentes, profesionales y especialistas.&nbsp;<\/strong><\/p>\n<p>Ant\u00f3n Leis, Director de la AECID, con el que nos reunimos hace unas semanas para trasladar nuestras propuestas, se\u00f1al\u00f3 en la mesa sobre migraciones del Foro que \u201cen Am\u00e9rica Latina estamos encontrando un aumento sustancial de los fen\u00f3menos de movilidad y esto genera importantes desaf\u00edos en los pa\u00edses de tr\u00e1nsito y acogida\u201d, que adem\u00e1s es un desaf\u00edo que \u201cnos compete a ambos, es responsabilidad de ambas regiones\u201d. Adem\u00e1s, lament\u00f3 c\u00f3mo \u201cmuchas veces nos encontramos un poco solo cuando hablamos de las necesidades humanitarias de Am\u00e9rica Latina\u201d. Esperamos que este Foro, la Cumbre y los compromisos que salgan de ella cambien esta situaci\u00f3n, y podamos <strong>trabajar juntas con las instituciones, las comunidades y los propios ni\u00f1os, ni\u00f1as y j\u00f3venes migrados y refugiados por un mundo mejor donde nadie se quede atr\u00e1s.&nbsp;<\/strong><\/p>\n<p><img decoding=\"async\" alt=\"\" src=\"https:\/\/www.entreculturas.org\/wp-content\/uploads\/2023\/07\/foto_aecid.jpg\" style=\"width: 700px;height: 525px\"><\/p>\n<p>Aqu\u00ed nuestras principales <strong>propuestas en clave de cooperaci\u00f3n<\/strong> educativa:<\/p>\n<ul>\n<li>Garantizar el derecho a la educaci\u00f3n de la infancia y adolescencia migrada y desplazada sin excepci\u00f3n e independientemente de su situaci\u00f3n administrativa. El inter\u00e9s superior del ni\u00f1o, la ni\u00f1a y el adolescente, junto con el enfoque de protecci\u00f3n han de primar por encima de los marcos jur\u00eddicos y las pol\u00edticas migratorias y de asilo.&nbsp;<\/li>\n<li>Destinar fondos suficientes de ayuda humanitaria y para el desarrollo a satisfacer las necesidades de educaci\u00f3n de las personas migrantes y desplazadas fuera de las fronteras nacionales. La educaci\u00f3n en emergencias necesita un apoyo decidido y que se aumente su peso dentro de la acci\u00f3n humanitaria. Orientar la cooperaci\u00f3n espa\u00f1ola en educaci\u00f3n a garantizar el ODS 4. Para ello, recuperar la inversi\u00f3n en cooperaci\u00f3n en la senda del 0,7% y priorizar la ayuda en educaci\u00f3n como sector clave al que destinar los fondos.<\/li>\n<li>Proporcionar apoyo financiero y de coordinaci\u00f3n para hacer efectivos los derechos reconocidos en la Directiva de Protecci\u00f3n Temporal del 18 de marzo de 2022 a la poblaci\u00f3n ucraniana que se ha visto obligada a dejar su hogar y hacerla extensiva al resto de personas de otras nacionalidades en la misma situaci\u00f3n de movilidad forzosa, sin discriminaci\u00f3n de ning\u00fan tipo. Todo ello sin reducir recursos de otros grupos de poblaci\u00f3n demandantes de asilo o protecci\u00f3n, ni de los fondos destinados a Ayuda Oficial al Desarrollo.&nbsp;<\/li>\n<li>Fortalecer el sistema de ayuda a la educaci\u00f3n para Am\u00e9rica Latina y los pa\u00edses y comunidades de acogida del \u00e9xodo venezolano en el marco de las Conferencias de Donantes en solidaridad con migrantes y refugiados venezolanos en pa\u00edses de la regi\u00f3n y de los mecanismos de coordinaci\u00f3n multilateral.&nbsp;&nbsp;<\/li>\n<\/ul>\n<p>Accede al informe completo <a href=\"https:\/\/www.escuelarefugio.org\/entreculturas\/2023\/EscuelaRefugio_escuela_que_acoge.pdf\">aqu\u00ed <\/a>y a la versi\u00f3n en ingl\u00e9s <a href=\"https:\/\/www.escuelarefugio.org\/eng\/refuge\/\">aqu\u00ed.&nbsp;<\/a><\/p>\n<p>Aprende m\u00e1s sobre la campa\u00f1a Escuela Refugio <a href=\"https:\/\/www.escuelarefugio.org\/\">aqu\u00ed.<\/a>&nbsp;<\/p>\n","protected":false},"excerpt":{"rendered":"<p>Desde Entreculturas hemos seguido el Foro previo a la Cumbre donde j\u00f3venes, sociedad civil y autoridades locales han compartido ideas y oportunidades para construir un futuro sostenible e inclusivo entre la Uni\u00f3n Europea, Am\u00e9rica Latina y el Caribe.<\/p>\n<p>Durante la Cumbre se llegar\u00e1 a importantes compromisos de inversi\u00f3n para la transformaci\u00f3n de ambas regiones, con atenci\u00f3n al fortalecimiento de los sistemas educativos en todo el mundo. Desde Entreculturas hemos querido contribuir con nuestro estudio y recomendaciones para la acogida educativa de la infancia migrada y refugiada en Espa\u00f1a y en Am\u00e9rica Latina. <\/p>\n","protected":false},"featured_media":7041,"template":"single-noticia","meta":{"_acf_changed":false},"categories":[7],"tags":[289],"country":[120],"cause":[128],"class_list":["post-7043","noticia","type-noticia","status-publish","has-post-thumbnail","hentry","category-noticia","tag-educacion","country-espana","cause-educacion"],"acf":[],"yoast_head":"<!-- This site is optimized with the Yoast SEO Premium plugin v21.6 (Yoast SEO v27.5) - https:\/\/yoast.com\/product\/yoast-seo-premium-wordpress\/ -->\n<title>La Cumbre UE-CELAC: una oportunidad de cooperar para una transformaci\u00f3n social justa, equitativa e inclusiva. - Entreculturas<\/title>\n<meta name=\"robots\" content=\"index, follow, max-snippet:-1, max-image-preview:large, max-video-preview:-1\" \/>\n<link rel=\"canonical\" href=\"https:\/\/www.entreculturas.org\/ca\/noticia\/la-cumbre-ue-celac-una-oportunidad-de-cooperar-para-una-transformacion-social-justa\/\" \/>\n<meta property=\"og:locale\" content=\"ca_ES\" \/>\n<meta property=\"og:type\" content=\"article\" \/>\n<meta property=\"og:title\" content=\"La Cumbre UE-CELAC: una oportunidad de cooperar para una transformaci\u00f3n social justa, equitativa e inclusiva.\" \/>\n<meta property=\"og:description\" content=\"Desde Entreculturas hemos seguido el Foro previo a la Cumbre donde j\u00f3venes, sociedad civil y autoridades locales han compartido ideas y oportunidades para construir un futuro sostenible e inclusivo entre la Uni\u00f3n Europea, Am\u00e9rica Latina y el Caribe. Durante la Cumbre se llegar\u00e1 a importantes compromisos de inversi\u00f3n para la transformaci\u00f3n de ambas regiones, con atenci\u00f3n al fortalecimiento de los sistemas educativos en todo el mundo. Desde Entreculturas hemos querido contribuir con nuestro estudio y recomendaciones para la acogida educativa de la infancia migrada y refugiada en Espa\u00f1a y en Am\u00e9rica Latina.\" \/>\n<meta property=\"og:url\" content=\"https:\/\/www.entreculturas.org\/ca\/noticia\/la-cumbre-ue-celac-una-oportunidad-de-cooperar-para-una-transformacion-social-justa\/\" \/>\n<meta property=\"og:site_name\" content=\"Entreculturas\" \/>\n<meta property=\"article:publisher\" content=\"https:\/\/www.facebook.com\/entreculturas\" \/>\n<meta property=\"article:modified_time\" content=\"2024-02-14T14:39:42+00:00\" \/>\n<meta property=\"og:image\" content=\"https:\/\/www.entreculturas.org\/wp-content\/uploads\/2023\/07\/cumbre_celac-union_europea_8417503125-scaled-1.jpg\" \/>\n\t<meta property=\"og:image:width\" content=\"2560\" \/>\n\t<meta property=\"og:image:height\" content=\"1707\" \/>\n\t<meta property=\"og:image:type\" content=\"image\/jpeg\" \/>\n<meta name=\"twitter:card\" content=\"summary_large_image\" \/>\n<meta name=\"twitter:site\" content=\"@Entreculturas\" \/>\n<script type=\"application\/ld+json\" class=\"yoast-schema-graph\">{\"@context\":\"https:\\\/\\\/schema.org\",\"@graph\":[{\"@type\":\"WebPage\",\"@id\":\"https:\\\/\\\/www.entreculturas.org\\\/ca\\\/noticia\\\/la-cumbre-ue-celac-una-oportunidad-de-cooperar-para-una-transformacion-social-justa\\\/\",\"url\":\"https:\\\/\\\/www.entreculturas.org\\\/ca\\\/noticia\\\/la-cumbre-ue-celac-una-oportunidad-de-cooperar-para-una-transformacion-social-justa\\\/\",\"name\":\"La Cumbre UE-CELAC: una oportunidad de cooperar para una transformaci\u00f3n social justa, equitativa e inclusiva. - Entreculturas\",\"isPartOf\":{\"@id\":\"https:\\\/\\\/www.entreculturas.org\\\/ca\\\/#website\"},\"primaryImageOfPage\":{\"@id\":\"https:\\\/\\\/www.entreculturas.org\\\/ca\\\/noticia\\\/la-cumbre-ue-celac-una-oportunidad-de-cooperar-para-una-transformacion-social-justa\\\/#primaryimage\"},\"image\":{\"@id\":\"https:\\\/\\\/www.entreculturas.org\\\/ca\\\/noticia\\\/la-cumbre-ue-celac-una-oportunidad-de-cooperar-para-una-transformacion-social-justa\\\/#primaryimage\"},\"thumbnailUrl\":\"https:\\\/\\\/www.entreculturas.org\\\/wp-content\\\/uploads\\\/2023\\\/07\\\/cumbre_celac-union_europea_8417503125-scaled-1.jpg\",\"datePublished\":\"2023-07-17T09:54:42+00:00\",\"dateModified\":\"2024-02-14T14:39:42+00:00\",\"breadcrumb\":{\"@id\":\"https:\\\/\\\/www.entreculturas.org\\\/ca\\\/noticia\\\/la-cumbre-ue-celac-una-oportunidad-de-cooperar-para-una-transformacion-social-justa\\\/#breadcrumb\"},\"inLanguage\":\"ca\",\"potentialAction\":[{\"@type\":\"ReadAction\",\"target\":[\"https:\\\/\\\/www.entreculturas.org\\\/ca\\\/noticia\\\/la-cumbre-ue-celac-una-oportunidad-de-cooperar-para-una-transformacion-social-justa\\\/\"]}]},{\"@type\":\"ImageObject\",\"inLanguage\":\"ca\",\"@id\":\"https:\\\/\\\/www.entreculturas.org\\\/ca\\\/noticia\\\/la-cumbre-ue-celac-una-oportunidad-de-cooperar-para-una-transformacion-social-justa\\\/#primaryimage\",\"url\":\"https:\\\/\\\/www.entreculturas.org\\\/wp-content\\\/uploads\\\/2023\\\/07\\\/cumbre_celac-union_europea_8417503125-scaled-1.jpg\",\"contentUrl\":\"https:\\\/\\\/www.entreculturas.org\\\/wp-content\\\/uploads\\\/2023\\\/07\\\/cumbre_celac-union_europea_8417503125-scaled-1.jpg\",\"width\":2560,\"height\":1707},{\"@type\":\"BreadcrumbList\",\"@id\":\"https:\\\/\\\/www.entreculturas.org\\\/ca\\\/noticia\\\/la-cumbre-ue-celac-una-oportunidad-de-cooperar-para-una-transformacion-social-justa\\\/#breadcrumb\",\"itemListElement\":[{\"@type\":\"ListItem\",\"position\":1,\"name\":\"Home\",\"item\":\"https:\\\/\\\/www.entreculturas.org\\\/ca\\\/\"},{\"@type\":\"ListItem\",\"position\":2,\"name\":\"Noticias\",\"item\":\"https:\\\/\\\/www.entreculturas.org\\\/ca\\\/noticias\\\/\"},{\"@type\":\"ListItem\",\"position\":3,\"name\":\"La Cumbre UE-CELAC: una oportunidad de cooperar para una transformaci\u00f3n social justa, equitativa e inclusiva.\"}]},{\"@type\":\"WebSite\",\"@id\":\"https:\\\/\\\/www.entreculturas.org\\\/ca\\\/#website\",\"url\":\"https:\\\/\\\/www.entreculturas.org\\\/ca\\\/\",\"name\":\"Entreculturas\",\"description\":\"\",\"publisher\":{\"@id\":\"https:\\\/\\\/www.entreculturas.org\\\/ca\\\/#organization\"},\"alternateName\":\"Entreculturas\",\"potentialAction\":[{\"@type\":\"SearchAction\",\"target\":{\"@type\":\"EntryPoint\",\"urlTemplate\":\"https:\\\/\\\/www.entreculturas.org\\\/ca\\\/?s={search_term_string}\"},\"query-input\":{\"@type\":\"PropertyValueSpecification\",\"valueRequired\":true,\"valueName\":\"search_term_string\"}}],\"inLanguage\":\"ca\"},{\"@type\":\"Organization\",\"@id\":\"https:\\\/\\\/www.entreculturas.org\\\/ca\\\/#organization\",\"name\":\"Entreculturas\",\"url\":\"https:\\\/\\\/www.entreculturas.org\\\/ca\\\/\",\"logo\":{\"@type\":\"ImageObject\",\"inLanguage\":\"ca\",\"@id\":\"https:\\\/\\\/www.entreculturas.org\\\/ca\\\/#\\\/schema\\\/logo\\\/image\\\/\",\"url\":\"https:\\\/\\\/www.entreculturas.org\\\/wp-content\\\/uploads\\\/2025\\\/10\\\/ESP.svg\",\"contentUrl\":\"https:\\\/\\\/www.entreculturas.org\\\/wp-content\\\/uploads\\\/2025\\\/10\\\/ESP.svg\",\"caption\":\"Entreculturas\"},\"image\":{\"@id\":\"https:\\\/\\\/www.entreculturas.org\\\/ca\\\/#\\\/schema\\\/logo\\\/image\\\/\"},\"sameAs\":[\"https:\\\/\\\/www.facebook.com\\\/entreculturas\",\"https:\\\/\\\/x.com\\\/Entreculturas\",\"https:\\\/\\\/www.instagram.com\\\/entreculturas\\\/\",\"https:\\\/\\\/www.youtube.com\\\/user\\\/entreculturasvideo\",\"https:\\\/\\\/www.linkedin.com\\\/company\\\/fundacion-entreculturas-ngdo\\\/\",\"https:\\\/\\\/www.flickr.com\\\/photos\\\/98455522@N04\\\/albums\\\/\"]}]}<\/script>\n<!-- \/ Yoast SEO Premium plugin. -->","yoast_head_json":{"title":"La Cumbre UE-CELAC: una oportunidad de cooperar para una transformaci\u00f3n social justa, equitativa e inclusiva. - Entreculturas","robots":{"index":"index","follow":"follow","max-snippet":"max-snippet:-1","max-image-preview":"max-image-preview:large","max-video-preview":"max-video-preview:-1"},"canonical":"https:\/\/www.entreculturas.org\/ca\/noticia\/la-cumbre-ue-celac-una-oportunidad-de-cooperar-para-una-transformacion-social-justa\/","og_locale":"ca_ES","og_type":"article","og_title":"La Cumbre UE-CELAC: una oportunidad de cooperar para una transformaci\u00f3n social justa, equitativa e inclusiva.","og_description":"Desde Entreculturas hemos seguido el Foro previo a la Cumbre donde j\u00f3venes, sociedad civil y autoridades locales han compartido ideas y oportunidades para construir un futuro sostenible e inclusivo entre la Uni\u00f3n Europea, Am\u00e9rica Latina y el Caribe. Durante la Cumbre se llegar\u00e1 a importantes compromisos de inversi\u00f3n para la transformaci\u00f3n de ambas regiones, con atenci\u00f3n al fortalecimiento de los sistemas educativos en todo el mundo. Desde Entreculturas hemos querido contribuir con nuestro estudio y recomendaciones para la acogida educativa de la infancia migrada y refugiada en Espa\u00f1a y en Am\u00e9rica Latina.","og_url":"https:\/\/www.entreculturas.org\/ca\/noticia\/la-cumbre-ue-celac-una-oportunidad-de-cooperar-para-una-transformacion-social-justa\/","og_site_name":"Entreculturas","article_publisher":"https:\/\/www.facebook.com\/entreculturas","article_modified_time":"2024-02-14T14:39:42+00:00","og_image":[{"width":2560,"height":1707,"url":"https:\/\/www.entreculturas.org\/wp-content\/uploads\/2023\/07\/cumbre_celac-union_europea_8417503125-scaled-1.jpg","type":"image\/jpeg"}],"twitter_card":"summary_large_image","twitter_site":"@Entreculturas","schema":{"@context":"https:\/\/schema.org","@graph":[{"@type":"WebPage","@id":"https:\/\/www.entreculturas.org\/ca\/noticia\/la-cumbre-ue-celac-una-oportunidad-de-cooperar-para-una-transformacion-social-justa\/","url":"https:\/\/www.entreculturas.org\/ca\/noticia\/la-cumbre-ue-celac-una-oportunidad-de-cooperar-para-una-transformacion-social-justa\/","name":"La Cumbre UE-CELAC: una oportunidad de cooperar para una transformaci\u00f3n social justa, equitativa e inclusiva. - Entreculturas","isPartOf":{"@id":"https:\/\/www.entreculturas.org\/ca\/#website"},"primaryImageOfPage":{"@id":"https:\/\/www.entreculturas.org\/ca\/noticia\/la-cumbre-ue-celac-una-oportunidad-de-cooperar-para-una-transformacion-social-justa\/#primaryimage"},"image":{"@id":"https:\/\/www.entreculturas.org\/ca\/noticia\/la-cumbre-ue-celac-una-oportunidad-de-cooperar-para-una-transformacion-social-justa\/#primaryimage"},"thumbnailUrl":"https:\/\/www.entreculturas.org\/wp-content\/uploads\/2023\/07\/cumbre_celac-union_europea_8417503125-scaled-1.jpg","datePublished":"2023-07-17T09:54:42+00:00","dateModified":"2024-02-14T14:39:42+00:00","breadcrumb":{"@id":"https:\/\/www.entreculturas.org\/ca\/noticia\/la-cumbre-ue-celac-una-oportunidad-de-cooperar-para-una-transformacion-social-justa\/#breadcrumb"},"inLanguage":"ca","potentialAction":[{"@type":"ReadAction","target":["https:\/\/www.entreculturas.org\/ca\/noticia\/la-cumbre-ue-celac-una-oportunidad-de-cooperar-para-una-transformacion-social-justa\/"]}]},{"@type":"ImageObject","inLanguage":"ca","@id":"https:\/\/www.entreculturas.org\/ca\/noticia\/la-cumbre-ue-celac-una-oportunidad-de-cooperar-para-una-transformacion-social-justa\/#primaryimage","url":"https:\/\/www.entreculturas.org\/wp-content\/uploads\/2023\/07\/cumbre_celac-union_europea_8417503125-scaled-1.jpg","contentUrl":"https:\/\/www.entreculturas.org\/wp-content\/uploads\/2023\/07\/cumbre_celac-union_europea_8417503125-scaled-1.jpg","width":2560,"height":1707},{"@type":"BreadcrumbList","@id":"https:\/\/www.entreculturas.org\/ca\/noticia\/la-cumbre-ue-celac-una-oportunidad-de-cooperar-para-una-transformacion-social-justa\/#breadcrumb","itemListElement":[{"@type":"ListItem","position":1,"name":"Home","item":"https:\/\/www.entreculturas.org\/ca\/"},{"@type":"ListItem","position":2,"name":"Noticias","item":"https:\/\/www.entreculturas.org\/ca\/noticias\/"},{"@type":"ListItem","position":3,"name":"La Cumbre UE-CELAC: una oportunidad de cooperar para una transformaci\u00f3n social justa, equitativa e inclusiva."}]},{"@type":"WebSite","@id":"https:\/\/www.entreculturas.org\/ca\/#website","url":"https:\/\/www.entreculturas.org\/ca\/","name":"Entreculturas","description":"","publisher":{"@id":"https:\/\/www.entreculturas.org\/ca\/#organization"},"alternateName":"Entreculturas","potentialAction":[{"@type":"SearchAction","target":{"@type":"EntryPoint","urlTemplate":"https:\/\/www.entreculturas.org\/ca\/?s={search_term_string}"},"query-input":{"@type":"PropertyValueSpecification","valueRequired":true,"valueName":"search_term_string"}}],"inLanguage":"ca"},{"@type":"Organization","@id":"https:\/\/www.entreculturas.org\/ca\/#organization","name":"Entreculturas","url":"https:\/\/www.entreculturas.org\/ca\/","logo":{"@type":"ImageObject","inLanguage":"ca","@id":"https:\/\/www.entreculturas.org\/ca\/#\/schema\/logo\/image\/","url":"https:\/\/www.entreculturas.org\/wp-content\/uploads\/2025\/10\/ESP.svg","contentUrl":"https:\/\/www.entreculturas.org\/wp-content\/uploads\/2025\/10\/ESP.svg","caption":"Entreculturas"},"image":{"@id":"https:\/\/www.entreculturas.org\/ca\/#\/schema\/logo\/image\/"},"sameAs":["https:\/\/www.facebook.com\/entreculturas","https:\/\/x.com\/Entreculturas","https:\/\/www.instagram.com\/entreculturas\/","https:\/\/www.youtube.com\/user\/entreculturasvideo","https:\/\/www.linkedin.com\/company\/fundacion-entreculturas-ngdo\/","https:\/\/www.flickr.com\/photos\/98455522@N04\/albums\/"]}]}},"_links":{"self":[{"href":"https:\/\/www.entreculturas.org\/ca\/wp-json\/wp\/v2\/noticia\/7043","targetHints":{"allow":["GET"]}}],"collection":[{"href":"https:\/\/www.entreculturas.org\/ca\/wp-json\/wp\/v2\/noticia"}],"about":[{"href":"https:\/\/www.entreculturas.org\/ca\/wp-json\/wp\/v2\/types\/noticia"}],"wp:featuredmedia":[{"embeddable":true,"href":"https:\/\/www.entreculturas.org\/ca\/wp-json\/wp\/v2\/media\/7041"}],"wp:attachment":[{"href":"https:\/\/www.entreculturas.org\/ca\/wp-json\/wp\/v2\/media?parent=7043"}],"wp:term":[{"taxonomy":"category","embeddable":true,"href":"https:\/\/www.entreculturas.org\/ca\/wp-json\/wp\/v2\/categories?post=7043"},{"taxonomy":"post_tag","embeddable":true,"href":"https:\/\/www.entreculturas.org\/ca\/wp-json\/wp\/v2\/tags?post=7043"},{"taxonomy":"country","embeddable":true,"href":"https:\/\/www.entreculturas.org\/ca\/wp-json\/wp\/v2\/country?post=7043"},{"taxonomy":"cause","embeddable":true,"href":"https:\/\/www.entreculturas.org\/ca\/wp-json\/wp\/v2\/cause?post=7043"}],"curies":[{"name":"wp","href":"https:\/\/api.w.org\/{rel}","templated":true}]}}